{"id":9574,"date":"2023-10-09T13:10:35","date_gmt":"2023-10-09T11:10:35","guid":{"rendered":"https:\/\/www.vtusp.cz\/?p=9574"},"modified":"2023-10-09T13:12:33","modified_gmt":"2023-10-09T11:12:33","slug":"vojensky-technicky-ustav-dodal-armade-ceske-republiky-dalsi-dodavky-munice","status":"publish","type":"post","link":"https:\/\/www.vtusp.cz\/en\/aktuality\/vojensky-technicky-ustav-dodal-armade-ceske-republiky-dalsi-dodavky-munice\/","title":{"rendered":"Vojensk\u00fd technick\u00fd \u00fastav dodal Arm\u00e1d\u011b \u010cesk\u00e9 republiky dal\u0161\u00ed dod\u00e1vky munice"},"content":{"rendered":"<div class=\"element core-paragraph\">\n<p>Vojensk\u00fd technick\u00fd \u00fastav, s.p. (VT\u00da) \u00fasp\u011b\u0161n\u011b pro\u0161el v\u00fdstupn\u00edmi zkou\u0161kami speci\u00e1ln\u00ed minometn\u00e9 munice r\u00e1\u017ee 60 mm pro minomet ANTOS-LR vyvinut\u00fd VT\u00da a p\u0159edal ji Arm\u00e1d\u011b \u010cesk\u00e9 republiky. \u201eJde o munici, kter\u00e1 je v\u00fdsledkem vlastn\u00edho dlouholet\u00e9ho \u00fasp\u011b\u0161n\u00e9ho v\u00fdzkumu a v\u00fdvoje a kterou vyr\u00e1b\u00edme sami,\u201c vysv\u011btlil \u0159editel VT\u00da Ji\u0159\u00ed Ka\u0161p\u00e1rek.<\/p>\n<\/div>\n\n<div class=\"element core-paragraph\">\n<p>Dod\u00e1vkou t\u00e9to munice doch\u00e1z\u00ed k&nbsp;vytvo\u0159en\u00ed z\u00e1sob munice pro zabezpe\u010den\u00ed obrany \u010cR, p\u0159\u00edpadn\u011b pln\u011bn\u00ed \u00fakol\u016f v zahrani\u010dn\u00edch operac\u00edch a tak\u00e9 pro p\u0159\u00edmou spot\u0159ebu munice p\u0159i v\u00fdcviku vojsk. Jde o osv\u011btlovac\u00ed a d\u00fdmov\u00e9 typy. V&nbsp;minul\u00fdch letech (2019-2022) byla cestou VT\u00da, dodan\u00e1 tak\u00e9 bojov\u00e1 t\u0159\u00ed\u0161tivo-trhav\u00e1 verze (typ HE-LD). Tato dod\u00e1vka tedy navazuje na dod\u00e1vky z&nbsp;minul\u00fdch let a roz\u0161i\u0159uje portfolio minometn\u00fdch n\u00e1boj\u016f o dal\u0161\u00ed 2 typy pro tento minomet. V\u00fdroba t\u00e9to speci\u00e1ln\u00ed munice vych\u00e1z\u00ed z&nbsp;v\u00fdvojov\u00e9ho projektu MO \u010cR. \u201eJsme r\u00e1di, \u017ee m\u016f\u017eeme A\u010cR poskytovat podporu v&nbsp;sou\u010dasn\u00e9 obt\u00ed\u017en\u00e9 mezin\u00e1rodn\u00ed situaci zp\u016fsoben\u00e9 pokra\u010duj\u00edc\u00edm konfliktem na Ukrajin\u011b. Nav\u00edc jde o munici tuzemsk\u00e9 provenience. Hodnota t\u00e9to dod\u00e1vky dos\u00e1hla 10 milion\u016f korun,\u201c informoval \u0159editel Ji\u0159\u00ed Ka\u0161p\u00e1rek.<\/p>\n<\/div>\n\n<div class=\"element core-paragraph\">\n<p>Vojensk\u00fd technick\u00fd \u00fastav, je st\u00e1tn\u00ed podnik spadaj\u00edc\u00ed pod resort Ministerstva obrany \u010cesk\u00e9 republiky. Zab\u00fdv\u00e1 se v\u00fdzkumem, v\u00fdvojem, zku\u0161ebnictv\u00edm a certifikac\u00ed. Mezi jeho \u00fasp\u011b\u0161n\u00e9 v\u00fdrobky pat\u0159\u00ed nap\u0159\u00edklad lehk\u00e1 bombardovac\u00ed platforma BRUSMIN, lehk\u00fd minomet ANTOS ur\u010den\u00fd prim\u00e1rn\u011b pro v\u00fdsadkov\u00e9 a speci\u00e1ln\u00ed jednotky a p\u0159epravn\u00ed box BIOBOX ur\u010den\u00fd pro izolaci a p\u0159epravu osob podez\u0159el\u00fdch z&nbsp;mo\u017enosti p\u0159enosu vysoce naka\u017eliv\u00fdch virov\u00fdch onemocn\u011bn\u00ed v\u0161ech zn\u00e1m\u00fdch typ\u016f v\u010detn\u011b nap\u0159\u00edklad Covid 19.<\/p>\n<\/div>\n\n<div class=\"element core-image\">\n<figure class=\"wp-block-image size-large\"><img decoding=\"async\" width=\"1600\" height=\"1066\" src=\"https:\/\/www.vtusp.cz\/files\/smush-webp\/2023\/10\/munice-1600x1066.jpg.webp\" alt=\"\" class=\"wp-image-9575\" srcset=\"https:\/\/www.vtusp.cz\/files\/smush-webp\/2023\/10\/munice-1600x1066.jpg.webp 1600w, https:\/\/www.vtusp.cz\/files\/smush-webp\/2023\/10\/munice-900x600.jpg.webp 900w, https:\/\/www.vtusp.cz\/files\/smush-webp\/2023\/10\/munice-600x400.jpg.webp 600w, https:\/\/www.vtusp.cz\/files\/smush-webp\/2023\/10\/munice-768x512.jpg.webp 768w, https:\/\/www.vtusp.cz\/files\/smush-webp\/2023\/10\/munice-1536x1024.jpg.webp 1536w, https:\/\/www.vtusp.cz\/files\/smush-webp\/2023\/10\/munice-300x200.jpg.webp 300w, https:\/\/www.vtusp.cz\/files\/smush-webp\/2023\/10\/munice.jpg.webp 2048w\" sizes=\"(max-width: 1600px) 100vw, 1600px\" \/><\/figure>\n<\/div>\n\n<div class=\"element core-image\">\n<figure class=\"wp-block-image size-large\"><img decoding=\"async\" width=\"1600\" height=\"1066\" src=\"https:\/\/www.vtusp.cz\/files\/smush-webp\/2023\/10\/munice1-1600x1066.jpg.webp\" alt=\"\" class=\"wp-image-9577\" srcset=\"https:\/\/www.vtusp.cz\/files\/smush-webp\/2023\/10\/munice1-1600x1066.jpg.webp 1600w, https:\/\/www.vtusp.cz\/files\/smush-webp\/2023\/10\/munice1-900x600.jpg.webp 900w, https:\/\/www.vtusp.cz\/files\/smush-webp\/2023\/10\/munice1-600x400.jpg.webp 600w, https:\/\/www.vtusp.cz\/files\/smush-webp\/2023\/10\/munice1-768x512.jpg.webp 768w, https:\/\/www.vtusp.cz\/files\/smush-webp\/2023\/10\/munice1-1536x1024.jpg.webp 1536w, https:\/\/www.vtusp.cz\/files\/smush-webp\/2023\/10\/munice1-300x200.jpg.webp 300w, https:\/\/www.vtusp.cz\/files\/smush-webp\/2023\/10\/munice1.jpg.webp 2048w\" sizes=\"(max-width: 1600px) 100vw, 1600px\" \/><\/figure>\n<\/div>\n\n<div class=\"element core-image\">\n<figure class=\"wp-block-image size-large\"><img decoding=\"async\" width=\"1600\" height=\"1066\" src=\"https:\/\/www.vtusp.cz\/files\/smush-webp\/2023\/10\/munice2-1600x1066.jpg.webp\" alt=\"\" class=\"wp-image-9579\" srcset=\"https:\/\/www.vtusp.cz\/files\/smush-webp\/2023\/10\/munice2-1600x1066.jpg.webp 1600w, https:\/\/www.vtusp.cz\/files\/smush-webp\/2023\/10\/munice2-900x600.jpg.webp 900w, https:\/\/www.vtusp.cz\/files\/smush-webp\/2023\/10\/munice2-600x400.jpg.webp 600w, https:\/\/www.vtusp.cz\/files\/smush-webp\/2023\/10\/munice2-768x512.jpg.webp 768w, https:\/\/www.vtusp.cz\/files\/smush-webp\/2023\/10\/munice2-1536x1024.jpg.webp 1536w, https:\/\/www.vtusp.cz\/files\/smush-webp\/2023\/10\/munice2-300x200.jpg.webp 300w, https:\/\/www.vtusp.cz\/files\/smush-webp\/2023\/10\/munice2.jpg.webp 2048w\" sizes=\"(max-width: 1600px) 100vw, 1600px\" \/><\/figure>\n<\/div>\n\n<div class=\"element core-image\">\n<figure class=\"wp-block-image size-large\"><img decoding=\"async\" width=\"1600\" height=\"1066\" src=\"https:\/\/www.vtusp.cz\/files\/smush-webp\/2023\/10\/munice3-1600x1066.jpg.webp\" alt=\"\" class=\"wp-image-9581\" srcset=\"https:\/\/www.vtusp.cz\/files\/smush-webp\/2023\/10\/munice3-1600x1066.jpg.webp 1600w, https:\/\/www.vtusp.cz\/files\/smush-webp\/2023\/10\/munice3-900x600.jpg.webp 900w, https:\/\/www.vtusp.cz\/files\/smush-webp\/2023\/10\/munice3-600x400.jpg.webp 600w, https:\/\/www.vtusp.cz\/files\/smush-webp\/2023\/10\/munice3-768x512.jpg.webp 768w, https:\/\/www.vtusp.cz\/files\/smush-webp\/2023\/10\/munice3-1536x1024.jpg.webp 1536w, https:\/\/www.vtusp.cz\/files\/smush-webp\/2023\/10\/munice3-300x200.jpg.webp 300w, https:\/\/www.vtusp.cz\/files\/smush-webp\/2023\/10\/munice3.jpg.webp 2048w\" sizes=\"(max-width: 1600px) 100vw, 1600px\" \/><\/figure>\n<\/div>\n\n<div class=\"element core-image\">\n<figure class=\"wp-block-image size-large\"><img decoding=\"async\" width=\"1600\" height=\"1066\" src=\"https:\/\/www.vtusp.cz\/files\/smush-webp\/2023\/10\/munice4-1600x1066.jpg.webp\" alt=\"\" class=\"wp-image-9583\" srcset=\"https:\/\/www.vtusp.cz\/files\/smush-webp\/2023\/10\/munice4-1600x1066.jpg.webp 1600w, https:\/\/www.vtusp.cz\/files\/smush-webp\/2023\/10\/munice4-900x600.jpg.webp 900w, https:\/\/www.vtusp.cz\/files\/smush-webp\/2023\/10\/munice4-600x400.jpg.webp 600w, https:\/\/www.vtusp.cz\/files\/smush-webp\/2023\/10\/munice4-768x512.jpg.webp 768w, https:\/\/www.vtusp.cz\/files\/smush-webp\/2023\/10\/munice4-1536x1024.jpg.webp 1536w, https:\/\/www.vtusp.cz\/files\/smush-webp\/2023\/10\/munice4-300x200.jpg.webp 300w, https:\/\/www.vtusp.cz\/files\/smush-webp\/2023\/10\/munice4.jpg.webp 2048w\" sizes=\"(max-width: 1600px) 100vw, 1600px\" \/><\/figure>\n<\/div>","protected":false},"excerpt":{"rendered":"<p>Vojensk\u00fd technick\u00fd \u00fastav, s.p. (VT\u00da) \u00fasp\u011b\u0161n\u011b pro\u0161el v\u00fdstupn\u00edmi zkou\u0161kami speci\u00e1ln\u00ed minometn\u00e9 munice r\u00e1\u017ee 60 mm pro minomet ANTOS-LR vyvinut\u00fd VT\u00da a p\u0159edal ji Arm\u00e1d\u011b \u010cesk\u00e9 republiky. \u201eJde o munici, kter\u00e1&#8230;<\/p>\n","protected":false},"author":9,"featured_media":9579,"comment_status":"open","ping_status":"closed","sticky":false,"template":"","format":"standard","meta":{"_acf_changed":false,"inline_featured_image":false,"footnotes":""},"categories":[1],"class_list":["post-9574","post","type-post","status-publish","format-standard","has-post-thumbnail","hentry","category-aktuality"],"acf":[],"yoast_head":"<!-- This site is optimized with the Yoast SEO plugin v27.5 - https:\/\/yoast.com\/product\/yoast-seo-wordpress\/ -->\n<title>Vojensk\u00fd technick\u00fd \u00fastav dodal Arm\u00e1d\u011b \u010cesk\u00e9 republiky dal\u0161\u00ed dod\u00e1vky munice | VT\u00da s.p.<\/title>\n<meta name=\"robots\" content=\"index, follow, max-snippet:-1, max-image-preview:large, max-video-preview:-1\" \/>\n<link rel=\"canonical\" href=\"https:\/\/www.vtusp.cz\/en\/aktuality\/vojensky-technicky-ustav-dodal-armade-ceske-republiky-dalsi-dodavky-munice\/\" \/>\n<meta property=\"og:locale\" content=\"en_US\" \/>\n<meta property=\"og:type\" content=\"article\" \/>\n<meta property=\"og:title\" content=\"Vojensk\u00fd technick\u00fd \u00fastav dodal Arm\u00e1d\u011b \u010cesk\u00e9 republiky dal\u0161\u00ed dod\u00e1vky munice | VT\u00da s.p.\" \/>\n<meta property=\"og:description\" content=\"Vojensk\u00fd technick\u00fd \u00fastav, s.p. (VT\u00da) \u00fasp\u011b\u0161n\u011b pro\u0161el v\u00fdstupn\u00edmi zkou\u0161kami speci\u00e1ln\u00ed minometn\u00e9 munice r\u00e1\u017ee 60 mm pro minomet ANTOS-LR vyvinut\u00fd VT\u00da a p\u0159edal ji Arm\u00e1d\u011b \u010cesk\u00e9 republiky. \u201eJde o munici, kter\u00e1...\" \/>\n<meta property=\"og:url\" content=\"https:\/\/www.vtusp.cz\/en\/aktuality\/vojensky-technicky-ustav-dodal-armade-ceske-republiky-dalsi-dodavky-munice\/\" \/>\n<meta property=\"og:site_name\" content=\"VT\u00da s.p.\" \/>\n<meta property=\"article:published_time\" content=\"2023-10-09T11:10:35+00:00\" \/>\n<meta property=\"article:modified_time\" content=\"2023-10-09T11:12:33+00:00\" \/>\n<meta property=\"og:image\" content=\"https:\/\/www.vtusp.cz\/files\/uploads\/2023\/10\/munice2.jpg\" \/>\n\t<meta property=\"og:image:width\" content=\"2048\" \/>\n\t<meta property=\"og:image:height\" content=\"1365\" \/>\n\t<meta property=\"og:image:type\" content=\"image\/jpeg\" \/>\n<meta name=\"author\" content=\"David Hlu\u0161t\u00edk\" \/>\n<meta name=\"twitter:card\" content=\"summary_large_image\" \/>\n<meta name=\"twitter:label1\" content=\"Written by\" \/>\n\t<meta name=\"twitter:data1\" content=\"David Hlu\u0161t\u00edk\" \/>\n\t<meta name=\"twitter:label2\" content=\"Est. reading time\" \/>\n\t<meta name=\"twitter:data2\" content=\"3 minutes\" \/>\n<script type=\"application\/ld+json\" class=\"yoast-schema-graph\">{\"@context\":\"https:\\\/\\\/schema.org\",\"@graph\":[{\"@type\":\"Article\",\"@id\":\"https:\\\/\\\/www.vtusp.cz\\\/en\\\/aktuality\\\/vojensky-technicky-ustav-dodal-armade-ceske-republiky-dalsi-dodavky-munice\\\/#article\",\"isPartOf\":{\"@id\":\"https:\\\/\\\/www.vtusp.cz\\\/en\\\/aktuality\\\/vojensky-technicky-ustav-dodal-armade-ceske-republiky-dalsi-dodavky-munice\\\/\"},\"author\":{\"name\":\"David Hlu\u0161t\u00edk\",\"@id\":\"https:\\\/\\\/www.vtusp.cz\\\/en\\\/#\\\/schema\\\/person\\\/4e66be4cc70f3eb4bec3b753921ae8c5\"},\"headline\":\"Vojensk\u00fd technick\u00fd \u00fastav dodal Arm\u00e1d\u011b \u010cesk\u00e9 republiky dal\u0161\u00ed dod\u00e1vky munice\",\"datePublished\":\"2023-10-09T11:10:35+00:00\",\"dateModified\":\"2023-10-09T11:12:33+00:00\",\"mainEntityOfPage\":{\"@id\":\"https:\\\/\\\/www.vtusp.cz\\\/en\\\/aktuality\\\/vojensky-technicky-ustav-dodal-armade-ceske-republiky-dalsi-dodavky-munice\\\/\"},\"wordCount\":338,\"commentCount\":0,\"image\":{\"@id\":\"https:\\\/\\\/www.vtusp.cz\\\/en\\\/aktuality\\\/vojensky-technicky-ustav-dodal-armade-ceske-republiky-dalsi-dodavky-munice\\\/#primaryimage\"},\"thumbnailUrl\":\"https:\\\/\\\/www.vtusp.cz\\\/files\\\/uploads\\\/2023\\\/10\\\/munice2.jpg\",\"articleSection\":[\"Aktuality\"],\"inLanguage\":\"en-US\",\"potentialAction\":[{\"@type\":\"CommentAction\",\"name\":\"Comment\",\"target\":[\"https:\\\/\\\/www.vtusp.cz\\\/en\\\/aktuality\\\/vojensky-technicky-ustav-dodal-armade-ceske-republiky-dalsi-dodavky-munice\\\/#respond\"]}]},{\"@type\":\"WebPage\",\"@id\":\"https:\\\/\\\/www.vtusp.cz\\\/en\\\/aktuality\\\/vojensky-technicky-ustav-dodal-armade-ceske-republiky-dalsi-dodavky-munice\\\/\",\"url\":\"https:\\\/\\\/www.vtusp.cz\\\/en\\\/aktuality\\\/vojensky-technicky-ustav-dodal-armade-ceske-republiky-dalsi-dodavky-munice\\\/\",\"name\":\"Vojensk\u00fd technick\u00fd \u00fastav dodal Arm\u00e1d\u011b \u010cesk\u00e9 republiky dal\u0161\u00ed dod\u00e1vky munice | VT\u00da s.p.\",\"isPartOf\":{\"@id\":\"https:\\\/\\\/www.vtusp.cz\\\/en\\\/#website\"},\"primaryImageOfPage\":{\"@id\":\"https:\\\/\\\/www.vtusp.cz\\\/en\\\/aktuality\\\/vojensky-technicky-ustav-dodal-armade-ceske-republiky-dalsi-dodavky-munice\\\/#primaryimage\"},\"image\":{\"@id\":\"https:\\\/\\\/www.vtusp.cz\\\/en\\\/aktuality\\\/vojensky-technicky-ustav-dodal-armade-ceske-republiky-dalsi-dodavky-munice\\\/#primaryimage\"},\"thumbnailUrl\":\"https:\\\/\\\/www.vtusp.cz\\\/files\\\/uploads\\\/2023\\\/10\\\/munice2.jpg\",\"datePublished\":\"2023-10-09T11:10:35+00:00\",\"dateModified\":\"2023-10-09T11:12:33+00:00\",\"author\":{\"@id\":\"https:\\\/\\\/www.vtusp.cz\\\/en\\\/#\\\/schema\\\/person\\\/4e66be4cc70f3eb4bec3b753921ae8c5\"},\"breadcrumb\":{\"@id\":\"https:\\\/\\\/www.vtusp.cz\\\/en\\\/aktuality\\\/vojensky-technicky-ustav-dodal-armade-ceske-republiky-dalsi-dodavky-munice\\\/#breadcrumb\"},\"inLanguage\":\"en-US\",\"potentialAction\":[{\"@type\":\"ReadAction\",\"target\":[\"https:\\\/\\\/www.vtusp.cz\\\/en\\\/aktuality\\\/vojensky-technicky-ustav-dodal-armade-ceske-republiky-dalsi-dodavky-munice\\\/\"]}]},{\"@type\":\"ImageObject\",\"inLanguage\":\"en-US\",\"@id\":\"https:\\\/\\\/www.vtusp.cz\\\/en\\\/aktuality\\\/vojensky-technicky-ustav-dodal-armade-ceske-republiky-dalsi-dodavky-munice\\\/#primaryimage\",\"url\":\"https:\\\/\\\/www.vtusp.cz\\\/files\\\/uploads\\\/2023\\\/10\\\/munice2.jpg\",\"contentUrl\":\"https:\\\/\\\/www.vtusp.cz\\\/files\\\/uploads\\\/2023\\\/10\\\/munice2.jpg\",\"width\":2048,\"height\":1365},{\"@type\":\"BreadcrumbList\",\"@id\":\"https:\\\/\\\/www.vtusp.cz\\\/en\\\/aktuality\\\/vojensky-technicky-ustav-dodal-armade-ceske-republiky-dalsi-dodavky-munice\\\/#breadcrumb\",\"itemListElement\":[{\"@type\":\"ListItem\",\"position\":1,\"name\":\"Home\",\"item\":\"https:\\\/\\\/www.vtusp.cz\\\/en\\\/\"},{\"@type\":\"ListItem\",\"position\":2,\"name\":\"Vojensk\u00fd technick\u00fd \u00fastav dodal Arm\u00e1d\u011b \u010cesk\u00e9 republiky dal\u0161\u00ed dod\u00e1vky munice\"}]},{\"@type\":\"WebSite\",\"@id\":\"https:\\\/\\\/www.vtusp.cz\\\/en\\\/#website\",\"url\":\"https:\\\/\\\/www.vtusp.cz\\\/en\\\/\",\"name\":\"VT\u00da s.p.\",\"description\":\"\",\"potentialAction\":[{\"@type\":\"SearchAction\",\"target\":{\"@type\":\"EntryPoint\",\"urlTemplate\":\"https:\\\/\\\/www.vtusp.cz\\\/en\\\/?s={search_term_string}\"},\"query-input\":{\"@type\":\"PropertyValueSpecification\",\"valueRequired\":true,\"valueName\":\"search_term_string\"}}],\"inLanguage\":\"en-US\"},{\"@type\":\"Person\",\"@id\":\"https:\\\/\\\/www.vtusp.cz\\\/en\\\/#\\\/schema\\\/person\\\/4e66be4cc70f3eb4bec3b753921ae8c5\",\"name\":\"David Hlu\u0161t\u00edk\",\"image\":{\"@type\":\"ImageObject\",\"inLanguage\":\"en-US\",\"@id\":\"https:\\\/\\\/secure.gravatar.com\\\/avatar\\\/ee59b2f6d1d9c87e5d6510f0311fe6723d1677280a739db9a2056bf31a58ef8b?s=96&d=mm&r=g\",\"url\":\"https:\\\/\\\/secure.gravatar.com\\\/avatar\\\/ee59b2f6d1d9c87e5d6510f0311fe6723d1677280a739db9a2056bf31a58ef8b?s=96&d=mm&r=g\",\"contentUrl\":\"https:\\\/\\\/secure.gravatar.com\\\/avatar\\\/ee59b2f6d1d9c87e5d6510f0311fe6723d1677280a739db9a2056bf31a58ef8b?s=96&d=mm&r=g\",\"caption\":\"David Hlu\u0161t\u00edk\"}}]}<\/script>\n<!-- \/ Yoast SEO plugin. -->","yoast_head_json":{"title":"Vojensk\u00fd technick\u00fd \u00fastav dodal Arm\u00e1d\u011b \u010cesk\u00e9 republiky dal\u0161\u00ed dod\u00e1vky munice | VT\u00da s.p.","robots":{"index":"index","follow":"follow","max-snippet":"max-snippet:-1","max-image-preview":"max-image-preview:large","max-video-preview":"max-video-preview:-1"},"canonical":"https:\/\/www.vtusp.cz\/en\/aktuality\/vojensky-technicky-ustav-dodal-armade-ceske-republiky-dalsi-dodavky-munice\/","og_locale":"en_US","og_type":"article","og_title":"Vojensk\u00fd technick\u00fd \u00fastav dodal Arm\u00e1d\u011b \u010cesk\u00e9 republiky dal\u0161\u00ed dod\u00e1vky munice | VT\u00da s.p.","og_description":"Vojensk\u00fd technick\u00fd \u00fastav, s.p. (VT\u00da) \u00fasp\u011b\u0161n\u011b pro\u0161el v\u00fdstupn\u00edmi zkou\u0161kami speci\u00e1ln\u00ed minometn\u00e9 munice r\u00e1\u017ee 60 mm pro minomet ANTOS-LR vyvinut\u00fd VT\u00da a p\u0159edal ji Arm\u00e1d\u011b \u010cesk\u00e9 republiky. \u201eJde o munici, kter\u00e1...","og_url":"https:\/\/www.vtusp.cz\/en\/aktuality\/vojensky-technicky-ustav-dodal-armade-ceske-republiky-dalsi-dodavky-munice\/","og_site_name":"VT\u00da s.p.","article_published_time":"2023-10-09T11:10:35+00:00","article_modified_time":"2023-10-09T11:12:33+00:00","og_image":[{"width":2048,"height":1365,"url":"https:\/\/www.vtusp.cz\/files\/uploads\/2023\/10\/munice2.jpg","type":"image\/jpeg"}],"author":"David Hlu\u0161t\u00edk","twitter_card":"summary_large_image","twitter_misc":{"Written by":"David Hlu\u0161t\u00edk","Est. reading time":"3 minutes"},"schema":{"@context":"https:\/\/schema.org","@graph":[{"@type":"Article","@id":"https:\/\/www.vtusp.cz\/en\/aktuality\/vojensky-technicky-ustav-dodal-armade-ceske-republiky-dalsi-dodavky-munice\/#article","isPartOf":{"@id":"https:\/\/www.vtusp.cz\/en\/aktuality\/vojensky-technicky-ustav-dodal-armade-ceske-republiky-dalsi-dodavky-munice\/"},"author":{"name":"David Hlu\u0161t\u00edk","@id":"https:\/\/www.vtusp.cz\/en\/#\/schema\/person\/4e66be4cc70f3eb4bec3b753921ae8c5"},"headline":"Vojensk\u00fd technick\u00fd \u00fastav dodal Arm\u00e1d\u011b \u010cesk\u00e9 republiky dal\u0161\u00ed dod\u00e1vky munice","datePublished":"2023-10-09T11:10:35+00:00","dateModified":"2023-10-09T11:12:33+00:00","mainEntityOfPage":{"@id":"https:\/\/www.vtusp.cz\/en\/aktuality\/vojensky-technicky-ustav-dodal-armade-ceske-republiky-dalsi-dodavky-munice\/"},"wordCount":338,"commentCount":0,"image":{"@id":"https:\/\/www.vtusp.cz\/en\/aktuality\/vojensky-technicky-ustav-dodal-armade-ceske-republiky-dalsi-dodavky-munice\/#primaryimage"},"thumbnailUrl":"https:\/\/www.vtusp.cz\/files\/uploads\/2023\/10\/munice2.jpg","articleSection":["Aktuality"],"inLanguage":"en-US","potentialAction":[{"@type":"CommentAction","name":"Comment","target":["https:\/\/www.vtusp.cz\/en\/aktuality\/vojensky-technicky-ustav-dodal-armade-ceske-republiky-dalsi-dodavky-munice\/#respond"]}]},{"@type":"WebPage","@id":"https:\/\/www.vtusp.cz\/en\/aktuality\/vojensky-technicky-ustav-dodal-armade-ceske-republiky-dalsi-dodavky-munice\/","url":"https:\/\/www.vtusp.cz\/en\/aktuality\/vojensky-technicky-ustav-dodal-armade-ceske-republiky-dalsi-dodavky-munice\/","name":"Vojensk\u00fd technick\u00fd \u00fastav dodal Arm\u00e1d\u011b \u010cesk\u00e9 republiky dal\u0161\u00ed dod\u00e1vky munice | VT\u00da s.p.","isPartOf":{"@id":"https:\/\/www.vtusp.cz\/en\/#website"},"primaryImageOfPage":{"@id":"https:\/\/www.vtusp.cz\/en\/aktuality\/vojensky-technicky-ustav-dodal-armade-ceske-republiky-dalsi-dodavky-munice\/#primaryimage"},"image":{"@id":"https:\/\/www.vtusp.cz\/en\/aktuality\/vojensky-technicky-ustav-dodal-armade-ceske-republiky-dalsi-dodavky-munice\/#primaryimage"},"thumbnailUrl":"https:\/\/www.vtusp.cz\/files\/uploads\/2023\/10\/munice2.jpg","datePublished":"2023-10-09T11:10:35+00:00","dateModified":"2023-10-09T11:12:33+00:00","author":{"@id":"https:\/\/www.vtusp.cz\/en\/#\/schema\/person\/4e66be4cc70f3eb4bec3b753921ae8c5"},"breadcrumb":{"@id":"https:\/\/www.vtusp.cz\/en\/aktuality\/vojensky-technicky-ustav-dodal-armade-ceske-republiky-dalsi-dodavky-munice\/#breadcrumb"},"inLanguage":"en-US","potentialAction":[{"@type":"ReadAction","target":["https:\/\/www.vtusp.cz\/en\/aktuality\/vojensky-technicky-ustav-dodal-armade-ceske-republiky-dalsi-dodavky-munice\/"]}]},{"@type":"ImageObject","inLanguage":"en-US","@id":"https:\/\/www.vtusp.cz\/en\/aktuality\/vojensky-technicky-ustav-dodal-armade-ceske-republiky-dalsi-dodavky-munice\/#primaryimage","url":"https:\/\/www.vtusp.cz\/files\/uploads\/2023\/10\/munice2.jpg","contentUrl":"https:\/\/www.vtusp.cz\/files\/uploads\/2023\/10\/munice2.jpg","width":2048,"height":1365},{"@type":"BreadcrumbList","@id":"https:\/\/www.vtusp.cz\/en\/aktuality\/vojensky-technicky-ustav-dodal-armade-ceske-republiky-dalsi-dodavky-munice\/#breadcrumb","itemListElement":[{"@type":"ListItem","position":1,"name":"Home","item":"https:\/\/www.vtusp.cz\/en\/"},{"@type":"ListItem","position":2,"name":"Vojensk\u00fd technick\u00fd \u00fastav dodal Arm\u00e1d\u011b \u010cesk\u00e9 republiky dal\u0161\u00ed dod\u00e1vky munice"}]},{"@type":"WebSite","@id":"https:\/\/www.vtusp.cz\/en\/#website","url":"https:\/\/www.vtusp.cz\/en\/","name":"VT\u00da s.p.","description":"","potentialAction":[{"@type":"SearchAction","target":{"@type":"EntryPoint","urlTemplate":"https:\/\/www.vtusp.cz\/en\/?s={search_term_string}"},"query-input":{"@type":"PropertyValueSpecification","valueRequired":true,"valueName":"search_term_string"}}],"inLanguage":"en-US"},{"@type":"Person","@id":"https:\/\/www.vtusp.cz\/en\/#\/schema\/person\/4e66be4cc70f3eb4bec3b753921ae8c5","name":"David Hlu\u0161t\u00edk","image":{"@type":"ImageObject","inLanguage":"en-US","@id":"https:\/\/secure.gravatar.com\/avatar\/ee59b2f6d1d9c87e5d6510f0311fe6723d1677280a739db9a2056bf31a58ef8b?s=96&d=mm&r=g","url":"https:\/\/secure.gravatar.com\/avatar\/ee59b2f6d1d9c87e5d6510f0311fe6723d1677280a739db9a2056bf31a58ef8b?s=96&d=mm&r=g","contentUrl":"https:\/\/secure.gravatar.com\/avatar\/ee59b2f6d1d9c87e5d6510f0311fe6723d1677280a739db9a2056bf31a58ef8b?s=96&d=mm&r=g","caption":"David Hlu\u0161t\u00edk"}}]}},"_links":{"self":[{"href":"https:\/\/www.vtusp.cz\/en\/wp-json\/wp\/v2\/posts\/9574","targetHints":{"allow":["GET"]}}],"collection":[{"href":"https:\/\/www.vtusp.cz\/en\/wp-json\/wp\/v2\/posts"}],"about":[{"href":"https:\/\/www.vtusp.cz\/en\/wp-json\/wp\/v2\/types\/post"}],"author":[{"embeddable":true,"href":"https:\/\/www.vtusp.cz\/en\/wp-json\/wp\/v2\/users\/9"}],"replies":[{"embeddable":true,"href":"https:\/\/www.vtusp.cz\/en\/wp-json\/wp\/v2\/comments?post=9574"}],"version-history":[{"count":2,"href":"https:\/\/www.vtusp.cz\/en\/wp-json\/wp\/v2\/posts\/9574\/revisions"}],"predecessor-version":[{"id":9586,"href":"https:\/\/www.vtusp.cz\/en\/wp-json\/wp\/v2\/posts\/9574\/revisions\/9586"}],"wp:featuredmedia":[{"embeddable":true,"href":"https:\/\/www.vtusp.cz\/en\/wp-json\/wp\/v2\/media\/9579"}],"wp:attachment":[{"href":"https:\/\/www.vtusp.cz\/en\/wp-json\/wp\/v2\/media?parent=9574"}],"wp:term":[{"taxonomy":"category","embeddable":true,"href":"https:\/\/www.vtusp.cz\/en\/wp-json\/wp\/v2\/categories?post=9574"}],"curies":[{"name":"wp","href":"https:\/\/api.w.org\/{rel}","templated":true}]}}