{"id":9327,"date":"2023-06-21T08:38:13","date_gmt":"2023-06-21T06:38:13","guid":{"rendered":"https:\/\/www.vtusp.cz\/?p=9327"},"modified":"2023-09-19T14:14:49","modified_gmt":"2023-09-19T12:14:49","slug":"zajem-o-expozici-vtu-na-letosni-vystave-idetu-byl-veliky","status":"publish","type":"post","link":"https:\/\/www.vtusp.cz\/en\/aktuality\/zajem-o-expozici-vtu-na-letosni-vystave-idetu-byl-veliky\/","title":{"rendered":"Z\u00e1jem o expozici VT\u00da na leto\u0161n\u00ed v\u00fdstav\u011b IDETu byl velik\u00fd"},"content":{"rendered":"<div class=\"element core-paragraph\">\n<p>Posledn\u00ed kv\u011btnov\u00fd t\u00fdden se Vojensk\u00fd technick\u00fd \u00fastav, s. p. (VT\u00da) p\u0159edstavil v&nbsp;Brn\u011b na jedn\u00e9 z&nbsp;nejv\u00fdznamn\u011bj\u0161\u00edch p\u0159ehl\u00eddek obrann\u00fdch a bezpe\u010dnostn\u00edch technologi\u00ed v&nbsp;Evrop\u011b \u2013 veletrhu IDET.&nbsp; \u201eZ\u00e1jem odborn\u00fdch n\u00e1v\u0161t\u011bvn\u00edk\u016f byl letos o na\u0161i expozici enormn\u00ed. Samoz\u0159ejm\u011b je to zp\u016fsobeno nejen vysokou kvalitou a \u0161\u00ed\u0159\u00ed na\u0161eho portfolia, ale tak\u00e9 sou\u010dasnou bezpe\u010dnostn\u00ed situac\u00ed v&nbsp;Evrop\u011b a ji\u017e druh\u00fd rok pokra\u010duj\u00edc\u00edm v\u00e1le\u010dn\u00fdm konfliktem na Ukrajin\u011b,\u201c vysv\u011btluje \u0159editel Vojensk\u00e9ho technick\u00e9ho \u00fastavu, s. p. Ji\u0159\u00ed Ka\u0161p\u00e1rek.<\/p>\n<\/div>\n\n<div class=\"element core-paragraph\">\n<p>Letos na sv\u00e9m st\u00e1nku VT\u00da p\u0159edstavil d\u00e1lkov\u011b \u0159\u00edzenou robotickou zbra\u0148ovou stanici ZS-L. D\u00e1le pak p\u0159epravn\u00ed box BIOBOX, kter\u00fd je vyu\u017eiteln\u00fd jako ochrana v&nbsp;p\u0159\u00edpad\u011b pandemi\u00ed. \u201eN\u00e1v\u0161t\u011bvn\u00edky tak\u00e9 zaujala lehk\u00e1 bombardovac\u00ed platforma BRUSMIN s&nbsp;bombardovac\u00ed munic\u00ed a 60mm minomety ANTOS a ANTOS-LR. K&nbsp;nim jsme vystavovali p\u0159\u00edslu\u0161n\u00e9 druhy minov\u00fdch n\u00e1boj\u016f a tak\u00e9 jsme prezentovali uk\u00e1zku vlastn\u00edch v\u00fdvojov\u00fdch kus\u016f munice r\u00e1\u017ee 30 mm,\u201c p\u0159edstavil expozici VT\u00da \u0159editel Ji\u0159\u00ed Ka\u0161p\u00e1rek.<\/p>\n<\/div>\n\n<div class=\"element core-paragraph\">\n<p>Veletrh IDET je koncipov\u00e1n jako proexportn\u00ed platforma pro \u010desk\u00fd obrann\u00fd a&nbsp;bezpe\u010dnostn\u00ed pr\u016fmysl. Prob\u011bhl na brn\u011bnsk\u00e9m v\u00fdstavi\u0161ti 24.-26.5. s&nbsp;podporou a&nbsp;za&nbsp;\u00fa\u010dasti nejv\u00fdznamn\u011bj\u0161\u00edch politick\u00fdch a&nbsp;vojensk\u00fdch p\u0159edstavitel\u016f \u010cesk\u00e9 republiky. Nejv\u011bt\u0161\u00edm vystavovatelem je&nbsp;tradi\u010dn\u011b Ministerstvo obrany \u010cR a&nbsp;Arm\u00e1da \u010cR.<\/p>\n<\/div>\n\n<div class=\"element core-gallery\">\n<figure class=\"wp-block-gallery has-nested-images columns-default is-cropped wp-block-gallery-1 is-layout-flex wp-block-gallery-is-layout-flex\"><div class=\"element core-image\">\n<figure class=\"wp-block-image size-large\"><img decoding=\"async\" width=\"1600\" height=\"1600\" data-id=\"9334\" src=\"https:\/\/www.vtusp.cz\/files\/smush-webp\/2023\/06\/20230524_084929-1600x1600.jpg.webp\" alt=\"\" class=\"wp-image-9334\" srcset=\"https:\/\/www.vtusp.cz\/files\/smush-webp\/2023\/06\/20230524_084929-1600x1600.jpg.webp 1600w, https:\/\/www.vtusp.cz\/files\/smush-webp\/2023\/06\/20230524_084929-900x900.jpg.webp 900w, https:\/\/www.vtusp.cz\/files\/smush-webp\/2023\/06\/20230524_084929-768x768.jpg.webp 768w, https:\/\/www.vtusp.cz\/files\/smush-webp\/2023\/06\/20230524_084929-1536x1536.jpg.webp 1536w, https:\/\/www.vtusp.cz\/files\/smush-webp\/2023\/06\/20230524_084929-2048x2048.jpg.webp 2048w, https:\/\/www.vtusp.cz\/files\/smush-webp\/2023\/06\/20230524_084929-150x150.jpg.webp 150w\" sizes=\"(max-width: 1600px) 100vw, 1600px\" \/><\/figure>\n<\/div>\n\n<div class=\"element core-image\">\n<figure class=\"wp-block-image size-large\"><img decoding=\"async\" width=\"1600\" height=\"1200\" data-id=\"9332\" src=\"https:\/\/www.vtusp.cz\/files\/smush-webp\/2023\/06\/20230526_081008-1600x1200.jpg.webp\" alt=\"\" class=\"wp-image-9332\" srcset=\"https:\/\/www.vtusp.cz\/files\/smush-webp\/2023\/06\/20230526_081008-1600x1200.jpg.webp 1600w, https:\/\/www.vtusp.cz\/files\/smush-webp\/2023\/06\/20230526_081008-900x675.jpg.webp 900w, https:\/\/www.vtusp.cz\/files\/smush-webp\/2023\/06\/20230526_081008-768x576.jpg.webp 768w, https:\/\/www.vtusp.cz\/files\/smush-webp\/2023\/06\/20230526_081008-1536x1152.jpg.webp 1536w, https:\/\/www.vtusp.cz\/files\/smush-webp\/2023\/06\/20230526_081008-2048x1536.jpg.webp 2048w, https:\/\/www.vtusp.cz\/files\/smush-webp\/2023\/06\/20230526_081008-1200x900.jpg.webp 1200w\" sizes=\"(max-width: 1600px) 100vw, 1600px\" \/><\/figure>\n<\/div>\n\n<div class=\"element core-image\">\n<figure class=\"wp-block-image size-large\"><img decoding=\"async\" width=\"1600\" height=\"1200\" data-id=\"9328\" src=\"https:\/\/www.vtusp.cz\/files\/smush-webp\/2023\/06\/IMG-20230529-WA0020-1600x1200.jpg.webp\" alt=\"\" class=\"wp-image-9328\" srcset=\"https:\/\/www.vtusp.cz\/files\/smush-webp\/2023\/06\/IMG-20230529-WA0020-1600x1200.jpg.webp 1600w, https:\/\/www.vtusp.cz\/files\/smush-webp\/2023\/06\/IMG-20230529-WA0020-900x675.jpg.webp 900w, https:\/\/www.vtusp.cz\/files\/smush-webp\/2023\/06\/IMG-20230529-WA0020-768x576.jpg.webp 768w, https:\/\/www.vtusp.cz\/files\/smush-webp\/2023\/06\/IMG-20230529-WA0020-1536x1152.jpg.webp 1536w, https:\/\/www.vtusp.cz\/files\/smush-webp\/2023\/06\/IMG-20230529-WA0020-1200x900.jpg.webp 1200w, https:\/\/www.vtusp.cz\/files\/smush-webp\/2023\/06\/IMG-20230529-WA0020.jpg.webp 2048w\" sizes=\"(max-width: 1600px) 100vw, 1600px\" \/><\/figure>\n<\/div><\/figure>\n<\/div>","protected":false},"excerpt":{"rendered":"<p>Posledn\u00ed kv\u011btnov\u00fd t\u00fdden se Vojensk\u00fd technick\u00fd \u00fastav, s. p. (VT\u00da) p\u0159edstavil v&nbsp;Brn\u011b na jedn\u00e9 z&nbsp;nejv\u00fdznamn\u011bj\u0161\u00edch p\u0159ehl\u00eddek obrann\u00fdch a bezpe\u010dnostn\u00edch technologi\u00ed v&nbsp;Evrop\u011b \u2013 veletrhu IDET.&nbsp; \u201eZ\u00e1jem odborn\u00fdch n\u00e1v\u0161t\u011bvn\u00edk\u016f byl letos o&#8230;<\/p>\n","protected":false},"author":3,"featured_media":9330,"comment_status":"open","ping_status":"closed","sticky":false,"template":"","format":"standard","meta":{"_acf_changed":false,"inline_featured_image":false,"footnotes":""},"categories":[1],"class_list":["post-9327","post","type-post","status-publish","format-standard","has-post-thumbnail","hentry","category-aktuality"],"acf":[],"yoast_head":"<!-- This site is optimized with the Yoast SEO plugin v27.5 - https:\/\/yoast.com\/product\/yoast-seo-wordpress\/ -->\n<title>Z\u00e1jem o expozici VT\u00da na leto\u0161n\u00ed v\u00fdstav\u011b IDETu byl velik\u00fd | VT\u00da s.p.<\/title>\n<meta name=\"robots\" content=\"index, follow, max-snippet:-1, max-image-preview:large, max-video-preview:-1\" \/>\n<link rel=\"canonical\" href=\"https:\/\/www.vtusp.cz\/en\/aktuality\/zajem-o-expozici-vtu-na-letosni-vystave-idetu-byl-veliky\/\" \/>\n<meta property=\"og:locale\" content=\"en_US\" \/>\n<meta property=\"og:type\" content=\"article\" \/>\n<meta property=\"og:title\" content=\"Z\u00e1jem o expozici VT\u00da na leto\u0161n\u00ed v\u00fdstav\u011b IDETu byl velik\u00fd | VT\u00da s.p.\" \/>\n<meta property=\"og:description\" content=\"Posledn\u00ed kv\u011btnov\u00fd t\u00fdden se Vojensk\u00fd technick\u00fd \u00fastav, s. p. (VT\u00da) p\u0159edstavil v&nbsp;Brn\u011b na jedn\u00e9 z&nbsp;nejv\u00fdznamn\u011bj\u0161\u00edch p\u0159ehl\u00eddek obrann\u00fdch a bezpe\u010dnostn\u00edch technologi\u00ed v&nbsp;Evrop\u011b \u2013 veletrhu IDET.&nbsp; \u201eZ\u00e1jem odborn\u00fdch n\u00e1v\u0161t\u011bvn\u00edk\u016f byl letos o...\" \/>\n<meta property=\"og:url\" content=\"https:\/\/www.vtusp.cz\/en\/aktuality\/zajem-o-expozici-vtu-na-letosni-vystave-idetu-byl-veliky\/\" \/>\n<meta property=\"og:site_name\" content=\"VT\u00da s.p.\" \/>\n<meta property=\"article:published_time\" content=\"2023-06-21T06:38:13+00:00\" \/>\n<meta property=\"article:modified_time\" content=\"2023-09-19T12:14:49+00:00\" \/>\n<meta property=\"og:image\" content=\"https:\/\/www.vtusp.cz\/files\/uploads\/2023\/06\/20230526_080815.jpg\" \/>\n\t<meta property=\"og:image:width\" content=\"2576\" \/>\n\t<meta property=\"og:image:height\" content=\"1932\" \/>\n\t<meta property=\"og:image:type\" content=\"image\/jpeg\" \/>\n<meta name=\"author\" content=\"Mark\u00e9ta \u0160imkov\u00e1\" \/>\n<meta name=\"twitter:card\" content=\"summary_large_image\" \/>\n<meta name=\"twitter:label1\" content=\"Written by\" \/>\n\t<meta name=\"twitter:data1\" content=\"Mark\u00e9ta \u0160imkov\u00e1\" \/>\n\t<meta name=\"twitter:label2\" content=\"Est. reading time\" \/>\n\t<meta name=\"twitter:data2\" content=\"2 minutes\" \/>\n<script type=\"application\/ld+json\" class=\"yoast-schema-graph\">{\"@context\":\"https:\\\/\\\/schema.org\",\"@graph\":[{\"@type\":\"Article\",\"@id\":\"https:\\\/\\\/www.vtusp.cz\\\/en\\\/aktuality\\\/zajem-o-expozici-vtu-na-letosni-vystave-idetu-byl-veliky\\\/#article\",\"isPartOf\":{\"@id\":\"https:\\\/\\\/www.vtusp.cz\\\/en\\\/aktuality\\\/zajem-o-expozici-vtu-na-letosni-vystave-idetu-byl-veliky\\\/\"},\"author\":{\"name\":\"Mark\u00e9ta \u0160imkov\u00e1\",\"@id\":\"https:\\\/\\\/www.vtusp.cz\\\/en\\\/#\\\/schema\\\/person\\\/f1e8bab14f234b53970de1bd457f4755\"},\"headline\":\"Z\u00e1jem o expozici VT\u00da na leto\u0161n\u00ed v\u00fdstav\u011b IDETu byl velik\u00fd\",\"datePublished\":\"2023-06-21T06:38:13+00:00\",\"dateModified\":\"2023-09-19T12:14:49+00:00\",\"mainEntityOfPage\":{\"@id\":\"https:\\\/\\\/www.vtusp.cz\\\/en\\\/aktuality\\\/zajem-o-expozici-vtu-na-letosni-vystave-idetu-byl-veliky\\\/\"},\"wordCount\":281,\"commentCount\":0,\"image\":{\"@id\":\"https:\\\/\\\/www.vtusp.cz\\\/en\\\/aktuality\\\/zajem-o-expozici-vtu-na-letosni-vystave-idetu-byl-veliky\\\/#primaryimage\"},\"thumbnailUrl\":\"https:\\\/\\\/www.vtusp.cz\\\/files\\\/uploads\\\/2023\\\/06\\\/20230526_080815.jpg\",\"articleSection\":[\"Aktuality\"],\"inLanguage\":\"en-US\",\"potentialAction\":[{\"@type\":\"CommentAction\",\"name\":\"Comment\",\"target\":[\"https:\\\/\\\/www.vtusp.cz\\\/en\\\/aktuality\\\/zajem-o-expozici-vtu-na-letosni-vystave-idetu-byl-veliky\\\/#respond\"]}]},{\"@type\":\"WebPage\",\"@id\":\"https:\\\/\\\/www.vtusp.cz\\\/en\\\/aktuality\\\/zajem-o-expozici-vtu-na-letosni-vystave-idetu-byl-veliky\\\/\",\"url\":\"https:\\\/\\\/www.vtusp.cz\\\/en\\\/aktuality\\\/zajem-o-expozici-vtu-na-letosni-vystave-idetu-byl-veliky\\\/\",\"name\":\"Z\u00e1jem o expozici VT\u00da na leto\u0161n\u00ed v\u00fdstav\u011b IDETu byl velik\u00fd | VT\u00da s.p.\",\"isPartOf\":{\"@id\":\"https:\\\/\\\/www.vtusp.cz\\\/en\\\/#website\"},\"primaryImageOfPage\":{\"@id\":\"https:\\\/\\\/www.vtusp.cz\\\/en\\\/aktuality\\\/zajem-o-expozici-vtu-na-letosni-vystave-idetu-byl-veliky\\\/#primaryimage\"},\"image\":{\"@id\":\"https:\\\/\\\/www.vtusp.cz\\\/en\\\/aktuality\\\/zajem-o-expozici-vtu-na-letosni-vystave-idetu-byl-veliky\\\/#primaryimage\"},\"thumbnailUrl\":\"https:\\\/\\\/www.vtusp.cz\\\/files\\\/uploads\\\/2023\\\/06\\\/20230526_080815.jpg\",\"datePublished\":\"2023-06-21T06:38:13+00:00\",\"dateModified\":\"2023-09-19T12:14:49+00:00\",\"author\":{\"@id\":\"https:\\\/\\\/www.vtusp.cz\\\/en\\\/#\\\/schema\\\/person\\\/f1e8bab14f234b53970de1bd457f4755\"},\"breadcrumb\":{\"@id\":\"https:\\\/\\\/www.vtusp.cz\\\/en\\\/aktuality\\\/zajem-o-expozici-vtu-na-letosni-vystave-idetu-byl-veliky\\\/#breadcrumb\"},\"inLanguage\":\"en-US\",\"potentialAction\":[{\"@type\":\"ReadAction\",\"target\":[\"https:\\\/\\\/www.vtusp.cz\\\/en\\\/aktuality\\\/zajem-o-expozici-vtu-na-letosni-vystave-idetu-byl-veliky\\\/\"]}]},{\"@type\":\"ImageObject\",\"inLanguage\":\"en-US\",\"@id\":\"https:\\\/\\\/www.vtusp.cz\\\/en\\\/aktuality\\\/zajem-o-expozici-vtu-na-letosni-vystave-idetu-byl-veliky\\\/#primaryimage\",\"url\":\"https:\\\/\\\/www.vtusp.cz\\\/files\\\/uploads\\\/2023\\\/06\\\/20230526_080815.jpg\",\"contentUrl\":\"https:\\\/\\\/www.vtusp.cz\\\/files\\\/uploads\\\/2023\\\/06\\\/20230526_080815.jpg\",\"width\":2576,\"height\":1932},{\"@type\":\"BreadcrumbList\",\"@id\":\"https:\\\/\\\/www.vtusp.cz\\\/en\\\/aktuality\\\/zajem-o-expozici-vtu-na-letosni-vystave-idetu-byl-veliky\\\/#breadcrumb\",\"itemListElement\":[{\"@type\":\"ListItem\",\"position\":1,\"name\":\"Home\",\"item\":\"https:\\\/\\\/www.vtusp.cz\\\/en\\\/\"},{\"@type\":\"ListItem\",\"position\":2,\"name\":\"Z\u00e1jem o expozici VT\u00da na leto\u0161n\u00ed v\u00fdstav\u011b IDETu byl velik\u00fd\"}]},{\"@type\":\"WebSite\",\"@id\":\"https:\\\/\\\/www.vtusp.cz\\\/en\\\/#website\",\"url\":\"https:\\\/\\\/www.vtusp.cz\\\/en\\\/\",\"name\":\"VT\u00da s.p.\",\"description\":\"\",\"potentialAction\":[{\"@type\":\"SearchAction\",\"target\":{\"@type\":\"EntryPoint\",\"urlTemplate\":\"https:\\\/\\\/www.vtusp.cz\\\/en\\\/?s={search_term_string}\"},\"query-input\":{\"@type\":\"PropertyValueSpecification\",\"valueRequired\":true,\"valueName\":\"search_term_string\"}}],\"inLanguage\":\"en-US\"},{\"@type\":\"Person\",\"@id\":\"https:\\\/\\\/www.vtusp.cz\\\/en\\\/#\\\/schema\\\/person\\\/f1e8bab14f234b53970de1bd457f4755\",\"name\":\"Mark\u00e9ta \u0160imkov\u00e1\",\"image\":{\"@type\":\"ImageObject\",\"inLanguage\":\"en-US\",\"@id\":\"https:\\\/\\\/secure.gravatar.com\\\/avatar\\\/11e6d560fad0d34db4e72d297ae926889fe4d6c23ddb5d1cab66094009979d36?s=96&d=mm&r=g\",\"url\":\"https:\\\/\\\/secure.gravatar.com\\\/avatar\\\/11e6d560fad0d34db4e72d297ae926889fe4d6c23ddb5d1cab66094009979d36?s=96&d=mm&r=g\",\"contentUrl\":\"https:\\\/\\\/secure.gravatar.com\\\/avatar\\\/11e6d560fad0d34db4e72d297ae926889fe4d6c23ddb5d1cab66094009979d36?s=96&d=mm&r=g\",\"caption\":\"Mark\u00e9ta \u0160imkov\u00e1\"}}]}<\/script>\n<!-- \/ Yoast SEO plugin. -->","yoast_head_json":{"title":"Z\u00e1jem o expozici VT\u00da na leto\u0161n\u00ed v\u00fdstav\u011b IDETu byl velik\u00fd | VT\u00da s.p.","robots":{"index":"index","follow":"follow","max-snippet":"max-snippet:-1","max-image-preview":"max-image-preview:large","max-video-preview":"max-video-preview:-1"},"canonical":"https:\/\/www.vtusp.cz\/en\/aktuality\/zajem-o-expozici-vtu-na-letosni-vystave-idetu-byl-veliky\/","og_locale":"en_US","og_type":"article","og_title":"Z\u00e1jem o expozici VT\u00da na leto\u0161n\u00ed v\u00fdstav\u011b IDETu byl velik\u00fd | VT\u00da s.p.","og_description":"Posledn\u00ed kv\u011btnov\u00fd t\u00fdden se Vojensk\u00fd technick\u00fd \u00fastav, s. p. (VT\u00da) p\u0159edstavil v&nbsp;Brn\u011b na jedn\u00e9 z&nbsp;nejv\u00fdznamn\u011bj\u0161\u00edch p\u0159ehl\u00eddek obrann\u00fdch a bezpe\u010dnostn\u00edch technologi\u00ed v&nbsp;Evrop\u011b \u2013 veletrhu IDET.&nbsp; \u201eZ\u00e1jem odborn\u00fdch n\u00e1v\u0161t\u011bvn\u00edk\u016f byl letos o...","og_url":"https:\/\/www.vtusp.cz\/en\/aktuality\/zajem-o-expozici-vtu-na-letosni-vystave-idetu-byl-veliky\/","og_site_name":"VT\u00da s.p.","article_published_time":"2023-06-21T06:38:13+00:00","article_modified_time":"2023-09-19T12:14:49+00:00","og_image":[{"width":2576,"height":1932,"url":"https:\/\/www.vtusp.cz\/files\/uploads\/2023\/06\/20230526_080815.jpg","type":"image\/jpeg"}],"author":"Mark\u00e9ta \u0160imkov\u00e1","twitter_card":"summary_large_image","twitter_misc":{"Written by":"Mark\u00e9ta \u0160imkov\u00e1","Est. reading time":"2 minutes"},"schema":{"@context":"https:\/\/schema.org","@graph":[{"@type":"Article","@id":"https:\/\/www.vtusp.cz\/en\/aktuality\/zajem-o-expozici-vtu-na-letosni-vystave-idetu-byl-veliky\/#article","isPartOf":{"@id":"https:\/\/www.vtusp.cz\/en\/aktuality\/zajem-o-expozici-vtu-na-letosni-vystave-idetu-byl-veliky\/"},"author":{"name":"Mark\u00e9ta \u0160imkov\u00e1","@id":"https:\/\/www.vtusp.cz\/en\/#\/schema\/person\/f1e8bab14f234b53970de1bd457f4755"},"headline":"Z\u00e1jem o expozici VT\u00da na leto\u0161n\u00ed v\u00fdstav\u011b IDETu byl velik\u00fd","datePublished":"2023-06-21T06:38:13+00:00","dateModified":"2023-09-19T12:14:49+00:00","mainEntityOfPage":{"@id":"https:\/\/www.vtusp.cz\/en\/aktuality\/zajem-o-expozici-vtu-na-letosni-vystave-idetu-byl-veliky\/"},"wordCount":281,"commentCount":0,"image":{"@id":"https:\/\/www.vtusp.cz\/en\/aktuality\/zajem-o-expozici-vtu-na-letosni-vystave-idetu-byl-veliky\/#primaryimage"},"thumbnailUrl":"https:\/\/www.vtusp.cz\/files\/uploads\/2023\/06\/20230526_080815.jpg","articleSection":["Aktuality"],"inLanguage":"en-US","potentialAction":[{"@type":"CommentAction","name":"Comment","target":["https:\/\/www.vtusp.cz\/en\/aktuality\/zajem-o-expozici-vtu-na-letosni-vystave-idetu-byl-veliky\/#respond"]}]},{"@type":"WebPage","@id":"https:\/\/www.vtusp.cz\/en\/aktuality\/zajem-o-expozici-vtu-na-letosni-vystave-idetu-byl-veliky\/","url":"https:\/\/www.vtusp.cz\/en\/aktuality\/zajem-o-expozici-vtu-na-letosni-vystave-idetu-byl-veliky\/","name":"Z\u00e1jem o expozici VT\u00da na leto\u0161n\u00ed v\u00fdstav\u011b IDETu byl velik\u00fd | VT\u00da s.p.","isPartOf":{"@id":"https:\/\/www.vtusp.cz\/en\/#website"},"primaryImageOfPage":{"@id":"https:\/\/www.vtusp.cz\/en\/aktuality\/zajem-o-expozici-vtu-na-letosni-vystave-idetu-byl-veliky\/#primaryimage"},"image":{"@id":"https:\/\/www.vtusp.cz\/en\/aktuality\/zajem-o-expozici-vtu-na-letosni-vystave-idetu-byl-veliky\/#primaryimage"},"thumbnailUrl":"https:\/\/www.vtusp.cz\/files\/uploads\/2023\/06\/20230526_080815.jpg","datePublished":"2023-06-21T06:38:13+00:00","dateModified":"2023-09-19T12:14:49+00:00","author":{"@id":"https:\/\/www.vtusp.cz\/en\/#\/schema\/person\/f1e8bab14f234b53970de1bd457f4755"},"breadcrumb":{"@id":"https:\/\/www.vtusp.cz\/en\/aktuality\/zajem-o-expozici-vtu-na-letosni-vystave-idetu-byl-veliky\/#breadcrumb"},"inLanguage":"en-US","potentialAction":[{"@type":"ReadAction","target":["https:\/\/www.vtusp.cz\/en\/aktuality\/zajem-o-expozici-vtu-na-letosni-vystave-idetu-byl-veliky\/"]}]},{"@type":"ImageObject","inLanguage":"en-US","@id":"https:\/\/www.vtusp.cz\/en\/aktuality\/zajem-o-expozici-vtu-na-letosni-vystave-idetu-byl-veliky\/#primaryimage","url":"https:\/\/www.vtusp.cz\/files\/uploads\/2023\/06\/20230526_080815.jpg","contentUrl":"https:\/\/www.vtusp.cz\/files\/uploads\/2023\/06\/20230526_080815.jpg","width":2576,"height":1932},{"@type":"BreadcrumbList","@id":"https:\/\/www.vtusp.cz\/en\/aktuality\/zajem-o-expozici-vtu-na-letosni-vystave-idetu-byl-veliky\/#breadcrumb","itemListElement":[{"@type":"ListItem","position":1,"name":"Home","item":"https:\/\/www.vtusp.cz\/en\/"},{"@type":"ListItem","position":2,"name":"Z\u00e1jem o expozici VT\u00da na leto\u0161n\u00ed v\u00fdstav\u011b IDETu byl velik\u00fd"}]},{"@type":"WebSite","@id":"https:\/\/www.vtusp.cz\/en\/#website","url":"https:\/\/www.vtusp.cz\/en\/","name":"VT\u00da s.p.","description":"","potentialAction":[{"@type":"SearchAction","target":{"@type":"EntryPoint","urlTemplate":"https:\/\/www.vtusp.cz\/en\/?s={search_term_string}"},"query-input":{"@type":"PropertyValueSpecification","valueRequired":true,"valueName":"search_term_string"}}],"inLanguage":"en-US"},{"@type":"Person","@id":"https:\/\/www.vtusp.cz\/en\/#\/schema\/person\/f1e8bab14f234b53970de1bd457f4755","name":"Mark\u00e9ta \u0160imkov\u00e1","image":{"@type":"ImageObject","inLanguage":"en-US","@id":"https:\/\/secure.gravatar.com\/avatar\/11e6d560fad0d34db4e72d297ae926889fe4d6c23ddb5d1cab66094009979d36?s=96&d=mm&r=g","url":"https:\/\/secure.gravatar.com\/avatar\/11e6d560fad0d34db4e72d297ae926889fe4d6c23ddb5d1cab66094009979d36?s=96&d=mm&r=g","contentUrl":"https:\/\/secure.gravatar.com\/avatar\/11e6d560fad0d34db4e72d297ae926889fe4d6c23ddb5d1cab66094009979d36?s=96&d=mm&r=g","caption":"Mark\u00e9ta \u0160imkov\u00e1"}}]}},"_links":{"self":[{"href":"https:\/\/www.vtusp.cz\/en\/wp-json\/wp\/v2\/posts\/9327","targetHints":{"allow":["GET"]}}],"collection":[{"href":"https:\/\/www.vtusp.cz\/en\/wp-json\/wp\/v2\/posts"}],"about":[{"href":"https:\/\/www.vtusp.cz\/en\/wp-json\/wp\/v2\/types\/post"}],"author":[{"embeddable":true,"href":"https:\/\/www.vtusp.cz\/en\/wp-json\/wp\/v2\/users\/3"}],"replies":[{"embeddable":true,"href":"https:\/\/www.vtusp.cz\/en\/wp-json\/wp\/v2\/comments?post=9327"}],"version-history":[{"count":3,"href":"https:\/\/www.vtusp.cz\/en\/wp-json\/wp\/v2\/posts\/9327\/revisions"}],"predecessor-version":[{"id":9524,"href":"https:\/\/www.vtusp.cz\/en\/wp-json\/wp\/v2\/posts\/9327\/revisions\/9524"}],"wp:featuredmedia":[{"embeddable":true,"href":"https:\/\/www.vtusp.cz\/en\/wp-json\/wp\/v2\/media\/9330"}],"wp:attachment":[{"href":"https:\/\/www.vtusp.cz\/en\/wp-json\/wp\/v2\/media?parent=9327"}],"wp:term":[{"taxonomy":"category","embeddable":true,"href":"https:\/\/www.vtusp.cz\/en\/wp-json\/wp\/v2\/categories?post=9327"}],"curies":[{"name":"wp","href":"https:\/\/api.w.org\/{rel}","templated":true}]}}