{"id":8407,"date":"2022-05-04T11:36:50","date_gmt":"2022-05-04T09:36:50","guid":{"rendered":"https:\/\/www.vtusp.cz\/?p=8407"},"modified":"2022-05-04T11:36:52","modified_gmt":"2022-05-04T09:36:52","slug":"vojensky-technicky-ustav-a-organizace-volareza-se-spolecne-zapojili-do-pomoci-ukrajinskym-uprchlikum","status":"publish","type":"post","link":"https:\/\/www.vtusp.cz\/en\/aktuality\/vojensky-technicky-ustav-a-organizace-volareza-se-spolecne-zapojili-do-pomoci-ukrajinskym-uprchlikum\/","title":{"rendered":"Vojensk\u00fd technick\u00fd \u00fastav a organizace VOLAREZA se spole\u010dn\u011b zapojili do pomoci ukrajinsk\u00fdm uprchl\u00edk\u016fm"},"content":{"rendered":"<div class=\"element core-paragraph\">\n<p><strong>\u010cesk\u00e1 republika pat\u0159\u00ed mezi zem\u011b, kter\u00e9 se aktivn\u011b pod\u00edlej\u00ed na pomoci Ukrajin\u011b a lidem, kte\u0159\u00ed v&nbsp;d\u016fsledku v\u00e1le\u010dn\u00e9ho konfliktu z&nbsp;Ukrajiny ut\u00edkaj\u00ed. Vysokou m\u00edru solidarity s&nbsp;ukrajinsk\u00fdmi uprchl\u00edky projevuj\u00ed i zam\u011bstnanci st\u00e1tn\u00edch a soukrom\u00fdch firem. Jednou z&nbsp;nich je i st\u00e1tn\u00ed podnik Vojensk\u00fd technick\u00fd \u00fastav (VT\u00da), s. p. Jeho zam\u011bstnanci se zapojili, ve spolupr\u00e1ci s&nbsp;Vojensk\u00fdmi l\u00e1ze\u0148sk\u00fdmi a rekrea\u010dn\u00edmi za\u0159\u00edzen\u00edmi (VOLAREZA), do pomoci ukrajinsk\u00fdm matk\u00e1m a d\u011btem, kter\u00e9 jsou nouzov\u011b ubytov\u00e1ny v&nbsp;za\u0159\u00edzen\u00edch VOLAREZA. Slavnostn\u00ed p\u0159ed\u00e1n\u00ed vysb\u00edran\u00e9 pomoci prob\u011bhlo 14. dubna v&nbsp;Praze.<\/strong><\/p>\n<\/div>\n\n<div class=\"element core-paragraph\">\n<p>Solidarita s&nbsp;Ukrajinou je v&nbsp;\u010desk\u00e9 spole\u010dnosti velmi vysok\u00e1. Nejenom ofici\u00e1ln\u00ed p\u0159edstavitel\u00e9 st\u00e1tu, ale i st\u00e1tn\u00ed nebo soukrom\u00e9 firmy a jejich zam\u011bstnanci, se sna\u017e\u00ed hledat zp\u016fsob, jak pomoci uprchl\u00edk\u016fm z&nbsp;Ukrajiny, kte\u0159\u00ed v&nbsp;\u010cesku na\u0161li sv\u00e9 \u00fato\u010di\u0161t\u011b. Do pomoci uprchl\u00edk\u016fm, konkr\u00e9tn\u011b matk\u00e1m s&nbsp;d\u011btmi, se rozhodli formou dobrovoln\u00e9 sb\u00edrky zapojit i zam\u011bstnanci st\u00e1tn\u00edho podniku VT\u00da.<\/p>\n<\/div>\n\n<div class=\"element core-paragraph\">\n<p>N\u00e1pad pomoct ukrajinsk\u00fdm matk\u00e1m s&nbsp;d\u011btmi vze\u0161el ze spole\u010dn\u00e9 iniciativy \u0159editele st\u00e1tn\u00edho podniku VT\u00da Petra Novotn\u00e9ho a Milana Laubera, \u0159editele Vojensk\u00fdch l\u00e1ze\u0148sk\u00fdch a rekrea\u010dn\u00edch za\u0159\u00edzen\u00ed, kde je n\u011bkolik uprchl\u00edk\u016f z&nbsp;Ukrajiny ubytov\u00e1no. \u0158editel p\u0159\u00edsp\u011bvkov\u00e9 organizace VOLAREZA definoval pot\u0159eby a prost\u0159edky, kter\u00e9 uprchl\u00edci, do\u010dasn\u011b \u017eij\u00edc\u00ed v&nbsp;objektech VOLAREZA, pot\u0159ebuj\u00ed ze v\u0161eho nejv\u00edc. Prim\u00e1rn\u011b se jednalo o d\u011btsk\u00e9 pono\u017eky, jednor\u00e1zov\u00e9 pleny a kojeneck\u00e1 ml\u00e9ka, ka\u0161e, d\u011btsk\u00e9 p\u0159\u00edkrmy, hra\u010dky pro d\u011bti, v\u011bci denn\u00ed pot\u0159eby, hygienick\u00e9 pot\u0159eby a pom\u016fcky, \u010dist\u00edc\u00ed prost\u0159edky a podobn\u011b. D\u00edky zam\u011bstnanc\u016fm st\u00e1tn\u00edho podniku VT\u00da a jeho od\u0161t\u011bpen\u00fdch z\u00e1vod\u016f byly vybr\u00e1ny popt\u00e1van\u00e9 pom\u016fcky a pot\u0159eby v hodnot\u011b n\u011bkolika des\u00edtek tis\u00edc korun. Pomoc byla ur\u010dena zejm\u00e9na pro ty uprchl\u00edky, kte\u0159\u00ed jsou ubytov\u00e1ni ve Vojensk\u00e9 l\u00e1ze\u0148sk\u00e9 l\u00e9\u010debn\u011b (VLL) v&nbsp;Karlov\u00fdch Varech a ve Vojensk\u00e9 l\u00e1ze\u0148sk\u00e9 l\u00e9\u010debn\u011b (VLL) v&nbsp;Teplic\u00edch.<\/p>\n<\/div>\n\n<div class=\"element core-paragraph\">\n<p>Ofici\u00e1ln\u00ed p\u0159ed\u00e1n\u00ed vysb\u00edran\u00e9ho materi\u00e1lu a pot\u0159eb pro ukrajinsk\u00e9 matky s&nbsp;d\u011btmi se uskute\u010dnilo dne 14. dubna v&nbsp;prostorech Domu Arm\u00e1dy v&nbsp;Praze. St\u00e1tn\u00ed podnik VT\u00da na slavnostn\u00edm p\u0159ed\u00e1n\u00ed reprezentoval jeho \u0159editel Petr Novotn\u00fd. P\u0159\u00edtomen byl i \u0159editel od\u0161t\u011bpn\u00e9ho z\u00e1vodu Vojensk\u00fd technick\u00fd \u00fastav letectva a protivzdu\u0161n\u00e9 obrany v Praze ( VT\u00daLaPVO Praha) Libor Tomolya a \u0159editel od\u0161t\u011bpn\u00e9ho z\u00e1vodu Vojensk\u00fd technick\u00fd \u00fastav v\u00fdzbroje a munice ve Slavi\u010d\u00edn\u011b (VT\u00daVM Slavi\u010d\u00edn) Stanislav Hude\u010dek. Za VOLAREZU se p\u0159ed\u00e1n\u00ed z\u00fa\u010dastnil \u0159editel organizace Milan Lauber, \u0159editel VLL Karlovy Vary Pavel Pol\u00e1k a \u0159editel Vojensk\u00e9ho klubu Praha Milan \u010cerven\u00fd.<\/p>\n<\/div>\n\n<div class=\"element core-paragraph\">\n<p>\u201e<em>Velmi oce\u0148uji c\u00edlenou pomoc t\u00e9to organizovan\u00e9 sb\u00edrky, kdy v\u016f\u010di sd\u011blen\u00fdm p\u0159\u00e1n\u00edm a po\u017eadavk\u016fm bylo mo\u017en\u00e9 po\u0159\u00eddit to nejd\u016fle\u017eit\u011bj\u0161\u00ed<\/em>,\u201c \u0159ekl v&nbsp;pr\u016fb\u011bhu slavnostn\u00edho p\u0159ed\u00e1n\u00ed \u0159editel VOLAREZA Milan Lauber. Z\u00e1rove\u0148 ocenil i p\u0159\u00edstup st\u00e1tn\u00edho podniku VT\u00da p\u0159i organizaci t\u00e9to sb\u00edrky a je p\u0159esv\u011bd\u010den, \u017ee matky s&nbsp;d\u011btmi tuto materi\u00e1ln\u00ed pomoc ur\u010dit\u011b ocen\u00ed. Jak \u0159editel VOLAREZA dod\u00e1v\u00e1: \u201e<em>Z cel\u00e9 sb\u00edrky je nejoceniteln\u011bj\u0161\u00edm d\u00e1rkem ko\u010d\u00e1rek, kter\u00fd si ukrajinsk\u00e1 maminka pro sv\u00e9 mal\u00e9 d\u00edt\u011b velmi p\u0159\u00e1la<\/em>.\u201c<\/p>\n<\/div>\n\n<div class=\"element core-gallery\">\n<figure class=\"wp-block-gallery columns-2 is-cropped wp-block-gallery-1 is-layout-flex wp-block-gallery-is-layout-flex\"><ul class=\"blocks-gallery-grid\"><li class=\"blocks-gallery-item\"><figure><img decoding=\"async\" width=\"1600\" height=\"1066\" src=\"https:\/\/www.vtusp.cz\/files\/smush-webp\/2022\/05\/14-4-22-2-1-1600x1066.jpg.webp\" alt=\"\" data-id=\"8410\" data-full-url=\"https:\/\/www.vtusp.cz\/files\/uploads\/2022\/05\/14-4-22-2-1-scaled.jpg\" data-link=\"https:\/\/www.vtusp.cz\/?attachment_id=8410\" class=\"wp-image-8410\" srcset=\"https:\/\/www.vtusp.cz\/files\/smush-webp\/2022\/05\/14-4-22-2-1-1600x1066.jpg.webp 1600w, https:\/\/www.vtusp.cz\/files\/smush-webp\/2022\/05\/14-4-22-2-1-900x600.jpg.webp 900w, https:\/\/www.vtusp.cz\/files\/smush-webp\/2022\/05\/14-4-22-2-1-600x400.jpg.webp 600w, https:\/\/www.vtusp.cz\/files\/smush-webp\/2022\/05\/14-4-22-2-1-768x512.jpg.webp 768w, https:\/\/www.vtusp.cz\/files\/smush-webp\/2022\/05\/14-4-22-2-1-1536x1024.jpg.webp 1536w, https:\/\/www.vtusp.cz\/files\/smush-webp\/2022\/05\/14-4-22-2-1-2048x1365.jpg.webp 2048w, https:\/\/www.vtusp.cz\/files\/smush-webp\/2022\/05\/14-4-22-2-1-300x200.jpg.webp 300w\" sizes=\"(max-width: 1600px) 100vw, 1600px\" \/><\/figure><\/li><li class=\"blocks-gallery-item\"><figure><img decoding=\"async\" width=\"1197\" height=\"1600\" src=\"https:\/\/www.vtusp.cz\/files\/smush-webp\/2022\/05\/IMG_20220414_113321_1-1197x1600.jpg.webp\" alt=\"\" data-id=\"8412\" data-full-url=\"https:\/\/www.vtusp.cz\/files\/uploads\/2022\/05\/IMG_20220414_113321_1.jpg\" data-link=\"https:\/\/www.vtusp.cz\/?attachment_id=8412\" class=\"wp-image-8412\" srcset=\"https:\/\/www.vtusp.cz\/files\/smush-webp\/2022\/05\/IMG_20220414_113321_1-1197x1600.jpg.webp 1197w, https:\/\/www.vtusp.cz\/files\/smush-webp\/2022\/05\/IMG_20220414_113321_1-673x900.jpg.webp 673w, https:\/\/www.vtusp.cz\/files\/smush-webp\/2022\/05\/IMG_20220414_113321_1-768x1027.jpg.webp 768w, https:\/\/www.vtusp.cz\/files\/smush-webp\/2022\/05\/IMG_20220414_113321_1-1149x1536.jpg.webp 1149w, https:\/\/www.vtusp.cz\/files\/smush-webp\/2022\/05\/IMG_20220414_113321_1-1532x2048.jpg.webp 1532w\" sizes=\"(max-width: 1197px) 100vw, 1197px\" \/><\/figure><\/li><\/ul><\/figure>\n<\/div>","protected":false},"excerpt":{"rendered":"<p>\u010cesk\u00e1 republika pat\u0159\u00ed mezi zem\u011b, kter\u00e9 se aktivn\u011b pod\u00edlej\u00ed na pomoci Ukrajin\u011b a lidem, kte\u0159\u00ed v&nbsp;d\u016fsledku v\u00e1le\u010dn\u00e9ho konfliktu z&nbsp;Ukrajiny ut\u00edkaj\u00ed. Vysokou m\u00edru solidarity s&nbsp;ukrajinsk\u00fdmi uprchl\u00edky projevuj\u00ed i zam\u011bstnanci st\u00e1tn\u00edch a&#8230;<\/p>\n","protected":false},"author":3,"featured_media":8408,"comment_status":"open","ping_status":"closed","sticky":false,"template":"","format":"standard","meta":{"_acf_changed":false,"inline_featured_image":false,"footnotes":""},"categories":[1],"class_list":["post-8407","post","type-post","status-publish","format-standard","has-post-thumbnail","hentry","category-aktuality"],"acf":[],"yoast_head":"<!-- This site is optimized with the Yoast SEO plugin v27.5 - https:\/\/yoast.com\/product\/yoast-seo-wordpress\/ -->\n<title>Vojensk\u00fd technick\u00fd \u00fastav a organizace VOLAREZA se spole\u010dn\u011b zapojili do pomoci ukrajinsk\u00fdm uprchl\u00edk\u016fm | VT\u00da s.p.<\/title>\n<meta name=\"robots\" content=\"index, follow, max-snippet:-1, max-image-preview:large, max-video-preview:-1\" \/>\n<link rel=\"canonical\" href=\"https:\/\/www.vtusp.cz\/en\/aktuality\/vojensky-technicky-ustav-a-organizace-volareza-se-spolecne-zapojili-do-pomoci-ukrajinskym-uprchlikum\/\" \/>\n<meta property=\"og:locale\" content=\"en_US\" \/>\n<meta property=\"og:type\" content=\"article\" \/>\n<meta property=\"og:title\" content=\"Vojensk\u00fd technick\u00fd \u00fastav a organizace VOLAREZA se spole\u010dn\u011b zapojili do pomoci ukrajinsk\u00fdm uprchl\u00edk\u016fm | VT\u00da s.p.\" \/>\n<meta property=\"og:description\" content=\"\u010cesk\u00e1 republika pat\u0159\u00ed mezi zem\u011b, kter\u00e9 se aktivn\u011b pod\u00edlej\u00ed na pomoci Ukrajin\u011b a lidem, kte\u0159\u00ed v&nbsp;d\u016fsledku v\u00e1le\u010dn\u00e9ho konfliktu z&nbsp;Ukrajiny ut\u00edkaj\u00ed. Vysokou m\u00edru solidarity s&nbsp;ukrajinsk\u00fdmi uprchl\u00edky projevuj\u00ed i zam\u011bstnanci st\u00e1tn\u00edch a...\" \/>\n<meta property=\"og:url\" content=\"https:\/\/www.vtusp.cz\/en\/aktuality\/vojensky-technicky-ustav-a-organizace-volareza-se-spolecne-zapojili-do-pomoci-ukrajinskym-uprchlikum\/\" \/>\n<meta property=\"og:site_name\" content=\"VT\u00da s.p.\" \/>\n<meta property=\"article:published_time\" content=\"2022-05-04T09:36:50+00:00\" \/>\n<meta property=\"article:modified_time\" content=\"2022-05-04T09:36:52+00:00\" \/>\n<meta property=\"og:image\" content=\"https:\/\/www.vtusp.cz\/files\/uploads\/2022\/05\/IMG_20220414_130510_1.jpg\" \/>\n\t<meta property=\"og:image:width\" content=\"3901\" \/>\n\t<meta property=\"og:image:height\" content=\"2600\" \/>\n\t<meta property=\"og:image:type\" content=\"image\/jpeg\" \/>\n<meta name=\"author\" content=\"Mark\u00e9ta \u0160imkov\u00e1\" \/>\n<meta name=\"twitter:card\" content=\"summary_large_image\" \/>\n<meta name=\"twitter:label1\" content=\"Written by\" \/>\n\t<meta name=\"twitter:data1\" content=\"Mark\u00e9ta \u0160imkov\u00e1\" \/>\n\t<meta name=\"twitter:label2\" content=\"Est. reading time\" \/>\n\t<meta name=\"twitter:data2\" content=\"3 minutes\" \/>\n<script type=\"application\/ld+json\" class=\"yoast-schema-graph\">{\"@context\":\"https:\\\/\\\/schema.org\",\"@graph\":[{\"@type\":\"Article\",\"@id\":\"https:\\\/\\\/www.vtusp.cz\\\/en\\\/aktuality\\\/vojensky-technicky-ustav-a-organizace-volareza-se-spolecne-zapojili-do-pomoci-ukrajinskym-uprchlikum\\\/#article\",\"isPartOf\":{\"@id\":\"https:\\\/\\\/www.vtusp.cz\\\/en\\\/aktuality\\\/vojensky-technicky-ustav-a-organizace-volareza-se-spolecne-zapojili-do-pomoci-ukrajinskym-uprchlikum\\\/\"},\"author\":{\"name\":\"Mark\u00e9ta \u0160imkov\u00e1\",\"@id\":\"https:\\\/\\\/www.vtusp.cz\\\/en\\\/#\\\/schema\\\/person\\\/f1e8bab14f234b53970de1bd457f4755\"},\"headline\":\"Vojensk\u00fd technick\u00fd \u00fastav a organizace VOLAREZA se spole\u010dn\u011b zapojili do pomoci ukrajinsk\u00fdm uprchl\u00edk\u016fm\",\"datePublished\":\"2022-05-04T09:36:50+00:00\",\"dateModified\":\"2022-05-04T09:36:52+00:00\",\"mainEntityOfPage\":{\"@id\":\"https:\\\/\\\/www.vtusp.cz\\\/en\\\/aktuality\\\/vojensky-technicky-ustav-a-organizace-volareza-se-spolecne-zapojili-do-pomoci-ukrajinskym-uprchlikum\\\/\"},\"wordCount\":667,\"commentCount\":0,\"image\":{\"@id\":\"https:\\\/\\\/www.vtusp.cz\\\/en\\\/aktuality\\\/vojensky-technicky-ustav-a-organizace-volareza-se-spolecne-zapojili-do-pomoci-ukrajinskym-uprchlikum\\\/#primaryimage\"},\"thumbnailUrl\":\"https:\\\/\\\/www.vtusp.cz\\\/files\\\/uploads\\\/2022\\\/05\\\/IMG_20220414_130510_1.jpg\",\"articleSection\":[\"Aktuality\"],\"inLanguage\":\"en-US\",\"potentialAction\":[{\"@type\":\"CommentAction\",\"name\":\"Comment\",\"target\":[\"https:\\\/\\\/www.vtusp.cz\\\/en\\\/aktuality\\\/vojensky-technicky-ustav-a-organizace-volareza-se-spolecne-zapojili-do-pomoci-ukrajinskym-uprchlikum\\\/#respond\"]}]},{\"@type\":\"WebPage\",\"@id\":\"https:\\\/\\\/www.vtusp.cz\\\/en\\\/aktuality\\\/vojensky-technicky-ustav-a-organizace-volareza-se-spolecne-zapojili-do-pomoci-ukrajinskym-uprchlikum\\\/\",\"url\":\"https:\\\/\\\/www.vtusp.cz\\\/en\\\/aktuality\\\/vojensky-technicky-ustav-a-organizace-volareza-se-spolecne-zapojili-do-pomoci-ukrajinskym-uprchlikum\\\/\",\"name\":\"Vojensk\u00fd technick\u00fd \u00fastav a organizace VOLAREZA se spole\u010dn\u011b zapojili do pomoci ukrajinsk\u00fdm uprchl\u00edk\u016fm | VT\u00da s.p.\",\"isPartOf\":{\"@id\":\"https:\\\/\\\/www.vtusp.cz\\\/en\\\/#website\"},\"primaryImageOfPage\":{\"@id\":\"https:\\\/\\\/www.vtusp.cz\\\/en\\\/aktuality\\\/vojensky-technicky-ustav-a-organizace-volareza-se-spolecne-zapojili-do-pomoci-ukrajinskym-uprchlikum\\\/#primaryimage\"},\"image\":{\"@id\":\"https:\\\/\\\/www.vtusp.cz\\\/en\\\/aktuality\\\/vojensky-technicky-ustav-a-organizace-volareza-se-spolecne-zapojili-do-pomoci-ukrajinskym-uprchlikum\\\/#primaryimage\"},\"thumbnailUrl\":\"https:\\\/\\\/www.vtusp.cz\\\/files\\\/uploads\\\/2022\\\/05\\\/IMG_20220414_130510_1.jpg\",\"datePublished\":\"2022-05-04T09:36:50+00:00\",\"dateModified\":\"2022-05-04T09:36:52+00:00\",\"author\":{\"@id\":\"https:\\\/\\\/www.vtusp.cz\\\/en\\\/#\\\/schema\\\/person\\\/f1e8bab14f234b53970de1bd457f4755\"},\"breadcrumb\":{\"@id\":\"https:\\\/\\\/www.vtusp.cz\\\/en\\\/aktuality\\\/vojensky-technicky-ustav-a-organizace-volareza-se-spolecne-zapojili-do-pomoci-ukrajinskym-uprchlikum\\\/#breadcrumb\"},\"inLanguage\":\"en-US\",\"potentialAction\":[{\"@type\":\"ReadAction\",\"target\":[\"https:\\\/\\\/www.vtusp.cz\\\/en\\\/aktuality\\\/vojensky-technicky-ustav-a-organizace-volareza-se-spolecne-zapojili-do-pomoci-ukrajinskym-uprchlikum\\\/\"]}]},{\"@type\":\"ImageObject\",\"inLanguage\":\"en-US\",\"@id\":\"https:\\\/\\\/www.vtusp.cz\\\/en\\\/aktuality\\\/vojensky-technicky-ustav-a-organizace-volareza-se-spolecne-zapojili-do-pomoci-ukrajinskym-uprchlikum\\\/#primaryimage\",\"url\":\"https:\\\/\\\/www.vtusp.cz\\\/files\\\/uploads\\\/2022\\\/05\\\/IMG_20220414_130510_1.jpg\",\"contentUrl\":\"https:\\\/\\\/www.vtusp.cz\\\/files\\\/uploads\\\/2022\\\/05\\\/IMG_20220414_130510_1.jpg\",\"width\":3901,\"height\":2600},{\"@type\":\"BreadcrumbList\",\"@id\":\"https:\\\/\\\/www.vtusp.cz\\\/en\\\/aktuality\\\/vojensky-technicky-ustav-a-organizace-volareza-se-spolecne-zapojili-do-pomoci-ukrajinskym-uprchlikum\\\/#breadcrumb\",\"itemListElement\":[{\"@type\":\"ListItem\",\"position\":1,\"name\":\"Home\",\"item\":\"https:\\\/\\\/www.vtusp.cz\\\/en\\\/\"},{\"@type\":\"ListItem\",\"position\":2,\"name\":\"Vojensk\u00fd technick\u00fd \u00fastav a organizace VOLAREZA se spole\u010dn\u011b zapojili do pomoci ukrajinsk\u00fdm uprchl\u00edk\u016fm\"}]},{\"@type\":\"WebSite\",\"@id\":\"https:\\\/\\\/www.vtusp.cz\\\/en\\\/#website\",\"url\":\"https:\\\/\\\/www.vtusp.cz\\\/en\\\/\",\"name\":\"VT\u00da s.p.\",\"description\":\"\",\"potentialAction\":[{\"@type\":\"SearchAction\",\"target\":{\"@type\":\"EntryPoint\",\"urlTemplate\":\"https:\\\/\\\/www.vtusp.cz\\\/en\\\/?s={search_term_string}\"},\"query-input\":{\"@type\":\"PropertyValueSpecification\",\"valueRequired\":true,\"valueName\":\"search_term_string\"}}],\"inLanguage\":\"en-US\"},{\"@type\":\"Person\",\"@id\":\"https:\\\/\\\/www.vtusp.cz\\\/en\\\/#\\\/schema\\\/person\\\/f1e8bab14f234b53970de1bd457f4755\",\"name\":\"Mark\u00e9ta \u0160imkov\u00e1\",\"image\":{\"@type\":\"ImageObject\",\"inLanguage\":\"en-US\",\"@id\":\"https:\\\/\\\/secure.gravatar.com\\\/avatar\\\/11e6d560fad0d34db4e72d297ae926889fe4d6c23ddb5d1cab66094009979d36?s=96&d=mm&r=g\",\"url\":\"https:\\\/\\\/secure.gravatar.com\\\/avatar\\\/11e6d560fad0d34db4e72d297ae926889fe4d6c23ddb5d1cab66094009979d36?s=96&d=mm&r=g\",\"contentUrl\":\"https:\\\/\\\/secure.gravatar.com\\\/avatar\\\/11e6d560fad0d34db4e72d297ae926889fe4d6c23ddb5d1cab66094009979d36?s=96&d=mm&r=g\",\"caption\":\"Mark\u00e9ta \u0160imkov\u00e1\"}}]}<\/script>\n<!-- \/ Yoast SEO plugin. -->","yoast_head_json":{"title":"Vojensk\u00fd technick\u00fd \u00fastav a organizace VOLAREZA se spole\u010dn\u011b zapojili do pomoci ukrajinsk\u00fdm uprchl\u00edk\u016fm | VT\u00da s.p.","robots":{"index":"index","follow":"follow","max-snippet":"max-snippet:-1","max-image-preview":"max-image-preview:large","max-video-preview":"max-video-preview:-1"},"canonical":"https:\/\/www.vtusp.cz\/en\/aktuality\/vojensky-technicky-ustav-a-organizace-volareza-se-spolecne-zapojili-do-pomoci-ukrajinskym-uprchlikum\/","og_locale":"en_US","og_type":"article","og_title":"Vojensk\u00fd technick\u00fd \u00fastav a organizace VOLAREZA se spole\u010dn\u011b zapojili do pomoci ukrajinsk\u00fdm uprchl\u00edk\u016fm | VT\u00da s.p.","og_description":"\u010cesk\u00e1 republika pat\u0159\u00ed mezi zem\u011b, kter\u00e9 se aktivn\u011b pod\u00edlej\u00ed na pomoci Ukrajin\u011b a lidem, kte\u0159\u00ed v&nbsp;d\u016fsledku v\u00e1le\u010dn\u00e9ho konfliktu z&nbsp;Ukrajiny ut\u00edkaj\u00ed. Vysokou m\u00edru solidarity s&nbsp;ukrajinsk\u00fdmi uprchl\u00edky projevuj\u00ed i zam\u011bstnanci st\u00e1tn\u00edch a...","og_url":"https:\/\/www.vtusp.cz\/en\/aktuality\/vojensky-technicky-ustav-a-organizace-volareza-se-spolecne-zapojili-do-pomoci-ukrajinskym-uprchlikum\/","og_site_name":"VT\u00da s.p.","article_published_time":"2022-05-04T09:36:50+00:00","article_modified_time":"2022-05-04T09:36:52+00:00","og_image":[{"width":3901,"height":2600,"url":"https:\/\/www.vtusp.cz\/files\/uploads\/2022\/05\/IMG_20220414_130510_1.jpg","type":"image\/jpeg"}],"author":"Mark\u00e9ta \u0160imkov\u00e1","twitter_card":"summary_large_image","twitter_misc":{"Written by":"Mark\u00e9ta \u0160imkov\u00e1","Est. reading time":"3 minutes"},"schema":{"@context":"https:\/\/schema.org","@graph":[{"@type":"Article","@id":"https:\/\/www.vtusp.cz\/en\/aktuality\/vojensky-technicky-ustav-a-organizace-volareza-se-spolecne-zapojili-do-pomoci-ukrajinskym-uprchlikum\/#article","isPartOf":{"@id":"https:\/\/www.vtusp.cz\/en\/aktuality\/vojensky-technicky-ustav-a-organizace-volareza-se-spolecne-zapojili-do-pomoci-ukrajinskym-uprchlikum\/"},"author":{"name":"Mark\u00e9ta \u0160imkov\u00e1","@id":"https:\/\/www.vtusp.cz\/en\/#\/schema\/person\/f1e8bab14f234b53970de1bd457f4755"},"headline":"Vojensk\u00fd technick\u00fd \u00fastav a organizace VOLAREZA se spole\u010dn\u011b zapojili do pomoci ukrajinsk\u00fdm uprchl\u00edk\u016fm","datePublished":"2022-05-04T09:36:50+00:00","dateModified":"2022-05-04T09:36:52+00:00","mainEntityOfPage":{"@id":"https:\/\/www.vtusp.cz\/en\/aktuality\/vojensky-technicky-ustav-a-organizace-volareza-se-spolecne-zapojili-do-pomoci-ukrajinskym-uprchlikum\/"},"wordCount":667,"commentCount":0,"image":{"@id":"https:\/\/www.vtusp.cz\/en\/aktuality\/vojensky-technicky-ustav-a-organizace-volareza-se-spolecne-zapojili-do-pomoci-ukrajinskym-uprchlikum\/#primaryimage"},"thumbnailUrl":"https:\/\/www.vtusp.cz\/files\/uploads\/2022\/05\/IMG_20220414_130510_1.jpg","articleSection":["Aktuality"],"inLanguage":"en-US","potentialAction":[{"@type":"CommentAction","name":"Comment","target":["https:\/\/www.vtusp.cz\/en\/aktuality\/vojensky-technicky-ustav-a-organizace-volareza-se-spolecne-zapojili-do-pomoci-ukrajinskym-uprchlikum\/#respond"]}]},{"@type":"WebPage","@id":"https:\/\/www.vtusp.cz\/en\/aktuality\/vojensky-technicky-ustav-a-organizace-volareza-se-spolecne-zapojili-do-pomoci-ukrajinskym-uprchlikum\/","url":"https:\/\/www.vtusp.cz\/en\/aktuality\/vojensky-technicky-ustav-a-organizace-volareza-se-spolecne-zapojili-do-pomoci-ukrajinskym-uprchlikum\/","name":"Vojensk\u00fd technick\u00fd \u00fastav a organizace VOLAREZA se spole\u010dn\u011b zapojili do pomoci ukrajinsk\u00fdm uprchl\u00edk\u016fm | VT\u00da s.p.","isPartOf":{"@id":"https:\/\/www.vtusp.cz\/en\/#website"},"primaryImageOfPage":{"@id":"https:\/\/www.vtusp.cz\/en\/aktuality\/vojensky-technicky-ustav-a-organizace-volareza-se-spolecne-zapojili-do-pomoci-ukrajinskym-uprchlikum\/#primaryimage"},"image":{"@id":"https:\/\/www.vtusp.cz\/en\/aktuality\/vojensky-technicky-ustav-a-organizace-volareza-se-spolecne-zapojili-do-pomoci-ukrajinskym-uprchlikum\/#primaryimage"},"thumbnailUrl":"https:\/\/www.vtusp.cz\/files\/uploads\/2022\/05\/IMG_20220414_130510_1.jpg","datePublished":"2022-05-04T09:36:50+00:00","dateModified":"2022-05-04T09:36:52+00:00","author":{"@id":"https:\/\/www.vtusp.cz\/en\/#\/schema\/person\/f1e8bab14f234b53970de1bd457f4755"},"breadcrumb":{"@id":"https:\/\/www.vtusp.cz\/en\/aktuality\/vojensky-technicky-ustav-a-organizace-volareza-se-spolecne-zapojili-do-pomoci-ukrajinskym-uprchlikum\/#breadcrumb"},"inLanguage":"en-US","potentialAction":[{"@type":"ReadAction","target":["https:\/\/www.vtusp.cz\/en\/aktuality\/vojensky-technicky-ustav-a-organizace-volareza-se-spolecne-zapojili-do-pomoci-ukrajinskym-uprchlikum\/"]}]},{"@type":"ImageObject","inLanguage":"en-US","@id":"https:\/\/www.vtusp.cz\/en\/aktuality\/vojensky-technicky-ustav-a-organizace-volareza-se-spolecne-zapojili-do-pomoci-ukrajinskym-uprchlikum\/#primaryimage","url":"https:\/\/www.vtusp.cz\/files\/uploads\/2022\/05\/IMG_20220414_130510_1.jpg","contentUrl":"https:\/\/www.vtusp.cz\/files\/uploads\/2022\/05\/IMG_20220414_130510_1.jpg","width":3901,"height":2600},{"@type":"BreadcrumbList","@id":"https:\/\/www.vtusp.cz\/en\/aktuality\/vojensky-technicky-ustav-a-organizace-volareza-se-spolecne-zapojili-do-pomoci-ukrajinskym-uprchlikum\/#breadcrumb","itemListElement":[{"@type":"ListItem","position":1,"name":"Home","item":"https:\/\/www.vtusp.cz\/en\/"},{"@type":"ListItem","position":2,"name":"Vojensk\u00fd technick\u00fd \u00fastav a organizace VOLAREZA se spole\u010dn\u011b zapojili do pomoci ukrajinsk\u00fdm uprchl\u00edk\u016fm"}]},{"@type":"WebSite","@id":"https:\/\/www.vtusp.cz\/en\/#website","url":"https:\/\/www.vtusp.cz\/en\/","name":"VT\u00da s.p.","description":"","potentialAction":[{"@type":"SearchAction","target":{"@type":"EntryPoint","urlTemplate":"https:\/\/www.vtusp.cz\/en\/?s={search_term_string}"},"query-input":{"@type":"PropertyValueSpecification","valueRequired":true,"valueName":"search_term_string"}}],"inLanguage":"en-US"},{"@type":"Person","@id":"https:\/\/www.vtusp.cz\/en\/#\/schema\/person\/f1e8bab14f234b53970de1bd457f4755","name":"Mark\u00e9ta \u0160imkov\u00e1","image":{"@type":"ImageObject","inLanguage":"en-US","@id":"https:\/\/secure.gravatar.com\/avatar\/11e6d560fad0d34db4e72d297ae926889fe4d6c23ddb5d1cab66094009979d36?s=96&d=mm&r=g","url":"https:\/\/secure.gravatar.com\/avatar\/11e6d560fad0d34db4e72d297ae926889fe4d6c23ddb5d1cab66094009979d36?s=96&d=mm&r=g","contentUrl":"https:\/\/secure.gravatar.com\/avatar\/11e6d560fad0d34db4e72d297ae926889fe4d6c23ddb5d1cab66094009979d36?s=96&d=mm&r=g","caption":"Mark\u00e9ta \u0160imkov\u00e1"}}]}},"_links":{"self":[{"href":"https:\/\/www.vtusp.cz\/en\/wp-json\/wp\/v2\/posts\/8407","targetHints":{"allow":["GET"]}}],"collection":[{"href":"https:\/\/www.vtusp.cz\/en\/wp-json\/wp\/v2\/posts"}],"about":[{"href":"https:\/\/www.vtusp.cz\/en\/wp-json\/wp\/v2\/types\/post"}],"author":[{"embeddable":true,"href":"https:\/\/www.vtusp.cz\/en\/wp-json\/wp\/v2\/users\/3"}],"replies":[{"embeddable":true,"href":"https:\/\/www.vtusp.cz\/en\/wp-json\/wp\/v2\/comments?post=8407"}],"version-history":[{"count":1,"href":"https:\/\/www.vtusp.cz\/en\/wp-json\/wp\/v2\/posts\/8407\/revisions"}],"predecessor-version":[{"id":8414,"href":"https:\/\/www.vtusp.cz\/en\/wp-json\/wp\/v2\/posts\/8407\/revisions\/8414"}],"wp:featuredmedia":[{"embeddable":true,"href":"https:\/\/www.vtusp.cz\/en\/wp-json\/wp\/v2\/media\/8408"}],"wp:attachment":[{"href":"https:\/\/www.vtusp.cz\/en\/wp-json\/wp\/v2\/media?parent=8407"}],"wp:term":[{"taxonomy":"category","embeddable":true,"href":"https:\/\/www.vtusp.cz\/en\/wp-json\/wp\/v2\/categories?post=8407"}],"curies":[{"name":"wp","href":"https:\/\/api.w.org\/{rel}","templated":true}]}}