{"id":8310,"date":"2022-03-28T09:24:49","date_gmt":"2022-03-28T07:24:49","guid":{"rendered":"https:\/\/www.vtusp.cz\/?p=8310"},"modified":"2022-03-28T09:25:16","modified_gmt":"2022-03-28T07:25:16","slug":"vycvik-obsluh-na-prvnim-kusu-noveho-radiolokatoru","status":"publish","type":"post","link":"https:\/\/www.vtusp.cz\/en\/aktuality\/vycvik-obsluh-na-prvnim-kusu-noveho-radiolokatoru\/","title":{"rendered":"V\u00fdcvik obsluh na prvn\u00edm kusu nov\u00e9ho radiolok\u00e1toru"},"content":{"rendered":"<div class=\"element core-paragraph\">\n<p>V&nbsp;r\u00e1mci pod\u00edlu Vojensk\u00e9ho technick\u00e9ho \u00fastavu, s. p. na strategick\u00e9m projektu MADR (Mobile Air Defense Radar) se ve dnech 21. &#8211; 25. b\u0159ezna 2022 uskute\u010dnil v\u00fdcvik obsluh na prvn\u00edm kusu nov\u00e9ho radiolok\u00e1toru. Krom\u011b skute\u010dnosti, \u017ee cel\u00fd v\u00fdcvik prob\u011bhl v&nbsp;prostor\u00e1ch o. z. VT\u00daPV Vy\u0161kov, je na m\u00edst\u011b zm\u00ednit, \u017ee o. z. VT\u00daLaPVO Praha na po\u010d\u00e1tku leto\u0161n\u00edho roku dokon\u010dil a p\u0159edal z\u00e1kazn\u00edkovi (ELTA Systems) prvn\u00ed lok\u00e1ln\u00ed radarovou konzoli, kter\u00e1 byla v&nbsp;\u00fanoru leto\u0161n\u00edho roku p\u0159edm\u011btem podnikov\u00fdch zkou\u0161ek u v\u00fdrobce.<\/p>\n<\/div>\n\n<div class=\"element core-paragraph\">\n<p>Projekt je dal\u0161\u00edm p\u0159\u00edkladem vz\u00e1jemn\u00e9ho sd\u00edlen\u00ed kapacit mezi jednotliv\u00fdmi z\u00e1vody, a to v&nbsp;oblasti v\u00fdroby i zku\u0161ebnictv\u00ed, kter\u00e1 je s&nbsp;ohledem na efektivitu vnitropodnikov\u00fdch proces\u016f p\u0159\u00edmo \u0159\u00edzena z&nbsp;\u0159editelstv\u00ed podniku. Ve v\u00fdsledku je tento projekt jedn\u00edm z d\u016fkaz\u016f, \u017ee st\u00e1tn\u00ed podnik je schopen realizovat, \u010di participovat na rozs\u00e1hl\u00fdch projektech, ale d\u00edky tomu p\u0159edev\u0161\u00edm z\u00edsk\u00e1v\u00e1 velmi zaj\u00edmav\u00e9 a citliv\u00e9 know-how d\u016fle\u017eit\u00e9 pro zaji\u0161\u0165ov\u00e1n\u00ed obranyschopnosti \u010cesk\u00e9 republiky.<\/p>\n<\/div>\n\n<div class=\"element core-paragraph\">\n<p>Je na m\u00edst\u011b zm\u00ednit i skute\u010dnost, \u017ee samotn\u00fd v\u00fdcvik obsluh byl prov\u00e1d\u011bn odborn\u00edky prim\u00e1rn\u00edho v\u00fdrobce, tedy ELTA Systems, za podpory dal\u0161\u00edho v\u00fdznamn\u00e9ho lok\u00e1ln\u00edho partnera RETIA, a.s. Vz\u00e1jemn\u00e1 sou\u010dinnost v\u0161ech t\u0159ech subjekt\u016f vedla jednozna\u010dn\u011b ku prosp\u011bchu c\u00edlov\u00e9ho z\u00e1kazn\u00edka, tedy Ministerstva obrany \u010cesk\u00e9 republiky.<\/p>\n<\/div>\n\n<div class=\"element core-paragraph\">\n<p>V&nbsp;m\u011bs\u00edci dubnu jsou pak pl\u00e1nov\u00e1ny kontroln\u00ed zkou\u0161ky, vojskov\u00e9 zkou\u0161ky a bezpe\u010dnostn\u00ed testy, o jejich\u017e pr\u016fb\u011bhu v\u00e1s budeme i nad\u00e1le informovat.<\/p>\n<\/div>\n\n<div class=\"element core-gallery\">\n<figure class=\"wp-block-gallery columns-3 is-cropped wp-block-gallery-1 is-layout-flex wp-block-gallery-is-layout-flex\"><ul class=\"blocks-gallery-grid\"><li class=\"blocks-gallery-item\"><figure><img decoding=\"async\" width=\"1200\" height=\"1600\" src=\"https:\/\/www.vtusp.cz\/files\/smush-webp\/2022\/03\/Foto-2-1200x1600.jpg.webp\" alt=\"\" data-id=\"8319\" data-full-url=\"https:\/\/www.vtusp.cz\/files\/uploads\/2022\/03\/Foto-2.jpg\" data-link=\"https:\/\/www.vtusp.cz\/?attachment_id=8319\" class=\"wp-image-8319\" srcset=\"https:\/\/www.vtusp.cz\/files\/smush-webp\/2022\/03\/Foto-2-1200x1600.jpg.webp 1200w, https:\/\/www.vtusp.cz\/files\/smush-webp\/2022\/03\/Foto-2-675x900.jpg.webp 675w, https:\/\/www.vtusp.cz\/files\/smush-webp\/2022\/03\/Foto-2-768x1024.jpg.webp 768w, https:\/\/www.vtusp.cz\/files\/smush-webp\/2022\/03\/Foto-2-1152x1536.jpg.webp 1152w, https:\/\/www.vtusp.cz\/files\/smush-webp\/2022\/03\/Foto-2.jpg.webp 1512w\" sizes=\"(max-width: 1200px) 100vw, 1200px\" \/><\/figure><\/li><li class=\"blocks-gallery-item\"><figure><img decoding=\"async\" width=\"1195\" height=\"1298\" src=\"https:\/\/www.vtusp.cz\/files\/smush-webp\/2022\/03\/Foto-3.jpg.webp\" alt=\"\" data-id=\"8321\" data-full-url=\"https:\/\/www.vtusp.cz\/files\/uploads\/2022\/03\/Foto-3.jpg\" data-link=\"https:\/\/www.vtusp.cz\/?attachment_id=8321\" class=\"wp-image-8321\" srcset=\"https:\/\/www.vtusp.cz\/files\/smush-webp\/2022\/03\/Foto-3.jpg.webp 1195w, https:\/\/www.vtusp.cz\/files\/smush-webp\/2022\/03\/Foto-3-829x900.jpg.webp 829w, https:\/\/www.vtusp.cz\/files\/smush-webp\/2022\/03\/Foto-3-768x834.jpg.webp 768w\" sizes=\"(max-width: 1195px) 100vw, 1195px\" \/><\/figure><\/li><li class=\"blocks-gallery-item\"><figure><img decoding=\"async\" width=\"757\" height=\"1600\" src=\"https:\/\/www.vtusp.cz\/files\/smush-webp\/2022\/03\/Foto-4-757x1600.jpg.webp\" alt=\"\" data-id=\"8323\" data-full-url=\"https:\/\/www.vtusp.cz\/files\/uploads\/2022\/03\/Foto-4.jpg\" data-link=\"https:\/\/www.vtusp.cz\/?attachment_id=8323\" class=\"wp-image-8323\" srcset=\"https:\/\/www.vtusp.cz\/files\/smush-webp\/2022\/03\/Foto-4-757x1600.jpg.webp 757w, https:\/\/www.vtusp.cz\/files\/smush-webp\/2022\/03\/Foto-4-426x900.jpg.webp 426w, https:\/\/www.vtusp.cz\/files\/smush-webp\/2022\/03\/Foto-4-768x1623.jpg.webp 768w, https:\/\/www.vtusp.cz\/files\/smush-webp\/2022\/03\/Foto-4-727x1536.jpg.webp 727w, https:\/\/www.vtusp.cz\/files\/smush-webp\/2022\/03\/Foto-4.jpg.webp 954w\" sizes=\"(max-width: 757px) 100vw, 757px\" \/><\/figure><\/li><li class=\"blocks-gallery-item\"><figure><img decoding=\"async\" width=\"1088\" height=\"1600\" src=\"https:\/\/www.vtusp.cz\/files\/smush-webp\/2022\/03\/Foto-5-1088x1600.jpg.webp\" alt=\"\" data-id=\"8325\" data-full-url=\"https:\/\/www.vtusp.cz\/files\/uploads\/2022\/03\/Foto-5.jpg\" data-link=\"https:\/\/www.vtusp.cz\/?attachment_id=8325\" class=\"wp-image-8325\" srcset=\"https:\/\/www.vtusp.cz\/files\/smush-webp\/2022\/03\/Foto-5-1088x1600.jpg.webp 1088w, https:\/\/www.vtusp.cz\/files\/smush-webp\/2022\/03\/Foto-5-612x900.jpg.webp 612w, https:\/\/www.vtusp.cz\/files\/smush-webp\/2022\/03\/Foto-5-768x1129.jpg.webp 768w, https:\/\/www.vtusp.cz\/files\/smush-webp\/2022\/03\/Foto-5-1044x1536.jpg.webp 1044w, https:\/\/www.vtusp.cz\/files\/smush-webp\/2022\/03\/Foto-5.jpg.webp 1347w\" sizes=\"(max-width: 1088px) 100vw, 1088px\" \/><\/figure><\/li><li class=\"blocks-gallery-item\"><figure><img decoding=\"async\" width=\"1200\" height=\"1600\" src=\"https:\/\/www.vtusp.cz\/files\/smush-webp\/2022\/03\/Foto-6-1200x1600.jpg.webp\" alt=\"\" data-id=\"8327\" data-full-url=\"https:\/\/www.vtusp.cz\/files\/uploads\/2022\/03\/Foto-6.jpg\" data-link=\"https:\/\/www.vtusp.cz\/?attachment_id=8327\" class=\"wp-image-8327\" srcset=\"https:\/\/www.vtusp.cz\/files\/smush-webp\/2022\/03\/Foto-6-1200x1600.jpg.webp 1200w, https:\/\/www.vtusp.cz\/files\/smush-webp\/2022\/03\/Foto-6-675x900.jpg.webp 675w, https:\/\/www.vtusp.cz\/files\/smush-webp\/2022\/03\/Foto-6-768x1024.jpg.webp 768w, https:\/\/www.vtusp.cz\/files\/smush-webp\/2022\/03\/Foto-6-1152x1536.jpg.webp 1152w, https:\/\/www.vtusp.cz\/files\/smush-webp\/2022\/03\/Foto-6.jpg.webp 1512w\" sizes=\"(max-width: 1200px) 100vw, 1200px\" \/><\/figure><\/li><\/ul><\/figure>\n<\/div>","protected":false},"excerpt":{"rendered":"<p>V&nbsp;r\u00e1mci pod\u00edlu Vojensk\u00e9ho technick\u00e9ho \u00fastavu, s. p. na strategick\u00e9m projektu MADR (Mobile Air Defense Radar) se ve dnech 21. &#8211; 25. b\u0159ezna 2022 uskute\u010dnil v\u00fdcvik obsluh na prvn\u00edm kusu nov\u00e9ho&#8230;<\/p>\n","protected":false},"author":3,"featured_media":8317,"comment_status":"open","ping_status":"closed","sticky":false,"template":"","format":"standard","meta":{"_acf_changed":false,"inline_featured_image":false,"footnotes":""},"categories":[1],"class_list":["post-8310","post","type-post","status-publish","format-standard","has-post-thumbnail","hentry","category-aktuality"],"acf":[],"yoast_head":"<!-- This site is optimized with the Yoast SEO plugin v27.5 - https:\/\/yoast.com\/product\/yoast-seo-wordpress\/ -->\n<title>V\u00fdcvik obsluh na prvn\u00edm kusu nov\u00e9ho radiolok\u00e1toru | VT\u00da s.p.<\/title>\n<meta name=\"robots\" content=\"index, follow, max-snippet:-1, max-image-preview:large, max-video-preview:-1\" \/>\n<link rel=\"canonical\" href=\"https:\/\/www.vtusp.cz\/en\/aktuality\/vycvik-obsluh-na-prvnim-kusu-noveho-radiolokatoru\/\" \/>\n<meta property=\"og:locale\" content=\"en_US\" \/>\n<meta property=\"og:type\" content=\"article\" \/>\n<meta property=\"og:title\" content=\"V\u00fdcvik obsluh na prvn\u00edm kusu nov\u00e9ho radiolok\u00e1toru | VT\u00da s.p.\" \/>\n<meta property=\"og:description\" content=\"V&nbsp;r\u00e1mci pod\u00edlu Vojensk\u00e9ho technick\u00e9ho \u00fastavu, s. p. na strategick\u00e9m projektu MADR (Mobile Air Defense Radar) se ve dnech 21. &#8211; 25. b\u0159ezna 2022 uskute\u010dnil v\u00fdcvik obsluh na prvn\u00edm kusu nov\u00e9ho...\" \/>\n<meta property=\"og:url\" content=\"https:\/\/www.vtusp.cz\/en\/aktuality\/vycvik-obsluh-na-prvnim-kusu-noveho-radiolokatoru\/\" \/>\n<meta property=\"og:site_name\" content=\"VT\u00da s.p.\" \/>\n<meta property=\"article:published_time\" content=\"2022-03-28T07:24:49+00:00\" \/>\n<meta property=\"article:modified_time\" content=\"2022-03-28T07:25:16+00:00\" \/>\n<meta property=\"og:image\" content=\"https:\/\/www.vtusp.cz\/files\/uploads\/2022\/03\/Foto-1-3.jpg\" \/>\n\t<meta property=\"og:image:width\" content=\"1305\" \/>\n\t<meta property=\"og:image:height\" content=\"1627\" \/>\n\t<meta property=\"og:image:type\" content=\"image\/jpeg\" \/>\n<meta name=\"author\" content=\"Mark\u00e9ta \u0160imkov\u00e1\" \/>\n<meta name=\"twitter:card\" content=\"summary_large_image\" \/>\n<meta name=\"twitter:label1\" content=\"Written by\" \/>\n\t<meta name=\"twitter:data1\" content=\"Mark\u00e9ta \u0160imkov\u00e1\" \/>\n\t<meta name=\"twitter:label2\" content=\"Est. reading time\" \/>\n\t<meta name=\"twitter:data2\" content=\"2 minutes\" \/>\n<script type=\"application\/ld+json\" class=\"yoast-schema-graph\">{\"@context\":\"https:\\\/\\\/schema.org\",\"@graph\":[{\"@type\":\"Article\",\"@id\":\"https:\\\/\\\/www.vtusp.cz\\\/en\\\/aktuality\\\/vycvik-obsluh-na-prvnim-kusu-noveho-radiolokatoru\\\/#article\",\"isPartOf\":{\"@id\":\"https:\\\/\\\/www.vtusp.cz\\\/en\\\/aktuality\\\/vycvik-obsluh-na-prvnim-kusu-noveho-radiolokatoru\\\/\"},\"author\":{\"name\":\"Mark\u00e9ta \u0160imkov\u00e1\",\"@id\":\"https:\\\/\\\/www.vtusp.cz\\\/en\\\/#\\\/schema\\\/person\\\/f1e8bab14f234b53970de1bd457f4755\"},\"headline\":\"V\u00fdcvik obsluh na prvn\u00edm kusu nov\u00e9ho radiolok\u00e1toru\",\"datePublished\":\"2022-03-28T07:24:49+00:00\",\"dateModified\":\"2022-03-28T07:25:16+00:00\",\"mainEntityOfPage\":{\"@id\":\"https:\\\/\\\/www.vtusp.cz\\\/en\\\/aktuality\\\/vycvik-obsluh-na-prvnim-kusu-noveho-radiolokatoru\\\/\"},\"wordCount\":320,\"commentCount\":0,\"image\":{\"@id\":\"https:\\\/\\\/www.vtusp.cz\\\/en\\\/aktuality\\\/vycvik-obsluh-na-prvnim-kusu-noveho-radiolokatoru\\\/#primaryimage\"},\"thumbnailUrl\":\"https:\\\/\\\/www.vtusp.cz\\\/files\\\/uploads\\\/2022\\\/03\\\/Foto-1-3.jpg\",\"articleSection\":[\"Aktuality\"],\"inLanguage\":\"en-US\",\"potentialAction\":[{\"@type\":\"CommentAction\",\"name\":\"Comment\",\"target\":[\"https:\\\/\\\/www.vtusp.cz\\\/en\\\/aktuality\\\/vycvik-obsluh-na-prvnim-kusu-noveho-radiolokatoru\\\/#respond\"]}]},{\"@type\":\"WebPage\",\"@id\":\"https:\\\/\\\/www.vtusp.cz\\\/en\\\/aktuality\\\/vycvik-obsluh-na-prvnim-kusu-noveho-radiolokatoru\\\/\",\"url\":\"https:\\\/\\\/www.vtusp.cz\\\/en\\\/aktuality\\\/vycvik-obsluh-na-prvnim-kusu-noveho-radiolokatoru\\\/\",\"name\":\"V\u00fdcvik obsluh na prvn\u00edm kusu nov\u00e9ho radiolok\u00e1toru | VT\u00da s.p.\",\"isPartOf\":{\"@id\":\"https:\\\/\\\/www.vtusp.cz\\\/en\\\/#website\"},\"primaryImageOfPage\":{\"@id\":\"https:\\\/\\\/www.vtusp.cz\\\/en\\\/aktuality\\\/vycvik-obsluh-na-prvnim-kusu-noveho-radiolokatoru\\\/#primaryimage\"},\"image\":{\"@id\":\"https:\\\/\\\/www.vtusp.cz\\\/en\\\/aktuality\\\/vycvik-obsluh-na-prvnim-kusu-noveho-radiolokatoru\\\/#primaryimage\"},\"thumbnailUrl\":\"https:\\\/\\\/www.vtusp.cz\\\/files\\\/uploads\\\/2022\\\/03\\\/Foto-1-3.jpg\",\"datePublished\":\"2022-03-28T07:24:49+00:00\",\"dateModified\":\"2022-03-28T07:25:16+00:00\",\"author\":{\"@id\":\"https:\\\/\\\/www.vtusp.cz\\\/en\\\/#\\\/schema\\\/person\\\/f1e8bab14f234b53970de1bd457f4755\"},\"breadcrumb\":{\"@id\":\"https:\\\/\\\/www.vtusp.cz\\\/en\\\/aktuality\\\/vycvik-obsluh-na-prvnim-kusu-noveho-radiolokatoru\\\/#breadcrumb\"},\"inLanguage\":\"en-US\",\"potentialAction\":[{\"@type\":\"ReadAction\",\"target\":[\"https:\\\/\\\/www.vtusp.cz\\\/en\\\/aktuality\\\/vycvik-obsluh-na-prvnim-kusu-noveho-radiolokatoru\\\/\"]}]},{\"@type\":\"ImageObject\",\"inLanguage\":\"en-US\",\"@id\":\"https:\\\/\\\/www.vtusp.cz\\\/en\\\/aktuality\\\/vycvik-obsluh-na-prvnim-kusu-noveho-radiolokatoru\\\/#primaryimage\",\"url\":\"https:\\\/\\\/www.vtusp.cz\\\/files\\\/uploads\\\/2022\\\/03\\\/Foto-1-3.jpg\",\"contentUrl\":\"https:\\\/\\\/www.vtusp.cz\\\/files\\\/uploads\\\/2022\\\/03\\\/Foto-1-3.jpg\",\"width\":1305,\"height\":1627},{\"@type\":\"BreadcrumbList\",\"@id\":\"https:\\\/\\\/www.vtusp.cz\\\/en\\\/aktuality\\\/vycvik-obsluh-na-prvnim-kusu-noveho-radiolokatoru\\\/#breadcrumb\",\"itemListElement\":[{\"@type\":\"ListItem\",\"position\":1,\"name\":\"Home\",\"item\":\"https:\\\/\\\/www.vtusp.cz\\\/en\\\/\"},{\"@type\":\"ListItem\",\"position\":2,\"name\":\"V\u00fdcvik obsluh na prvn\u00edm kusu nov\u00e9ho radiolok\u00e1toru\"}]},{\"@type\":\"WebSite\",\"@id\":\"https:\\\/\\\/www.vtusp.cz\\\/en\\\/#website\",\"url\":\"https:\\\/\\\/www.vtusp.cz\\\/en\\\/\",\"name\":\"VT\u00da s.p.\",\"description\":\"\",\"potentialAction\":[{\"@type\":\"SearchAction\",\"target\":{\"@type\":\"EntryPoint\",\"urlTemplate\":\"https:\\\/\\\/www.vtusp.cz\\\/en\\\/?s={search_term_string}\"},\"query-input\":{\"@type\":\"PropertyValueSpecification\",\"valueRequired\":true,\"valueName\":\"search_term_string\"}}],\"inLanguage\":\"en-US\"},{\"@type\":\"Person\",\"@id\":\"https:\\\/\\\/www.vtusp.cz\\\/en\\\/#\\\/schema\\\/person\\\/f1e8bab14f234b53970de1bd457f4755\",\"name\":\"Mark\u00e9ta \u0160imkov\u00e1\",\"image\":{\"@type\":\"ImageObject\",\"inLanguage\":\"en-US\",\"@id\":\"https:\\\/\\\/secure.gravatar.com\\\/avatar\\\/11e6d560fad0d34db4e72d297ae926889fe4d6c23ddb5d1cab66094009979d36?s=96&d=mm&r=g\",\"url\":\"https:\\\/\\\/secure.gravatar.com\\\/avatar\\\/11e6d560fad0d34db4e72d297ae926889fe4d6c23ddb5d1cab66094009979d36?s=96&d=mm&r=g\",\"contentUrl\":\"https:\\\/\\\/secure.gravatar.com\\\/avatar\\\/11e6d560fad0d34db4e72d297ae926889fe4d6c23ddb5d1cab66094009979d36?s=96&d=mm&r=g\",\"caption\":\"Mark\u00e9ta \u0160imkov\u00e1\"}}]}<\/script>\n<!-- \/ Yoast SEO plugin. -->","yoast_head_json":{"title":"V\u00fdcvik obsluh na prvn\u00edm kusu nov\u00e9ho radiolok\u00e1toru | VT\u00da s.p.","robots":{"index":"index","follow":"follow","max-snippet":"max-snippet:-1","max-image-preview":"max-image-preview:large","max-video-preview":"max-video-preview:-1"},"canonical":"https:\/\/www.vtusp.cz\/en\/aktuality\/vycvik-obsluh-na-prvnim-kusu-noveho-radiolokatoru\/","og_locale":"en_US","og_type":"article","og_title":"V\u00fdcvik obsluh na prvn\u00edm kusu nov\u00e9ho radiolok\u00e1toru | VT\u00da s.p.","og_description":"V&nbsp;r\u00e1mci pod\u00edlu Vojensk\u00e9ho technick\u00e9ho \u00fastavu, s. p. na strategick\u00e9m projektu MADR (Mobile Air Defense Radar) se ve dnech 21. &#8211; 25. b\u0159ezna 2022 uskute\u010dnil v\u00fdcvik obsluh na prvn\u00edm kusu nov\u00e9ho...","og_url":"https:\/\/www.vtusp.cz\/en\/aktuality\/vycvik-obsluh-na-prvnim-kusu-noveho-radiolokatoru\/","og_site_name":"VT\u00da s.p.","article_published_time":"2022-03-28T07:24:49+00:00","article_modified_time":"2022-03-28T07:25:16+00:00","og_image":[{"width":1305,"height":1627,"url":"https:\/\/www.vtusp.cz\/files\/uploads\/2022\/03\/Foto-1-3.jpg","type":"image\/jpeg"}],"author":"Mark\u00e9ta \u0160imkov\u00e1","twitter_card":"summary_large_image","twitter_misc":{"Written by":"Mark\u00e9ta \u0160imkov\u00e1","Est. reading time":"2 minutes"},"schema":{"@context":"https:\/\/schema.org","@graph":[{"@type":"Article","@id":"https:\/\/www.vtusp.cz\/en\/aktuality\/vycvik-obsluh-na-prvnim-kusu-noveho-radiolokatoru\/#article","isPartOf":{"@id":"https:\/\/www.vtusp.cz\/en\/aktuality\/vycvik-obsluh-na-prvnim-kusu-noveho-radiolokatoru\/"},"author":{"name":"Mark\u00e9ta \u0160imkov\u00e1","@id":"https:\/\/www.vtusp.cz\/en\/#\/schema\/person\/f1e8bab14f234b53970de1bd457f4755"},"headline":"V\u00fdcvik obsluh na prvn\u00edm kusu nov\u00e9ho radiolok\u00e1toru","datePublished":"2022-03-28T07:24:49+00:00","dateModified":"2022-03-28T07:25:16+00:00","mainEntityOfPage":{"@id":"https:\/\/www.vtusp.cz\/en\/aktuality\/vycvik-obsluh-na-prvnim-kusu-noveho-radiolokatoru\/"},"wordCount":320,"commentCount":0,"image":{"@id":"https:\/\/www.vtusp.cz\/en\/aktuality\/vycvik-obsluh-na-prvnim-kusu-noveho-radiolokatoru\/#primaryimage"},"thumbnailUrl":"https:\/\/www.vtusp.cz\/files\/uploads\/2022\/03\/Foto-1-3.jpg","articleSection":["Aktuality"],"inLanguage":"en-US","potentialAction":[{"@type":"CommentAction","name":"Comment","target":["https:\/\/www.vtusp.cz\/en\/aktuality\/vycvik-obsluh-na-prvnim-kusu-noveho-radiolokatoru\/#respond"]}]},{"@type":"WebPage","@id":"https:\/\/www.vtusp.cz\/en\/aktuality\/vycvik-obsluh-na-prvnim-kusu-noveho-radiolokatoru\/","url":"https:\/\/www.vtusp.cz\/en\/aktuality\/vycvik-obsluh-na-prvnim-kusu-noveho-radiolokatoru\/","name":"V\u00fdcvik obsluh na prvn\u00edm kusu nov\u00e9ho radiolok\u00e1toru | VT\u00da s.p.","isPartOf":{"@id":"https:\/\/www.vtusp.cz\/en\/#website"},"primaryImageOfPage":{"@id":"https:\/\/www.vtusp.cz\/en\/aktuality\/vycvik-obsluh-na-prvnim-kusu-noveho-radiolokatoru\/#primaryimage"},"image":{"@id":"https:\/\/www.vtusp.cz\/en\/aktuality\/vycvik-obsluh-na-prvnim-kusu-noveho-radiolokatoru\/#primaryimage"},"thumbnailUrl":"https:\/\/www.vtusp.cz\/files\/uploads\/2022\/03\/Foto-1-3.jpg","datePublished":"2022-03-28T07:24:49+00:00","dateModified":"2022-03-28T07:25:16+00:00","author":{"@id":"https:\/\/www.vtusp.cz\/en\/#\/schema\/person\/f1e8bab14f234b53970de1bd457f4755"},"breadcrumb":{"@id":"https:\/\/www.vtusp.cz\/en\/aktuality\/vycvik-obsluh-na-prvnim-kusu-noveho-radiolokatoru\/#breadcrumb"},"inLanguage":"en-US","potentialAction":[{"@type":"ReadAction","target":["https:\/\/www.vtusp.cz\/en\/aktuality\/vycvik-obsluh-na-prvnim-kusu-noveho-radiolokatoru\/"]}]},{"@type":"ImageObject","inLanguage":"en-US","@id":"https:\/\/www.vtusp.cz\/en\/aktuality\/vycvik-obsluh-na-prvnim-kusu-noveho-radiolokatoru\/#primaryimage","url":"https:\/\/www.vtusp.cz\/files\/uploads\/2022\/03\/Foto-1-3.jpg","contentUrl":"https:\/\/www.vtusp.cz\/files\/uploads\/2022\/03\/Foto-1-3.jpg","width":1305,"height":1627},{"@type":"BreadcrumbList","@id":"https:\/\/www.vtusp.cz\/en\/aktuality\/vycvik-obsluh-na-prvnim-kusu-noveho-radiolokatoru\/#breadcrumb","itemListElement":[{"@type":"ListItem","position":1,"name":"Home","item":"https:\/\/www.vtusp.cz\/en\/"},{"@type":"ListItem","position":2,"name":"V\u00fdcvik obsluh na prvn\u00edm kusu nov\u00e9ho radiolok\u00e1toru"}]},{"@type":"WebSite","@id":"https:\/\/www.vtusp.cz\/en\/#website","url":"https:\/\/www.vtusp.cz\/en\/","name":"VT\u00da s.p.","description":"","potentialAction":[{"@type":"SearchAction","target":{"@type":"EntryPoint","urlTemplate":"https:\/\/www.vtusp.cz\/en\/?s={search_term_string}"},"query-input":{"@type":"PropertyValueSpecification","valueRequired":true,"valueName":"search_term_string"}}],"inLanguage":"en-US"},{"@type":"Person","@id":"https:\/\/www.vtusp.cz\/en\/#\/schema\/person\/f1e8bab14f234b53970de1bd457f4755","name":"Mark\u00e9ta \u0160imkov\u00e1","image":{"@type":"ImageObject","inLanguage":"en-US","@id":"https:\/\/secure.gravatar.com\/avatar\/11e6d560fad0d34db4e72d297ae926889fe4d6c23ddb5d1cab66094009979d36?s=96&d=mm&r=g","url":"https:\/\/secure.gravatar.com\/avatar\/11e6d560fad0d34db4e72d297ae926889fe4d6c23ddb5d1cab66094009979d36?s=96&d=mm&r=g","contentUrl":"https:\/\/secure.gravatar.com\/avatar\/11e6d560fad0d34db4e72d297ae926889fe4d6c23ddb5d1cab66094009979d36?s=96&d=mm&r=g","caption":"Mark\u00e9ta \u0160imkov\u00e1"}}]}},"_links":{"self":[{"href":"https:\/\/www.vtusp.cz\/en\/wp-json\/wp\/v2\/posts\/8310","targetHints":{"allow":["GET"]}}],"collection":[{"href":"https:\/\/www.vtusp.cz\/en\/wp-json\/wp\/v2\/posts"}],"about":[{"href":"https:\/\/www.vtusp.cz\/en\/wp-json\/wp\/v2\/types\/post"}],"author":[{"embeddable":true,"href":"https:\/\/www.vtusp.cz\/en\/wp-json\/wp\/v2\/users\/3"}],"replies":[{"embeddable":true,"href":"https:\/\/www.vtusp.cz\/en\/wp-json\/wp\/v2\/comments?post=8310"}],"version-history":[{"count":1,"href":"https:\/\/www.vtusp.cz\/en\/wp-json\/wp\/v2\/posts\/8310\/revisions"}],"predecessor-version":[{"id":8339,"href":"https:\/\/www.vtusp.cz\/en\/wp-json\/wp\/v2\/posts\/8310\/revisions\/8339"}],"wp:featuredmedia":[{"embeddable":true,"href":"https:\/\/www.vtusp.cz\/en\/wp-json\/wp\/v2\/media\/8317"}],"wp:attachment":[{"href":"https:\/\/www.vtusp.cz\/en\/wp-json\/wp\/v2\/media?parent=8310"}],"wp:term":[{"taxonomy":"category","embeddable":true,"href":"https:\/\/www.vtusp.cz\/en\/wp-json\/wp\/v2\/categories?post=8310"}],"curies":[{"name":"wp","href":"https:\/\/api.w.org\/{rel}","templated":true}]}}