{"id":819,"date":"2020-04-21T14:29:55","date_gmt":"2020-04-21T12:29:55","guid":{"rendered":"https:\/\/www.vtusp.cz\/?p=819"},"modified":"2020-05-27T08:28:00","modified_gmt":"2020-05-27T06:28:00","slug":"clovek-mini-covid-meni","status":"publish","type":"post","link":"https:\/\/www.vtusp.cz\/en\/aktuality\/clovek-mini-covid-meni\/","title":{"rendered":"\u010clov\u011bk m\u00edn\u00ed, covid m\u011bn\u00ed"},"content":{"rendered":"<div class=\"element core-paragraph\">\n<p>Sou\u010dasn\u00e1 epidemiologick\u00e1 situace souvisej\u00edc\u00ed s&nbsp;onemocn\u011bn\u00edm COVID-19 je d\u016fvodem k&nbsp;ru\u0161en\u00ed p\u016fvodn\u011b pl\u00e1novan\u00fdch akc\u00ed, jejich\u017e \u00fa\u010dastn\u00edkem nebo partnerem m\u011bl b\u00fdt tak\u00e9 Vojensk\u00fd technick\u00fd \u00fastav, s. p. Pro nadch\u00e1zej\u00edc\u00ed m\u011bs\u00edce, kv\u011bten a \u010derven, lze uv\u00e9st jako p\u0159\u00edklad workshop Radia\u010dn\u00ed monitoring p\u0159i mimo\u0159\u00e1dn\u00fdch situac\u00edch (RadTech 2020) ve Vy\u0161kov\u011b, Aviatickou pou\u0165 Pardubice, International Defence Exhibition Bratislava (IDEB) nebo pa\u0159\u00ed\u017esk\u00fd veletrh Eurosatory 2020.<\/p>\n<\/div>\n\n<div class=\"element core-paragraph\">\n<p>V\u0161ichni ale pevn\u011b v\u011b\u0159\u00edme, \u017ee se jedn\u00e1 o do\u010dasn\u00fd stav a jakmile to okolnosti dovol\u00ed, op\u011bt se spole\u010dn\u011b setk\u00e1me. T\u0159eba na mo\u0161novsk\u00e9m leti\u0161ti p\u0159i Dnech NATO a Dnech vzdu\u0161n\u00fdch sil Arm\u00e1dy \u010cR (19. &#8211; 20. z\u00e1\u0159\u00ed) nebo na mezin\u00e1rodn\u00ed v\u00fdstav\u011b Future Forces Forum (21. &#8211; 23. \u0159\u00edjna) v&nbsp;Praze.<\/p>\n<\/div>\n\n<div class=\"element core-paragraph\">\n<p>Prezentovat ve\u0159ejnosti d\u00edl\u010d\u00ed projekty z obrann\u00e9ho a bezpe\u010dnostn\u00edho v\u00fdzkumu a v\u00fdvoje je i nad\u00e1le jednou z&nbsp;priorit st\u00e1tn\u00edho podniku VT\u00da. V&nbsp;t\u011bchto dnech to v\u0161ak nelze tzv. v&nbsp;re\u00e1lu a proto jsme zintenzivnili informovanost na\u0161ich p\u0159\u00edznivc\u016f prost\u0159ednictv\u00edm&nbsp;m\u00e9di\u00ed Vojensk\u00e9ho technick\u00e9ho \u00fastavu, a to na webov\u00fdch str\u00e1nk\u00e1ch a facebooku VT\u00da.<\/p>\n<\/div>\n\n<div class=\"element core-paragraph\">\n<p>Text a ilustra\u010dn\u00ed foto: Pavel Lang &nbsp;&nbsp;<\/p>\n<\/div>\n\n<div class=\"element core-gallery\">\n<figure class=\"wp-block-gallery columns-3 is-cropped wp-block-gallery-1 is-layout-flex wp-block-gallery-is-layout-flex\"><ul class=\"blocks-gallery-grid\"><li class=\"blocks-gallery-item\"><figure><a href=\"https:\/\/www.vtusp.cz\/files\/smush-webp\/2020\/05\/vtu-aktuality_clovek-mini_2.jpg.webp\" data-rel=\"lightbox-gallery-0V66M1Af\" data-rl_title=\"vtu-aktuality_clovek-mini_2\" data-rl_caption=\"Expozice VT\u00da na mezin\u00e1rodn\u00edm veletrhu\" title=\"vtu-aktuality_clovek-mini_2\"><img decoding=\"async\" width=\"600\" height=\"400\" src=\"https:\/\/www.vtusp.cz\/files\/smush-webp\/2020\/05\/vtu-aktuality_clovek-mini_2-600x400.jpg.webp\" alt=\"\" data-id=\"822\" data-full-url=\"https:\/\/www.vtusp.cz\/files\/uploads\/2020\/05\/vtu-aktuality_clovek-mini_2.jpg\" data-link=\"https:\/\/www.vtusp.cz\/aktuality\/clovek-mini-covid-meni\/attachment\/vtu-aktuality_clovek-mini_2\/\" class=\"wp-image-822\" srcset=\"https:\/\/www.vtusp.cz\/files\/smush-webp\/2020\/05\/vtu-aktuality_clovek-mini_2-600x400.jpg.webp 600w, https:\/\/www.vtusp.cz\/files\/smush-webp\/2020\/05\/vtu-aktuality_clovek-mini_2-300x200.jpg.webp 300w\" sizes=\"(max-width: 600px) 100vw, 600px\" \/><\/a><figcaption class=\"blocks-gallery-item__caption\">Expozice VT\u00da na mezin\u00e1rodn\u00edm veletrhu<\/figcaption><\/figure><\/li><li class=\"blocks-gallery-item\"><figure><a href=\"https:\/\/www.vtusp.cz\/files\/smush-webp\/2020\/05\/vtu-aktuality_clovek-mini_3.jpg.webp\" data-rel=\"lightbox-gallery-0V66M1Af\" data-rl_title=\"vtu-aktuality_clovek-mini_3\" data-rl_caption=\"D\u00edlensk\u00e9 vozidlo z VT\u00da na FFF 2018\" title=\"vtu-aktuality_clovek-mini_3\"><img decoding=\"async\" width=\"600\" height=\"400\" src=\"https:\/\/www.vtusp.cz\/files\/smush-webp\/2020\/05\/vtu-aktuality_clovek-mini_3-600x400.jpg.webp\" alt=\"\" data-id=\"824\" data-full-url=\"https:\/\/www.vtusp.cz\/files\/uploads\/2020\/05\/vtu-aktuality_clovek-mini_3.jpg\" data-link=\"https:\/\/www.vtusp.cz\/aktuality\/clovek-mini-covid-meni\/attachment\/vtu-aktuality_clovek-mini_3\/\" class=\"wp-image-824\" srcset=\"https:\/\/www.vtusp.cz\/files\/smush-webp\/2020\/05\/vtu-aktuality_clovek-mini_3-600x400.jpg.webp 600w, https:\/\/www.vtusp.cz\/files\/smush-webp\/2020\/05\/vtu-aktuality_clovek-mini_3-300x200.jpg.webp 300w\" sizes=\"(max-width: 600px) 100vw, 600px\" \/><\/a><figcaption class=\"blocks-gallery-item__caption\">D\u00edlensk\u00e9 vozidlo z VT\u00da na FFF 2018<\/figcaption><\/figure><\/li><li class=\"blocks-gallery-item\"><figure><a href=\"https:\/\/www.vtusp.cz\/files\/smush-webp\/2020\/05\/vtu-aktuality_clovek-mini_4.jpg.webp\" data-rel=\"lightbox-gallery-0V66M1Af\" data-rl_title=\"vtu-aktuality_clovek-mini_4\" data-rl_caption=\"BRUS na akci RadTech\" title=\"vtu-aktuality_clovek-mini_4\"><img decoding=\"async\" width=\"600\" height=\"400\" src=\"https:\/\/www.vtusp.cz\/files\/smush-webp\/2020\/05\/vtu-aktuality_clovek-mini_4-600x400.jpg.webp\" alt=\"\" data-id=\"826\" data-full-url=\"https:\/\/www.vtusp.cz\/files\/uploads\/2020\/05\/vtu-aktuality_clovek-mini_4.jpg\" data-link=\"https:\/\/www.vtusp.cz\/aktuality\/clovek-mini-covid-meni\/attachment\/vtu-aktuality_clovek-mini_4\/\" class=\"wp-image-826\" srcset=\"https:\/\/www.vtusp.cz\/files\/smush-webp\/2020\/05\/vtu-aktuality_clovek-mini_4-600x400.jpg.webp 600w, https:\/\/www.vtusp.cz\/files\/smush-webp\/2020\/05\/vtu-aktuality_clovek-mini_4-300x200.jpg.webp 300w\" sizes=\"(max-width: 600px) 100vw, 600px\" \/><\/a><figcaption class=\"blocks-gallery-item__caption\">BRUS na akci RadTech<\/figcaption><\/figure><\/li><li class=\"blocks-gallery-item\"><figure><a href=\"https:\/\/www.vtusp.cz\/files\/smush-webp\/2020\/05\/vtu-aktuality_clovek-mini_5.jpg.webp\" data-rel=\"lightbox-gallery-0V66M1Af\" data-rl_title=\"vtu-aktuality_clovek-mini_5\" data-rl_caption=\"Bezpilotn\u00ed prost\u0159edky VT\u00da na AP\" title=\"vtu-aktuality_clovek-mini_5\"><img decoding=\"async\" width=\"600\" height=\"400\" src=\"https:\/\/www.vtusp.cz\/files\/smush-webp\/2020\/05\/vtu-aktuality_clovek-mini_5-600x400.jpg.webp\" alt=\"\" data-id=\"828\" data-full-url=\"https:\/\/www.vtusp.cz\/files\/uploads\/2020\/05\/vtu-aktuality_clovek-mini_5.jpg\" data-link=\"https:\/\/www.vtusp.cz\/aktuality\/clovek-mini-covid-meni\/attachment\/vtu-aktuality_clovek-mini_5\/\" class=\"wp-image-828\" srcset=\"https:\/\/www.vtusp.cz\/files\/smush-webp\/2020\/05\/vtu-aktuality_clovek-mini_5-600x400.jpg.webp 600w, https:\/\/www.vtusp.cz\/files\/smush-webp\/2020\/05\/vtu-aktuality_clovek-mini_5-300x200.jpg.webp 300w\" sizes=\"(max-width: 600px) 100vw, 600px\" \/><\/a><figcaption class=\"blocks-gallery-item__caption\">Bezpilotn\u00ed prost\u0159edky VT\u00da na AP<\/figcaption><\/figure><\/li><li class=\"blocks-gallery-item\"><figure><a href=\"https:\/\/www.vtusp.cz\/files\/smush-webp\/2020\/05\/vtu-aktuality_clovek-mini_6.jpg.webp\" data-rel=\"lightbox-gallery-0V66M1Af\" data-rl_title=\"vtu-aktuality_clovek-mini_6\" data-rl_caption=\"\u0158editel\u00e9 VT\u00da a LOM s m\u00edstop\u0159edsedou vl\u00e1dy K. Havl\u00ed\u010dkem\" title=\"vtu-aktuality_clovek-mini_6\"><img decoding=\"async\" width=\"600\" height=\"400\" src=\"https:\/\/www.vtusp.cz\/files\/smush-webp\/2020\/05\/vtu-aktuality_clovek-mini_6-600x400.jpg.webp\" alt=\"\" data-id=\"830\" data-full-url=\"https:\/\/www.vtusp.cz\/files\/uploads\/2020\/05\/vtu-aktuality_clovek-mini_6.jpg\" data-link=\"https:\/\/www.vtusp.cz\/aktuality\/clovek-mini-covid-meni\/attachment\/vtu-aktuality_clovek-mini_6\/\" class=\"wp-image-830\" srcset=\"https:\/\/www.vtusp.cz\/files\/smush-webp\/2020\/05\/vtu-aktuality_clovek-mini_6-600x400.jpg.webp 600w, https:\/\/www.vtusp.cz\/files\/smush-webp\/2020\/05\/vtu-aktuality_clovek-mini_6-300x200.jpg.webp 300w\" sizes=\"(max-width: 600px) 100vw, 600px\" \/><\/a><figcaption class=\"blocks-gallery-item__caption\">\u0158editel\u00e9 VT\u00da a LOM s m\u00edstop\u0159edsedou vl\u00e1dy K. Havl\u00ed\u010dkem<\/figcaption><\/figure><\/li><li class=\"blocks-gallery-item\"><figure><a href=\"https:\/\/www.vtusp.cz\/files\/smush-webp\/2020\/05\/vtu-aktuality_clovek-mini_7.jpg.webp\" data-rel=\"lightbox-gallery-0V66M1Af\" data-rl_title=\"vtu-aktuality_clovek-mini_7\" data-rl_caption=\"\u0158editel VT\u00da s M. \u0160onkou na Aviatick\u00e9 pouti\" title=\"vtu-aktuality_clovek-mini_7\"><img decoding=\"async\" width=\"600\" height=\"400\" src=\"https:\/\/www.vtusp.cz\/files\/smush-webp\/2020\/05\/vtu-aktuality_clovek-mini_7-600x400.jpg.webp\" alt=\"\" data-id=\"832\" data-full-url=\"https:\/\/www.vtusp.cz\/files\/uploads\/2020\/05\/vtu-aktuality_clovek-mini_7.jpg\" data-link=\"https:\/\/www.vtusp.cz\/aktuality\/clovek-mini-covid-meni\/attachment\/vtu-aktuality_clovek-mini_7\/\" class=\"wp-image-832\" srcset=\"https:\/\/www.vtusp.cz\/files\/smush-webp\/2020\/05\/vtu-aktuality_clovek-mini_7-600x400.jpg.webp 600w, https:\/\/www.vtusp.cz\/files\/smush-webp\/2020\/05\/vtu-aktuality_clovek-mini_7-300x200.jpg.webp 300w\" sizes=\"(max-width: 600px) 100vw, 600px\" \/><\/a><figcaption class=\"blocks-gallery-item__caption\">\u0158editel VT\u00da s M. \u0160onkou na Aviatick\u00e9 pouti<\/figcaption><\/figure><\/li><\/ul><\/figure>\n<\/div>","protected":false},"excerpt":{"rendered":"<p>Sou\u010dasn\u00e1 epidemiologick\u00e1 situace souvisej\u00edc\u00ed s&nbsp;onemocn\u011bn\u00edm COVID-19 je d\u016fvodem k&nbsp;ru\u0161en\u00ed p\u016fvodn\u011b pl\u00e1novan\u00fdch akc\u00ed, jejich\u017e \u00fa\u010dastn\u00edkem nebo partnerem m\u011bl b\u00fdt tak\u00e9 Vojensk\u00fd technick\u00fd \u00fastav, s. p. Pro nadch\u00e1zej\u00edc\u00ed m\u011bs\u00edce, kv\u011bten a \u010derven,&#8230;<\/p>\n","protected":false},"author":1,"featured_media":820,"comment_status":"open","ping_status":"closed","sticky":false,"template":"","format":"standard","meta":{"_acf_changed":false,"inline_featured_image":false,"footnotes":""},"categories":[1],"class_list":["post-819","post","type-post","status-publish","format-standard","has-post-thumbnail","hentry","category-aktuality"],"acf":[],"yoast_head":"<!-- This site is optimized with the Yoast SEO plugin v27.4 - https:\/\/yoast.com\/product\/yoast-seo-wordpress\/ -->\n<title>\u010clov\u011bk m\u00edn\u00ed, covid m\u011bn\u00ed | VT\u00da s.p.<\/title>\n<meta name=\"robots\" content=\"index, follow, max-snippet:-1, max-image-preview:large, max-video-preview:-1\" \/>\n<link rel=\"canonical\" href=\"https:\/\/www.vtusp.cz\/en\/aktuality\/clovek-mini-covid-meni\/\" \/>\n<meta property=\"og:locale\" content=\"en_US\" \/>\n<meta property=\"og:type\" content=\"article\" \/>\n<meta property=\"og:title\" content=\"\u010clov\u011bk m\u00edn\u00ed, covid m\u011bn\u00ed | VT\u00da s.p.\" \/>\n<meta property=\"og:description\" content=\"Sou\u010dasn\u00e1 epidemiologick\u00e1 situace souvisej\u00edc\u00ed s&nbsp;onemocn\u011bn\u00edm COVID-19 je d\u016fvodem k&nbsp;ru\u0161en\u00ed p\u016fvodn\u011b pl\u00e1novan\u00fdch akc\u00ed, jejich\u017e \u00fa\u010dastn\u00edkem nebo partnerem m\u011bl b\u00fdt tak\u00e9 Vojensk\u00fd technick\u00fd \u00fastav, s. p. Pro nadch\u00e1zej\u00edc\u00ed m\u011bs\u00edce, kv\u011bten a \u010derven,...\" \/>\n<meta property=\"og:url\" content=\"https:\/\/www.vtusp.cz\/en\/aktuality\/clovek-mini-covid-meni\/\" \/>\n<meta property=\"og:site_name\" content=\"VT\u00da s.p.\" \/>\n<meta property=\"article:published_time\" content=\"2020-04-21T12:29:55+00:00\" \/>\n<meta property=\"article:modified_time\" content=\"2020-05-27T06:28:00+00:00\" \/>\n<meta property=\"og:image\" content=\"https:\/\/www.vtusp.cz\/files\/uploads\/2020\/05\/vtu-aktuality_clovek-mini_1.jpg\" \/>\n\t<meta property=\"og:image:width\" content=\"800\" \/>\n\t<meta property=\"og:image:height\" content=\"486\" \/>\n\t<meta property=\"og:image:type\" content=\"image\/jpeg\" \/>\n<meta name=\"author\" content=\"Jakub Machala\" \/>\n<meta name=\"twitter:card\" content=\"summary_large_image\" \/>\n<meta name=\"twitter:label1\" content=\"Written by\" \/>\n\t<meta name=\"twitter:data1\" content=\"Jakub Machala\" \/>\n\t<meta name=\"twitter:label2\" content=\"Est. reading time\" \/>\n\t<meta name=\"twitter:data2\" content=\"1 minute\" \/>\n<script type=\"application\/ld+json\" class=\"yoast-schema-graph\">{\"@context\":\"https:\\\/\\\/schema.org\",\"@graph\":[{\"@type\":\"Article\",\"@id\":\"https:\\\/\\\/www.vtusp.cz\\\/en\\\/aktuality\\\/clovek-mini-covid-meni\\\/#article\",\"isPartOf\":{\"@id\":\"https:\\\/\\\/www.vtusp.cz\\\/en\\\/aktuality\\\/clovek-mini-covid-meni\\\/\"},\"author\":{\"name\":\"Jakub Machala\",\"@id\":\"https:\\\/\\\/www.vtusp.cz\\\/en\\\/#\\\/schema\\\/person\\\/1ffad1637ba9d662a128049ecd84d95d\"},\"headline\":\"\u010clov\u011bk m\u00edn\u00ed, covid m\u011bn\u00ed\",\"datePublished\":\"2020-04-21T12:29:55+00:00\",\"dateModified\":\"2020-05-27T06:28:00+00:00\",\"mainEntityOfPage\":{\"@id\":\"https:\\\/\\\/www.vtusp.cz\\\/en\\\/aktuality\\\/clovek-mini-covid-meni\\\/\"},\"wordCount\":284,\"commentCount\":0,\"image\":{\"@id\":\"https:\\\/\\\/www.vtusp.cz\\\/en\\\/aktuality\\\/clovek-mini-covid-meni\\\/#primaryimage\"},\"thumbnailUrl\":\"https:\\\/\\\/www.vtusp.cz\\\/files\\\/uploads\\\/2020\\\/05\\\/vtu-aktuality_clovek-mini_1.jpg\",\"articleSection\":[\"Aktuality\"],\"inLanguage\":\"en-US\",\"potentialAction\":[{\"@type\":\"CommentAction\",\"name\":\"Comment\",\"target\":[\"https:\\\/\\\/www.vtusp.cz\\\/en\\\/aktuality\\\/clovek-mini-covid-meni\\\/#respond\"]}]},{\"@type\":\"WebPage\",\"@id\":\"https:\\\/\\\/www.vtusp.cz\\\/en\\\/aktuality\\\/clovek-mini-covid-meni\\\/\",\"url\":\"https:\\\/\\\/www.vtusp.cz\\\/en\\\/aktuality\\\/clovek-mini-covid-meni\\\/\",\"name\":\"\u010clov\u011bk m\u00edn\u00ed, covid m\u011bn\u00ed | VT\u00da s.p.\",\"isPartOf\":{\"@id\":\"https:\\\/\\\/www.vtusp.cz\\\/en\\\/#website\"},\"primaryImageOfPage\":{\"@id\":\"https:\\\/\\\/www.vtusp.cz\\\/en\\\/aktuality\\\/clovek-mini-covid-meni\\\/#primaryimage\"},\"image\":{\"@id\":\"https:\\\/\\\/www.vtusp.cz\\\/en\\\/aktuality\\\/clovek-mini-covid-meni\\\/#primaryimage\"},\"thumbnailUrl\":\"https:\\\/\\\/www.vtusp.cz\\\/files\\\/uploads\\\/2020\\\/05\\\/vtu-aktuality_clovek-mini_1.jpg\",\"datePublished\":\"2020-04-21T12:29:55+00:00\",\"dateModified\":\"2020-05-27T06:28:00+00:00\",\"author\":{\"@id\":\"https:\\\/\\\/www.vtusp.cz\\\/en\\\/#\\\/schema\\\/person\\\/1ffad1637ba9d662a128049ecd84d95d\"},\"breadcrumb\":{\"@id\":\"https:\\\/\\\/www.vtusp.cz\\\/en\\\/aktuality\\\/clovek-mini-covid-meni\\\/#breadcrumb\"},\"inLanguage\":\"en-US\",\"potentialAction\":[{\"@type\":\"ReadAction\",\"target\":[\"https:\\\/\\\/www.vtusp.cz\\\/en\\\/aktuality\\\/clovek-mini-covid-meni\\\/\"]}]},{\"@type\":\"ImageObject\",\"inLanguage\":\"en-US\",\"@id\":\"https:\\\/\\\/www.vtusp.cz\\\/en\\\/aktuality\\\/clovek-mini-covid-meni\\\/#primaryimage\",\"url\":\"https:\\\/\\\/www.vtusp.cz\\\/files\\\/uploads\\\/2020\\\/05\\\/vtu-aktuality_clovek-mini_1.jpg\",\"contentUrl\":\"https:\\\/\\\/www.vtusp.cz\\\/files\\\/uploads\\\/2020\\\/05\\\/vtu-aktuality_clovek-mini_1.jpg\",\"width\":800,\"height\":486},{\"@type\":\"BreadcrumbList\",\"@id\":\"https:\\\/\\\/www.vtusp.cz\\\/en\\\/aktuality\\\/clovek-mini-covid-meni\\\/#breadcrumb\",\"itemListElement\":[{\"@type\":\"ListItem\",\"position\":1,\"name\":\"Home\",\"item\":\"https:\\\/\\\/www.vtusp.cz\\\/en\\\/\"},{\"@type\":\"ListItem\",\"position\":2,\"name\":\"\u010clov\u011bk m\u00edn\u00ed, covid m\u011bn\u00ed\"}]},{\"@type\":\"WebSite\",\"@id\":\"https:\\\/\\\/www.vtusp.cz\\\/en\\\/#website\",\"url\":\"https:\\\/\\\/www.vtusp.cz\\\/en\\\/\",\"name\":\"VT\u00da s.p.\",\"description\":\"\",\"potentialAction\":[{\"@type\":\"SearchAction\",\"target\":{\"@type\":\"EntryPoint\",\"urlTemplate\":\"https:\\\/\\\/www.vtusp.cz\\\/en\\\/?s={search_term_string}\"},\"query-input\":{\"@type\":\"PropertyValueSpecification\",\"valueRequired\":true,\"valueName\":\"search_term_string\"}}],\"inLanguage\":\"en-US\"},{\"@type\":\"Person\",\"@id\":\"https:\\\/\\\/www.vtusp.cz\\\/en\\\/#\\\/schema\\\/person\\\/1ffad1637ba9d662a128049ecd84d95d\",\"name\":\"Jakub Machala\",\"image\":{\"@type\":\"ImageObject\",\"inLanguage\":\"en-US\",\"@id\":\"https:\\\/\\\/secure.gravatar.com\\\/avatar\\\/88e7cb03fce3c4ba056b6a5e90d43b02a5ada33ac7b70e338c2c537f7b1ae106?s=96&d=mm&r=g\",\"url\":\"https:\\\/\\\/secure.gravatar.com\\\/avatar\\\/88e7cb03fce3c4ba056b6a5e90d43b02a5ada33ac7b70e338c2c537f7b1ae106?s=96&d=mm&r=g\",\"contentUrl\":\"https:\\\/\\\/secure.gravatar.com\\\/avatar\\\/88e7cb03fce3c4ba056b6a5e90d43b02a5ada33ac7b70e338c2c537f7b1ae106?s=96&d=mm&r=g\",\"caption\":\"Jakub Machala\"}}]}<\/script>\n<!-- \/ Yoast SEO plugin. -->","yoast_head_json":{"title":"\u010clov\u011bk m\u00edn\u00ed, covid m\u011bn\u00ed | VT\u00da s.p.","robots":{"index":"index","follow":"follow","max-snippet":"max-snippet:-1","max-image-preview":"max-image-preview:large","max-video-preview":"max-video-preview:-1"},"canonical":"https:\/\/www.vtusp.cz\/en\/aktuality\/clovek-mini-covid-meni\/","og_locale":"en_US","og_type":"article","og_title":"\u010clov\u011bk m\u00edn\u00ed, covid m\u011bn\u00ed | VT\u00da s.p.","og_description":"Sou\u010dasn\u00e1 epidemiologick\u00e1 situace souvisej\u00edc\u00ed s&nbsp;onemocn\u011bn\u00edm COVID-19 je d\u016fvodem k&nbsp;ru\u0161en\u00ed p\u016fvodn\u011b pl\u00e1novan\u00fdch akc\u00ed, jejich\u017e \u00fa\u010dastn\u00edkem nebo partnerem m\u011bl b\u00fdt tak\u00e9 Vojensk\u00fd technick\u00fd \u00fastav, s. p. Pro nadch\u00e1zej\u00edc\u00ed m\u011bs\u00edce, kv\u011bten a \u010derven,...","og_url":"https:\/\/www.vtusp.cz\/en\/aktuality\/clovek-mini-covid-meni\/","og_site_name":"VT\u00da s.p.","article_published_time":"2020-04-21T12:29:55+00:00","article_modified_time":"2020-05-27T06:28:00+00:00","og_image":[{"width":800,"height":486,"url":"https:\/\/www.vtusp.cz\/files\/uploads\/2020\/05\/vtu-aktuality_clovek-mini_1.jpg","type":"image\/jpeg"}],"author":"Jakub Machala","twitter_card":"summary_large_image","twitter_misc":{"Written by":"Jakub Machala","Est. reading time":"1 minute"},"schema":{"@context":"https:\/\/schema.org","@graph":[{"@type":"Article","@id":"https:\/\/www.vtusp.cz\/en\/aktuality\/clovek-mini-covid-meni\/#article","isPartOf":{"@id":"https:\/\/www.vtusp.cz\/en\/aktuality\/clovek-mini-covid-meni\/"},"author":{"name":"Jakub Machala","@id":"https:\/\/www.vtusp.cz\/en\/#\/schema\/person\/1ffad1637ba9d662a128049ecd84d95d"},"headline":"\u010clov\u011bk m\u00edn\u00ed, covid m\u011bn\u00ed","datePublished":"2020-04-21T12:29:55+00:00","dateModified":"2020-05-27T06:28:00+00:00","mainEntityOfPage":{"@id":"https:\/\/www.vtusp.cz\/en\/aktuality\/clovek-mini-covid-meni\/"},"wordCount":284,"commentCount":0,"image":{"@id":"https:\/\/www.vtusp.cz\/en\/aktuality\/clovek-mini-covid-meni\/#primaryimage"},"thumbnailUrl":"https:\/\/www.vtusp.cz\/files\/uploads\/2020\/05\/vtu-aktuality_clovek-mini_1.jpg","articleSection":["Aktuality"],"inLanguage":"en-US","potentialAction":[{"@type":"CommentAction","name":"Comment","target":["https:\/\/www.vtusp.cz\/en\/aktuality\/clovek-mini-covid-meni\/#respond"]}]},{"@type":"WebPage","@id":"https:\/\/www.vtusp.cz\/en\/aktuality\/clovek-mini-covid-meni\/","url":"https:\/\/www.vtusp.cz\/en\/aktuality\/clovek-mini-covid-meni\/","name":"\u010clov\u011bk m\u00edn\u00ed, covid m\u011bn\u00ed | VT\u00da s.p.","isPartOf":{"@id":"https:\/\/www.vtusp.cz\/en\/#website"},"primaryImageOfPage":{"@id":"https:\/\/www.vtusp.cz\/en\/aktuality\/clovek-mini-covid-meni\/#primaryimage"},"image":{"@id":"https:\/\/www.vtusp.cz\/en\/aktuality\/clovek-mini-covid-meni\/#primaryimage"},"thumbnailUrl":"https:\/\/www.vtusp.cz\/files\/uploads\/2020\/05\/vtu-aktuality_clovek-mini_1.jpg","datePublished":"2020-04-21T12:29:55+00:00","dateModified":"2020-05-27T06:28:00+00:00","author":{"@id":"https:\/\/www.vtusp.cz\/en\/#\/schema\/person\/1ffad1637ba9d662a128049ecd84d95d"},"breadcrumb":{"@id":"https:\/\/www.vtusp.cz\/en\/aktuality\/clovek-mini-covid-meni\/#breadcrumb"},"inLanguage":"en-US","potentialAction":[{"@type":"ReadAction","target":["https:\/\/www.vtusp.cz\/en\/aktuality\/clovek-mini-covid-meni\/"]}]},{"@type":"ImageObject","inLanguage":"en-US","@id":"https:\/\/www.vtusp.cz\/en\/aktuality\/clovek-mini-covid-meni\/#primaryimage","url":"https:\/\/www.vtusp.cz\/files\/uploads\/2020\/05\/vtu-aktuality_clovek-mini_1.jpg","contentUrl":"https:\/\/www.vtusp.cz\/files\/uploads\/2020\/05\/vtu-aktuality_clovek-mini_1.jpg","width":800,"height":486},{"@type":"BreadcrumbList","@id":"https:\/\/www.vtusp.cz\/en\/aktuality\/clovek-mini-covid-meni\/#breadcrumb","itemListElement":[{"@type":"ListItem","position":1,"name":"Home","item":"https:\/\/www.vtusp.cz\/en\/"},{"@type":"ListItem","position":2,"name":"\u010clov\u011bk m\u00edn\u00ed, covid m\u011bn\u00ed"}]},{"@type":"WebSite","@id":"https:\/\/www.vtusp.cz\/en\/#website","url":"https:\/\/www.vtusp.cz\/en\/","name":"VT\u00da s.p.","description":"","potentialAction":[{"@type":"SearchAction","target":{"@type":"EntryPoint","urlTemplate":"https:\/\/www.vtusp.cz\/en\/?s={search_term_string}"},"query-input":{"@type":"PropertyValueSpecification","valueRequired":true,"valueName":"search_term_string"}}],"inLanguage":"en-US"},{"@type":"Person","@id":"https:\/\/www.vtusp.cz\/en\/#\/schema\/person\/1ffad1637ba9d662a128049ecd84d95d","name":"Jakub Machala","image":{"@type":"ImageObject","inLanguage":"en-US","@id":"https:\/\/secure.gravatar.com\/avatar\/88e7cb03fce3c4ba056b6a5e90d43b02a5ada33ac7b70e338c2c537f7b1ae106?s=96&d=mm&r=g","url":"https:\/\/secure.gravatar.com\/avatar\/88e7cb03fce3c4ba056b6a5e90d43b02a5ada33ac7b70e338c2c537f7b1ae106?s=96&d=mm&r=g","contentUrl":"https:\/\/secure.gravatar.com\/avatar\/88e7cb03fce3c4ba056b6a5e90d43b02a5ada33ac7b70e338c2c537f7b1ae106?s=96&d=mm&r=g","caption":"Jakub Machala"}}]}},"_links":{"self":[{"href":"https:\/\/www.vtusp.cz\/en\/wp-json\/wp\/v2\/posts\/819","targetHints":{"allow":["GET"]}}],"collection":[{"href":"https:\/\/www.vtusp.cz\/en\/wp-json\/wp\/v2\/posts"}],"about":[{"href":"https:\/\/www.vtusp.cz\/en\/wp-json\/wp\/v2\/types\/post"}],"author":[{"embeddable":true,"href":"https:\/\/www.vtusp.cz\/en\/wp-json\/wp\/v2\/users\/1"}],"replies":[{"embeddable":true,"href":"https:\/\/www.vtusp.cz\/en\/wp-json\/wp\/v2\/comments?post=819"}],"version-history":[{"count":7,"href":"https:\/\/www.vtusp.cz\/en\/wp-json\/wp\/v2\/posts\/819\/revisions"}],"predecessor-version":[{"id":1610,"href":"https:\/\/www.vtusp.cz\/en\/wp-json\/wp\/v2\/posts\/819\/revisions\/1610"}],"wp:featuredmedia":[{"embeddable":true,"href":"https:\/\/www.vtusp.cz\/en\/wp-json\/wp\/v2\/media\/820"}],"wp:attachment":[{"href":"https:\/\/www.vtusp.cz\/en\/wp-json\/wp\/v2\/media?parent=819"}],"wp:term":[{"taxonomy":"category","embeddable":true,"href":"https:\/\/www.vtusp.cz\/en\/wp-json\/wp\/v2\/categories?post=819"}],"curies":[{"name":"wp","href":"https:\/\/api.w.org\/{rel}","templated":true}]}}