{"id":7936,"date":"2021-10-22T08:54:13","date_gmt":"2021-10-22T06:54:13","guid":{"rendered":"https:\/\/www.vtusp.cz\/?p=7936"},"modified":"2021-10-22T08:57:35","modified_gmt":"2021-10-22T06:57:35","slug":"poslechnete-si-rozhovor-s-reditelem-vojenskeho-technickeho-ustavu-s-p-ing-petrem-novotnym-k-aktualnim-projektum-a-zakazkam-statniho-podniku","status":"publish","type":"post","link":"https:\/\/www.vtusp.cz\/en\/aktuality\/poslechnete-si-rozhovor-s-reditelem-vojenskeho-technickeho-ustavu-s-p-ing-petrem-novotnym-k-aktualnim-projektum-a-zakazkam-statniho-podniku\/","title":{"rendered":"Poslechn\u011bte si rozhovor s \u0159editelem Vojensk\u00e9ho technick\u00e9ho \u00dastavu, s.p. Ing. Petrem Novotn\u00fdm k aktu\u00e1ln\u00edm projekt\u016fm a zak\u00e1zk\u00e1m st\u00e1tn\u00edho podniku"},"content":{"rendered":"<div class=\"element core-paragraph\">\n<p>Do studia Security Magaz\u00ednu byl b\u011bhem veletrhu IDET 2021 pozv\u00e1n \u0159editel st\u00e1tn\u00edho podniku VT\u00da Ing. Petr Novotn\u00fd. V r\u00e1mci rozhovoru popisuje, jak\u00fdm zp\u016fsobem je VT\u00da zapojen do posledn\u00edch velk\u00fdch akvizic, kter\u00e9 byly podeps\u00e1ny t\u011bsn\u011b p\u0159ed volbami, tedy n\u00e1kupu samohybn\u00fdch d\u011bl CAESAR a protiletadlov\u00fdch komplet\u016f SPYDER. D\u00e1le tak\u00e9 sd\u011blil, jak\u00fdm dal\u0161\u00edm projekt\u016fm se v\u011bnuje, nebo kdy je o\u010dek\u00e1v\u00e1n v\u00fdsledek tendru na syst\u00e9m \u0159\u00edzen\u00ed palby d\u011blost\u0159electva, jeho\u017e zaji\u0161t\u011bn\u00edm je st\u00e1tn\u00ed podnik pov\u011b\u0159en. Jedn\u00e1n\u00ed s izraelskou stranou prob\u011bhla na nadstandardn\u00ed \u00farovni,&#8221; uvedl v rozhovoru Petr Novotn\u00fd s t\u00edm, \u017ee na projektu SPYDER se VT\u00da pod\u00edl\u00ed p\u0159edev\u0161\u00edm v oblasti integrace sofistikovan\u00fdch syst\u00e9m\u016f. Pokud jde o zak\u00e1zku na samohybn\u00e1 d\u011bla, v n\u00ed spo\u010d\u00edv\u00e1 role VT\u00da, resp. jeho od\u0161t\u011bpn\u00e9ho z\u00e1vodu v\u00fdzbroje a munice ve Slavi\u010d\u00edn\u011b, v pod\u00edlu na certifikaci 155mm munice vyr\u00e1b\u011bn\u00e9 v \u010cesk\u00e9 republice.<\/p>\n<\/div>\n\n<div class=\"element core-embed wp-embed-aspect-16-9 wp-has-aspect-ratio\">\n<figure class=\"wp-block-embed is-type-video is-provider-youtube wp-block-embed-youtube wp-embed-aspect-16-9 wp-has-aspect-ratio\"><div class=\"wp-block-embed__wrapper\">\n<iframe title=\"CAESAR a SPYDER a mno\u017estv\u00ed vlastn\u00edch projekt\u016f - VT\u00da proch\u00e1z\u00ed pandemi\u00ed bez v\u011bt\u0161\u00edch probl\u00e9m\u016f\" width=\"500\" height=\"281\" src=\"https:\/\/www.youtube.com\/embed\/9R48L5cRayQ?feature=oembed\" frameborder=\"0\" allow=\"accelerometer; autoplay; clipboard-write; encrypted-media; gyroscope; picture-in-picture; web-share\" referrerpolicy=\"strict-origin-when-cross-origin\" allowfullscreen><\/iframe>\n<\/div><\/figure>\n<\/div>\n\n<div class=\"element core-paragraph\">\n<p><\/p>\n<\/div>\n\n<div class=\"element core-gallery\">\n<figure class=\"wp-block-gallery columns-0 is-cropped wp-block-gallery-1 is-layout-flex wp-block-gallery-is-layout-flex\"><ul class=\"blocks-gallery-grid\"><\/ul><\/figure>\n<\/div>","protected":false},"excerpt":{"rendered":"<p>Do studia Security Magaz\u00ednu byl b\u011bhem veletrhu IDET 2021 pozv\u00e1n \u0159editel st\u00e1tn\u00edho podniku VT\u00da Ing. Petr Novotn\u00fd. V r\u00e1mci rozhovoru popisuje, jak\u00fdm zp\u016fsobem je VT\u00da zapojen do posledn\u00edch velk\u00fdch akvizic,&#8230;<\/p>\n","protected":false},"author":3,"featured_media":7937,"comment_status":"open","ping_status":"closed","sticky":false,"template":"","format":"standard","meta":{"_acf_changed":false,"inline_featured_image":false,"footnotes":""},"categories":[1],"class_list":["post-7936","post","type-post","status-publish","format-standard","has-post-thumbnail","hentry","category-aktuality"],"acf":[],"yoast_head":"<!-- This site is optimized with the Yoast SEO plugin v27.5 - https:\/\/yoast.com\/product\/yoast-seo-wordpress\/ -->\n<title>Poslechn\u011bte si rozhovor s \u0159editelem Vojensk\u00e9ho technick\u00e9ho \u00dastavu, s.p. Ing. Petrem Novotn\u00fdm k aktu\u00e1ln\u00edm projekt\u016fm a zak\u00e1zk\u00e1m st\u00e1tn\u00edho podniku | VT\u00da s.p.<\/title>\n<meta name=\"robots\" content=\"index, follow, max-snippet:-1, max-image-preview:large, max-video-preview:-1\" \/>\n<link rel=\"canonical\" href=\"https:\/\/www.vtusp.cz\/en\/aktuality\/poslechnete-si-rozhovor-s-reditelem-vojenskeho-technickeho-ustavu-s-p-ing-petrem-novotnym-k-aktualnim-projektum-a-zakazkam-statniho-podniku\/\" \/>\n<meta property=\"og:locale\" content=\"en_US\" \/>\n<meta property=\"og:type\" content=\"article\" \/>\n<meta property=\"og:title\" content=\"Poslechn\u011bte si rozhovor s \u0159editelem Vojensk\u00e9ho technick\u00e9ho \u00dastavu, s.p. Ing. Petrem Novotn\u00fdm k aktu\u00e1ln\u00edm projekt\u016fm a zak\u00e1zk\u00e1m st\u00e1tn\u00edho podniku | VT\u00da s.p.\" \/>\n<meta property=\"og:description\" content=\"Do studia Security Magaz\u00ednu byl b\u011bhem veletrhu IDET 2021 pozv\u00e1n \u0159editel st\u00e1tn\u00edho podniku VT\u00da Ing. Petr Novotn\u00fd. V r\u00e1mci rozhovoru popisuje, jak\u00fdm zp\u016fsobem je VT\u00da zapojen do posledn\u00edch velk\u00fdch akvizic,...\" \/>\n<meta property=\"og:url\" content=\"https:\/\/www.vtusp.cz\/en\/aktuality\/poslechnete-si-rozhovor-s-reditelem-vojenskeho-technickeho-ustavu-s-p-ing-petrem-novotnym-k-aktualnim-projektum-a-zakazkam-statniho-podniku\/\" \/>\n<meta property=\"og:site_name\" content=\"VT\u00da s.p.\" \/>\n<meta property=\"article:published_time\" content=\"2021-10-22T06:54:13+00:00\" \/>\n<meta property=\"article:modified_time\" content=\"2021-10-22T06:57:35+00:00\" \/>\n<meta property=\"og:image\" content=\"https:\/\/www.vtusp.cz\/files\/uploads\/2021\/10\/Sec-magazin-foto-PN.jpg\" \/>\n\t<meta property=\"og:image:width\" content=\"1024\" \/>\n\t<meta property=\"og:image:height\" content=\"480\" \/>\n\t<meta property=\"og:image:type\" content=\"image\/jpeg\" \/>\n<meta name=\"author\" content=\"Mark\u00e9ta \u0160imkov\u00e1\" \/>\n<meta name=\"twitter:card\" content=\"summary_large_image\" \/>\n<meta name=\"twitter:label1\" content=\"Written by\" \/>\n\t<meta name=\"twitter:data1\" content=\"Mark\u00e9ta \u0160imkov\u00e1\" \/>\n\t<meta name=\"twitter:label2\" content=\"Est. reading time\" \/>\n\t<meta name=\"twitter:data2\" content=\"1 minute\" \/>\n<script type=\"application\/ld+json\" class=\"yoast-schema-graph\">{\"@context\":\"https:\\\/\\\/schema.org\",\"@graph\":[{\"@type\":\"Article\",\"@id\":\"https:\\\/\\\/www.vtusp.cz\\\/en\\\/aktuality\\\/poslechnete-si-rozhovor-s-reditelem-vojenskeho-technickeho-ustavu-s-p-ing-petrem-novotnym-k-aktualnim-projektum-a-zakazkam-statniho-podniku\\\/#article\",\"isPartOf\":{\"@id\":\"https:\\\/\\\/www.vtusp.cz\\\/en\\\/aktuality\\\/poslechnete-si-rozhovor-s-reditelem-vojenskeho-technickeho-ustavu-s-p-ing-petrem-novotnym-k-aktualnim-projektum-a-zakazkam-statniho-podniku\\\/\"},\"author\":{\"name\":\"Mark\u00e9ta \u0160imkov\u00e1\",\"@id\":\"https:\\\/\\\/www.vtusp.cz\\\/en\\\/#\\\/schema\\\/person\\\/f1e8bab14f234b53970de1bd457f4755\"},\"headline\":\"Poslechn\u011bte si rozhovor s \u0159editelem Vojensk\u00e9ho technick\u00e9ho \u00dastavu, s.p. Ing. Petrem Novotn\u00fdm k aktu\u00e1ln\u00edm projekt\u016fm a zak\u00e1zk\u00e1m st\u00e1tn\u00edho podniku\",\"datePublished\":\"2021-10-22T06:54:13+00:00\",\"dateModified\":\"2021-10-22T06:57:35+00:00\",\"mainEntityOfPage\":{\"@id\":\"https:\\\/\\\/www.vtusp.cz\\\/en\\\/aktuality\\\/poslechnete-si-rozhovor-s-reditelem-vojenskeho-technickeho-ustavu-s-p-ing-petrem-novotnym-k-aktualnim-projektum-a-zakazkam-statniho-podniku\\\/\"},\"wordCount\":223,\"commentCount\":0,\"image\":{\"@id\":\"https:\\\/\\\/www.vtusp.cz\\\/en\\\/aktuality\\\/poslechnete-si-rozhovor-s-reditelem-vojenskeho-technickeho-ustavu-s-p-ing-petrem-novotnym-k-aktualnim-projektum-a-zakazkam-statniho-podniku\\\/#primaryimage\"},\"thumbnailUrl\":\"https:\\\/\\\/www.vtusp.cz\\\/files\\\/uploads\\\/2021\\\/10\\\/Sec-magazin-foto-PN.jpg\",\"articleSection\":[\"Aktuality\"],\"inLanguage\":\"en-US\",\"potentialAction\":[{\"@type\":\"CommentAction\",\"name\":\"Comment\",\"target\":[\"https:\\\/\\\/www.vtusp.cz\\\/en\\\/aktuality\\\/poslechnete-si-rozhovor-s-reditelem-vojenskeho-technickeho-ustavu-s-p-ing-petrem-novotnym-k-aktualnim-projektum-a-zakazkam-statniho-podniku\\\/#respond\"]}]},{\"@type\":\"WebPage\",\"@id\":\"https:\\\/\\\/www.vtusp.cz\\\/en\\\/aktuality\\\/poslechnete-si-rozhovor-s-reditelem-vojenskeho-technickeho-ustavu-s-p-ing-petrem-novotnym-k-aktualnim-projektum-a-zakazkam-statniho-podniku\\\/\",\"url\":\"https:\\\/\\\/www.vtusp.cz\\\/en\\\/aktuality\\\/poslechnete-si-rozhovor-s-reditelem-vojenskeho-technickeho-ustavu-s-p-ing-petrem-novotnym-k-aktualnim-projektum-a-zakazkam-statniho-podniku\\\/\",\"name\":\"Poslechn\u011bte si rozhovor s \u0159editelem Vojensk\u00e9ho technick\u00e9ho \u00dastavu, s.p. Ing. Petrem Novotn\u00fdm k aktu\u00e1ln\u00edm projekt\u016fm a zak\u00e1zk\u00e1m st\u00e1tn\u00edho podniku | VT\u00da s.p.\",\"isPartOf\":{\"@id\":\"https:\\\/\\\/www.vtusp.cz\\\/en\\\/#website\"},\"primaryImageOfPage\":{\"@id\":\"https:\\\/\\\/www.vtusp.cz\\\/en\\\/aktuality\\\/poslechnete-si-rozhovor-s-reditelem-vojenskeho-technickeho-ustavu-s-p-ing-petrem-novotnym-k-aktualnim-projektum-a-zakazkam-statniho-podniku\\\/#primaryimage\"},\"image\":{\"@id\":\"https:\\\/\\\/www.vtusp.cz\\\/en\\\/aktuality\\\/poslechnete-si-rozhovor-s-reditelem-vojenskeho-technickeho-ustavu-s-p-ing-petrem-novotnym-k-aktualnim-projektum-a-zakazkam-statniho-podniku\\\/#primaryimage\"},\"thumbnailUrl\":\"https:\\\/\\\/www.vtusp.cz\\\/files\\\/uploads\\\/2021\\\/10\\\/Sec-magazin-foto-PN.jpg\",\"datePublished\":\"2021-10-22T06:54:13+00:00\",\"dateModified\":\"2021-10-22T06:57:35+00:00\",\"author\":{\"@id\":\"https:\\\/\\\/www.vtusp.cz\\\/en\\\/#\\\/schema\\\/person\\\/f1e8bab14f234b53970de1bd457f4755\"},\"breadcrumb\":{\"@id\":\"https:\\\/\\\/www.vtusp.cz\\\/en\\\/aktuality\\\/poslechnete-si-rozhovor-s-reditelem-vojenskeho-technickeho-ustavu-s-p-ing-petrem-novotnym-k-aktualnim-projektum-a-zakazkam-statniho-podniku\\\/#breadcrumb\"},\"inLanguage\":\"en-US\",\"potentialAction\":[{\"@type\":\"ReadAction\",\"target\":[\"https:\\\/\\\/www.vtusp.cz\\\/en\\\/aktuality\\\/poslechnete-si-rozhovor-s-reditelem-vojenskeho-technickeho-ustavu-s-p-ing-petrem-novotnym-k-aktualnim-projektum-a-zakazkam-statniho-podniku\\\/\"]}]},{\"@type\":\"ImageObject\",\"inLanguage\":\"en-US\",\"@id\":\"https:\\\/\\\/www.vtusp.cz\\\/en\\\/aktuality\\\/poslechnete-si-rozhovor-s-reditelem-vojenskeho-technickeho-ustavu-s-p-ing-petrem-novotnym-k-aktualnim-projektum-a-zakazkam-statniho-podniku\\\/#primaryimage\",\"url\":\"https:\\\/\\\/www.vtusp.cz\\\/files\\\/uploads\\\/2021\\\/10\\\/Sec-magazin-foto-PN.jpg\",\"contentUrl\":\"https:\\\/\\\/www.vtusp.cz\\\/files\\\/uploads\\\/2021\\\/10\\\/Sec-magazin-foto-PN.jpg\",\"width\":1024,\"height\":480},{\"@type\":\"BreadcrumbList\",\"@id\":\"https:\\\/\\\/www.vtusp.cz\\\/en\\\/aktuality\\\/poslechnete-si-rozhovor-s-reditelem-vojenskeho-technickeho-ustavu-s-p-ing-petrem-novotnym-k-aktualnim-projektum-a-zakazkam-statniho-podniku\\\/#breadcrumb\",\"itemListElement\":[{\"@type\":\"ListItem\",\"position\":1,\"name\":\"Home\",\"item\":\"https:\\\/\\\/www.vtusp.cz\\\/en\\\/\"},{\"@type\":\"ListItem\",\"position\":2,\"name\":\"Poslechn\u011bte si rozhovor s \u0159editelem Vojensk\u00e9ho technick\u00e9ho \u00dastavu, s.p. Ing. Petrem Novotn\u00fdm k aktu\u00e1ln\u00edm projekt\u016fm a zak\u00e1zk\u00e1m st\u00e1tn\u00edho podniku\"}]},{\"@type\":\"WebSite\",\"@id\":\"https:\\\/\\\/www.vtusp.cz\\\/en\\\/#website\",\"url\":\"https:\\\/\\\/www.vtusp.cz\\\/en\\\/\",\"name\":\"VT\u00da s.p.\",\"description\":\"\",\"potentialAction\":[{\"@type\":\"SearchAction\",\"target\":{\"@type\":\"EntryPoint\",\"urlTemplate\":\"https:\\\/\\\/www.vtusp.cz\\\/en\\\/?s={search_term_string}\"},\"query-input\":{\"@type\":\"PropertyValueSpecification\",\"valueRequired\":true,\"valueName\":\"search_term_string\"}}],\"inLanguage\":\"en-US\"},{\"@type\":\"Person\",\"@id\":\"https:\\\/\\\/www.vtusp.cz\\\/en\\\/#\\\/schema\\\/person\\\/f1e8bab14f234b53970de1bd457f4755\",\"name\":\"Mark\u00e9ta \u0160imkov\u00e1\",\"image\":{\"@type\":\"ImageObject\",\"inLanguage\":\"en-US\",\"@id\":\"https:\\\/\\\/secure.gravatar.com\\\/avatar\\\/11e6d560fad0d34db4e72d297ae926889fe4d6c23ddb5d1cab66094009979d36?s=96&d=mm&r=g\",\"url\":\"https:\\\/\\\/secure.gravatar.com\\\/avatar\\\/11e6d560fad0d34db4e72d297ae926889fe4d6c23ddb5d1cab66094009979d36?s=96&d=mm&r=g\",\"contentUrl\":\"https:\\\/\\\/secure.gravatar.com\\\/avatar\\\/11e6d560fad0d34db4e72d297ae926889fe4d6c23ddb5d1cab66094009979d36?s=96&d=mm&r=g\",\"caption\":\"Mark\u00e9ta \u0160imkov\u00e1\"}}]}<\/script>\n<!-- \/ Yoast SEO plugin. -->","yoast_head_json":{"title":"Poslechn\u011bte si rozhovor s \u0159editelem Vojensk\u00e9ho technick\u00e9ho \u00dastavu, s.p. Ing. Petrem Novotn\u00fdm k aktu\u00e1ln\u00edm projekt\u016fm a zak\u00e1zk\u00e1m st\u00e1tn\u00edho podniku | VT\u00da s.p.","robots":{"index":"index","follow":"follow","max-snippet":"max-snippet:-1","max-image-preview":"max-image-preview:large","max-video-preview":"max-video-preview:-1"},"canonical":"https:\/\/www.vtusp.cz\/en\/aktuality\/poslechnete-si-rozhovor-s-reditelem-vojenskeho-technickeho-ustavu-s-p-ing-petrem-novotnym-k-aktualnim-projektum-a-zakazkam-statniho-podniku\/","og_locale":"en_US","og_type":"article","og_title":"Poslechn\u011bte si rozhovor s \u0159editelem Vojensk\u00e9ho technick\u00e9ho \u00dastavu, s.p. Ing. Petrem Novotn\u00fdm k aktu\u00e1ln\u00edm projekt\u016fm a zak\u00e1zk\u00e1m st\u00e1tn\u00edho podniku | VT\u00da s.p.","og_description":"Do studia Security Magaz\u00ednu byl b\u011bhem veletrhu IDET 2021 pozv\u00e1n \u0159editel st\u00e1tn\u00edho podniku VT\u00da Ing. Petr Novotn\u00fd. V r\u00e1mci rozhovoru popisuje, jak\u00fdm zp\u016fsobem je VT\u00da zapojen do posledn\u00edch velk\u00fdch akvizic,...","og_url":"https:\/\/www.vtusp.cz\/en\/aktuality\/poslechnete-si-rozhovor-s-reditelem-vojenskeho-technickeho-ustavu-s-p-ing-petrem-novotnym-k-aktualnim-projektum-a-zakazkam-statniho-podniku\/","og_site_name":"VT\u00da s.p.","article_published_time":"2021-10-22T06:54:13+00:00","article_modified_time":"2021-10-22T06:57:35+00:00","og_image":[{"width":1024,"height":480,"url":"https:\/\/www.vtusp.cz\/files\/uploads\/2021\/10\/Sec-magazin-foto-PN.jpg","type":"image\/jpeg"}],"author":"Mark\u00e9ta \u0160imkov\u00e1","twitter_card":"summary_large_image","twitter_misc":{"Written by":"Mark\u00e9ta \u0160imkov\u00e1","Est. reading time":"1 minute"},"schema":{"@context":"https:\/\/schema.org","@graph":[{"@type":"Article","@id":"https:\/\/www.vtusp.cz\/en\/aktuality\/poslechnete-si-rozhovor-s-reditelem-vojenskeho-technickeho-ustavu-s-p-ing-petrem-novotnym-k-aktualnim-projektum-a-zakazkam-statniho-podniku\/#article","isPartOf":{"@id":"https:\/\/www.vtusp.cz\/en\/aktuality\/poslechnete-si-rozhovor-s-reditelem-vojenskeho-technickeho-ustavu-s-p-ing-petrem-novotnym-k-aktualnim-projektum-a-zakazkam-statniho-podniku\/"},"author":{"name":"Mark\u00e9ta \u0160imkov\u00e1","@id":"https:\/\/www.vtusp.cz\/en\/#\/schema\/person\/f1e8bab14f234b53970de1bd457f4755"},"headline":"Poslechn\u011bte si rozhovor s \u0159editelem Vojensk\u00e9ho technick\u00e9ho \u00dastavu, s.p. Ing. Petrem Novotn\u00fdm k aktu\u00e1ln\u00edm projekt\u016fm a zak\u00e1zk\u00e1m st\u00e1tn\u00edho podniku","datePublished":"2021-10-22T06:54:13+00:00","dateModified":"2021-10-22T06:57:35+00:00","mainEntityOfPage":{"@id":"https:\/\/www.vtusp.cz\/en\/aktuality\/poslechnete-si-rozhovor-s-reditelem-vojenskeho-technickeho-ustavu-s-p-ing-petrem-novotnym-k-aktualnim-projektum-a-zakazkam-statniho-podniku\/"},"wordCount":223,"commentCount":0,"image":{"@id":"https:\/\/www.vtusp.cz\/en\/aktuality\/poslechnete-si-rozhovor-s-reditelem-vojenskeho-technickeho-ustavu-s-p-ing-petrem-novotnym-k-aktualnim-projektum-a-zakazkam-statniho-podniku\/#primaryimage"},"thumbnailUrl":"https:\/\/www.vtusp.cz\/files\/uploads\/2021\/10\/Sec-magazin-foto-PN.jpg","articleSection":["Aktuality"],"inLanguage":"en-US","potentialAction":[{"@type":"CommentAction","name":"Comment","target":["https:\/\/www.vtusp.cz\/en\/aktuality\/poslechnete-si-rozhovor-s-reditelem-vojenskeho-technickeho-ustavu-s-p-ing-petrem-novotnym-k-aktualnim-projektum-a-zakazkam-statniho-podniku\/#respond"]}]},{"@type":"WebPage","@id":"https:\/\/www.vtusp.cz\/en\/aktuality\/poslechnete-si-rozhovor-s-reditelem-vojenskeho-technickeho-ustavu-s-p-ing-petrem-novotnym-k-aktualnim-projektum-a-zakazkam-statniho-podniku\/","url":"https:\/\/www.vtusp.cz\/en\/aktuality\/poslechnete-si-rozhovor-s-reditelem-vojenskeho-technickeho-ustavu-s-p-ing-petrem-novotnym-k-aktualnim-projektum-a-zakazkam-statniho-podniku\/","name":"Poslechn\u011bte si rozhovor s \u0159editelem Vojensk\u00e9ho technick\u00e9ho \u00dastavu, s.p. Ing. Petrem Novotn\u00fdm k aktu\u00e1ln\u00edm projekt\u016fm a zak\u00e1zk\u00e1m st\u00e1tn\u00edho podniku | VT\u00da s.p.","isPartOf":{"@id":"https:\/\/www.vtusp.cz\/en\/#website"},"primaryImageOfPage":{"@id":"https:\/\/www.vtusp.cz\/en\/aktuality\/poslechnete-si-rozhovor-s-reditelem-vojenskeho-technickeho-ustavu-s-p-ing-petrem-novotnym-k-aktualnim-projektum-a-zakazkam-statniho-podniku\/#primaryimage"},"image":{"@id":"https:\/\/www.vtusp.cz\/en\/aktuality\/poslechnete-si-rozhovor-s-reditelem-vojenskeho-technickeho-ustavu-s-p-ing-petrem-novotnym-k-aktualnim-projektum-a-zakazkam-statniho-podniku\/#primaryimage"},"thumbnailUrl":"https:\/\/www.vtusp.cz\/files\/uploads\/2021\/10\/Sec-magazin-foto-PN.jpg","datePublished":"2021-10-22T06:54:13+00:00","dateModified":"2021-10-22T06:57:35+00:00","author":{"@id":"https:\/\/www.vtusp.cz\/en\/#\/schema\/person\/f1e8bab14f234b53970de1bd457f4755"},"breadcrumb":{"@id":"https:\/\/www.vtusp.cz\/en\/aktuality\/poslechnete-si-rozhovor-s-reditelem-vojenskeho-technickeho-ustavu-s-p-ing-petrem-novotnym-k-aktualnim-projektum-a-zakazkam-statniho-podniku\/#breadcrumb"},"inLanguage":"en-US","potentialAction":[{"@type":"ReadAction","target":["https:\/\/www.vtusp.cz\/en\/aktuality\/poslechnete-si-rozhovor-s-reditelem-vojenskeho-technickeho-ustavu-s-p-ing-petrem-novotnym-k-aktualnim-projektum-a-zakazkam-statniho-podniku\/"]}]},{"@type":"ImageObject","inLanguage":"en-US","@id":"https:\/\/www.vtusp.cz\/en\/aktuality\/poslechnete-si-rozhovor-s-reditelem-vojenskeho-technickeho-ustavu-s-p-ing-petrem-novotnym-k-aktualnim-projektum-a-zakazkam-statniho-podniku\/#primaryimage","url":"https:\/\/www.vtusp.cz\/files\/uploads\/2021\/10\/Sec-magazin-foto-PN.jpg","contentUrl":"https:\/\/www.vtusp.cz\/files\/uploads\/2021\/10\/Sec-magazin-foto-PN.jpg","width":1024,"height":480},{"@type":"BreadcrumbList","@id":"https:\/\/www.vtusp.cz\/en\/aktuality\/poslechnete-si-rozhovor-s-reditelem-vojenskeho-technickeho-ustavu-s-p-ing-petrem-novotnym-k-aktualnim-projektum-a-zakazkam-statniho-podniku\/#breadcrumb","itemListElement":[{"@type":"ListItem","position":1,"name":"Home","item":"https:\/\/www.vtusp.cz\/en\/"},{"@type":"ListItem","position":2,"name":"Poslechn\u011bte si rozhovor s \u0159editelem Vojensk\u00e9ho technick\u00e9ho \u00dastavu, s.p. Ing. Petrem Novotn\u00fdm k aktu\u00e1ln\u00edm projekt\u016fm a zak\u00e1zk\u00e1m st\u00e1tn\u00edho podniku"}]},{"@type":"WebSite","@id":"https:\/\/www.vtusp.cz\/en\/#website","url":"https:\/\/www.vtusp.cz\/en\/","name":"VT\u00da s.p.","description":"","potentialAction":[{"@type":"SearchAction","target":{"@type":"EntryPoint","urlTemplate":"https:\/\/www.vtusp.cz\/en\/?s={search_term_string}"},"query-input":{"@type":"PropertyValueSpecification","valueRequired":true,"valueName":"search_term_string"}}],"inLanguage":"en-US"},{"@type":"Person","@id":"https:\/\/www.vtusp.cz\/en\/#\/schema\/person\/f1e8bab14f234b53970de1bd457f4755","name":"Mark\u00e9ta \u0160imkov\u00e1","image":{"@type":"ImageObject","inLanguage":"en-US","@id":"https:\/\/secure.gravatar.com\/avatar\/11e6d560fad0d34db4e72d297ae926889fe4d6c23ddb5d1cab66094009979d36?s=96&d=mm&r=g","url":"https:\/\/secure.gravatar.com\/avatar\/11e6d560fad0d34db4e72d297ae926889fe4d6c23ddb5d1cab66094009979d36?s=96&d=mm&r=g","contentUrl":"https:\/\/secure.gravatar.com\/avatar\/11e6d560fad0d34db4e72d297ae926889fe4d6c23ddb5d1cab66094009979d36?s=96&d=mm&r=g","caption":"Mark\u00e9ta \u0160imkov\u00e1"}}]}},"_links":{"self":[{"href":"https:\/\/www.vtusp.cz\/en\/wp-json\/wp\/v2\/posts\/7936","targetHints":{"allow":["GET"]}}],"collection":[{"href":"https:\/\/www.vtusp.cz\/en\/wp-json\/wp\/v2\/posts"}],"about":[{"href":"https:\/\/www.vtusp.cz\/en\/wp-json\/wp\/v2\/types\/post"}],"author":[{"embeddable":true,"href":"https:\/\/www.vtusp.cz\/en\/wp-json\/wp\/v2\/users\/3"}],"replies":[{"embeddable":true,"href":"https:\/\/www.vtusp.cz\/en\/wp-json\/wp\/v2\/comments?post=7936"}],"version-history":[{"count":4,"href":"https:\/\/www.vtusp.cz\/en\/wp-json\/wp\/v2\/posts\/7936\/revisions"}],"predecessor-version":[{"id":7942,"href":"https:\/\/www.vtusp.cz\/en\/wp-json\/wp\/v2\/posts\/7936\/revisions\/7942"}],"wp:featuredmedia":[{"embeddable":true,"href":"https:\/\/www.vtusp.cz\/en\/wp-json\/wp\/v2\/media\/7937"}],"wp:attachment":[{"href":"https:\/\/www.vtusp.cz\/en\/wp-json\/wp\/v2\/media?parent=7936"}],"wp:term":[{"taxonomy":"category","embeddable":true,"href":"https:\/\/www.vtusp.cz\/en\/wp-json\/wp\/v2\/categories?post=7936"}],"curies":[{"name":"wp","href":"https:\/\/api.w.org\/{rel}","templated":true}]}}