{"id":7888,"date":"2021-10-05T12:54:01","date_gmt":"2021-10-05T10:54:01","guid":{"rendered":"https:\/\/www.vtusp.cz\/?p=7888"},"modified":"2021-10-05T12:54:03","modified_gmt":"2021-10-05T10:54:03","slug":"smlouva-o-spolupraci-mezi-vtu-s-p-a-izraelskou-spolecnosti-rafael","status":"publish","type":"post","link":"https:\/\/www.vtusp.cz\/en\/aktuality\/smlouva-o-spolupraci-mezi-vtu-s-p-a-izraelskou-spolecnosti-rafael\/","title":{"rendered":"Smlouva o spolupr\u00e1ci mezi VT\u00da, s. p. a izraelskou spole\u010dnost\u00ed RAFAEL"},"content":{"rendered":"<div class=\"element core-paragraph\">\n<p>Dne 23. z\u00e1\u0159\u00ed 2021 \u0159editel st\u00e1tn\u00edho podniku Ing. Petr Novotn\u00fd podepsal smlouvu o spolupr\u00e1ci na dod\u00e1vk\u00e1ch projektu SHORAD (Short Range Air Defense) se z\u00e1stupcem izraelsk\u00e9 spole\u010dnosti RAFAEL panem Gilem Shalevem. P\u0159edm\u011btem t\u00e9to smlouvy je zejm\u00e9na oblast n\u00e1vrhu a v\u00fdroby m\u00edsta velen\u00ed protiletadlov\u00e9 raketov\u00e9 baterie, integrace aplika\u010dn\u00edho programov\u00e9ho vybaven\u00ed a komunika\u010dn\u00edch syst\u00e9m\u016f a oblast ochrany utajovan\u00fdch informac\u00ed. Vojensk\u00fd technick\u00fd \u00fastav, s. p. se tak po hlavn\u00edm partnerovi RETIA, a.s. st\u00e1v\u00e1 druh\u00fdm ze strategick\u00fdch partner\u016f v&nbsp;r\u00e1mci projektu SHORAD a navazuje tak po partnerstv\u00ed se st\u00e1tn\u00edm podnikem ELTA Systems na projektu MADR (Mobile Air Defense Radar) na dlouhodobou spolupr\u00e1ci s&nbsp;izraelsk\u00fdm pr\u016fmyslem ve prosp\u011bch protivzdu\u0161n\u00e9 obrany \u010cesk\u00e9 republiky.<\/p>\n<\/div>\n\n<div class=\"element core-paragraph\">\n<p>O t\u00e9to ud\u00e1losti informovala nejen \u010desk\u00e1, ale i zahrani\u010dn\u00ed m\u00e9dia:<a href=\"https:\/\/www.janes.com\/defence-news\/news-detail\/czech-government-approves-spyder-shorad-procurement\">https:\/\/www.janes.com\/defence-news\/news-detail\/czech-government-approves-spyder-shorad-procurement<\/a><\/p>\n<\/div>\n\n<div class=\"element core-paragraph\">\n<p><\/p>\n<\/div>\n\n<div class=\"element core-gallery\">\n<figure class=\"wp-block-gallery columns-3 is-cropped wp-block-gallery-1 is-layout-flex wp-block-gallery-is-layout-flex\"><ul class=\"blocks-gallery-grid\"><li class=\"blocks-gallery-item\"><figure><img decoding=\"async\" width=\"1600\" height=\"1600\" src=\"https:\/\/www.vtusp.cz\/files\/smush-webp\/2021\/10\/IMG_7397_doprovodne-foto-1-1600x1600.jpg.webp\" alt=\"\" data-id=\"7896\" data-full-url=\"https:\/\/www.vtusp.cz\/files\/uploads\/2021\/10\/IMG_7397_doprovodne-foto-1.jpg\" data-link=\"https:\/\/www.vtusp.cz\/?attachment_id=7896\" class=\"wp-image-7896\" srcset=\"https:\/\/www.vtusp.cz\/files\/smush-webp\/2021\/10\/IMG_7397_doprovodne-foto-1-1600x1600.jpg.webp 1600w, https:\/\/www.vtusp.cz\/files\/smush-webp\/2021\/10\/IMG_7397_doprovodne-foto-1-900x900.jpg.webp 900w, https:\/\/www.vtusp.cz\/files\/smush-webp\/2021\/10\/IMG_7397_doprovodne-foto-1-768x768.jpg.webp 768w, https:\/\/www.vtusp.cz\/files\/smush-webp\/2021\/10\/IMG_7397_doprovodne-foto-1-1536x1536.jpg.webp 1536w, https:\/\/www.vtusp.cz\/files\/smush-webp\/2021\/10\/IMG_7397_doprovodne-foto-1-2048x2048.jpg.webp 2048w, https:\/\/www.vtusp.cz\/files\/smush-webp\/2021\/10\/IMG_7397_doprovodne-foto-1-150x150.jpg.webp 150w\" sizes=\"(max-width: 1600px) 100vw, 1600px\" \/><\/figure><\/li><li class=\"blocks-gallery-item\"><figure><img decoding=\"async\" width=\"1600\" height=\"1600\" src=\"https:\/\/www.vtusp.cz\/files\/smush-webp\/2021\/10\/IMG_743_doprovodne-foto-2-1600x1600.jpg.webp\" alt=\"\" data-id=\"7894\" data-full-url=\"https:\/\/www.vtusp.cz\/files\/uploads\/2021\/10\/IMG_743_doprovodne-foto-2.jpg\" data-link=\"https:\/\/www.vtusp.cz\/?attachment_id=7894\" class=\"wp-image-7894\" srcset=\"https:\/\/www.vtusp.cz\/files\/smush-webp\/2021\/10\/IMG_743_doprovodne-foto-2-1600x1600.jpg.webp 1600w, https:\/\/www.vtusp.cz\/files\/smush-webp\/2021\/10\/IMG_743_doprovodne-foto-2-900x900.jpg.webp 900w, https:\/\/www.vtusp.cz\/files\/smush-webp\/2021\/10\/IMG_743_doprovodne-foto-2-768x768.jpg.webp 768w, https:\/\/www.vtusp.cz\/files\/smush-webp\/2021\/10\/IMG_743_doprovodne-foto-2-1536x1536.jpg.webp 1536w, https:\/\/www.vtusp.cz\/files\/smush-webp\/2021\/10\/IMG_743_doprovodne-foto-2-2048x2048.jpg.webp 2048w, https:\/\/www.vtusp.cz\/files\/smush-webp\/2021\/10\/IMG_743_doprovodne-foto-2-150x150.jpg.webp 150w\" sizes=\"(max-width: 1600px) 100vw, 1600px\" \/><\/figure><\/li><li class=\"blocks-gallery-item\"><figure><img decoding=\"async\" width=\"1600\" height=\"1600\" src=\"https:\/\/www.vtusp.cz\/files\/smush-webp\/2021\/10\/IMG_7480_doprovodne-foto-1-1600x1600.jpg.webp\" alt=\"\" data-id=\"7898\" data-full-url=\"https:\/\/www.vtusp.cz\/files\/uploads\/2021\/10\/IMG_7480_doprovodne-foto-1.jpg\" data-link=\"https:\/\/www.vtusp.cz\/?attachment_id=7898\" class=\"wp-image-7898\" srcset=\"https:\/\/www.vtusp.cz\/files\/smush-webp\/2021\/10\/IMG_7480_doprovodne-foto-1-1600x1600.jpg.webp 1600w, https:\/\/www.vtusp.cz\/files\/smush-webp\/2021\/10\/IMG_7480_doprovodne-foto-1-900x900.jpg.webp 900w, https:\/\/www.vtusp.cz\/files\/smush-webp\/2021\/10\/IMG_7480_doprovodne-foto-1-768x768.jpg.webp 768w, https:\/\/www.vtusp.cz\/files\/smush-webp\/2021\/10\/IMG_7480_doprovodne-foto-1-1536x1536.jpg.webp 1536w, https:\/\/www.vtusp.cz\/files\/smush-webp\/2021\/10\/IMG_7480_doprovodne-foto-1-2048x2048.jpg.webp 2048w, https:\/\/www.vtusp.cz\/files\/smush-webp\/2021\/10\/IMG_7480_doprovodne-foto-1-150x150.jpg.webp 150w\" sizes=\"(max-width: 1600px) 100vw, 1600px\" \/><\/figure><\/li><\/ul><\/figure>\n<\/div>","protected":false},"excerpt":{"rendered":"<p>Dne 23. z\u00e1\u0159\u00ed 2021 \u0159editel st\u00e1tn\u00edho podniku Ing. Petr Novotn\u00fd podepsal smlouvu o spolupr\u00e1ci na dod\u00e1vk\u00e1ch projektu SHORAD (Short Range Air Defense) se z\u00e1stupcem izraelsk\u00e9 spole\u010dnosti RAFAEL panem Gilem Shalevem&#8230;.<\/p>\n","protected":false},"author":3,"featured_media":7870,"comment_status":"open","ping_status":"closed","sticky":false,"template":"","format":"standard","meta":{"_acf_changed":false,"inline_featured_image":false,"footnotes":""},"categories":[1],"class_list":["post-7888","post","type-post","status-publish","format-standard","has-post-thumbnail","hentry","category-aktuality"],"acf":[],"yoast_head":"<!-- This site is optimized with the Yoast SEO plugin v27.5 - https:\/\/yoast.com\/product\/yoast-seo-wordpress\/ -->\n<title>Smlouva o spolupr\u00e1ci mezi VT\u00da, s. p. a izraelskou spole\u010dnost\u00ed RAFAEL | VT\u00da s.p.<\/title>\n<meta name=\"robots\" content=\"index, follow, max-snippet:-1, max-image-preview:large, max-video-preview:-1\" \/>\n<link rel=\"canonical\" href=\"https:\/\/www.vtusp.cz\/en\/aktuality\/smlouva-o-spolupraci-mezi-vtu-s-p-a-izraelskou-spolecnosti-rafael\/\" \/>\n<meta property=\"og:locale\" content=\"en_US\" \/>\n<meta property=\"og:type\" content=\"article\" \/>\n<meta property=\"og:title\" content=\"Smlouva o spolupr\u00e1ci mezi VT\u00da, s. p. a izraelskou spole\u010dnost\u00ed RAFAEL | VT\u00da s.p.\" \/>\n<meta property=\"og:description\" content=\"Dne 23. z\u00e1\u0159\u00ed 2021 \u0159editel st\u00e1tn\u00edho podniku Ing. Petr Novotn\u00fd podepsal smlouvu o spolupr\u00e1ci na dod\u00e1vk\u00e1ch projektu SHORAD (Short Range Air Defense) se z\u00e1stupcem izraelsk\u00e9 spole\u010dnosti RAFAEL panem Gilem Shalevem....\" \/>\n<meta property=\"og:url\" content=\"https:\/\/www.vtusp.cz\/en\/aktuality\/smlouva-o-spolupraci-mezi-vtu-s-p-a-izraelskou-spolecnosti-rafael\/\" \/>\n<meta property=\"og:site_name\" content=\"VT\u00da s.p.\" \/>\n<meta property=\"article:published_time\" content=\"2021-10-05T10:54:01+00:00\" \/>\n<meta property=\"article:modified_time\" content=\"2021-10-05T10:54:03+00:00\" \/>\n<meta property=\"og:image\" content=\"https:\/\/www.vtusp.cz\/files\/uploads\/2021\/10\/IMG_7394_hlavni-foto.jpg\" \/>\n\t<meta property=\"og:image:width\" content=\"3351\" \/>\n\t<meta property=\"og:image:height\" content=\"3351\" \/>\n\t<meta property=\"og:image:type\" content=\"image\/jpeg\" \/>\n<meta name=\"author\" content=\"Mark\u00e9ta \u0160imkov\u00e1\" \/>\n<meta name=\"twitter:card\" content=\"summary_large_image\" \/>\n<meta name=\"twitter:label1\" content=\"Written by\" \/>\n\t<meta name=\"twitter:data1\" content=\"Mark\u00e9ta \u0160imkov\u00e1\" \/>\n\t<meta name=\"twitter:label2\" content=\"Est. reading time\" \/>\n\t<meta name=\"twitter:data2\" content=\"2 minutes\" \/>\n<script type=\"application\/ld+json\" class=\"yoast-schema-graph\">{\"@context\":\"https:\\\/\\\/schema.org\",\"@graph\":[{\"@type\":\"Article\",\"@id\":\"https:\\\/\\\/www.vtusp.cz\\\/en\\\/aktuality\\\/smlouva-o-spolupraci-mezi-vtu-s-p-a-izraelskou-spolecnosti-rafael\\\/#article\",\"isPartOf\":{\"@id\":\"https:\\\/\\\/www.vtusp.cz\\\/en\\\/aktuality\\\/smlouva-o-spolupraci-mezi-vtu-s-p-a-izraelskou-spolecnosti-rafael\\\/\"},\"author\":{\"name\":\"Mark\u00e9ta \u0160imkov\u00e1\",\"@id\":\"https:\\\/\\\/www.vtusp.cz\\\/en\\\/#\\\/schema\\\/person\\\/f1e8bab14f234b53970de1bd457f4755\"},\"headline\":\"Smlouva o spolupr\u00e1ci mezi VT\u00da, s. p. a izraelskou spole\u010dnost\u00ed RAFAEL\",\"datePublished\":\"2021-10-05T10:54:01+00:00\",\"dateModified\":\"2021-10-05T10:54:03+00:00\",\"mainEntityOfPage\":{\"@id\":\"https:\\\/\\\/www.vtusp.cz\\\/en\\\/aktuality\\\/smlouva-o-spolupraci-mezi-vtu-s-p-a-izraelskou-spolecnosti-rafael\\\/\"},\"wordCount\":174,\"commentCount\":0,\"image\":{\"@id\":\"https:\\\/\\\/www.vtusp.cz\\\/en\\\/aktuality\\\/smlouva-o-spolupraci-mezi-vtu-s-p-a-izraelskou-spolecnosti-rafael\\\/#primaryimage\"},\"thumbnailUrl\":\"https:\\\/\\\/www.vtusp.cz\\\/files\\\/uploads\\\/2021\\\/10\\\/IMG_7394_hlavni-foto.jpg\",\"articleSection\":[\"Aktuality\"],\"inLanguage\":\"en-US\",\"potentialAction\":[{\"@type\":\"CommentAction\",\"name\":\"Comment\",\"target\":[\"https:\\\/\\\/www.vtusp.cz\\\/en\\\/aktuality\\\/smlouva-o-spolupraci-mezi-vtu-s-p-a-izraelskou-spolecnosti-rafael\\\/#respond\"]}]},{\"@type\":\"WebPage\",\"@id\":\"https:\\\/\\\/www.vtusp.cz\\\/en\\\/aktuality\\\/smlouva-o-spolupraci-mezi-vtu-s-p-a-izraelskou-spolecnosti-rafael\\\/\",\"url\":\"https:\\\/\\\/www.vtusp.cz\\\/en\\\/aktuality\\\/smlouva-o-spolupraci-mezi-vtu-s-p-a-izraelskou-spolecnosti-rafael\\\/\",\"name\":\"Smlouva o spolupr\u00e1ci mezi VT\u00da, s. p. a izraelskou spole\u010dnost\u00ed RAFAEL | VT\u00da s.p.\",\"isPartOf\":{\"@id\":\"https:\\\/\\\/www.vtusp.cz\\\/en\\\/#website\"},\"primaryImageOfPage\":{\"@id\":\"https:\\\/\\\/www.vtusp.cz\\\/en\\\/aktuality\\\/smlouva-o-spolupraci-mezi-vtu-s-p-a-izraelskou-spolecnosti-rafael\\\/#primaryimage\"},\"image\":{\"@id\":\"https:\\\/\\\/www.vtusp.cz\\\/en\\\/aktuality\\\/smlouva-o-spolupraci-mezi-vtu-s-p-a-izraelskou-spolecnosti-rafael\\\/#primaryimage\"},\"thumbnailUrl\":\"https:\\\/\\\/www.vtusp.cz\\\/files\\\/uploads\\\/2021\\\/10\\\/IMG_7394_hlavni-foto.jpg\",\"datePublished\":\"2021-10-05T10:54:01+00:00\",\"dateModified\":\"2021-10-05T10:54:03+00:00\",\"author\":{\"@id\":\"https:\\\/\\\/www.vtusp.cz\\\/en\\\/#\\\/schema\\\/person\\\/f1e8bab14f234b53970de1bd457f4755\"},\"breadcrumb\":{\"@id\":\"https:\\\/\\\/www.vtusp.cz\\\/en\\\/aktuality\\\/smlouva-o-spolupraci-mezi-vtu-s-p-a-izraelskou-spolecnosti-rafael\\\/#breadcrumb\"},\"inLanguage\":\"en-US\",\"potentialAction\":[{\"@type\":\"ReadAction\",\"target\":[\"https:\\\/\\\/www.vtusp.cz\\\/en\\\/aktuality\\\/smlouva-o-spolupraci-mezi-vtu-s-p-a-izraelskou-spolecnosti-rafael\\\/\"]}]},{\"@type\":\"ImageObject\",\"inLanguage\":\"en-US\",\"@id\":\"https:\\\/\\\/www.vtusp.cz\\\/en\\\/aktuality\\\/smlouva-o-spolupraci-mezi-vtu-s-p-a-izraelskou-spolecnosti-rafael\\\/#primaryimage\",\"url\":\"https:\\\/\\\/www.vtusp.cz\\\/files\\\/uploads\\\/2021\\\/10\\\/IMG_7394_hlavni-foto.jpg\",\"contentUrl\":\"https:\\\/\\\/www.vtusp.cz\\\/files\\\/uploads\\\/2021\\\/10\\\/IMG_7394_hlavni-foto.jpg\",\"width\":3351,\"height\":3351},{\"@type\":\"BreadcrumbList\",\"@id\":\"https:\\\/\\\/www.vtusp.cz\\\/en\\\/aktuality\\\/smlouva-o-spolupraci-mezi-vtu-s-p-a-izraelskou-spolecnosti-rafael\\\/#breadcrumb\",\"itemListElement\":[{\"@type\":\"ListItem\",\"position\":1,\"name\":\"Home\",\"item\":\"https:\\\/\\\/www.vtusp.cz\\\/en\\\/\"},{\"@type\":\"ListItem\",\"position\":2,\"name\":\"Smlouva o spolupr\u00e1ci mezi VT\u00da, s. p. a izraelskou spole\u010dnost\u00ed RAFAEL\"}]},{\"@type\":\"WebSite\",\"@id\":\"https:\\\/\\\/www.vtusp.cz\\\/en\\\/#website\",\"url\":\"https:\\\/\\\/www.vtusp.cz\\\/en\\\/\",\"name\":\"VT\u00da s.p.\",\"description\":\"\",\"potentialAction\":[{\"@type\":\"SearchAction\",\"target\":{\"@type\":\"EntryPoint\",\"urlTemplate\":\"https:\\\/\\\/www.vtusp.cz\\\/en\\\/?s={search_term_string}\"},\"query-input\":{\"@type\":\"PropertyValueSpecification\",\"valueRequired\":true,\"valueName\":\"search_term_string\"}}],\"inLanguage\":\"en-US\"},{\"@type\":\"Person\",\"@id\":\"https:\\\/\\\/www.vtusp.cz\\\/en\\\/#\\\/schema\\\/person\\\/f1e8bab14f234b53970de1bd457f4755\",\"name\":\"Mark\u00e9ta \u0160imkov\u00e1\",\"image\":{\"@type\":\"ImageObject\",\"inLanguage\":\"en-US\",\"@id\":\"https:\\\/\\\/secure.gravatar.com\\\/avatar\\\/11e6d560fad0d34db4e72d297ae926889fe4d6c23ddb5d1cab66094009979d36?s=96&d=mm&r=g\",\"url\":\"https:\\\/\\\/secure.gravatar.com\\\/avatar\\\/11e6d560fad0d34db4e72d297ae926889fe4d6c23ddb5d1cab66094009979d36?s=96&d=mm&r=g\",\"contentUrl\":\"https:\\\/\\\/secure.gravatar.com\\\/avatar\\\/11e6d560fad0d34db4e72d297ae926889fe4d6c23ddb5d1cab66094009979d36?s=96&d=mm&r=g\",\"caption\":\"Mark\u00e9ta \u0160imkov\u00e1\"}}]}<\/script>\n<!-- \/ Yoast SEO plugin. -->","yoast_head_json":{"title":"Smlouva o spolupr\u00e1ci mezi VT\u00da, s. p. a izraelskou spole\u010dnost\u00ed RAFAEL | VT\u00da s.p.","robots":{"index":"index","follow":"follow","max-snippet":"max-snippet:-1","max-image-preview":"max-image-preview:large","max-video-preview":"max-video-preview:-1"},"canonical":"https:\/\/www.vtusp.cz\/en\/aktuality\/smlouva-o-spolupraci-mezi-vtu-s-p-a-izraelskou-spolecnosti-rafael\/","og_locale":"en_US","og_type":"article","og_title":"Smlouva o spolupr\u00e1ci mezi VT\u00da, s. p. a izraelskou spole\u010dnost\u00ed RAFAEL | VT\u00da s.p.","og_description":"Dne 23. z\u00e1\u0159\u00ed 2021 \u0159editel st\u00e1tn\u00edho podniku Ing. Petr Novotn\u00fd podepsal smlouvu o spolupr\u00e1ci na dod\u00e1vk\u00e1ch projektu SHORAD (Short Range Air Defense) se z\u00e1stupcem izraelsk\u00e9 spole\u010dnosti RAFAEL panem Gilem Shalevem....","og_url":"https:\/\/www.vtusp.cz\/en\/aktuality\/smlouva-o-spolupraci-mezi-vtu-s-p-a-izraelskou-spolecnosti-rafael\/","og_site_name":"VT\u00da s.p.","article_published_time":"2021-10-05T10:54:01+00:00","article_modified_time":"2021-10-05T10:54:03+00:00","og_image":[{"width":3351,"height":3351,"url":"https:\/\/www.vtusp.cz\/files\/uploads\/2021\/10\/IMG_7394_hlavni-foto.jpg","type":"image\/jpeg"}],"author":"Mark\u00e9ta \u0160imkov\u00e1","twitter_card":"summary_large_image","twitter_misc":{"Written by":"Mark\u00e9ta \u0160imkov\u00e1","Est. reading time":"2 minutes"},"schema":{"@context":"https:\/\/schema.org","@graph":[{"@type":"Article","@id":"https:\/\/www.vtusp.cz\/en\/aktuality\/smlouva-o-spolupraci-mezi-vtu-s-p-a-izraelskou-spolecnosti-rafael\/#article","isPartOf":{"@id":"https:\/\/www.vtusp.cz\/en\/aktuality\/smlouva-o-spolupraci-mezi-vtu-s-p-a-izraelskou-spolecnosti-rafael\/"},"author":{"name":"Mark\u00e9ta \u0160imkov\u00e1","@id":"https:\/\/www.vtusp.cz\/en\/#\/schema\/person\/f1e8bab14f234b53970de1bd457f4755"},"headline":"Smlouva o spolupr\u00e1ci mezi VT\u00da, s. p. a izraelskou spole\u010dnost\u00ed RAFAEL","datePublished":"2021-10-05T10:54:01+00:00","dateModified":"2021-10-05T10:54:03+00:00","mainEntityOfPage":{"@id":"https:\/\/www.vtusp.cz\/en\/aktuality\/smlouva-o-spolupraci-mezi-vtu-s-p-a-izraelskou-spolecnosti-rafael\/"},"wordCount":174,"commentCount":0,"image":{"@id":"https:\/\/www.vtusp.cz\/en\/aktuality\/smlouva-o-spolupraci-mezi-vtu-s-p-a-izraelskou-spolecnosti-rafael\/#primaryimage"},"thumbnailUrl":"https:\/\/www.vtusp.cz\/files\/uploads\/2021\/10\/IMG_7394_hlavni-foto.jpg","articleSection":["Aktuality"],"inLanguage":"en-US","potentialAction":[{"@type":"CommentAction","name":"Comment","target":["https:\/\/www.vtusp.cz\/en\/aktuality\/smlouva-o-spolupraci-mezi-vtu-s-p-a-izraelskou-spolecnosti-rafael\/#respond"]}]},{"@type":"WebPage","@id":"https:\/\/www.vtusp.cz\/en\/aktuality\/smlouva-o-spolupraci-mezi-vtu-s-p-a-izraelskou-spolecnosti-rafael\/","url":"https:\/\/www.vtusp.cz\/en\/aktuality\/smlouva-o-spolupraci-mezi-vtu-s-p-a-izraelskou-spolecnosti-rafael\/","name":"Smlouva o spolupr\u00e1ci mezi VT\u00da, s. p. a izraelskou spole\u010dnost\u00ed RAFAEL | VT\u00da s.p.","isPartOf":{"@id":"https:\/\/www.vtusp.cz\/en\/#website"},"primaryImageOfPage":{"@id":"https:\/\/www.vtusp.cz\/en\/aktuality\/smlouva-o-spolupraci-mezi-vtu-s-p-a-izraelskou-spolecnosti-rafael\/#primaryimage"},"image":{"@id":"https:\/\/www.vtusp.cz\/en\/aktuality\/smlouva-o-spolupraci-mezi-vtu-s-p-a-izraelskou-spolecnosti-rafael\/#primaryimage"},"thumbnailUrl":"https:\/\/www.vtusp.cz\/files\/uploads\/2021\/10\/IMG_7394_hlavni-foto.jpg","datePublished":"2021-10-05T10:54:01+00:00","dateModified":"2021-10-05T10:54:03+00:00","author":{"@id":"https:\/\/www.vtusp.cz\/en\/#\/schema\/person\/f1e8bab14f234b53970de1bd457f4755"},"breadcrumb":{"@id":"https:\/\/www.vtusp.cz\/en\/aktuality\/smlouva-o-spolupraci-mezi-vtu-s-p-a-izraelskou-spolecnosti-rafael\/#breadcrumb"},"inLanguage":"en-US","potentialAction":[{"@type":"ReadAction","target":["https:\/\/www.vtusp.cz\/en\/aktuality\/smlouva-o-spolupraci-mezi-vtu-s-p-a-izraelskou-spolecnosti-rafael\/"]}]},{"@type":"ImageObject","inLanguage":"en-US","@id":"https:\/\/www.vtusp.cz\/en\/aktuality\/smlouva-o-spolupraci-mezi-vtu-s-p-a-izraelskou-spolecnosti-rafael\/#primaryimage","url":"https:\/\/www.vtusp.cz\/files\/uploads\/2021\/10\/IMG_7394_hlavni-foto.jpg","contentUrl":"https:\/\/www.vtusp.cz\/files\/uploads\/2021\/10\/IMG_7394_hlavni-foto.jpg","width":3351,"height":3351},{"@type":"BreadcrumbList","@id":"https:\/\/www.vtusp.cz\/en\/aktuality\/smlouva-o-spolupraci-mezi-vtu-s-p-a-izraelskou-spolecnosti-rafael\/#breadcrumb","itemListElement":[{"@type":"ListItem","position":1,"name":"Home","item":"https:\/\/www.vtusp.cz\/en\/"},{"@type":"ListItem","position":2,"name":"Smlouva o spolupr\u00e1ci mezi VT\u00da, s. p. a izraelskou spole\u010dnost\u00ed RAFAEL"}]},{"@type":"WebSite","@id":"https:\/\/www.vtusp.cz\/en\/#website","url":"https:\/\/www.vtusp.cz\/en\/","name":"VT\u00da s.p.","description":"","potentialAction":[{"@type":"SearchAction","target":{"@type":"EntryPoint","urlTemplate":"https:\/\/www.vtusp.cz\/en\/?s={search_term_string}"},"query-input":{"@type":"PropertyValueSpecification","valueRequired":true,"valueName":"search_term_string"}}],"inLanguage":"en-US"},{"@type":"Person","@id":"https:\/\/www.vtusp.cz\/en\/#\/schema\/person\/f1e8bab14f234b53970de1bd457f4755","name":"Mark\u00e9ta \u0160imkov\u00e1","image":{"@type":"ImageObject","inLanguage":"en-US","@id":"https:\/\/secure.gravatar.com\/avatar\/11e6d560fad0d34db4e72d297ae926889fe4d6c23ddb5d1cab66094009979d36?s=96&d=mm&r=g","url":"https:\/\/secure.gravatar.com\/avatar\/11e6d560fad0d34db4e72d297ae926889fe4d6c23ddb5d1cab66094009979d36?s=96&d=mm&r=g","contentUrl":"https:\/\/secure.gravatar.com\/avatar\/11e6d560fad0d34db4e72d297ae926889fe4d6c23ddb5d1cab66094009979d36?s=96&d=mm&r=g","caption":"Mark\u00e9ta \u0160imkov\u00e1"}}]}},"_links":{"self":[{"href":"https:\/\/www.vtusp.cz\/en\/wp-json\/wp\/v2\/posts\/7888","targetHints":{"allow":["GET"]}}],"collection":[{"href":"https:\/\/www.vtusp.cz\/en\/wp-json\/wp\/v2\/posts"}],"about":[{"href":"https:\/\/www.vtusp.cz\/en\/wp-json\/wp\/v2\/types\/post"}],"author":[{"embeddable":true,"href":"https:\/\/www.vtusp.cz\/en\/wp-json\/wp\/v2\/users\/3"}],"replies":[{"embeddable":true,"href":"https:\/\/www.vtusp.cz\/en\/wp-json\/wp\/v2\/comments?post=7888"}],"version-history":[{"count":5,"href":"https:\/\/www.vtusp.cz\/en\/wp-json\/wp\/v2\/posts\/7888\/revisions"}],"predecessor-version":[{"id":7901,"href":"https:\/\/www.vtusp.cz\/en\/wp-json\/wp\/v2\/posts\/7888\/revisions\/7901"}],"wp:featuredmedia":[{"embeddable":true,"href":"https:\/\/www.vtusp.cz\/en\/wp-json\/wp\/v2\/media\/7870"}],"wp:attachment":[{"href":"https:\/\/www.vtusp.cz\/en\/wp-json\/wp\/v2\/media?parent=7888"}],"wp:term":[{"taxonomy":"category","embeddable":true,"href":"https:\/\/www.vtusp.cz\/en\/wp-json\/wp\/v2\/categories?post=7888"}],"curies":[{"name":"wp","href":"https:\/\/api.w.org\/{rel}","templated":true}]}}