{"id":7758,"date":"2021-08-25T13:30:59","date_gmt":"2021-08-25T11:30:59","guid":{"rendered":"https:\/\/www.vtusp.cz\/?p=7758"},"modified":"2021-08-25T13:31:01","modified_gmt":"2021-08-25T11:31:01","slug":"informace-k-aktualnimu-stavu-probihajiciho-soutezniho-dialogu-srp-pro-delostrelectvo-armady-cr","status":"publish","type":"post","link":"https:\/\/www.vtusp.cz\/en\/aktuality\/informace-k-aktualnimu-stavu-probihajiciho-soutezniho-dialogu-srp-pro-delostrelectvo-armady-cr\/","title":{"rendered":"Informace k aktu\u00e1ln\u00edmu stavu prob\u00edhaj\u00edc\u00edho sout\u011b\u017en\u00edho dialogu: S\u0158P pro d\u011blost\u0159electvo Arm\u00e1dy \u010cR"},"content":{"rendered":"<div class=\"element core-paragraph\">\n<p>V&nbsp;harmonogramu v\u00fdb\u011bru syst\u00e9mu \u0159\u00edzen\u00ed palby pro d\u011blost\u0159electvo A\u010cR bylo dosa\u017eeno dal\u0161\u00edho mezn\u00edku. P\u0159ihl\u00e1\u0161en\u00e9 spole\u010dnosti, kter\u00e9 splnily kvalifika\u010dn\u00ed p\u0159edpoklady podle zad\u00e1n\u00ed sout\u011b\u017en\u00edho dialogu, absolvovaly prvn\u00ed rozhovory a obdr\u017eely roz\u0161\u00ed\u0159en\u00e9 po\u017eadavky na schopnosti syst\u00e9mu. V&nbsp;sou\u010dasn\u00e9 dob\u011b prob\u00edh\u00e1 intenzivn\u00ed komunikace pro p\u0159\u00edpravu fin\u00e1ln\u00edch po\u017eadavk\u016f, v\u010detn\u011b stanoven\u00ed ceny a technick\u00fdch a&nbsp;ekonomick\u00fdch benefit\u016f. V\u00fdrobci se mohou vyj\u00e1d\u0159it k&nbsp;jednotliv\u00fdm po\u017eadavk\u016fm a komise jejich p\u0159ipom\u00ednky posuzuje tak, aby byla v&nbsp;maxim\u00e1ln\u00ed m\u00ed\u0159e zachov\u00e1na nep\u0159ekro\u010diteln\u00e1 krit\u00e9ria, kter\u00e1 si u\u017eivatel stanovil.<\/p>\n<\/div>\n\n<div class=\"element core-paragraph\">\n<p>Jedn\u00edm z&nbsp;dal\u0161\u00edch krit\u00e9ri\u00ed pro v\u00fdb\u011br, kter\u00e9 firmy pln\u00ed, je i praktick\u00e1 demonstrace syst\u00e9m\u016f v&nbsp;laboratorn\u011b kontrolovan\u00fdch podm\u00ednk\u00e1ch VT\u00da s.p. tak, aby byla zachov\u00e1na rovnost podm\u00ednek. Spole\u010dnosti budou instalovat vlastn\u00ed software na technick\u00e9 prost\u0159edky, kter\u00e9 jsou pr\u016f\u0159ezem v\u00fdpo\u010detn\u00ed techniky v&nbsp;sou\u010dasn\u00e9 dob\u011b pou\u017e\u00edvan\u00e9 v&nbsp;A\u010cR. C\u00edlem je ov\u011b\u0159it, zda software je schopen fungovat i na star\u0161\u00edch v\u00fdpo\u010detn\u00ed technice a zda jeho human \u2013 machine (HMI) rozhran\u00ed bude mo\u017en\u00e9 zobrazovat i na men\u0161\u00edch obrazovk\u00e1ch. Jednotliv\u00e9 syst\u00e9my budou testov\u00e1ny jak v&nbsp;r\u00e1mci vlastn\u00ed komunikace, tak i s&nbsp;jin\u00fdmi syst\u00e9my velen\u00ed a \u0159\u00edzen\u00ed A\u010cR. Je re\u00e1ln\u00e9 p\u0159edpokl\u00e1dat, \u017ee v\u00fdm\u011bna informac\u00ed bude prob\u00edhat v&nbsp;r\u00e1diov\u00e9m komunika\u010dn\u00edm syst\u00e9mu MO. Schopnost t\u00e9to komunikace bude ov\u011b\u0159ena softwarovou limitac\u00ed fyzick\u00e9ho propojen\u00ed po\u010d\u00edta\u010d\u016f tak, aby bylo mo\u017en\u00e9 otestovat schopnost p\u0159ed\u00e1v\u00e1n\u00ed informac\u00ed i v&nbsp;prost\u0159ed\u00ed ru\u0161en\u00ed, intenzivn\u00edho r\u00e1diov\u00e9ho provozu a nutnosti retranslace. V\u0161em test\u016fm budou p\u0159\u00edtomni i z\u00e1stupci kone\u010dn\u00e9ho u\u017eivatele.<\/p>\n<\/div>\n\n<div class=\"element core-paragraph\">\n<p>Dal\u0161\u00edm pl\u00e1novan\u00fdm krokem realizovan\u00e9ho sout\u011b\u017en\u00edho dialogu je p\u0159ed\u00e1n\u00ed fin\u00e1ln\u00edch technick\u00fdch po\u017eadavk\u016f na syst\u00e9m jednotliv\u00fdm uchaze\u010d\u016fm, a to v\u010detn\u011b n\u00e1vrhu smlouvy, kter\u00e1 bude, v&nbsp;p\u0159\u00edpad\u011b v\u00edt\u011bzstv\u00ed v&nbsp;dialogu, uzav\u0159ena. Firmy n\u00e1sledn\u011b odpov\u00ed na jednotliv\u00e9 kriteri\u00e1ln\u00ed po\u017eadavky, kter\u00e9 se fin\u00e1ln\u011b stanou p\u0159edm\u011btem hodnocen\u00ed komise. V\u00fdsledn\u00e1 hodnot\u00edc\u00ed tabulka se s\u00ed\u0165ov\u00fdm diagramem bude ur\u010dovat nejenom napln\u011bn\u00ed technick\u00fdch po\u017eadavk\u016f v celkem \u0161estn\u00e1cti oblastech, ale i jejich vz\u00e1jemnou vyv\u00e1\u017eenost.<\/p>\n<\/div>\n\n<div class=\"element core-paragraph\">\n<p><\/p>\n<\/div>\n\n<div class=\"element core-gallery\">\n<figure class=\"wp-block-gallery columns-0 is-cropped wp-block-gallery-1 is-layout-flex wp-block-gallery-is-layout-flex\"><ul class=\"blocks-gallery-grid\"><\/ul><\/figure>\n<\/div>","protected":false},"excerpt":{"rendered":"<p>V&nbsp;harmonogramu v\u00fdb\u011bru syst\u00e9mu \u0159\u00edzen\u00ed palby pro d\u011blost\u0159electvo A\u010cR bylo dosa\u017eeno dal\u0161\u00edho mezn\u00edku. P\u0159ihl\u00e1\u0161en\u00e9 spole\u010dnosti, kter\u00e9 splnily kvalifika\u010dn\u00ed p\u0159edpoklady podle zad\u00e1n\u00ed sout\u011b\u017en\u00edho dialogu, absolvovaly prvn\u00ed rozhovory a obdr\u017eely roz\u0161\u00ed\u0159en\u00e9 po\u017eadavky na&#8230;<\/p>\n","protected":false},"author":3,"featured_media":7759,"comment_status":"open","ping_status":"closed","sticky":false,"template":"","format":"standard","meta":{"_acf_changed":false,"inline_featured_image":false,"footnotes":""},"categories":[1],"class_list":["post-7758","post","type-post","status-publish","format-standard","has-post-thumbnail","hentry","category-aktuality"],"acf":[],"yoast_head":"<!-- This site is optimized with the Yoast SEO plugin v27.5 - https:\/\/yoast.com\/product\/yoast-seo-wordpress\/ -->\n<title>Informace k aktu\u00e1ln\u00edmu stavu prob\u00edhaj\u00edc\u00edho sout\u011b\u017en\u00edho dialogu: S\u0158P pro d\u011blost\u0159electvo Arm\u00e1dy \u010cR | VT\u00da s.p.<\/title>\n<meta name=\"robots\" content=\"index, follow, max-snippet:-1, max-image-preview:large, max-video-preview:-1\" \/>\n<link rel=\"canonical\" href=\"https:\/\/www.vtusp.cz\/en\/aktuality\/informace-k-aktualnimu-stavu-probihajiciho-soutezniho-dialogu-srp-pro-delostrelectvo-armady-cr\/\" \/>\n<meta property=\"og:locale\" content=\"en_US\" \/>\n<meta property=\"og:type\" content=\"article\" \/>\n<meta property=\"og:title\" content=\"Informace k aktu\u00e1ln\u00edmu stavu prob\u00edhaj\u00edc\u00edho sout\u011b\u017en\u00edho dialogu: S\u0158P pro d\u011blost\u0159electvo Arm\u00e1dy \u010cR | VT\u00da s.p.\" \/>\n<meta property=\"og:description\" content=\"V&nbsp;harmonogramu v\u00fdb\u011bru syst\u00e9mu \u0159\u00edzen\u00ed palby pro d\u011blost\u0159electvo A\u010cR bylo dosa\u017eeno dal\u0161\u00edho mezn\u00edku. P\u0159ihl\u00e1\u0161en\u00e9 spole\u010dnosti, kter\u00e9 splnily kvalifika\u010dn\u00ed p\u0159edpoklady podle zad\u00e1n\u00ed sout\u011b\u017en\u00edho dialogu, absolvovaly prvn\u00ed rozhovory a obdr\u017eely roz\u0161\u00ed\u0159en\u00e9 po\u017eadavky na...\" \/>\n<meta property=\"og:url\" content=\"https:\/\/www.vtusp.cz\/en\/aktuality\/informace-k-aktualnimu-stavu-probihajiciho-soutezniho-dialogu-srp-pro-delostrelectvo-armady-cr\/\" \/>\n<meta property=\"og:site_name\" content=\"VT\u00da s.p.\" \/>\n<meta property=\"article:published_time\" content=\"2021-08-25T11:30:59+00:00\" \/>\n<meta property=\"article:modified_time\" content=\"2021-08-25T11:31:01+00:00\" \/>\n<meta property=\"og:image\" content=\"https:\/\/www.vtusp.cz\/files\/uploads\/2021\/08\/logo-vtu_tisk_barevna-verze_cmyk.jpg\" \/>\n\t<meta property=\"og:image:width\" content=\"367\" \/>\n\t<meta property=\"og:image:height\" content=\"120\" \/>\n\t<meta property=\"og:image:type\" content=\"image\/jpeg\" \/>\n<meta name=\"author\" content=\"Mark\u00e9ta \u0160imkov\u00e1\" \/>\n<meta name=\"twitter:card\" content=\"summary_large_image\" \/>\n<meta name=\"twitter:label1\" content=\"Written by\" \/>\n\t<meta name=\"twitter:data1\" content=\"Mark\u00e9ta \u0160imkov\u00e1\" \/>\n\t<meta name=\"twitter:label2\" content=\"Est. reading time\" \/>\n\t<meta name=\"twitter:data2\" content=\"2 minutes\" \/>\n<script type=\"application\/ld+json\" class=\"yoast-schema-graph\">{\"@context\":\"https:\\\/\\\/schema.org\",\"@graph\":[{\"@type\":\"Article\",\"@id\":\"https:\\\/\\\/www.vtusp.cz\\\/en\\\/aktuality\\\/informace-k-aktualnimu-stavu-probihajiciho-soutezniho-dialogu-srp-pro-delostrelectvo-armady-cr\\\/#article\",\"isPartOf\":{\"@id\":\"https:\\\/\\\/www.vtusp.cz\\\/en\\\/aktuality\\\/informace-k-aktualnimu-stavu-probihajiciho-soutezniho-dialogu-srp-pro-delostrelectvo-armady-cr\\\/\"},\"author\":{\"name\":\"Mark\u00e9ta \u0160imkov\u00e1\",\"@id\":\"https:\\\/\\\/www.vtusp.cz\\\/en\\\/#\\\/schema\\\/person\\\/f1e8bab14f234b53970de1bd457f4755\"},\"headline\":\"Informace k aktu\u00e1ln\u00edmu stavu prob\u00edhaj\u00edc\u00edho sout\u011b\u017en\u00edho dialogu: S\u0158P pro d\u011blost\u0159electvo Arm\u00e1dy \u010cR\",\"datePublished\":\"2021-08-25T11:30:59+00:00\",\"dateModified\":\"2021-08-25T11:31:01+00:00\",\"mainEntityOfPage\":{\"@id\":\"https:\\\/\\\/www.vtusp.cz\\\/en\\\/aktuality\\\/informace-k-aktualnimu-stavu-probihajiciho-soutezniho-dialogu-srp-pro-delostrelectvo-armady-cr\\\/\"},\"wordCount\":464,\"commentCount\":0,\"image\":{\"@id\":\"https:\\\/\\\/www.vtusp.cz\\\/en\\\/aktuality\\\/informace-k-aktualnimu-stavu-probihajiciho-soutezniho-dialogu-srp-pro-delostrelectvo-armady-cr\\\/#primaryimage\"},\"thumbnailUrl\":\"https:\\\/\\\/www.vtusp.cz\\\/files\\\/uploads\\\/2021\\\/08\\\/logo-vtu_tisk_barevna-verze_cmyk.jpg\",\"articleSection\":[\"Aktuality\"],\"inLanguage\":\"en-US\",\"potentialAction\":[{\"@type\":\"CommentAction\",\"name\":\"Comment\",\"target\":[\"https:\\\/\\\/www.vtusp.cz\\\/en\\\/aktuality\\\/informace-k-aktualnimu-stavu-probihajiciho-soutezniho-dialogu-srp-pro-delostrelectvo-armady-cr\\\/#respond\"]}]},{\"@type\":\"WebPage\",\"@id\":\"https:\\\/\\\/www.vtusp.cz\\\/en\\\/aktuality\\\/informace-k-aktualnimu-stavu-probihajiciho-soutezniho-dialogu-srp-pro-delostrelectvo-armady-cr\\\/\",\"url\":\"https:\\\/\\\/www.vtusp.cz\\\/en\\\/aktuality\\\/informace-k-aktualnimu-stavu-probihajiciho-soutezniho-dialogu-srp-pro-delostrelectvo-armady-cr\\\/\",\"name\":\"Informace k aktu\u00e1ln\u00edmu stavu prob\u00edhaj\u00edc\u00edho sout\u011b\u017en\u00edho dialogu: S\u0158P pro d\u011blost\u0159electvo Arm\u00e1dy \u010cR | VT\u00da s.p.\",\"isPartOf\":{\"@id\":\"https:\\\/\\\/www.vtusp.cz\\\/en\\\/#website\"},\"primaryImageOfPage\":{\"@id\":\"https:\\\/\\\/www.vtusp.cz\\\/en\\\/aktuality\\\/informace-k-aktualnimu-stavu-probihajiciho-soutezniho-dialogu-srp-pro-delostrelectvo-armady-cr\\\/#primaryimage\"},\"image\":{\"@id\":\"https:\\\/\\\/www.vtusp.cz\\\/en\\\/aktuality\\\/informace-k-aktualnimu-stavu-probihajiciho-soutezniho-dialogu-srp-pro-delostrelectvo-armady-cr\\\/#primaryimage\"},\"thumbnailUrl\":\"https:\\\/\\\/www.vtusp.cz\\\/files\\\/uploads\\\/2021\\\/08\\\/logo-vtu_tisk_barevna-verze_cmyk.jpg\",\"datePublished\":\"2021-08-25T11:30:59+00:00\",\"dateModified\":\"2021-08-25T11:31:01+00:00\",\"author\":{\"@id\":\"https:\\\/\\\/www.vtusp.cz\\\/en\\\/#\\\/schema\\\/person\\\/f1e8bab14f234b53970de1bd457f4755\"},\"breadcrumb\":{\"@id\":\"https:\\\/\\\/www.vtusp.cz\\\/en\\\/aktuality\\\/informace-k-aktualnimu-stavu-probihajiciho-soutezniho-dialogu-srp-pro-delostrelectvo-armady-cr\\\/#breadcrumb\"},\"inLanguage\":\"en-US\",\"potentialAction\":[{\"@type\":\"ReadAction\",\"target\":[\"https:\\\/\\\/www.vtusp.cz\\\/en\\\/aktuality\\\/informace-k-aktualnimu-stavu-probihajiciho-soutezniho-dialogu-srp-pro-delostrelectvo-armady-cr\\\/\"]}]},{\"@type\":\"ImageObject\",\"inLanguage\":\"en-US\",\"@id\":\"https:\\\/\\\/www.vtusp.cz\\\/en\\\/aktuality\\\/informace-k-aktualnimu-stavu-probihajiciho-soutezniho-dialogu-srp-pro-delostrelectvo-armady-cr\\\/#primaryimage\",\"url\":\"https:\\\/\\\/www.vtusp.cz\\\/files\\\/uploads\\\/2021\\\/08\\\/logo-vtu_tisk_barevna-verze_cmyk.jpg\",\"contentUrl\":\"https:\\\/\\\/www.vtusp.cz\\\/files\\\/uploads\\\/2021\\\/08\\\/logo-vtu_tisk_barevna-verze_cmyk.jpg\",\"width\":367,\"height\":120},{\"@type\":\"BreadcrumbList\",\"@id\":\"https:\\\/\\\/www.vtusp.cz\\\/en\\\/aktuality\\\/informace-k-aktualnimu-stavu-probihajiciho-soutezniho-dialogu-srp-pro-delostrelectvo-armady-cr\\\/#breadcrumb\",\"itemListElement\":[{\"@type\":\"ListItem\",\"position\":1,\"name\":\"Home\",\"item\":\"https:\\\/\\\/www.vtusp.cz\\\/en\\\/\"},{\"@type\":\"ListItem\",\"position\":2,\"name\":\"Informace k aktu\u00e1ln\u00edmu stavu prob\u00edhaj\u00edc\u00edho sout\u011b\u017en\u00edho dialogu: S\u0158P pro d\u011blost\u0159electvo Arm\u00e1dy \u010cR\"}]},{\"@type\":\"WebSite\",\"@id\":\"https:\\\/\\\/www.vtusp.cz\\\/en\\\/#website\",\"url\":\"https:\\\/\\\/www.vtusp.cz\\\/en\\\/\",\"name\":\"VT\u00da s.p.\",\"description\":\"\",\"potentialAction\":[{\"@type\":\"SearchAction\",\"target\":{\"@type\":\"EntryPoint\",\"urlTemplate\":\"https:\\\/\\\/www.vtusp.cz\\\/en\\\/?s={search_term_string}\"},\"query-input\":{\"@type\":\"PropertyValueSpecification\",\"valueRequired\":true,\"valueName\":\"search_term_string\"}}],\"inLanguage\":\"en-US\"},{\"@type\":\"Person\",\"@id\":\"https:\\\/\\\/www.vtusp.cz\\\/en\\\/#\\\/schema\\\/person\\\/f1e8bab14f234b53970de1bd457f4755\",\"name\":\"Mark\u00e9ta \u0160imkov\u00e1\",\"image\":{\"@type\":\"ImageObject\",\"inLanguage\":\"en-US\",\"@id\":\"https:\\\/\\\/secure.gravatar.com\\\/avatar\\\/11e6d560fad0d34db4e72d297ae926889fe4d6c23ddb5d1cab66094009979d36?s=96&d=mm&r=g\",\"url\":\"https:\\\/\\\/secure.gravatar.com\\\/avatar\\\/11e6d560fad0d34db4e72d297ae926889fe4d6c23ddb5d1cab66094009979d36?s=96&d=mm&r=g\",\"contentUrl\":\"https:\\\/\\\/secure.gravatar.com\\\/avatar\\\/11e6d560fad0d34db4e72d297ae926889fe4d6c23ddb5d1cab66094009979d36?s=96&d=mm&r=g\",\"caption\":\"Mark\u00e9ta \u0160imkov\u00e1\"}}]}<\/script>\n<!-- \/ Yoast SEO plugin. -->","yoast_head_json":{"title":"Informace k aktu\u00e1ln\u00edmu stavu prob\u00edhaj\u00edc\u00edho sout\u011b\u017en\u00edho dialogu: S\u0158P pro d\u011blost\u0159electvo Arm\u00e1dy \u010cR | VT\u00da s.p.","robots":{"index":"index","follow":"follow","max-snippet":"max-snippet:-1","max-image-preview":"max-image-preview:large","max-video-preview":"max-video-preview:-1"},"canonical":"https:\/\/www.vtusp.cz\/en\/aktuality\/informace-k-aktualnimu-stavu-probihajiciho-soutezniho-dialogu-srp-pro-delostrelectvo-armady-cr\/","og_locale":"en_US","og_type":"article","og_title":"Informace k aktu\u00e1ln\u00edmu stavu prob\u00edhaj\u00edc\u00edho sout\u011b\u017en\u00edho dialogu: S\u0158P pro d\u011blost\u0159electvo Arm\u00e1dy \u010cR | VT\u00da s.p.","og_description":"V&nbsp;harmonogramu v\u00fdb\u011bru syst\u00e9mu \u0159\u00edzen\u00ed palby pro d\u011blost\u0159electvo A\u010cR bylo dosa\u017eeno dal\u0161\u00edho mezn\u00edku. P\u0159ihl\u00e1\u0161en\u00e9 spole\u010dnosti, kter\u00e9 splnily kvalifika\u010dn\u00ed p\u0159edpoklady podle zad\u00e1n\u00ed sout\u011b\u017en\u00edho dialogu, absolvovaly prvn\u00ed rozhovory a obdr\u017eely roz\u0161\u00ed\u0159en\u00e9 po\u017eadavky na...","og_url":"https:\/\/www.vtusp.cz\/en\/aktuality\/informace-k-aktualnimu-stavu-probihajiciho-soutezniho-dialogu-srp-pro-delostrelectvo-armady-cr\/","og_site_name":"VT\u00da s.p.","article_published_time":"2021-08-25T11:30:59+00:00","article_modified_time":"2021-08-25T11:31:01+00:00","og_image":[{"width":367,"height":120,"url":"https:\/\/www.vtusp.cz\/files\/uploads\/2021\/08\/logo-vtu_tisk_barevna-verze_cmyk.jpg","type":"image\/jpeg"}],"author":"Mark\u00e9ta \u0160imkov\u00e1","twitter_card":"summary_large_image","twitter_misc":{"Written by":"Mark\u00e9ta \u0160imkov\u00e1","Est. reading time":"2 minutes"},"schema":{"@context":"https:\/\/schema.org","@graph":[{"@type":"Article","@id":"https:\/\/www.vtusp.cz\/en\/aktuality\/informace-k-aktualnimu-stavu-probihajiciho-soutezniho-dialogu-srp-pro-delostrelectvo-armady-cr\/#article","isPartOf":{"@id":"https:\/\/www.vtusp.cz\/en\/aktuality\/informace-k-aktualnimu-stavu-probihajiciho-soutezniho-dialogu-srp-pro-delostrelectvo-armady-cr\/"},"author":{"name":"Mark\u00e9ta \u0160imkov\u00e1","@id":"https:\/\/www.vtusp.cz\/en\/#\/schema\/person\/f1e8bab14f234b53970de1bd457f4755"},"headline":"Informace k aktu\u00e1ln\u00edmu stavu prob\u00edhaj\u00edc\u00edho sout\u011b\u017en\u00edho dialogu: S\u0158P pro d\u011blost\u0159electvo Arm\u00e1dy \u010cR","datePublished":"2021-08-25T11:30:59+00:00","dateModified":"2021-08-25T11:31:01+00:00","mainEntityOfPage":{"@id":"https:\/\/www.vtusp.cz\/en\/aktuality\/informace-k-aktualnimu-stavu-probihajiciho-soutezniho-dialogu-srp-pro-delostrelectvo-armady-cr\/"},"wordCount":464,"commentCount":0,"image":{"@id":"https:\/\/www.vtusp.cz\/en\/aktuality\/informace-k-aktualnimu-stavu-probihajiciho-soutezniho-dialogu-srp-pro-delostrelectvo-armady-cr\/#primaryimage"},"thumbnailUrl":"https:\/\/www.vtusp.cz\/files\/uploads\/2021\/08\/logo-vtu_tisk_barevna-verze_cmyk.jpg","articleSection":["Aktuality"],"inLanguage":"en-US","potentialAction":[{"@type":"CommentAction","name":"Comment","target":["https:\/\/www.vtusp.cz\/en\/aktuality\/informace-k-aktualnimu-stavu-probihajiciho-soutezniho-dialogu-srp-pro-delostrelectvo-armady-cr\/#respond"]}]},{"@type":"WebPage","@id":"https:\/\/www.vtusp.cz\/en\/aktuality\/informace-k-aktualnimu-stavu-probihajiciho-soutezniho-dialogu-srp-pro-delostrelectvo-armady-cr\/","url":"https:\/\/www.vtusp.cz\/en\/aktuality\/informace-k-aktualnimu-stavu-probihajiciho-soutezniho-dialogu-srp-pro-delostrelectvo-armady-cr\/","name":"Informace k aktu\u00e1ln\u00edmu stavu prob\u00edhaj\u00edc\u00edho sout\u011b\u017en\u00edho dialogu: S\u0158P pro d\u011blost\u0159electvo Arm\u00e1dy \u010cR | VT\u00da s.p.","isPartOf":{"@id":"https:\/\/www.vtusp.cz\/en\/#website"},"primaryImageOfPage":{"@id":"https:\/\/www.vtusp.cz\/en\/aktuality\/informace-k-aktualnimu-stavu-probihajiciho-soutezniho-dialogu-srp-pro-delostrelectvo-armady-cr\/#primaryimage"},"image":{"@id":"https:\/\/www.vtusp.cz\/en\/aktuality\/informace-k-aktualnimu-stavu-probihajiciho-soutezniho-dialogu-srp-pro-delostrelectvo-armady-cr\/#primaryimage"},"thumbnailUrl":"https:\/\/www.vtusp.cz\/files\/uploads\/2021\/08\/logo-vtu_tisk_barevna-verze_cmyk.jpg","datePublished":"2021-08-25T11:30:59+00:00","dateModified":"2021-08-25T11:31:01+00:00","author":{"@id":"https:\/\/www.vtusp.cz\/en\/#\/schema\/person\/f1e8bab14f234b53970de1bd457f4755"},"breadcrumb":{"@id":"https:\/\/www.vtusp.cz\/en\/aktuality\/informace-k-aktualnimu-stavu-probihajiciho-soutezniho-dialogu-srp-pro-delostrelectvo-armady-cr\/#breadcrumb"},"inLanguage":"en-US","potentialAction":[{"@type":"ReadAction","target":["https:\/\/www.vtusp.cz\/en\/aktuality\/informace-k-aktualnimu-stavu-probihajiciho-soutezniho-dialogu-srp-pro-delostrelectvo-armady-cr\/"]}]},{"@type":"ImageObject","inLanguage":"en-US","@id":"https:\/\/www.vtusp.cz\/en\/aktuality\/informace-k-aktualnimu-stavu-probihajiciho-soutezniho-dialogu-srp-pro-delostrelectvo-armady-cr\/#primaryimage","url":"https:\/\/www.vtusp.cz\/files\/uploads\/2021\/08\/logo-vtu_tisk_barevna-verze_cmyk.jpg","contentUrl":"https:\/\/www.vtusp.cz\/files\/uploads\/2021\/08\/logo-vtu_tisk_barevna-verze_cmyk.jpg","width":367,"height":120},{"@type":"BreadcrumbList","@id":"https:\/\/www.vtusp.cz\/en\/aktuality\/informace-k-aktualnimu-stavu-probihajiciho-soutezniho-dialogu-srp-pro-delostrelectvo-armady-cr\/#breadcrumb","itemListElement":[{"@type":"ListItem","position":1,"name":"Home","item":"https:\/\/www.vtusp.cz\/en\/"},{"@type":"ListItem","position":2,"name":"Informace k aktu\u00e1ln\u00edmu stavu prob\u00edhaj\u00edc\u00edho sout\u011b\u017en\u00edho dialogu: S\u0158P pro d\u011blost\u0159electvo Arm\u00e1dy \u010cR"}]},{"@type":"WebSite","@id":"https:\/\/www.vtusp.cz\/en\/#website","url":"https:\/\/www.vtusp.cz\/en\/","name":"VT\u00da s.p.","description":"","potentialAction":[{"@type":"SearchAction","target":{"@type":"EntryPoint","urlTemplate":"https:\/\/www.vtusp.cz\/en\/?s={search_term_string}"},"query-input":{"@type":"PropertyValueSpecification","valueRequired":true,"valueName":"search_term_string"}}],"inLanguage":"en-US"},{"@type":"Person","@id":"https:\/\/www.vtusp.cz\/en\/#\/schema\/person\/f1e8bab14f234b53970de1bd457f4755","name":"Mark\u00e9ta \u0160imkov\u00e1","image":{"@type":"ImageObject","inLanguage":"en-US","@id":"https:\/\/secure.gravatar.com\/avatar\/11e6d560fad0d34db4e72d297ae926889fe4d6c23ddb5d1cab66094009979d36?s=96&d=mm&r=g","url":"https:\/\/secure.gravatar.com\/avatar\/11e6d560fad0d34db4e72d297ae926889fe4d6c23ddb5d1cab66094009979d36?s=96&d=mm&r=g","contentUrl":"https:\/\/secure.gravatar.com\/avatar\/11e6d560fad0d34db4e72d297ae926889fe4d6c23ddb5d1cab66094009979d36?s=96&d=mm&r=g","caption":"Mark\u00e9ta \u0160imkov\u00e1"}}]}},"_links":{"self":[{"href":"https:\/\/www.vtusp.cz\/en\/wp-json\/wp\/v2\/posts\/7758","targetHints":{"allow":["GET"]}}],"collection":[{"href":"https:\/\/www.vtusp.cz\/en\/wp-json\/wp\/v2\/posts"}],"about":[{"href":"https:\/\/www.vtusp.cz\/en\/wp-json\/wp\/v2\/types\/post"}],"author":[{"embeddable":true,"href":"https:\/\/www.vtusp.cz\/en\/wp-json\/wp\/v2\/users\/3"}],"replies":[{"embeddable":true,"href":"https:\/\/www.vtusp.cz\/en\/wp-json\/wp\/v2\/comments?post=7758"}],"version-history":[{"count":1,"href":"https:\/\/www.vtusp.cz\/en\/wp-json\/wp\/v2\/posts\/7758\/revisions"}],"predecessor-version":[{"id":7761,"href":"https:\/\/www.vtusp.cz\/en\/wp-json\/wp\/v2\/posts\/7758\/revisions\/7761"}],"wp:featuredmedia":[{"embeddable":true,"href":"https:\/\/www.vtusp.cz\/en\/wp-json\/wp\/v2\/media\/7759"}],"wp:attachment":[{"href":"https:\/\/www.vtusp.cz\/en\/wp-json\/wp\/v2\/media?parent=7758"}],"wp:term":[{"taxonomy":"category","embeddable":true,"href":"https:\/\/www.vtusp.cz\/en\/wp-json\/wp\/v2\/categories?post=7758"}],"curies":[{"name":"wp","href":"https:\/\/api.w.org\/{rel}","templated":true}]}}