{"id":6625,"date":"2020-12-17T16:00:00","date_gmt":"2020-12-17T15:00:00","guid":{"rendered":"https:\/\/www.vtusp.cz\/?p=6625"},"modified":"2020-12-15T14:06:36","modified_gmt":"2020-12-15T13:06:36","slug":"vtu-mezi-prumyslovymi-lidry-v-celorepublikove-vystave-czech-industry-photo","status":"publish","type":"post","link":"https:\/\/www.vtusp.cz\/en\/aktuality\/vtu-mezi-prumyslovymi-lidry-v-celorepublikove-vystave-czech-industry-photo\/","title":{"rendered":"VT\u00da mezi pr\u016fmyslov\u00fdmi l\u00eddry v celorepublikov\u00e9 v\u00fdstav\u011b Czech Industry Photo"},"content":{"rendered":"<div class=\"element core-paragraph\">\n<p>Premi\u00e9rov\u00e1 \u00fa\u010dast Vojensk\u00e9ho technick\u00e9ho \u00fastavu, s. p. v&nbsp;n\u00e1rodn\u00ed iniciativ\u011b Czech Industry Challenge, kter\u00e1 c\u00edl\u00ed na podporu firem v&nbsp;budov\u00e1n\u00ed sv\u00fdch zna\u010dek a zatraktivn\u011bn\u00ed zam\u011bstn\u00e1v\u00e1n\u00ed v \u010desk\u00e9m pr\u016fmyslu, skon\u010dila \u00fasp\u011bchem. St\u00e1tn\u00ed podnik Ministerstva obrany se kvalifikoval mezi tzv. pr\u016fmyslov\u00e9 l\u00eddry v&nbsp;putovn\u00ed fotografick\u00e9 p\u0159ehl\u00eddce s&nbsp;n\u00e1zvem Czech Industry Photo. Do z\u00e1\u0159\u00ed roku 2021 bude VT\u00da na v\u00fdstav\u00e1ch pro ve\u0159ejnost v&nbsp;r\u00e1mci \u010cesk\u00e9 republiky prezentovat fotografie sv\u00fdch d\u00edl\u010d\u00edch projekt\u016f z&nbsp;v\u00fdzkumu a v\u00fdvoje v&nbsp;oblasti bezpe\u010dnosti a obrany. \u201eZa\u0159adili jste se do skupiny kreativn\u00edch l\u00eddr\u016f v&nbsp;pr\u016fmyslu, kte\u0159\u00ed budou d\u00e1v\u00e1ni za vzor a budou inspirac\u00ed pro ostatn\u00ed,\u201c uvedla k&nbsp;reprezentaci VT\u00da, s. p. v&nbsp;putovn\u00ed fotov\u00fdstav\u011b \u0159editelka CICHu Kate\u0159ina \u0160kopkov\u00e1.<\/p>\n<\/div>\n\n<div class=\"element core-paragraph\">\n<p>Text: Pavel Lang <\/p>\n<\/div>\n\n<div class=\"element core-paragraph\">\n<p>Ilustra\u010dn\u00ed foto: Pavel Novotn\u00fd<\/p>\n<\/div>\n\n<div class=\"element core-gallery\">\n<figure class=\"wp-block-gallery aligncenter columns-2 is-cropped wp-block-gallery-1 is-layout-flex wp-block-gallery-is-layout-flex\"><ul class=\"blocks-gallery-grid\"><li class=\"blocks-gallery-item\"><figure><a href=\"https:\/\/www.vtusp.cz\/files\/smush-webp\/2020\/12\/01.jpg.webp\" data-rel=\"lightbox-gallery-Oyz1u7TG\" data-rl_title=\"01\" data-rl_caption=\"\" title=\"01\"><img decoding=\"async\" width=\"1000\" height=\"667\" src=\"https:\/\/www.vtusp.cz\/files\/smush-webp\/2020\/12\/01.jpg.webp\" alt=\"\" data-id=\"6626\" data-full-url=\"https:\/\/www.vtusp.cz\/files\/uploads\/2020\/12\/01.jpg\" data-link=\"https:\/\/www.vtusp.cz\/?attachment_id=6626\" class=\"wp-image-6626\" srcset=\"https:\/\/www.vtusp.cz\/files\/smush-webp\/2020\/12\/01.jpg.webp 1000w, https:\/\/www.vtusp.cz\/files\/smush-webp\/2020\/12\/01-900x600.jpg.webp 900w, https:\/\/www.vtusp.cz\/files\/smush-webp\/2020\/12\/01-600x400.jpg.webp 600w, https:\/\/www.vtusp.cz\/files\/smush-webp\/2020\/12\/01-768x512.jpg.webp 768w, https:\/\/www.vtusp.cz\/files\/smush-webp\/2020\/12\/01-300x200.jpg.webp 300w\" sizes=\"(max-width: 1000px) 100vw, 1000px\" \/><\/a><\/figure><\/li><li class=\"blocks-gallery-item\"><figure><a href=\"https:\/\/www.vtusp.cz\/files\/smush-webp\/2020\/12\/02.jpg.webp\" data-rel=\"lightbox-gallery-Oyz1u7TG\" data-rl_title=\"02\" data-rl_caption=\"????????????????????????????????????\" title=\"02\"><img decoding=\"async\" width=\"1600\" height=\"1068\" src=\"https:\/\/www.vtusp.cz\/files\/smush-webp\/2020\/12\/02-1600x1068.jpg.webp\" alt=\"\" data-id=\"6628\" data-full-url=\"https:\/\/www.vtusp.cz\/files\/uploads\/2020\/12\/02.jpg\" data-link=\"https:\/\/www.vtusp.cz\/?attachment_id=6628\" class=\"wp-image-6628\" srcset=\"https:\/\/www.vtusp.cz\/files\/smush-webp\/2020\/12\/02-1600x1068.jpg.webp 1600w, https:\/\/www.vtusp.cz\/files\/smush-webp\/2020\/12\/02-900x600.jpg.webp 900w, https:\/\/www.vtusp.cz\/files\/smush-webp\/2020\/12\/02-600x400.jpg.webp 600w, https:\/\/www.vtusp.cz\/files\/smush-webp\/2020\/12\/02-768x513.jpg.webp 768w, https:\/\/www.vtusp.cz\/files\/smush-webp\/2020\/12\/02-1536x1025.jpg.webp 1536w, https:\/\/www.vtusp.cz\/files\/smush-webp\/2020\/12\/02-300x200.jpg.webp 300w, https:\/\/www.vtusp.cz\/files\/smush-webp\/2020\/12\/02.jpg.webp 1805w\" sizes=\"(max-width: 1600px) 100vw, 1600px\" \/><\/a><\/figure><\/li><li class=\"blocks-gallery-item\"><figure><a href=\"https:\/\/www.vtusp.cz\/files\/smush-webp\/2020\/12\/03.jpg.webp\" data-rel=\"lightbox-gallery-Oyz1u7TG\" data-rl_title=\"03\" data-rl_caption=\"\" title=\"03\"><img decoding=\"async\" width=\"667\" height=\"1000\" src=\"https:\/\/www.vtusp.cz\/files\/smush-webp\/2020\/12\/03.jpg.webp\" alt=\"\" data-id=\"6630\" data-full-url=\"https:\/\/www.vtusp.cz\/files\/uploads\/2020\/12\/03.jpg\" data-link=\"https:\/\/www.vtusp.cz\/?attachment_id=6630\" class=\"wp-image-6630\" srcset=\"https:\/\/www.vtusp.cz\/files\/smush-webp\/2020\/12\/03.jpg.webp 667w, https:\/\/www.vtusp.cz\/files\/smush-webp\/2020\/12\/03-600x900.jpg.webp 600w\" sizes=\"(max-width: 667px) 100vw, 667px\" \/><\/a><\/figure><\/li><li class=\"blocks-gallery-item\"><figure><a href=\"https:\/\/www.vtusp.cz\/files\/smush-webp\/2020\/12\/04.jpg.webp\" data-rel=\"lightbox-gallery-Oyz1u7TG\" data-rl_title=\"04\" data-rl_caption=\"\" title=\"04\"><img decoding=\"async\" width=\"1600\" height=\"1428\" src=\"https:\/\/www.vtusp.cz\/files\/smush-webp\/2020\/12\/04-1600x1428.jpg.webp\" alt=\"\" data-id=\"6632\" data-full-url=\"https:\/\/www.vtusp.cz\/files\/uploads\/2020\/12\/04.jpg\" data-link=\"https:\/\/www.vtusp.cz\/?attachment_id=6632\" class=\"wp-image-6632\" srcset=\"https:\/\/www.vtusp.cz\/files\/smush-webp\/2020\/12\/04-1600x1428.jpg.webp 1600w, https:\/\/www.vtusp.cz\/files\/smush-webp\/2020\/12\/04-900x803.jpg.webp 900w, https:\/\/www.vtusp.cz\/files\/smush-webp\/2020\/12\/04-768x685.jpg.webp 768w, https:\/\/www.vtusp.cz\/files\/smush-webp\/2020\/12\/04-1536x1371.jpg.webp 1536w, https:\/\/www.vtusp.cz\/files\/smush-webp\/2020\/12\/04.jpg.webp 1625w\" sizes=\"(max-width: 1600px) 100vw, 1600px\" \/><\/a><\/figure><\/li><\/ul><\/figure>\n<\/div>\n\n<div class=\"element core-columns\">\n<div class=\"wp-block-columns is-layout-flex wp-container-core-columns-is-layout-9d6595d7 wp-block-columns-is-layout-flex\"><div class=\"element core-column\">\n<div class=\"wp-block-column is-layout-flow wp-block-column-is-layout-flow\"><\/div>\n<\/div>\n\n<div class=\"element core-column\">\n<div class=\"wp-block-column is-layout-flow wp-block-column-is-layout-flow\"><\/div>\n<\/div><\/div>\n<\/div>\n\n<div class=\"element core-paragraph\">\n<p><\/p>\n<\/div>","protected":false},"excerpt":{"rendered":"<p>Premi\u00e9rov\u00e1 \u00fa\u010dast Vojensk\u00e9ho technick\u00e9ho \u00fastavu, s. p. v&nbsp;n\u00e1rodn\u00ed iniciativ\u011b Czech Industry Challenge, kter\u00e1 c\u00edl\u00ed na podporu firem v&nbsp;budov\u00e1n\u00ed sv\u00fdch zna\u010dek a zatraktivn\u011bn\u00ed zam\u011bstn\u00e1v\u00e1n\u00ed v \u010desk\u00e9m pr\u016fmyslu, skon\u010dila \u00fasp\u011bchem. St\u00e1tn\u00ed podnik&#8230;<\/p>\n","protected":false},"author":3,"featured_media":6630,"comment_status":"open","ping_status":"closed","sticky":false,"template":"","format":"standard","meta":{"_acf_changed":false,"inline_featured_image":false,"footnotes":""},"categories":[1],"class_list":["post-6625","post","type-post","status-publish","format-standard","has-post-thumbnail","hentry","category-aktuality"],"acf":[],"yoast_head":"<!-- This site is optimized with the Yoast SEO plugin v27.5 - https:\/\/yoast.com\/product\/yoast-seo-wordpress\/ -->\n<title>VT\u00da mezi pr\u016fmyslov\u00fdmi l\u00eddry v celorepublikov\u00e9 v\u00fdstav\u011b Czech Industry Photo | VT\u00da s.p.<\/title>\n<meta name=\"robots\" content=\"index, follow, max-snippet:-1, max-image-preview:large, max-video-preview:-1\" \/>\n<link rel=\"canonical\" href=\"https:\/\/www.vtusp.cz\/en\/aktuality\/vtu-mezi-prumyslovymi-lidry-v-celorepublikove-vystave-czech-industry-photo\/\" \/>\n<meta property=\"og:locale\" content=\"en_US\" \/>\n<meta property=\"og:type\" content=\"article\" \/>\n<meta property=\"og:title\" content=\"VT\u00da mezi pr\u016fmyslov\u00fdmi l\u00eddry v celorepublikov\u00e9 v\u00fdstav\u011b Czech Industry Photo | VT\u00da s.p.\" \/>\n<meta property=\"og:description\" content=\"Premi\u00e9rov\u00e1 \u00fa\u010dast Vojensk\u00e9ho technick\u00e9ho \u00fastavu, s. p. v&nbsp;n\u00e1rodn\u00ed iniciativ\u011b Czech Industry Challenge, kter\u00e1 c\u00edl\u00ed na podporu firem v&nbsp;budov\u00e1n\u00ed sv\u00fdch zna\u010dek a zatraktivn\u011bn\u00ed zam\u011bstn\u00e1v\u00e1n\u00ed v \u010desk\u00e9m pr\u016fmyslu, skon\u010dila \u00fasp\u011bchem. St\u00e1tn\u00ed podnik...\" \/>\n<meta property=\"og:url\" content=\"https:\/\/www.vtusp.cz\/en\/aktuality\/vtu-mezi-prumyslovymi-lidry-v-celorepublikove-vystave-czech-industry-photo\/\" \/>\n<meta property=\"og:site_name\" content=\"VT\u00da s.p.\" \/>\n<meta property=\"article:published_time\" content=\"2020-12-17T15:00:00+00:00\" \/>\n<meta property=\"og:image\" content=\"https:\/\/www.vtusp.cz\/files\/uploads\/2020\/12\/03.jpg\" \/>\n\t<meta property=\"og:image:width\" content=\"667\" \/>\n\t<meta property=\"og:image:height\" content=\"1000\" \/>\n\t<meta property=\"og:image:type\" content=\"image\/jpeg\" \/>\n<meta name=\"author\" content=\"Mark\u00e9ta \u0160imkov\u00e1\" \/>\n<meta name=\"twitter:card\" content=\"summary_large_image\" \/>\n<meta name=\"twitter:label1\" content=\"Written by\" \/>\n\t<meta name=\"twitter:data1\" content=\"Mark\u00e9ta \u0160imkov\u00e1\" \/>\n\t<meta name=\"twitter:label2\" content=\"Est. reading time\" \/>\n\t<meta name=\"twitter:data2\" content=\"1 minute\" \/>\n<script type=\"application\/ld+json\" class=\"yoast-schema-graph\">{\"@context\":\"https:\\\/\\\/schema.org\",\"@graph\":[{\"@type\":\"Article\",\"@id\":\"https:\\\/\\\/www.vtusp.cz\\\/en\\\/aktuality\\\/vtu-mezi-prumyslovymi-lidry-v-celorepublikove-vystave-czech-industry-photo\\\/#article\",\"isPartOf\":{\"@id\":\"https:\\\/\\\/www.vtusp.cz\\\/en\\\/aktuality\\\/vtu-mezi-prumyslovymi-lidry-v-celorepublikove-vystave-czech-industry-photo\\\/\"},\"author\":{\"name\":\"Mark\u00e9ta \u0160imkov\u00e1\",\"@id\":\"https:\\\/\\\/www.vtusp.cz\\\/en\\\/#\\\/schema\\\/person\\\/f1e8bab14f234b53970de1bd457f4755\"},\"headline\":\"VT\u00da mezi pr\u016fmyslov\u00fdmi l\u00eddry v celorepublikov\u00e9 v\u00fdstav\u011b Czech Industry Photo\",\"datePublished\":\"2020-12-17T15:00:00+00:00\",\"mainEntityOfPage\":{\"@id\":\"https:\\\/\\\/www.vtusp.cz\\\/en\\\/aktuality\\\/vtu-mezi-prumyslovymi-lidry-v-celorepublikove-vystave-czech-industry-photo\\\/\"},\"wordCount\":180,\"commentCount\":0,\"image\":{\"@id\":\"https:\\\/\\\/www.vtusp.cz\\\/en\\\/aktuality\\\/vtu-mezi-prumyslovymi-lidry-v-celorepublikove-vystave-czech-industry-photo\\\/#primaryimage\"},\"thumbnailUrl\":\"https:\\\/\\\/www.vtusp.cz\\\/files\\\/uploads\\\/2020\\\/12\\\/03.jpg\",\"articleSection\":[\"Aktuality\"],\"inLanguage\":\"en-US\",\"potentialAction\":[{\"@type\":\"CommentAction\",\"name\":\"Comment\",\"target\":[\"https:\\\/\\\/www.vtusp.cz\\\/en\\\/aktuality\\\/vtu-mezi-prumyslovymi-lidry-v-celorepublikove-vystave-czech-industry-photo\\\/#respond\"]}]},{\"@type\":\"WebPage\",\"@id\":\"https:\\\/\\\/www.vtusp.cz\\\/en\\\/aktuality\\\/vtu-mezi-prumyslovymi-lidry-v-celorepublikove-vystave-czech-industry-photo\\\/\",\"url\":\"https:\\\/\\\/www.vtusp.cz\\\/en\\\/aktuality\\\/vtu-mezi-prumyslovymi-lidry-v-celorepublikove-vystave-czech-industry-photo\\\/\",\"name\":\"VT\u00da mezi pr\u016fmyslov\u00fdmi l\u00eddry v celorepublikov\u00e9 v\u00fdstav\u011b Czech Industry Photo | VT\u00da s.p.\",\"isPartOf\":{\"@id\":\"https:\\\/\\\/www.vtusp.cz\\\/en\\\/#website\"},\"primaryImageOfPage\":{\"@id\":\"https:\\\/\\\/www.vtusp.cz\\\/en\\\/aktuality\\\/vtu-mezi-prumyslovymi-lidry-v-celorepublikove-vystave-czech-industry-photo\\\/#primaryimage\"},\"image\":{\"@id\":\"https:\\\/\\\/www.vtusp.cz\\\/en\\\/aktuality\\\/vtu-mezi-prumyslovymi-lidry-v-celorepublikove-vystave-czech-industry-photo\\\/#primaryimage\"},\"thumbnailUrl\":\"https:\\\/\\\/www.vtusp.cz\\\/files\\\/uploads\\\/2020\\\/12\\\/03.jpg\",\"datePublished\":\"2020-12-17T15:00:00+00:00\",\"author\":{\"@id\":\"https:\\\/\\\/www.vtusp.cz\\\/en\\\/#\\\/schema\\\/person\\\/f1e8bab14f234b53970de1bd457f4755\"},\"breadcrumb\":{\"@id\":\"https:\\\/\\\/www.vtusp.cz\\\/en\\\/aktuality\\\/vtu-mezi-prumyslovymi-lidry-v-celorepublikove-vystave-czech-industry-photo\\\/#breadcrumb\"},\"inLanguage\":\"en-US\",\"potentialAction\":[{\"@type\":\"ReadAction\",\"target\":[\"https:\\\/\\\/www.vtusp.cz\\\/en\\\/aktuality\\\/vtu-mezi-prumyslovymi-lidry-v-celorepublikove-vystave-czech-industry-photo\\\/\"]}]},{\"@type\":\"ImageObject\",\"inLanguage\":\"en-US\",\"@id\":\"https:\\\/\\\/www.vtusp.cz\\\/en\\\/aktuality\\\/vtu-mezi-prumyslovymi-lidry-v-celorepublikove-vystave-czech-industry-photo\\\/#primaryimage\",\"url\":\"https:\\\/\\\/www.vtusp.cz\\\/files\\\/uploads\\\/2020\\\/12\\\/03.jpg\",\"contentUrl\":\"https:\\\/\\\/www.vtusp.cz\\\/files\\\/uploads\\\/2020\\\/12\\\/03.jpg\",\"width\":667,\"height\":1000},{\"@type\":\"BreadcrumbList\",\"@id\":\"https:\\\/\\\/www.vtusp.cz\\\/en\\\/aktuality\\\/vtu-mezi-prumyslovymi-lidry-v-celorepublikove-vystave-czech-industry-photo\\\/#breadcrumb\",\"itemListElement\":[{\"@type\":\"ListItem\",\"position\":1,\"name\":\"Home\",\"item\":\"https:\\\/\\\/www.vtusp.cz\\\/en\\\/\"},{\"@type\":\"ListItem\",\"position\":2,\"name\":\"VT\u00da mezi pr\u016fmyslov\u00fdmi l\u00eddry v celorepublikov\u00e9 v\u00fdstav\u011b Czech Industry Photo\"}]},{\"@type\":\"WebSite\",\"@id\":\"https:\\\/\\\/www.vtusp.cz\\\/en\\\/#website\",\"url\":\"https:\\\/\\\/www.vtusp.cz\\\/en\\\/\",\"name\":\"VT\u00da s.p.\",\"description\":\"\",\"potentialAction\":[{\"@type\":\"SearchAction\",\"target\":{\"@type\":\"EntryPoint\",\"urlTemplate\":\"https:\\\/\\\/www.vtusp.cz\\\/en\\\/?s={search_term_string}\"},\"query-input\":{\"@type\":\"PropertyValueSpecification\",\"valueRequired\":true,\"valueName\":\"search_term_string\"}}],\"inLanguage\":\"en-US\"},{\"@type\":\"Person\",\"@id\":\"https:\\\/\\\/www.vtusp.cz\\\/en\\\/#\\\/schema\\\/person\\\/f1e8bab14f234b53970de1bd457f4755\",\"name\":\"Mark\u00e9ta \u0160imkov\u00e1\",\"image\":{\"@type\":\"ImageObject\",\"inLanguage\":\"en-US\",\"@id\":\"https:\\\/\\\/secure.gravatar.com\\\/avatar\\\/11e6d560fad0d34db4e72d297ae926889fe4d6c23ddb5d1cab66094009979d36?s=96&d=mm&r=g\",\"url\":\"https:\\\/\\\/secure.gravatar.com\\\/avatar\\\/11e6d560fad0d34db4e72d297ae926889fe4d6c23ddb5d1cab66094009979d36?s=96&d=mm&r=g\",\"contentUrl\":\"https:\\\/\\\/secure.gravatar.com\\\/avatar\\\/11e6d560fad0d34db4e72d297ae926889fe4d6c23ddb5d1cab66094009979d36?s=96&d=mm&r=g\",\"caption\":\"Mark\u00e9ta \u0160imkov\u00e1\"}}]}<\/script>\n<!-- \/ Yoast SEO plugin. -->","yoast_head_json":{"title":"VT\u00da mezi pr\u016fmyslov\u00fdmi l\u00eddry v celorepublikov\u00e9 v\u00fdstav\u011b Czech Industry Photo | VT\u00da s.p.","robots":{"index":"index","follow":"follow","max-snippet":"max-snippet:-1","max-image-preview":"max-image-preview:large","max-video-preview":"max-video-preview:-1"},"canonical":"https:\/\/www.vtusp.cz\/en\/aktuality\/vtu-mezi-prumyslovymi-lidry-v-celorepublikove-vystave-czech-industry-photo\/","og_locale":"en_US","og_type":"article","og_title":"VT\u00da mezi pr\u016fmyslov\u00fdmi l\u00eddry v celorepublikov\u00e9 v\u00fdstav\u011b Czech Industry Photo | VT\u00da s.p.","og_description":"Premi\u00e9rov\u00e1 \u00fa\u010dast Vojensk\u00e9ho technick\u00e9ho \u00fastavu, s. p. v&nbsp;n\u00e1rodn\u00ed iniciativ\u011b Czech Industry Challenge, kter\u00e1 c\u00edl\u00ed na podporu firem v&nbsp;budov\u00e1n\u00ed sv\u00fdch zna\u010dek a zatraktivn\u011bn\u00ed zam\u011bstn\u00e1v\u00e1n\u00ed v \u010desk\u00e9m pr\u016fmyslu, skon\u010dila \u00fasp\u011bchem. St\u00e1tn\u00ed podnik...","og_url":"https:\/\/www.vtusp.cz\/en\/aktuality\/vtu-mezi-prumyslovymi-lidry-v-celorepublikove-vystave-czech-industry-photo\/","og_site_name":"VT\u00da s.p.","article_published_time":"2020-12-17T15:00:00+00:00","og_image":[{"width":667,"height":1000,"url":"https:\/\/www.vtusp.cz\/files\/uploads\/2020\/12\/03.jpg","type":"image\/jpeg"}],"author":"Mark\u00e9ta \u0160imkov\u00e1","twitter_card":"summary_large_image","twitter_misc":{"Written by":"Mark\u00e9ta \u0160imkov\u00e1","Est. reading time":"1 minute"},"schema":{"@context":"https:\/\/schema.org","@graph":[{"@type":"Article","@id":"https:\/\/www.vtusp.cz\/en\/aktuality\/vtu-mezi-prumyslovymi-lidry-v-celorepublikove-vystave-czech-industry-photo\/#article","isPartOf":{"@id":"https:\/\/www.vtusp.cz\/en\/aktuality\/vtu-mezi-prumyslovymi-lidry-v-celorepublikove-vystave-czech-industry-photo\/"},"author":{"name":"Mark\u00e9ta \u0160imkov\u00e1","@id":"https:\/\/www.vtusp.cz\/en\/#\/schema\/person\/f1e8bab14f234b53970de1bd457f4755"},"headline":"VT\u00da mezi pr\u016fmyslov\u00fdmi l\u00eddry v celorepublikov\u00e9 v\u00fdstav\u011b Czech Industry Photo","datePublished":"2020-12-17T15:00:00+00:00","mainEntityOfPage":{"@id":"https:\/\/www.vtusp.cz\/en\/aktuality\/vtu-mezi-prumyslovymi-lidry-v-celorepublikove-vystave-czech-industry-photo\/"},"wordCount":180,"commentCount":0,"image":{"@id":"https:\/\/www.vtusp.cz\/en\/aktuality\/vtu-mezi-prumyslovymi-lidry-v-celorepublikove-vystave-czech-industry-photo\/#primaryimage"},"thumbnailUrl":"https:\/\/www.vtusp.cz\/files\/uploads\/2020\/12\/03.jpg","articleSection":["Aktuality"],"inLanguage":"en-US","potentialAction":[{"@type":"CommentAction","name":"Comment","target":["https:\/\/www.vtusp.cz\/en\/aktuality\/vtu-mezi-prumyslovymi-lidry-v-celorepublikove-vystave-czech-industry-photo\/#respond"]}]},{"@type":"WebPage","@id":"https:\/\/www.vtusp.cz\/en\/aktuality\/vtu-mezi-prumyslovymi-lidry-v-celorepublikove-vystave-czech-industry-photo\/","url":"https:\/\/www.vtusp.cz\/en\/aktuality\/vtu-mezi-prumyslovymi-lidry-v-celorepublikove-vystave-czech-industry-photo\/","name":"VT\u00da mezi pr\u016fmyslov\u00fdmi l\u00eddry v celorepublikov\u00e9 v\u00fdstav\u011b Czech Industry Photo | VT\u00da s.p.","isPartOf":{"@id":"https:\/\/www.vtusp.cz\/en\/#website"},"primaryImageOfPage":{"@id":"https:\/\/www.vtusp.cz\/en\/aktuality\/vtu-mezi-prumyslovymi-lidry-v-celorepublikove-vystave-czech-industry-photo\/#primaryimage"},"image":{"@id":"https:\/\/www.vtusp.cz\/en\/aktuality\/vtu-mezi-prumyslovymi-lidry-v-celorepublikove-vystave-czech-industry-photo\/#primaryimage"},"thumbnailUrl":"https:\/\/www.vtusp.cz\/files\/uploads\/2020\/12\/03.jpg","datePublished":"2020-12-17T15:00:00+00:00","author":{"@id":"https:\/\/www.vtusp.cz\/en\/#\/schema\/person\/f1e8bab14f234b53970de1bd457f4755"},"breadcrumb":{"@id":"https:\/\/www.vtusp.cz\/en\/aktuality\/vtu-mezi-prumyslovymi-lidry-v-celorepublikove-vystave-czech-industry-photo\/#breadcrumb"},"inLanguage":"en-US","potentialAction":[{"@type":"ReadAction","target":["https:\/\/www.vtusp.cz\/en\/aktuality\/vtu-mezi-prumyslovymi-lidry-v-celorepublikove-vystave-czech-industry-photo\/"]}]},{"@type":"ImageObject","inLanguage":"en-US","@id":"https:\/\/www.vtusp.cz\/en\/aktuality\/vtu-mezi-prumyslovymi-lidry-v-celorepublikove-vystave-czech-industry-photo\/#primaryimage","url":"https:\/\/www.vtusp.cz\/files\/uploads\/2020\/12\/03.jpg","contentUrl":"https:\/\/www.vtusp.cz\/files\/uploads\/2020\/12\/03.jpg","width":667,"height":1000},{"@type":"BreadcrumbList","@id":"https:\/\/www.vtusp.cz\/en\/aktuality\/vtu-mezi-prumyslovymi-lidry-v-celorepublikove-vystave-czech-industry-photo\/#breadcrumb","itemListElement":[{"@type":"ListItem","position":1,"name":"Home","item":"https:\/\/www.vtusp.cz\/en\/"},{"@type":"ListItem","position":2,"name":"VT\u00da mezi pr\u016fmyslov\u00fdmi l\u00eddry v celorepublikov\u00e9 v\u00fdstav\u011b Czech Industry Photo"}]},{"@type":"WebSite","@id":"https:\/\/www.vtusp.cz\/en\/#website","url":"https:\/\/www.vtusp.cz\/en\/","name":"VT\u00da s.p.","description":"","potentialAction":[{"@type":"SearchAction","target":{"@type":"EntryPoint","urlTemplate":"https:\/\/www.vtusp.cz\/en\/?s={search_term_string}"},"query-input":{"@type":"PropertyValueSpecification","valueRequired":true,"valueName":"search_term_string"}}],"inLanguage":"en-US"},{"@type":"Person","@id":"https:\/\/www.vtusp.cz\/en\/#\/schema\/person\/f1e8bab14f234b53970de1bd457f4755","name":"Mark\u00e9ta \u0160imkov\u00e1","image":{"@type":"ImageObject","inLanguage":"en-US","@id":"https:\/\/secure.gravatar.com\/avatar\/11e6d560fad0d34db4e72d297ae926889fe4d6c23ddb5d1cab66094009979d36?s=96&d=mm&r=g","url":"https:\/\/secure.gravatar.com\/avatar\/11e6d560fad0d34db4e72d297ae926889fe4d6c23ddb5d1cab66094009979d36?s=96&d=mm&r=g","contentUrl":"https:\/\/secure.gravatar.com\/avatar\/11e6d560fad0d34db4e72d297ae926889fe4d6c23ddb5d1cab66094009979d36?s=96&d=mm&r=g","caption":"Mark\u00e9ta \u0160imkov\u00e1"}}]}},"_links":{"self":[{"href":"https:\/\/www.vtusp.cz\/en\/wp-json\/wp\/v2\/posts\/6625","targetHints":{"allow":["GET"]}}],"collection":[{"href":"https:\/\/www.vtusp.cz\/en\/wp-json\/wp\/v2\/posts"}],"about":[{"href":"https:\/\/www.vtusp.cz\/en\/wp-json\/wp\/v2\/types\/post"}],"author":[{"embeddable":true,"href":"https:\/\/www.vtusp.cz\/en\/wp-json\/wp\/v2\/users\/3"}],"replies":[{"embeddable":true,"href":"https:\/\/www.vtusp.cz\/en\/wp-json\/wp\/v2\/comments?post=6625"}],"version-history":[{"count":4,"href":"https:\/\/www.vtusp.cz\/en\/wp-json\/wp\/v2\/posts\/6625\/revisions"}],"predecessor-version":[{"id":6637,"href":"https:\/\/www.vtusp.cz\/en\/wp-json\/wp\/v2\/posts\/6625\/revisions\/6637"}],"wp:featuredmedia":[{"embeddable":true,"href":"https:\/\/www.vtusp.cz\/en\/wp-json\/wp\/v2\/media\/6630"}],"wp:attachment":[{"href":"https:\/\/www.vtusp.cz\/en\/wp-json\/wp\/v2\/media?parent=6625"}],"wp:term":[{"taxonomy":"category","embeddable":true,"href":"https:\/\/www.vtusp.cz\/en\/wp-json\/wp\/v2\/categories?post=6625"}],"curies":[{"name":"wp","href":"https:\/\/api.w.org\/{rel}","templated":true}]}}