{"id":6404,"date":"2020-11-26T08:44:02","date_gmt":"2020-11-26T07:44:02","guid":{"rendered":"https:\/\/www.vtusp.cz\/?p=6404"},"modified":"2020-11-26T08:49:21","modified_gmt":"2020-11-26T07:49:21","slug":"vtu-se-podili-na-zacleneni-strategickych-projektu-do-armady","status":"publish","type":"post","link":"https:\/\/www.vtusp.cz\/en\/aktuality\/vtu-se-podili-na-zacleneni-strategickych-projektu-do-armady\/","title":{"rendered":"VT\u00da se pod\u00edl\u00ed na za\u010dlen\u011bn\u00ed strategick\u00fdch projekt\u016f do arm\u00e1dy"},"content":{"rendered":"<div class=\"element core-paragraph\">\n<p>Pod titulkem \u201eVT\u00da se pod\u00edl\u00ed na za\u010dlen\u011bn\u00ed strategick\u00fdch projekt\u016f do na\u0161\u00ed arm\u00e1dy\u201c si m\u016f\u017eete v magaz\u00ednu Report\u00e1\u017ee z&nbsp;pr\u016fmyslu, kter\u00fd mapuje situaci v \u010desk\u00e9m hospod\u00e1\u0159stv\u00ed a seznamuje odbornou ve\u0159ejnost s&nbsp;aktu\u00e1ln\u00edm v\u00fdvojem v&nbsp;jeho jednotliv\u00fdch odv\u011btv\u00edch, p\u0159e\u010d\u00edst rozhovor s&nbsp;Ji\u0159\u00edm Protivou, \u0159editelem st\u00e1tn\u00edho podniku Vojensk\u00fd technick\u00fd \u00fastav.<\/p>\n<\/div>\n\n<div class=\"element core-paragraph\">\n<p>Autor: Pavel Lang<\/p>\n<\/div>\n\n<div class=\"element core-gallery\">\n<figure class=\"wp-block-gallery columns-1 is-cropped wp-block-gallery-1 is-layout-flex wp-block-gallery-is-layout-flex\"><ul class=\"blocks-gallery-grid\"><li class=\"blocks-gallery-item\"><figure><img decoding=\"async\" width=\"1270\" height=\"895\" src=\"https:\/\/www.vtusp.cz\/files\/smush-webp\/2020\/11\/2-1.png.webp\" alt=\"\" data-id=\"6405\" data-full-url=\"https:\/\/www.vtusp.cz\/files\/uploads\/2020\/11\/2-1.png\" data-link=\"https:\/\/www.vtusp.cz\/?attachment_id=6405\" class=\"wp-image-6405\" srcset=\"https:\/\/www.vtusp.cz\/files\/smush-webp\/2020\/11\/2-1.png.webp 1270w, https:\/\/www.vtusp.cz\/files\/smush-webp\/2020\/11\/2-1-900x634.png.webp 900w, https:\/\/www.vtusp.cz\/files\/smush-webp\/2020\/11\/2-1-768x541.png.webp 768w\" sizes=\"(max-width: 1270px) 100vw, 1270px\" \/><\/figure><\/li><\/ul><\/figure>\n<\/div>\n\n<div class=\"element acf-files\"><section class=\"files\">\n\t<div class=\"in cf\">\n\t\t\t\t<div class=\"files ikona\">\n\t\t\t\t\t\t\t\t\t\t\t\t<div class=\"file\">\n\t\t\t\t\t\t<div class=\"inner cf\">\n\t\t\t\t\t\t\t\t\t\t\t\t\t\t\t\t\t\t\t\t\t\t<span class=\"icon pdf\">pdf<\/span>\n\t\t\t\t\t\t\t\t\t\t\t\t\t\t<div class=\"title\"><h5>Cel\u00fd \u010dl\u00e1nek ke sta\u017een\u00ed ZDE<\/h5><\/div>\n\t\t\t\t\t\t\t\t\t\t\t\t\t\t\t<div class=\"right\">\n\t\t\t\t\t\t\t\t\t<div class=\"right-inner\">\n\t\t\t\t\t\t\t\t\t\t<a class=\"download\" href=\"https:\/\/www.vtusp.cz\/files\/uploads\/2020\/11\/Report\u00e1\u017ee-z-pr\u016fmyslu-11-2020-1.pdf\" download>Download<\/a>\n\t\t\t\t\t\t\t\t\t\t<p class=\"info\">\n\t\t\t\t\t\t\t\t\t\t\tpdf<span class=\"sep\">|<\/span>\n\t\t\t\t\t\t\t\t\t\t\t463.44 kB\t\t\t\t\t\t\t\t\t\t<\/p>\n\t\t\t\t\t\t\t\t\t<\/div>\n\t\t\t\t\t\t\t\t<\/div>\n\t\t\t\t\t\t\t\t\t\t\t\t\t<\/div>\n\t\t\t\t\t<\/div>\n\t\t\t\t\t\t\t\t\t<\/div>\n\t<\/div>\n<\/section> \n<\/div>","protected":false},"excerpt":{"rendered":"<p>Pod titulkem \u201eVT\u00da se pod\u00edl\u00ed na za\u010dlen\u011bn\u00ed strategick\u00fdch projekt\u016f do na\u0161\u00ed arm\u00e1dy\u201c si m\u016f\u017eete v magaz\u00ednu Report\u00e1\u017ee z&nbsp;pr\u016fmyslu, kter\u00fd mapuje situaci v \u010desk\u00e9m hospod\u00e1\u0159stv\u00ed a seznamuje odbornou ve\u0159ejnost s&nbsp;aktu\u00e1ln\u00edm v\u00fdvojem&#8230;<\/p>\n","protected":false},"author":3,"featured_media":6407,"comment_status":"open","ping_status":"closed","sticky":false,"template":"","format":"standard","meta":{"_acf_changed":false,"inline_featured_image":false,"footnotes":""},"categories":[1],"class_list":["post-6404","post","type-post","status-publish","format-standard","has-post-thumbnail","hentry","category-aktuality"],"acf":[],"yoast_head":"<!-- This site is optimized with the Yoast SEO plugin v27.5 - https:\/\/yoast.com\/product\/yoast-seo-wordpress\/ -->\n<title>VT\u00da se pod\u00edl\u00ed na za\u010dlen\u011bn\u00ed strategick\u00fdch projekt\u016f do arm\u00e1dy | VT\u00da s.p.<\/title>\n<meta name=\"robots\" content=\"index, follow, max-snippet:-1, max-image-preview:large, max-video-preview:-1\" \/>\n<link rel=\"canonical\" href=\"https:\/\/www.vtusp.cz\/en\/aktuality\/vtu-se-podili-na-zacleneni-strategickych-projektu-do-armady\/\" \/>\n<meta property=\"og:locale\" content=\"en_US\" \/>\n<meta property=\"og:type\" content=\"article\" \/>\n<meta property=\"og:title\" content=\"VT\u00da se pod\u00edl\u00ed na za\u010dlen\u011bn\u00ed strategick\u00fdch projekt\u016f do arm\u00e1dy | VT\u00da s.p.\" \/>\n<meta property=\"og:description\" content=\"Pod titulkem \u201eVT\u00da se pod\u00edl\u00ed na za\u010dlen\u011bn\u00ed strategick\u00fdch projekt\u016f do na\u0161\u00ed arm\u00e1dy\u201c si m\u016f\u017eete v magaz\u00ednu Report\u00e1\u017ee z&nbsp;pr\u016fmyslu, kter\u00fd mapuje situaci v \u010desk\u00e9m hospod\u00e1\u0159stv\u00ed a seznamuje odbornou ve\u0159ejnost s&nbsp;aktu\u00e1ln\u00edm v\u00fdvojem...\" \/>\n<meta property=\"og:url\" content=\"https:\/\/www.vtusp.cz\/en\/aktuality\/vtu-se-podili-na-zacleneni-strategickych-projektu-do-armady\/\" \/>\n<meta property=\"og:site_name\" content=\"VT\u00da s.p.\" \/>\n<meta property=\"article:published_time\" content=\"2020-11-26T07:44:02+00:00\" \/>\n<meta property=\"article:modified_time\" content=\"2020-11-26T07:49:21+00:00\" \/>\n<meta property=\"og:image\" content=\"https:\/\/www.vtusp.cz\/files\/uploads\/2020\/11\/1-1.png\" \/>\n\t<meta property=\"og:image:width\" content=\"1282\" \/>\n\t<meta property=\"og:image:height\" content=\"899\" \/>\n\t<meta property=\"og:image:type\" content=\"image\/png\" \/>\n<meta name=\"author\" content=\"Mark\u00e9ta \u0160imkov\u00e1\" \/>\n<meta name=\"twitter:card\" content=\"summary_large_image\" \/>\n<meta name=\"twitter:label1\" content=\"Written by\" \/>\n\t<meta name=\"twitter:data1\" content=\"Mark\u00e9ta \u0160imkov\u00e1\" \/>\n<script type=\"application\/ld+json\" class=\"yoast-schema-graph\">{\"@context\":\"https:\\\/\\\/schema.org\",\"@graph\":[{\"@type\":\"Article\",\"@id\":\"https:\\\/\\\/www.vtusp.cz\\\/en\\\/aktuality\\\/vtu-se-podili-na-zacleneni-strategickych-projektu-do-armady\\\/#article\",\"isPartOf\":{\"@id\":\"https:\\\/\\\/www.vtusp.cz\\\/en\\\/aktuality\\\/vtu-se-podili-na-zacleneni-strategickych-projektu-do-armady\\\/\"},\"author\":{\"name\":\"Mark\u00e9ta \u0160imkov\u00e1\",\"@id\":\"https:\\\/\\\/www.vtusp.cz\\\/en\\\/#\\\/schema\\\/person\\\/f1e8bab14f234b53970de1bd457f4755\"},\"headline\":\"VT\u00da se pod\u00edl\u00ed na za\u010dlen\u011bn\u00ed strategick\u00fdch projekt\u016f do arm\u00e1dy\",\"datePublished\":\"2020-11-26T07:44:02+00:00\",\"dateModified\":\"2020-11-26T07:49:21+00:00\",\"mainEntityOfPage\":{\"@id\":\"https:\\\/\\\/www.vtusp.cz\\\/en\\\/aktuality\\\/vtu-se-podili-na-zacleneni-strategickych-projektu-do-armady\\\/\"},\"wordCount\":91,\"commentCount\":0,\"image\":{\"@id\":\"https:\\\/\\\/www.vtusp.cz\\\/en\\\/aktuality\\\/vtu-se-podili-na-zacleneni-strategickych-projektu-do-armady\\\/#primaryimage\"},\"thumbnailUrl\":\"https:\\\/\\\/www.vtusp.cz\\\/files\\\/uploads\\\/2020\\\/11\\\/1-1.png\",\"articleSection\":[\"Aktuality\"],\"inLanguage\":\"en-US\",\"potentialAction\":[{\"@type\":\"CommentAction\",\"name\":\"Comment\",\"target\":[\"https:\\\/\\\/www.vtusp.cz\\\/en\\\/aktuality\\\/vtu-se-podili-na-zacleneni-strategickych-projektu-do-armady\\\/#respond\"]}]},{\"@type\":\"WebPage\",\"@id\":\"https:\\\/\\\/www.vtusp.cz\\\/en\\\/aktuality\\\/vtu-se-podili-na-zacleneni-strategickych-projektu-do-armady\\\/\",\"url\":\"https:\\\/\\\/www.vtusp.cz\\\/en\\\/aktuality\\\/vtu-se-podili-na-zacleneni-strategickych-projektu-do-armady\\\/\",\"name\":\"VT\u00da se pod\u00edl\u00ed na za\u010dlen\u011bn\u00ed strategick\u00fdch projekt\u016f do arm\u00e1dy | VT\u00da s.p.\",\"isPartOf\":{\"@id\":\"https:\\\/\\\/www.vtusp.cz\\\/en\\\/#website\"},\"primaryImageOfPage\":{\"@id\":\"https:\\\/\\\/www.vtusp.cz\\\/en\\\/aktuality\\\/vtu-se-podili-na-zacleneni-strategickych-projektu-do-armady\\\/#primaryimage\"},\"image\":{\"@id\":\"https:\\\/\\\/www.vtusp.cz\\\/en\\\/aktuality\\\/vtu-se-podili-na-zacleneni-strategickych-projektu-do-armady\\\/#primaryimage\"},\"thumbnailUrl\":\"https:\\\/\\\/www.vtusp.cz\\\/files\\\/uploads\\\/2020\\\/11\\\/1-1.png\",\"datePublished\":\"2020-11-26T07:44:02+00:00\",\"dateModified\":\"2020-11-26T07:49:21+00:00\",\"author\":{\"@id\":\"https:\\\/\\\/www.vtusp.cz\\\/en\\\/#\\\/schema\\\/person\\\/f1e8bab14f234b53970de1bd457f4755\"},\"breadcrumb\":{\"@id\":\"https:\\\/\\\/www.vtusp.cz\\\/en\\\/aktuality\\\/vtu-se-podili-na-zacleneni-strategickych-projektu-do-armady\\\/#breadcrumb\"},\"inLanguage\":\"en-US\",\"potentialAction\":[{\"@type\":\"ReadAction\",\"target\":[\"https:\\\/\\\/www.vtusp.cz\\\/en\\\/aktuality\\\/vtu-se-podili-na-zacleneni-strategickych-projektu-do-armady\\\/\"]}]},{\"@type\":\"ImageObject\",\"inLanguage\":\"en-US\",\"@id\":\"https:\\\/\\\/www.vtusp.cz\\\/en\\\/aktuality\\\/vtu-se-podili-na-zacleneni-strategickych-projektu-do-armady\\\/#primaryimage\",\"url\":\"https:\\\/\\\/www.vtusp.cz\\\/files\\\/uploads\\\/2020\\\/11\\\/1-1.png\",\"contentUrl\":\"https:\\\/\\\/www.vtusp.cz\\\/files\\\/uploads\\\/2020\\\/11\\\/1-1.png\",\"width\":1282,\"height\":899},{\"@type\":\"BreadcrumbList\",\"@id\":\"https:\\\/\\\/www.vtusp.cz\\\/en\\\/aktuality\\\/vtu-se-podili-na-zacleneni-strategickych-projektu-do-armady\\\/#breadcrumb\",\"itemListElement\":[{\"@type\":\"ListItem\",\"position\":1,\"name\":\"Home\",\"item\":\"https:\\\/\\\/www.vtusp.cz\\\/en\\\/\"},{\"@type\":\"ListItem\",\"position\":2,\"name\":\"VT\u00da se pod\u00edl\u00ed na za\u010dlen\u011bn\u00ed strategick\u00fdch projekt\u016f do arm\u00e1dy\"}]},{\"@type\":\"WebSite\",\"@id\":\"https:\\\/\\\/www.vtusp.cz\\\/en\\\/#website\",\"url\":\"https:\\\/\\\/www.vtusp.cz\\\/en\\\/\",\"name\":\"VT\u00da s.p.\",\"description\":\"\",\"potentialAction\":[{\"@type\":\"SearchAction\",\"target\":{\"@type\":\"EntryPoint\",\"urlTemplate\":\"https:\\\/\\\/www.vtusp.cz\\\/en\\\/?s={search_term_string}\"},\"query-input\":{\"@type\":\"PropertyValueSpecification\",\"valueRequired\":true,\"valueName\":\"search_term_string\"}}],\"inLanguage\":\"en-US\"},{\"@type\":\"Person\",\"@id\":\"https:\\\/\\\/www.vtusp.cz\\\/en\\\/#\\\/schema\\\/person\\\/f1e8bab14f234b53970de1bd457f4755\",\"name\":\"Mark\u00e9ta \u0160imkov\u00e1\",\"image\":{\"@type\":\"ImageObject\",\"inLanguage\":\"en-US\",\"@id\":\"https:\\\/\\\/secure.gravatar.com\\\/avatar\\\/11e6d560fad0d34db4e72d297ae926889fe4d6c23ddb5d1cab66094009979d36?s=96&d=mm&r=g\",\"url\":\"https:\\\/\\\/secure.gravatar.com\\\/avatar\\\/11e6d560fad0d34db4e72d297ae926889fe4d6c23ddb5d1cab66094009979d36?s=96&d=mm&r=g\",\"contentUrl\":\"https:\\\/\\\/secure.gravatar.com\\\/avatar\\\/11e6d560fad0d34db4e72d297ae926889fe4d6c23ddb5d1cab66094009979d36?s=96&d=mm&r=g\",\"caption\":\"Mark\u00e9ta \u0160imkov\u00e1\"}}]}<\/script>\n<!-- \/ Yoast SEO plugin. -->","yoast_head_json":{"title":"VT\u00da se pod\u00edl\u00ed na za\u010dlen\u011bn\u00ed strategick\u00fdch projekt\u016f do arm\u00e1dy | VT\u00da s.p.","robots":{"index":"index","follow":"follow","max-snippet":"max-snippet:-1","max-image-preview":"max-image-preview:large","max-video-preview":"max-video-preview:-1"},"canonical":"https:\/\/www.vtusp.cz\/en\/aktuality\/vtu-se-podili-na-zacleneni-strategickych-projektu-do-armady\/","og_locale":"en_US","og_type":"article","og_title":"VT\u00da se pod\u00edl\u00ed na za\u010dlen\u011bn\u00ed strategick\u00fdch projekt\u016f do arm\u00e1dy | VT\u00da s.p.","og_description":"Pod titulkem \u201eVT\u00da se pod\u00edl\u00ed na za\u010dlen\u011bn\u00ed strategick\u00fdch projekt\u016f do na\u0161\u00ed arm\u00e1dy\u201c si m\u016f\u017eete v magaz\u00ednu Report\u00e1\u017ee z&nbsp;pr\u016fmyslu, kter\u00fd mapuje situaci v \u010desk\u00e9m hospod\u00e1\u0159stv\u00ed a seznamuje odbornou ve\u0159ejnost s&nbsp;aktu\u00e1ln\u00edm v\u00fdvojem...","og_url":"https:\/\/www.vtusp.cz\/en\/aktuality\/vtu-se-podili-na-zacleneni-strategickych-projektu-do-armady\/","og_site_name":"VT\u00da s.p.","article_published_time":"2020-11-26T07:44:02+00:00","article_modified_time":"2020-11-26T07:49:21+00:00","og_image":[{"width":1282,"height":899,"url":"https:\/\/www.vtusp.cz\/files\/uploads\/2020\/11\/1-1.png","type":"image\/png"}],"author":"Mark\u00e9ta \u0160imkov\u00e1","twitter_card":"summary_large_image","twitter_misc":{"Written by":"Mark\u00e9ta \u0160imkov\u00e1"},"schema":{"@context":"https:\/\/schema.org","@graph":[{"@type":"Article","@id":"https:\/\/www.vtusp.cz\/en\/aktuality\/vtu-se-podili-na-zacleneni-strategickych-projektu-do-armady\/#article","isPartOf":{"@id":"https:\/\/www.vtusp.cz\/en\/aktuality\/vtu-se-podili-na-zacleneni-strategickych-projektu-do-armady\/"},"author":{"name":"Mark\u00e9ta \u0160imkov\u00e1","@id":"https:\/\/www.vtusp.cz\/en\/#\/schema\/person\/f1e8bab14f234b53970de1bd457f4755"},"headline":"VT\u00da se pod\u00edl\u00ed na za\u010dlen\u011bn\u00ed strategick\u00fdch projekt\u016f do arm\u00e1dy","datePublished":"2020-11-26T07:44:02+00:00","dateModified":"2020-11-26T07:49:21+00:00","mainEntityOfPage":{"@id":"https:\/\/www.vtusp.cz\/en\/aktuality\/vtu-se-podili-na-zacleneni-strategickych-projektu-do-armady\/"},"wordCount":91,"commentCount":0,"image":{"@id":"https:\/\/www.vtusp.cz\/en\/aktuality\/vtu-se-podili-na-zacleneni-strategickych-projektu-do-armady\/#primaryimage"},"thumbnailUrl":"https:\/\/www.vtusp.cz\/files\/uploads\/2020\/11\/1-1.png","articleSection":["Aktuality"],"inLanguage":"en-US","potentialAction":[{"@type":"CommentAction","name":"Comment","target":["https:\/\/www.vtusp.cz\/en\/aktuality\/vtu-se-podili-na-zacleneni-strategickych-projektu-do-armady\/#respond"]}]},{"@type":"WebPage","@id":"https:\/\/www.vtusp.cz\/en\/aktuality\/vtu-se-podili-na-zacleneni-strategickych-projektu-do-armady\/","url":"https:\/\/www.vtusp.cz\/en\/aktuality\/vtu-se-podili-na-zacleneni-strategickych-projektu-do-armady\/","name":"VT\u00da se pod\u00edl\u00ed na za\u010dlen\u011bn\u00ed strategick\u00fdch projekt\u016f do arm\u00e1dy | VT\u00da s.p.","isPartOf":{"@id":"https:\/\/www.vtusp.cz\/en\/#website"},"primaryImageOfPage":{"@id":"https:\/\/www.vtusp.cz\/en\/aktuality\/vtu-se-podili-na-zacleneni-strategickych-projektu-do-armady\/#primaryimage"},"image":{"@id":"https:\/\/www.vtusp.cz\/en\/aktuality\/vtu-se-podili-na-zacleneni-strategickych-projektu-do-armady\/#primaryimage"},"thumbnailUrl":"https:\/\/www.vtusp.cz\/files\/uploads\/2020\/11\/1-1.png","datePublished":"2020-11-26T07:44:02+00:00","dateModified":"2020-11-26T07:49:21+00:00","author":{"@id":"https:\/\/www.vtusp.cz\/en\/#\/schema\/person\/f1e8bab14f234b53970de1bd457f4755"},"breadcrumb":{"@id":"https:\/\/www.vtusp.cz\/en\/aktuality\/vtu-se-podili-na-zacleneni-strategickych-projektu-do-armady\/#breadcrumb"},"inLanguage":"en-US","potentialAction":[{"@type":"ReadAction","target":["https:\/\/www.vtusp.cz\/en\/aktuality\/vtu-se-podili-na-zacleneni-strategickych-projektu-do-armady\/"]}]},{"@type":"ImageObject","inLanguage":"en-US","@id":"https:\/\/www.vtusp.cz\/en\/aktuality\/vtu-se-podili-na-zacleneni-strategickych-projektu-do-armady\/#primaryimage","url":"https:\/\/www.vtusp.cz\/files\/uploads\/2020\/11\/1-1.png","contentUrl":"https:\/\/www.vtusp.cz\/files\/uploads\/2020\/11\/1-1.png","width":1282,"height":899},{"@type":"BreadcrumbList","@id":"https:\/\/www.vtusp.cz\/en\/aktuality\/vtu-se-podili-na-zacleneni-strategickych-projektu-do-armady\/#breadcrumb","itemListElement":[{"@type":"ListItem","position":1,"name":"Home","item":"https:\/\/www.vtusp.cz\/en\/"},{"@type":"ListItem","position":2,"name":"VT\u00da se pod\u00edl\u00ed na za\u010dlen\u011bn\u00ed strategick\u00fdch projekt\u016f do arm\u00e1dy"}]},{"@type":"WebSite","@id":"https:\/\/www.vtusp.cz\/en\/#website","url":"https:\/\/www.vtusp.cz\/en\/","name":"VT\u00da s.p.","description":"","potentialAction":[{"@type":"SearchAction","target":{"@type":"EntryPoint","urlTemplate":"https:\/\/www.vtusp.cz\/en\/?s={search_term_string}"},"query-input":{"@type":"PropertyValueSpecification","valueRequired":true,"valueName":"search_term_string"}}],"inLanguage":"en-US"},{"@type":"Person","@id":"https:\/\/www.vtusp.cz\/en\/#\/schema\/person\/f1e8bab14f234b53970de1bd457f4755","name":"Mark\u00e9ta \u0160imkov\u00e1","image":{"@type":"ImageObject","inLanguage":"en-US","@id":"https:\/\/secure.gravatar.com\/avatar\/11e6d560fad0d34db4e72d297ae926889fe4d6c23ddb5d1cab66094009979d36?s=96&d=mm&r=g","url":"https:\/\/secure.gravatar.com\/avatar\/11e6d560fad0d34db4e72d297ae926889fe4d6c23ddb5d1cab66094009979d36?s=96&d=mm&r=g","contentUrl":"https:\/\/secure.gravatar.com\/avatar\/11e6d560fad0d34db4e72d297ae926889fe4d6c23ddb5d1cab66094009979d36?s=96&d=mm&r=g","caption":"Mark\u00e9ta \u0160imkov\u00e1"}}]}},"_links":{"self":[{"href":"https:\/\/www.vtusp.cz\/en\/wp-json\/wp\/v2\/posts\/6404","targetHints":{"allow":["GET"]}}],"collection":[{"href":"https:\/\/www.vtusp.cz\/en\/wp-json\/wp\/v2\/posts"}],"about":[{"href":"https:\/\/www.vtusp.cz\/en\/wp-json\/wp\/v2\/types\/post"}],"author":[{"embeddable":true,"href":"https:\/\/www.vtusp.cz\/en\/wp-json\/wp\/v2\/users\/3"}],"replies":[{"embeddable":true,"href":"https:\/\/www.vtusp.cz\/en\/wp-json\/wp\/v2\/comments?post=6404"}],"version-history":[{"count":5,"href":"https:\/\/www.vtusp.cz\/en\/wp-json\/wp\/v2\/posts\/6404\/revisions"}],"predecessor-version":[{"id":6417,"href":"https:\/\/www.vtusp.cz\/en\/wp-json\/wp\/v2\/posts\/6404\/revisions\/6417"}],"wp:featuredmedia":[{"embeddable":true,"href":"https:\/\/www.vtusp.cz\/en\/wp-json\/wp\/v2\/media\/6407"}],"wp:attachment":[{"href":"https:\/\/www.vtusp.cz\/en\/wp-json\/wp\/v2\/media?parent=6404"}],"wp:term":[{"taxonomy":"category","embeddable":true,"href":"https:\/\/www.vtusp.cz\/en\/wp-json\/wp\/v2\/categories?post=6404"}],"curies":[{"name":"wp","href":"https:\/\/api.w.org\/{rel}","templated":true}]}}