{"id":6303,"date":"2020-11-23T11:37:52","date_gmt":"2020-11-23T10:37:52","guid":{"rendered":"https:\/\/www.vtusp.cz\/?p=6303"},"modified":"2020-11-23T11:37:54","modified_gmt":"2020-11-23T10:37:54","slug":"vtu-predal-armade-modernizovany-oblak-i","status":"publish","type":"post","link":"https:\/\/www.vtusp.cz\/en\/aktuality\/vtu-predal-armade-modernizovany-oblak-i\/","title":{"rendered":"VT\u00da p\u0159edal arm\u00e1d\u011b modernizovan\u00fd OBLAK I"},"content":{"rendered":"<div class=\"element core-paragraph\">\n<p>Modernizace arm\u00e1dn\u00ed techniky je jednou z&nbsp;priorit resortu Ministerstva obrany. Svoj\u00ed \u010dinnost\u00ed se na n\u00ed pod\u00edl\u00ed tak\u00e9 Vojensk\u00fd technick\u00fd \u00fastav, s. p. V&nbsp;polovin\u011b listopadu VT\u00da p\u0159edal Arm\u00e1d\u011b \u010cesk\u00e9 republiky modernizovanou mobiln\u00ed hydrometeorologickou stanici OBLAK I.<\/p>\n<\/div>\n\n<div class=\"element core-paragraph\">\n<p>Vybaven\u00ed stanice umo\u017e\u0148uje prov\u00e1d\u011bn\u00ed a podporu hydrometeorologick\u00e9ho zabezpe\u010den\u00ed druh\u016f vojsk a slu\u017eeb Arm\u00e1dy \u010cR a d\u00e1le proces\u016f \u0159\u00edzen\u00ed a velen\u00ed A\u010cR. OBLAK I tak\u00e9 slou\u017e\u00ed k&nbsp;shroma\u017e\u010fov\u00e1n\u00ed nezbytn\u00fdch podkladov\u00fdch materi\u00e1l\u016f a dat pro hydrometeorologick\u00e9 zabezpe\u010den\u00ed dan\u00e9ho opera\u010dn\u00edho uskupen\u00ed jednotek a \u0161t\u00e1b\u016f A\u010cR, leteck\u00fdch jednotek p\u016fsob\u00edc\u00edch na poln\u00edch leti\u0161t\u00edch v\u010detn\u011b sou\u010dinnosti s&nbsp;arm\u00e1dami NATO (meteorologick\u00fd informa\u010dn\u00ed syst\u00e9m NAMIS NATO). V&nbsp;krizov\u00fdch situac\u00edch m\u016f\u017ee informa\u010dn\u011b zabezpe\u010dovat org\u00e1ny st\u00e1tn\u00ed spr\u00e1vy p\u0159i \u0159e\u0161en\u00ed n\u00e1sledk\u016f pohrom a katastrof.<\/p>\n<\/div>\n\n<div class=\"element core-paragraph\">\n<p>Modifikace stanice OBLAK I, kterou provedli zam\u011bstnanci od\u0161t\u011bpn\u00e9ho z\u00e1vodu Vojensk\u00fd technick\u00fd \u00fastav letectva a protivzdu\u0161n\u00e9 obrany (VT\u00daLaPVO), p\u0159edstavovala \u0161irokou \u0161k\u00e1lu technick\u00fdch \u00faprav. Zm\u011bny se t\u00fdkaly nejen kontejneru ISO IC z&nbsp;hlediska jeho manipulace a p\u0159epravy, ale p\u0159edev\u0161\u00edm \u00fa\u010delov\u00e9ho vybaven\u00ed t\u0159\u00ed\u010dlenn\u00e9 obsluhy, HW pro zpracov\u00e1n\u00ed, distribuci a ukl\u00e1d\u00e1n\u00ed meteorologick\u00fdch informac\u00ed ze senzor\u016f a \u010didel, d\u00e1le dopln\u011bn\u00ed speci\u00e1ln\u00edch za\u0159\u00edzen\u00ed pro m\u011b\u0159en\u00ed atmosf\u00e9rick\u00e9ho tlaku vzduchu, rychlosti a sm\u011bru v\u011btru \u010di hydrologick\u00fd pr\u016fzkum nebo modernizace technologi\u00ed vnit\u0159n\u00ed a vn\u011bj\u0161\u00ed hlasov\u00e9 a datov\u00e9 komunikace. Jedn\u00edm z&nbsp;technick\u00fdch po\u017eadavk\u016f bylo dopln\u011bn\u00ed o UAV prost\u0159edek (Unmanned Aerial Vehicle) neboli bezpilotn\u00ed letadlo s&nbsp;kamerou pro pr\u016fzkum mezn\u00ed vrstvy atmosf\u00e9ry.<\/p>\n<\/div>\n\n<div class=\"element core-paragraph\">\n<p>Text: Pavel Lang<\/p>\n<\/div>\n\n<div class=\"element core-paragraph\">\n<p>Foto: Pavel Novotn\u00fd<\/p>\n<\/div>\n\n<div class=\"element core-gallery\">\n<figure class=\"wp-block-gallery columns-3 is-cropped wp-block-gallery-1 is-layout-flex wp-block-gallery-is-layout-flex\"><ul class=\"blocks-gallery-grid\"><li class=\"blocks-gallery-item\"><figure><img decoding=\"async\" width=\"1200\" height=\"800\" src=\"https:\/\/www.vtusp.cz\/files\/smush-webp\/2020\/11\/02-2.jpg.webp\" alt=\"\" data-id=\"6306\" data-full-url=\"https:\/\/www.vtusp.cz\/files\/uploads\/2020\/11\/02-2.jpg\" data-link=\"https:\/\/www.vtusp.cz\/?attachment_id=6306\" class=\"wp-image-6306\" srcset=\"https:\/\/www.vtusp.cz\/files\/smush-webp\/2020\/11\/02-2.jpg.webp 1200w, https:\/\/www.vtusp.cz\/files\/smush-webp\/2020\/11\/02-2-900x600.jpg.webp 900w, https:\/\/www.vtusp.cz\/files\/smush-webp\/2020\/11\/02-2-600x400.jpg.webp 600w, https:\/\/www.vtusp.cz\/files\/smush-webp\/2020\/11\/02-2-768x512.jpg.webp 768w, https:\/\/www.vtusp.cz\/files\/smush-webp\/2020\/11\/02-2-300x200.jpg.webp 300w\" sizes=\"(max-width: 1200px) 100vw, 1200px\" \/><\/figure><\/li><li class=\"blocks-gallery-item\"><figure><img decoding=\"async\" width=\"1200\" height=\"800\" src=\"https:\/\/www.vtusp.cz\/files\/smush-webp\/2020\/11\/03-1.jpg.webp\" alt=\"\" data-id=\"6310\" data-full-url=\"https:\/\/www.vtusp.cz\/files\/uploads\/2020\/11\/03-1.jpg\" data-link=\"https:\/\/www.vtusp.cz\/?attachment_id=6310\" class=\"wp-image-6310\" srcset=\"https:\/\/www.vtusp.cz\/files\/smush-webp\/2020\/11\/03-1.jpg.webp 1200w, https:\/\/www.vtusp.cz\/files\/smush-webp\/2020\/11\/03-1-900x600.jpg.webp 900w, https:\/\/www.vtusp.cz\/files\/smush-webp\/2020\/11\/03-1-600x400.jpg.webp 600w, https:\/\/www.vtusp.cz\/files\/smush-webp\/2020\/11\/03-1-768x512.jpg.webp 768w, https:\/\/www.vtusp.cz\/files\/smush-webp\/2020\/11\/03-1-300x200.jpg.webp 300w\" sizes=\"(max-width: 1200px) 100vw, 1200px\" \/><\/figure><\/li><li class=\"blocks-gallery-item\"><figure><img decoding=\"async\" width=\"1200\" height=\"800\" src=\"https:\/\/www.vtusp.cz\/files\/smush-webp\/2020\/11\/04-1.jpg.webp\" alt=\"\" data-id=\"6312\" data-full-url=\"https:\/\/www.vtusp.cz\/files\/uploads\/2020\/11\/04-1.jpg\" data-link=\"https:\/\/www.vtusp.cz\/?attachment_id=6312\" class=\"wp-image-6312\" srcset=\"https:\/\/www.vtusp.cz\/files\/smush-webp\/2020\/11\/04-1.jpg.webp 1200w, https:\/\/www.vtusp.cz\/files\/smush-webp\/2020\/11\/04-1-900x600.jpg.webp 900w, https:\/\/www.vtusp.cz\/files\/smush-webp\/2020\/11\/04-1-600x400.jpg.webp 600w, https:\/\/www.vtusp.cz\/files\/smush-webp\/2020\/11\/04-1-768x512.jpg.webp 768w, https:\/\/www.vtusp.cz\/files\/smush-webp\/2020\/11\/04-1-300x200.jpg.webp 300w\" sizes=\"(max-width: 1200px) 100vw, 1200px\" \/><\/figure><\/li><li class=\"blocks-gallery-item\"><figure><img decoding=\"async\" width=\"1200\" height=\"800\" src=\"https:\/\/www.vtusp.cz\/files\/smush-webp\/2020\/11\/05-1.jpg.webp\" alt=\"\" data-id=\"6314\" data-full-url=\"https:\/\/www.vtusp.cz\/files\/uploads\/2020\/11\/05-1.jpg\" data-link=\"https:\/\/www.vtusp.cz\/?attachment_id=6314\" class=\"wp-image-6314\" srcset=\"https:\/\/www.vtusp.cz\/files\/smush-webp\/2020\/11\/05-1.jpg.webp 1200w, https:\/\/www.vtusp.cz\/files\/smush-webp\/2020\/11\/05-1-900x600.jpg.webp 900w, https:\/\/www.vtusp.cz\/files\/smush-webp\/2020\/11\/05-1-600x400.jpg.webp 600w, https:\/\/www.vtusp.cz\/files\/smush-webp\/2020\/11\/05-1-768x512.jpg.webp 768w, https:\/\/www.vtusp.cz\/files\/smush-webp\/2020\/11\/05-1-300x200.jpg.webp 300w\" sizes=\"(max-width: 1200px) 100vw, 1200px\" \/><\/figure><\/li><li class=\"blocks-gallery-item\"><figure><img decoding=\"async\" width=\"1200\" height=\"800\" src=\"https:\/\/www.vtusp.cz\/files\/smush-webp\/2020\/11\/06.jpg.webp\" alt=\"\" data-id=\"6316\" data-full-url=\"https:\/\/www.vtusp.cz\/files\/uploads\/2020\/11\/06.jpg\" data-link=\"https:\/\/www.vtusp.cz\/?attachment_id=6316\" class=\"wp-image-6316\" srcset=\"https:\/\/www.vtusp.cz\/files\/smush-webp\/2020\/11\/06.jpg.webp 1200w, https:\/\/www.vtusp.cz\/files\/smush-webp\/2020\/11\/06-900x600.jpg.webp 900w, https:\/\/www.vtusp.cz\/files\/smush-webp\/2020\/11\/06-600x400.jpg.webp 600w, https:\/\/www.vtusp.cz\/files\/smush-webp\/2020\/11\/06-768x512.jpg.webp 768w, https:\/\/www.vtusp.cz\/files\/smush-webp\/2020\/11\/06-300x200.jpg.webp 300w\" sizes=\"(max-width: 1200px) 100vw, 1200px\" \/><\/figure><\/li><li class=\"blocks-gallery-item\"><figure><img decoding=\"async\" width=\"1200\" height=\"800\" src=\"https:\/\/www.vtusp.cz\/files\/smush-webp\/2020\/11\/07.jpg.webp\" alt=\"\" data-id=\"6318\" data-full-url=\"https:\/\/www.vtusp.cz\/files\/uploads\/2020\/11\/07.jpg\" data-link=\"https:\/\/www.vtusp.cz\/?attachment_id=6318\" class=\"wp-image-6318\" srcset=\"https:\/\/www.vtusp.cz\/files\/smush-webp\/2020\/11\/07.jpg.webp 1200w, https:\/\/www.vtusp.cz\/files\/smush-webp\/2020\/11\/07-900x600.jpg.webp 900w, https:\/\/www.vtusp.cz\/files\/smush-webp\/2020\/11\/07-600x400.jpg.webp 600w, https:\/\/www.vtusp.cz\/files\/smush-webp\/2020\/11\/07-768x512.jpg.webp 768w, https:\/\/www.vtusp.cz\/files\/smush-webp\/2020\/11\/07-300x200.jpg.webp 300w\" sizes=\"(max-width: 1200px) 100vw, 1200px\" \/><\/figure><\/li><\/ul><\/figure>\n<\/div>\n\n<div class=\"element core-columns\">\n<div class=\"wp-block-columns is-layout-flex wp-container-core-columns-is-layout-9d6595d7 wp-block-columns-is-layout-flex\"><div class=\"element core-column\">\n<div class=\"wp-block-column is-layout-flow wp-block-column-is-layout-flow\"><\/div>\n<\/div>\n\n<div class=\"element core-column\">\n<div class=\"wp-block-column is-layout-flow wp-block-column-is-layout-flow\"><\/div>\n<\/div><\/div>\n<\/div>\n\n<div class=\"element core-paragraph\">\n<p><\/p>\n<\/div>","protected":false},"excerpt":{"rendered":"<p>Modernizace arm\u00e1dn\u00ed techniky je jednou z&nbsp;priorit resortu Ministerstva obrany. Svoj\u00ed \u010dinnost\u00ed se na n\u00ed pod\u00edl\u00ed tak\u00e9 Vojensk\u00fd technick\u00fd \u00fastav, s. p. V&nbsp;polovin\u011b listopadu VT\u00da p\u0159edal Arm\u00e1d\u011b \u010cesk\u00e9 republiky modernizovanou mobiln\u00ed&#8230;<\/p>\n","protected":false},"author":3,"featured_media":6308,"comment_status":"open","ping_status":"closed","sticky":false,"template":"","format":"standard","meta":{"_acf_changed":false,"inline_featured_image":false,"footnotes":""},"categories":[1],"class_list":["post-6303","post","type-post","status-publish","format-standard","has-post-thumbnail","hentry","category-aktuality"],"acf":[],"yoast_head":"<!-- This site is optimized with the Yoast SEO plugin v27.5 - https:\/\/yoast.com\/product\/yoast-seo-wordpress\/ -->\n<title>VT\u00da p\u0159edal arm\u00e1d\u011b modernizovan\u00fd OBLAK I | VT\u00da s.p.<\/title>\n<meta name=\"robots\" content=\"index, follow, max-snippet:-1, max-image-preview:large, max-video-preview:-1\" \/>\n<link rel=\"canonical\" href=\"https:\/\/www.vtusp.cz\/en\/aktuality\/vtu-predal-armade-modernizovany-oblak-i\/\" \/>\n<meta property=\"og:locale\" content=\"en_US\" \/>\n<meta property=\"og:type\" content=\"article\" \/>\n<meta property=\"og:title\" content=\"VT\u00da p\u0159edal arm\u00e1d\u011b modernizovan\u00fd OBLAK I | VT\u00da s.p.\" \/>\n<meta property=\"og:description\" content=\"Modernizace arm\u00e1dn\u00ed techniky je jednou z&nbsp;priorit resortu Ministerstva obrany. Svoj\u00ed \u010dinnost\u00ed se na n\u00ed pod\u00edl\u00ed tak\u00e9 Vojensk\u00fd technick\u00fd \u00fastav, s. p. V&nbsp;polovin\u011b listopadu VT\u00da p\u0159edal Arm\u00e1d\u011b \u010cesk\u00e9 republiky modernizovanou mobiln\u00ed...\" \/>\n<meta property=\"og:url\" content=\"https:\/\/www.vtusp.cz\/en\/aktuality\/vtu-predal-armade-modernizovany-oblak-i\/\" \/>\n<meta property=\"og:site_name\" content=\"VT\u00da s.p.\" \/>\n<meta property=\"article:published_time\" content=\"2020-11-23T10:37:52+00:00\" \/>\n<meta property=\"article:modified_time\" content=\"2020-11-23T10:37:54+00:00\" \/>\n<meta property=\"og:image\" content=\"https:\/\/www.vtusp.cz\/files\/uploads\/2020\/11\/01-5.jpg\" \/>\n\t<meta property=\"og:image:width\" content=\"1200\" \/>\n\t<meta property=\"og:image:height\" content=\"800\" \/>\n\t<meta property=\"og:image:type\" content=\"image\/jpeg\" \/>\n<meta name=\"author\" content=\"Mark\u00e9ta \u0160imkov\u00e1\" \/>\n<meta name=\"twitter:card\" content=\"summary_large_image\" \/>\n<meta name=\"twitter:label1\" content=\"Written by\" \/>\n\t<meta name=\"twitter:data1\" content=\"Mark\u00e9ta \u0160imkov\u00e1\" \/>\n\t<meta name=\"twitter:label2\" content=\"Est. reading time\" \/>\n\t<meta name=\"twitter:data2\" content=\"2 minutes\" \/>\n<script type=\"application\/ld+json\" class=\"yoast-schema-graph\">{\"@context\":\"https:\\\/\\\/schema.org\",\"@graph\":[{\"@type\":\"Article\",\"@id\":\"https:\\\/\\\/www.vtusp.cz\\\/en\\\/aktuality\\\/vtu-predal-armade-modernizovany-oblak-i\\\/#article\",\"isPartOf\":{\"@id\":\"https:\\\/\\\/www.vtusp.cz\\\/en\\\/aktuality\\\/vtu-predal-armade-modernizovany-oblak-i\\\/\"},\"author\":{\"name\":\"Mark\u00e9ta \u0160imkov\u00e1\",\"@id\":\"https:\\\/\\\/www.vtusp.cz\\\/en\\\/#\\\/schema\\\/person\\\/f1e8bab14f234b53970de1bd457f4755\"},\"headline\":\"VT\u00da p\u0159edal arm\u00e1d\u011b modernizovan\u00fd OBLAK I\",\"datePublished\":\"2020-11-23T10:37:52+00:00\",\"dateModified\":\"2020-11-23T10:37:54+00:00\",\"mainEntityOfPage\":{\"@id\":\"https:\\\/\\\/www.vtusp.cz\\\/en\\\/aktuality\\\/vtu-predal-armade-modernizovany-oblak-i\\\/\"},\"wordCount\":320,\"commentCount\":0,\"image\":{\"@id\":\"https:\\\/\\\/www.vtusp.cz\\\/en\\\/aktuality\\\/vtu-predal-armade-modernizovany-oblak-i\\\/#primaryimage\"},\"thumbnailUrl\":\"https:\\\/\\\/www.vtusp.cz\\\/files\\\/uploads\\\/2020\\\/11\\\/01-5.jpg\",\"articleSection\":[\"Aktuality\"],\"inLanguage\":\"en-US\",\"potentialAction\":[{\"@type\":\"CommentAction\",\"name\":\"Comment\",\"target\":[\"https:\\\/\\\/www.vtusp.cz\\\/en\\\/aktuality\\\/vtu-predal-armade-modernizovany-oblak-i\\\/#respond\"]}]},{\"@type\":\"WebPage\",\"@id\":\"https:\\\/\\\/www.vtusp.cz\\\/en\\\/aktuality\\\/vtu-predal-armade-modernizovany-oblak-i\\\/\",\"url\":\"https:\\\/\\\/www.vtusp.cz\\\/en\\\/aktuality\\\/vtu-predal-armade-modernizovany-oblak-i\\\/\",\"name\":\"VT\u00da p\u0159edal arm\u00e1d\u011b modernizovan\u00fd OBLAK I | VT\u00da s.p.\",\"isPartOf\":{\"@id\":\"https:\\\/\\\/www.vtusp.cz\\\/en\\\/#website\"},\"primaryImageOfPage\":{\"@id\":\"https:\\\/\\\/www.vtusp.cz\\\/en\\\/aktuality\\\/vtu-predal-armade-modernizovany-oblak-i\\\/#primaryimage\"},\"image\":{\"@id\":\"https:\\\/\\\/www.vtusp.cz\\\/en\\\/aktuality\\\/vtu-predal-armade-modernizovany-oblak-i\\\/#primaryimage\"},\"thumbnailUrl\":\"https:\\\/\\\/www.vtusp.cz\\\/files\\\/uploads\\\/2020\\\/11\\\/01-5.jpg\",\"datePublished\":\"2020-11-23T10:37:52+00:00\",\"dateModified\":\"2020-11-23T10:37:54+00:00\",\"author\":{\"@id\":\"https:\\\/\\\/www.vtusp.cz\\\/en\\\/#\\\/schema\\\/person\\\/f1e8bab14f234b53970de1bd457f4755\"},\"breadcrumb\":{\"@id\":\"https:\\\/\\\/www.vtusp.cz\\\/en\\\/aktuality\\\/vtu-predal-armade-modernizovany-oblak-i\\\/#breadcrumb\"},\"inLanguage\":\"en-US\",\"potentialAction\":[{\"@type\":\"ReadAction\",\"target\":[\"https:\\\/\\\/www.vtusp.cz\\\/en\\\/aktuality\\\/vtu-predal-armade-modernizovany-oblak-i\\\/\"]}]},{\"@type\":\"ImageObject\",\"inLanguage\":\"en-US\",\"@id\":\"https:\\\/\\\/www.vtusp.cz\\\/en\\\/aktuality\\\/vtu-predal-armade-modernizovany-oblak-i\\\/#primaryimage\",\"url\":\"https:\\\/\\\/www.vtusp.cz\\\/files\\\/uploads\\\/2020\\\/11\\\/01-5.jpg\",\"contentUrl\":\"https:\\\/\\\/www.vtusp.cz\\\/files\\\/uploads\\\/2020\\\/11\\\/01-5.jpg\",\"width\":1200,\"height\":800},{\"@type\":\"BreadcrumbList\",\"@id\":\"https:\\\/\\\/www.vtusp.cz\\\/en\\\/aktuality\\\/vtu-predal-armade-modernizovany-oblak-i\\\/#breadcrumb\",\"itemListElement\":[{\"@type\":\"ListItem\",\"position\":1,\"name\":\"Home\",\"item\":\"https:\\\/\\\/www.vtusp.cz\\\/en\\\/\"},{\"@type\":\"ListItem\",\"position\":2,\"name\":\"VT\u00da p\u0159edal arm\u00e1d\u011b modernizovan\u00fd OBLAK I\"}]},{\"@type\":\"WebSite\",\"@id\":\"https:\\\/\\\/www.vtusp.cz\\\/en\\\/#website\",\"url\":\"https:\\\/\\\/www.vtusp.cz\\\/en\\\/\",\"name\":\"VT\u00da s.p.\",\"description\":\"\",\"potentialAction\":[{\"@type\":\"SearchAction\",\"target\":{\"@type\":\"EntryPoint\",\"urlTemplate\":\"https:\\\/\\\/www.vtusp.cz\\\/en\\\/?s={search_term_string}\"},\"query-input\":{\"@type\":\"PropertyValueSpecification\",\"valueRequired\":true,\"valueName\":\"search_term_string\"}}],\"inLanguage\":\"en-US\"},{\"@type\":\"Person\",\"@id\":\"https:\\\/\\\/www.vtusp.cz\\\/en\\\/#\\\/schema\\\/person\\\/f1e8bab14f234b53970de1bd457f4755\",\"name\":\"Mark\u00e9ta \u0160imkov\u00e1\",\"image\":{\"@type\":\"ImageObject\",\"inLanguage\":\"en-US\",\"@id\":\"https:\\\/\\\/secure.gravatar.com\\\/avatar\\\/11e6d560fad0d34db4e72d297ae926889fe4d6c23ddb5d1cab66094009979d36?s=96&d=mm&r=g\",\"url\":\"https:\\\/\\\/secure.gravatar.com\\\/avatar\\\/11e6d560fad0d34db4e72d297ae926889fe4d6c23ddb5d1cab66094009979d36?s=96&d=mm&r=g\",\"contentUrl\":\"https:\\\/\\\/secure.gravatar.com\\\/avatar\\\/11e6d560fad0d34db4e72d297ae926889fe4d6c23ddb5d1cab66094009979d36?s=96&d=mm&r=g\",\"caption\":\"Mark\u00e9ta \u0160imkov\u00e1\"}}]}<\/script>\n<!-- \/ Yoast SEO plugin. -->","yoast_head_json":{"title":"VT\u00da p\u0159edal arm\u00e1d\u011b modernizovan\u00fd OBLAK I | VT\u00da s.p.","robots":{"index":"index","follow":"follow","max-snippet":"max-snippet:-1","max-image-preview":"max-image-preview:large","max-video-preview":"max-video-preview:-1"},"canonical":"https:\/\/www.vtusp.cz\/en\/aktuality\/vtu-predal-armade-modernizovany-oblak-i\/","og_locale":"en_US","og_type":"article","og_title":"VT\u00da p\u0159edal arm\u00e1d\u011b modernizovan\u00fd OBLAK I | VT\u00da s.p.","og_description":"Modernizace arm\u00e1dn\u00ed techniky je jednou z&nbsp;priorit resortu Ministerstva obrany. Svoj\u00ed \u010dinnost\u00ed se na n\u00ed pod\u00edl\u00ed tak\u00e9 Vojensk\u00fd technick\u00fd \u00fastav, s. p. V&nbsp;polovin\u011b listopadu VT\u00da p\u0159edal Arm\u00e1d\u011b \u010cesk\u00e9 republiky modernizovanou mobiln\u00ed...","og_url":"https:\/\/www.vtusp.cz\/en\/aktuality\/vtu-predal-armade-modernizovany-oblak-i\/","og_site_name":"VT\u00da s.p.","article_published_time":"2020-11-23T10:37:52+00:00","article_modified_time":"2020-11-23T10:37:54+00:00","og_image":[{"width":1200,"height":800,"url":"https:\/\/www.vtusp.cz\/files\/uploads\/2020\/11\/01-5.jpg","type":"image\/jpeg"}],"author":"Mark\u00e9ta \u0160imkov\u00e1","twitter_card":"summary_large_image","twitter_misc":{"Written by":"Mark\u00e9ta \u0160imkov\u00e1","Est. reading time":"2 minutes"},"schema":{"@context":"https:\/\/schema.org","@graph":[{"@type":"Article","@id":"https:\/\/www.vtusp.cz\/en\/aktuality\/vtu-predal-armade-modernizovany-oblak-i\/#article","isPartOf":{"@id":"https:\/\/www.vtusp.cz\/en\/aktuality\/vtu-predal-armade-modernizovany-oblak-i\/"},"author":{"name":"Mark\u00e9ta \u0160imkov\u00e1","@id":"https:\/\/www.vtusp.cz\/en\/#\/schema\/person\/f1e8bab14f234b53970de1bd457f4755"},"headline":"VT\u00da p\u0159edal arm\u00e1d\u011b modernizovan\u00fd OBLAK I","datePublished":"2020-11-23T10:37:52+00:00","dateModified":"2020-11-23T10:37:54+00:00","mainEntityOfPage":{"@id":"https:\/\/www.vtusp.cz\/en\/aktuality\/vtu-predal-armade-modernizovany-oblak-i\/"},"wordCount":320,"commentCount":0,"image":{"@id":"https:\/\/www.vtusp.cz\/en\/aktuality\/vtu-predal-armade-modernizovany-oblak-i\/#primaryimage"},"thumbnailUrl":"https:\/\/www.vtusp.cz\/files\/uploads\/2020\/11\/01-5.jpg","articleSection":["Aktuality"],"inLanguage":"en-US","potentialAction":[{"@type":"CommentAction","name":"Comment","target":["https:\/\/www.vtusp.cz\/en\/aktuality\/vtu-predal-armade-modernizovany-oblak-i\/#respond"]}]},{"@type":"WebPage","@id":"https:\/\/www.vtusp.cz\/en\/aktuality\/vtu-predal-armade-modernizovany-oblak-i\/","url":"https:\/\/www.vtusp.cz\/en\/aktuality\/vtu-predal-armade-modernizovany-oblak-i\/","name":"VT\u00da p\u0159edal arm\u00e1d\u011b modernizovan\u00fd OBLAK I | VT\u00da s.p.","isPartOf":{"@id":"https:\/\/www.vtusp.cz\/en\/#website"},"primaryImageOfPage":{"@id":"https:\/\/www.vtusp.cz\/en\/aktuality\/vtu-predal-armade-modernizovany-oblak-i\/#primaryimage"},"image":{"@id":"https:\/\/www.vtusp.cz\/en\/aktuality\/vtu-predal-armade-modernizovany-oblak-i\/#primaryimage"},"thumbnailUrl":"https:\/\/www.vtusp.cz\/files\/uploads\/2020\/11\/01-5.jpg","datePublished":"2020-11-23T10:37:52+00:00","dateModified":"2020-11-23T10:37:54+00:00","author":{"@id":"https:\/\/www.vtusp.cz\/en\/#\/schema\/person\/f1e8bab14f234b53970de1bd457f4755"},"breadcrumb":{"@id":"https:\/\/www.vtusp.cz\/en\/aktuality\/vtu-predal-armade-modernizovany-oblak-i\/#breadcrumb"},"inLanguage":"en-US","potentialAction":[{"@type":"ReadAction","target":["https:\/\/www.vtusp.cz\/en\/aktuality\/vtu-predal-armade-modernizovany-oblak-i\/"]}]},{"@type":"ImageObject","inLanguage":"en-US","@id":"https:\/\/www.vtusp.cz\/en\/aktuality\/vtu-predal-armade-modernizovany-oblak-i\/#primaryimage","url":"https:\/\/www.vtusp.cz\/files\/uploads\/2020\/11\/01-5.jpg","contentUrl":"https:\/\/www.vtusp.cz\/files\/uploads\/2020\/11\/01-5.jpg","width":1200,"height":800},{"@type":"BreadcrumbList","@id":"https:\/\/www.vtusp.cz\/en\/aktuality\/vtu-predal-armade-modernizovany-oblak-i\/#breadcrumb","itemListElement":[{"@type":"ListItem","position":1,"name":"Home","item":"https:\/\/www.vtusp.cz\/en\/"},{"@type":"ListItem","position":2,"name":"VT\u00da p\u0159edal arm\u00e1d\u011b modernizovan\u00fd OBLAK I"}]},{"@type":"WebSite","@id":"https:\/\/www.vtusp.cz\/en\/#website","url":"https:\/\/www.vtusp.cz\/en\/","name":"VT\u00da s.p.","description":"","potentialAction":[{"@type":"SearchAction","target":{"@type":"EntryPoint","urlTemplate":"https:\/\/www.vtusp.cz\/en\/?s={search_term_string}"},"query-input":{"@type":"PropertyValueSpecification","valueRequired":true,"valueName":"search_term_string"}}],"inLanguage":"en-US"},{"@type":"Person","@id":"https:\/\/www.vtusp.cz\/en\/#\/schema\/person\/f1e8bab14f234b53970de1bd457f4755","name":"Mark\u00e9ta \u0160imkov\u00e1","image":{"@type":"ImageObject","inLanguage":"en-US","@id":"https:\/\/secure.gravatar.com\/avatar\/11e6d560fad0d34db4e72d297ae926889fe4d6c23ddb5d1cab66094009979d36?s=96&d=mm&r=g","url":"https:\/\/secure.gravatar.com\/avatar\/11e6d560fad0d34db4e72d297ae926889fe4d6c23ddb5d1cab66094009979d36?s=96&d=mm&r=g","contentUrl":"https:\/\/secure.gravatar.com\/avatar\/11e6d560fad0d34db4e72d297ae926889fe4d6c23ddb5d1cab66094009979d36?s=96&d=mm&r=g","caption":"Mark\u00e9ta \u0160imkov\u00e1"}}]}},"_links":{"self":[{"href":"https:\/\/www.vtusp.cz\/en\/wp-json\/wp\/v2\/posts\/6303","targetHints":{"allow":["GET"]}}],"collection":[{"href":"https:\/\/www.vtusp.cz\/en\/wp-json\/wp\/v2\/posts"}],"about":[{"href":"https:\/\/www.vtusp.cz\/en\/wp-json\/wp\/v2\/types\/post"}],"author":[{"embeddable":true,"href":"https:\/\/www.vtusp.cz\/en\/wp-json\/wp\/v2\/users\/3"}],"replies":[{"embeddable":true,"href":"https:\/\/www.vtusp.cz\/en\/wp-json\/wp\/v2\/comments?post=6303"}],"version-history":[{"count":2,"href":"https:\/\/www.vtusp.cz\/en\/wp-json\/wp\/v2\/posts\/6303\/revisions"}],"predecessor-version":[{"id":6321,"href":"https:\/\/www.vtusp.cz\/en\/wp-json\/wp\/v2\/posts\/6303\/revisions\/6321"}],"wp:featuredmedia":[{"embeddable":true,"href":"https:\/\/www.vtusp.cz\/en\/wp-json\/wp\/v2\/media\/6308"}],"wp:attachment":[{"href":"https:\/\/www.vtusp.cz\/en\/wp-json\/wp\/v2\/media?parent=6303"}],"wp:term":[{"taxonomy":"category","embeddable":true,"href":"https:\/\/www.vtusp.cz\/en\/wp-json\/wp\/v2\/categories?post=6303"}],"curies":[{"name":"wp","href":"https:\/\/api.w.org\/{rel}","templated":true}]}}