{"id":6273,"date":"2020-11-19T09:33:01","date_gmt":"2020-11-19T08:33:01","guid":{"rendered":"https:\/\/www.vtusp.cz\/?p=6273"},"modified":"2020-11-19T09:33:03","modified_gmt":"2020-11-19T08:33:03","slug":"vtulka-dala-zaklad-bezpilotniho-letani-v-cechach","status":"publish","type":"post","link":"https:\/\/www.vtusp.cz\/en\/aktuality\/vtulka-dala-zaklad-bezpilotniho-letani-v-cechach\/","title":{"rendered":"\u201eVtulka\u201c dala z\u00e1klad bezpilotn\u00edho l\u00e9t\u00e1n\u00ed v \u010cech\u00e1ch"},"content":{"rendered":"<div class=\"element core-paragraph\">\n<p>D\u0159\u00edve V\u00fdzkumn\u00fd \u00fastav 030 (V\u00da 030), nyn\u00ed od\u0161t\u011bpn\u00fd z\u00e1vod Vojensk\u00fd technick\u00fd \u00fastav letectva a protivzdu\u0161n\u00e9 obrany (VT\u00daLaPVO), st\u00e1ly na za\u010d\u00e1tku v\u00fdvoje bezpilotn\u00edch letoun\u016f v&nbsp;\u010cech\u00e1ch!<\/p>\n<\/div>\n\n<div class=\"element core-paragraph\">\n<p>Prvn\u00ed podn\u011bt k&nbsp;n\u00e1vrhu \u010desk\u00e9ho bezpilotn\u00edho prost\u0159edku ke vzdu\u0161n\u00e9mu pr\u016fzkumu je z roku 1981, a to z&nbsp;tehdej\u0161\u00ed leteck\u00e9 fakulty Vojensk\u00e9 akademie v Brn\u011b. Inici\u00e1torem byl doc. Ing. Zden\u011bk Kop\u0159iva, CSc. Kbelsk\u00fd V\u00da 030 byl n\u00e1sledn\u011b cestou Hlavn\u00ed technick\u00e9 spr\u00e1vy MNO pov\u011b\u0159en v\u00fdvojem letounu se vzletovou hmotnost\u00ed do 30 kg a \u0159\u00edzen\u00e9ho pomoc\u00ed autopilota.<\/p>\n<\/div>\n\n<div class=\"element core-paragraph\">\n<p>Prvn\u00edm funk\u010dn\u00edm vzorem byl letoun pojmenovan\u00fd RuBl (podle po\u010d\u00e1te\u010dn\u00edch p\u00edsmen jmen jeho realiz\u00e1tor\u016f \u2013 Rumrajch a Bla\u017e\u00ed\u010dek). N\u00e1vrh konstrukce i syst\u00e9mu \u0159\u00edzen\u00ed byl d\u00edlem mlad\u00fdch specialist\u016f V\u00da 030 pod veden\u00edm Ing. Ji\u0159\u00edho Kuzdase v&nbsp;oblasti drak a motor a Ing. Vlastimila Jaro\u0161e za oblast \u0159\u00edzen\u00ed. Z\u00e1let se uskute\u010dnil na leti\u0161ti Brno-Tu\u0159any a jeho letov\u00e1 premi\u00e9ra, za \u00fa\u010dasti p\u0159edstavitel\u016f ministerstva obrany, na kbelsk\u00e9m leti\u0161ti v&nbsp;srpnu 1981.<\/p>\n<\/div>\n\n<div class=\"element core-paragraph\">\n<p>Po\u010d\u00e1tkem roku 1982 je zkonstruov\u00e1n dal\u0161\u00ed \u201edron\u201c s&nbsp;ozna\u010den\u00edm Experiment 50 (Exp 50-1), kter\u00fd provedl zku\u0161ebn\u00ed let na Dlouh\u00e9 Lhot\u011b. N\u00e1sledovaly dal\u0161\u00ed modifikace bezpilotn\u00edho \u201eexperimentu\u201c a\u017e po Exp 50-5, kter\u00fd ji\u017e byl pln\u011b lamin\u00e1tov\u00e9 konstrukce a koncep\u010dn\u011b se podobal n\u00e1sleduj\u00edc\u00edm typ\u016fm vyv\u00edjen\u00fdm v&nbsp;\u00fastavu. Stroje prvotn\u011b slou\u017eily k&nbsp;ov\u011b\u0159en\u00ed letov\u00fdch v\u00fdkon\u016f i funkc\u00ed \u0159\u00eddic\u00edho syst\u00e9mu. Vyu\u017e\u00edt je bylo mo\u017en\u00e9 i jako nosi\u010de pr\u016fzkumn\u00fdch \u010di meteorologick\u00fdch \u010didel.&nbsp;&nbsp;&nbsp;<\/p>\n<\/div>\n\n<div class=\"element core-paragraph\">\n<p>RuBl a Experiment ze \u201evtulky\u201c vytvo\u0159ily z\u00e1klad bezpilotn\u00edho l\u00e9t\u00e1n\u00ed u n\u00e1s. Od roku 1985 za\u010d\u00edn\u00e1 v\u00fdvoj bezpilotn\u00edho ter\u010de Sojka-V pro n\u00e1cvik st\u0159elby z&nbsp;bitevn\u00edch vrtuln\u00edk\u016f a letoun\u016f L-39ZA.<\/p>\n<\/div>\n\n<div class=\"element core-paragraph\">\n<p>Je t\u0159eba zd\u016fraznit, \u017ee v&nbsp;dob\u011b vzniku t\u00e9to, v&nbsp;t\u00e9 dob\u011b jedine\u010dn\u00e9, techniky nebylo mo\u017en\u00e9 jak\u00e9koli komponenty po\u0159\u00eddit n\u00e1kupem. Pro danou kategorii neexistoval na trhu \u017e\u00e1dn\u00fd pou\u017eiteln\u00fd v\u00fdrobek, a tud\u00ed\u017e v\u0161e vznikalo v\u00fdzkumem, v\u00fdvojem a n\u00e1slednou prototypovou v\u00fdrobou p\u0159\u00edmo na pracovi\u0161ti V\u00fdzkumn\u00e9ho \u00fastavu 030.<\/p>\n<\/div>\n\n<div class=\"element core-paragraph\">\n<p>Pro zaj\u00edmavost, prvn\u00ed bezpilotn\u00ed letadlo na sv\u011bt\u011b bylo z&nbsp;roku 1916 od profesora Archibalda Montgomeryho Lowa a jmenovalo se Aerial Target (Vzdu\u0161n\u00fd c\u00edl).<\/p>\n<\/div>\n\n<div class=\"element core-paragraph\">\n<p>Z&nbsp;podklad\u016f J. Kuzdase p\u0159ipravil: Pavel Lang<\/p>\n<\/div>\n\n<div class=\"element core-paragraph\">\n<p>Ilustra\u010dn\u00ed foto: archiv od\u0161t\u011bpn\u00e9ho z\u00e1vodu VT\u00daLaPVO<\/p>\n<\/div>\n\n<div class=\"element core-gallery\">\n<figure class=\"wp-block-gallery columns-3 is-cropped wp-block-gallery-1 is-layout-flex wp-block-gallery-is-layout-flex\"><ul class=\"blocks-gallery-grid\"><li class=\"blocks-gallery-item\"><figure><img decoding=\"async\" width=\"1084\" height=\"572\" src=\"https:\/\/www.vtusp.cz\/files\/smush-webp\/2020\/11\/02-Bezpilotn\u00ed-letouny-RuBl-Exp-50-1-a-2.jpg.webp\" alt=\"\" data-id=\"6289\" data-full-url=\"https:\/\/www.vtusp.cz\/files\/uploads\/2020\/11\/02-Bezpilotn\u00ed-letouny-RuBl-Exp-50-1-a-2.jpg\" data-link=\"https:\/\/www.vtusp.cz\/?attachment_id=6289\" class=\"wp-image-6289\" srcset=\"https:\/\/www.vtusp.cz\/files\/smush-webp\/2020\/11\/02-Bezpilotn\u00ed-letouny-RuBl-Exp-50-1-a-2.jpg.webp 1084w, https:\/\/www.vtusp.cz\/files\/smush-webp\/2020\/11\/02-Bezpilotn\u00ed-letouny-RuBl-Exp-50-1-a-2-900x475.jpg.webp 900w, https:\/\/www.vtusp.cz\/files\/smush-webp\/2020\/11\/02-Bezpilotn\u00ed-letouny-RuBl-Exp-50-1-a-2-768x405.jpg.webp 768w\" sizes=\"(max-width: 1084px) 100vw, 1084px\" \/><figcaption class=\"blocks-gallery-item__caption\">Bezpilotn\u00ed letouny RuBI, Exp 50-1 a 2<\/figcaption><\/figure><\/li><li class=\"blocks-gallery-item\"><figure><img decoding=\"async\" width=\"867\" height=\"564\" src=\"https:\/\/www.vtusp.cz\/files\/smush-webp\/2020\/11\/03-Drak-bezpilotn\u00edho-letounu-Exp-50-3.jpg.webp\" alt=\"\" data-id=\"6291\" data-full-url=\"https:\/\/www.vtusp.cz\/files\/uploads\/2020\/11\/03-Drak-bezpilotn\u00edho-letounu-Exp-50-3.jpg\" data-link=\"https:\/\/www.vtusp.cz\/?attachment_id=6291\" class=\"wp-image-6291\" srcset=\"https:\/\/www.vtusp.cz\/files\/smush-webp\/2020\/11\/03-Drak-bezpilotn\u00edho-letounu-Exp-50-3.jpg.webp 867w, https:\/\/www.vtusp.cz\/files\/smush-webp\/2020\/11\/03-Drak-bezpilotn\u00edho-letounu-Exp-50-3-768x500.jpg.webp 768w\" sizes=\"(max-width: 867px) 100vw, 867px\" \/><figcaption class=\"blocks-gallery-item__caption\">Drak bezpilotn\u00edho letounu Exp 50-3<\/figcaption><\/figure><\/li><li class=\"blocks-gallery-item\"><figure><img decoding=\"async\" width=\"914\" height=\"570\" src=\"https:\/\/www.vtusp.cz\/files\/smush-webp\/2020\/11\/04-Spou\u0161t\u011bn\u00ed-motoru-u-Exp-50-4.jpg.webp\" alt=\"\" data-id=\"6293\" data-full-url=\"https:\/\/www.vtusp.cz\/files\/uploads\/2020\/11\/04-Spou\u0161t\u011bn\u00ed-motoru-u-Exp-50-4.jpg\" data-link=\"https:\/\/www.vtusp.cz\/?attachment_id=6293\" class=\"wp-image-6293\" srcset=\"https:\/\/www.vtusp.cz\/files\/smush-webp\/2020\/11\/04-Spou\u0161t\u011bn\u00ed-motoru-u-Exp-50-4.jpg.webp 914w, https:\/\/www.vtusp.cz\/files\/smush-webp\/2020\/11\/04-Spou\u0161t\u011bn\u00ed-motoru-u-Exp-50-4-900x561.jpg.webp 900w, https:\/\/www.vtusp.cz\/files\/smush-webp\/2020\/11\/04-Spou\u0161t\u011bn\u00ed-motoru-u-Exp-50-4-768x479.jpg.webp 768w\" sizes=\"(max-width: 914px) 100vw, 914px\" \/><figcaption class=\"blocks-gallery-item__caption\">Spou\u0161t\u011bn\u00ed motoru u Exp 50-4<\/figcaption><\/figure><\/li><\/ul><\/figure>\n<\/div>\n\n<div class=\"element core-columns\">\n<div class=\"wp-block-columns is-layout-flex wp-container-core-columns-is-layout-9d6595d7 wp-block-columns-is-layout-flex\"><div class=\"element core-column\">\n<div class=\"wp-block-column is-layout-flow wp-block-column-is-layout-flow\"><\/div>\n<\/div>\n\n<div class=\"element core-column\">\n<div class=\"wp-block-column is-layout-flow wp-block-column-is-layout-flow\"><\/div>\n<\/div><\/div>\n<\/div>\n\n<div class=\"element core-paragraph\">\n<p><\/p>\n<\/div>","protected":false},"excerpt":{"rendered":"<p>D\u0159\u00edve V\u00fdzkumn\u00fd \u00fastav 030 (V\u00da 030), nyn\u00ed od\u0161t\u011bpn\u00fd z\u00e1vod Vojensk\u00fd technick\u00fd \u00fastav letectva a protivzdu\u0161n\u00e9 obrany (VT\u00daLaPVO), st\u00e1ly na za\u010d\u00e1tku v\u00fdvoje bezpilotn\u00edch letoun\u016f v&nbsp;\u010cech\u00e1ch! Prvn\u00ed podn\u011bt k&nbsp;n\u00e1vrhu \u010desk\u00e9ho bezpilotn\u00edho prost\u0159edku&#8230;<\/p>\n","protected":false},"author":3,"featured_media":6287,"comment_status":"open","ping_status":"closed","sticky":false,"template":"","format":"standard","meta":{"_acf_changed":false,"inline_featured_image":false,"footnotes":""},"categories":[1],"class_list":["post-6273","post","type-post","status-publish","format-standard","has-post-thumbnail","hentry","category-aktuality"],"acf":[],"yoast_head":"<!-- This site is optimized with the Yoast SEO plugin v27.5 - https:\/\/yoast.com\/product\/yoast-seo-wordpress\/ -->\n<title>\u201eVtulka\u201c dala z\u00e1klad bezpilotn\u00edho l\u00e9t\u00e1n\u00ed v \u010cech\u00e1ch | VT\u00da s.p.<\/title>\n<meta name=\"robots\" content=\"index, follow, max-snippet:-1, max-image-preview:large, max-video-preview:-1\" \/>\n<link rel=\"canonical\" href=\"https:\/\/www.vtusp.cz\/en\/aktuality\/vtulka-dala-zaklad-bezpilotniho-letani-v-cechach\/\" \/>\n<meta property=\"og:locale\" content=\"en_US\" \/>\n<meta property=\"og:type\" content=\"article\" \/>\n<meta property=\"og:title\" content=\"\u201eVtulka\u201c dala z\u00e1klad bezpilotn\u00edho l\u00e9t\u00e1n\u00ed v \u010cech\u00e1ch | VT\u00da s.p.\" \/>\n<meta property=\"og:description\" content=\"D\u0159\u00edve V\u00fdzkumn\u00fd \u00fastav 030 (V\u00da 030), nyn\u00ed od\u0161t\u011bpn\u00fd z\u00e1vod Vojensk\u00fd technick\u00fd \u00fastav letectva a protivzdu\u0161n\u00e9 obrany (VT\u00daLaPVO), st\u00e1ly na za\u010d\u00e1tku v\u00fdvoje bezpilotn\u00edch letoun\u016f v&nbsp;\u010cech\u00e1ch! Prvn\u00ed podn\u011bt k&nbsp;n\u00e1vrhu \u010desk\u00e9ho bezpilotn\u00edho prost\u0159edku...\" \/>\n<meta property=\"og:url\" content=\"https:\/\/www.vtusp.cz\/en\/aktuality\/vtulka-dala-zaklad-bezpilotniho-letani-v-cechach\/\" \/>\n<meta property=\"og:site_name\" content=\"VT\u00da s.p.\" \/>\n<meta property=\"article:published_time\" content=\"2020-11-19T08:33:01+00:00\" \/>\n<meta property=\"article:modified_time\" content=\"2020-11-19T08:33:03+00:00\" \/>\n<meta property=\"og:image\" content=\"https:\/\/www.vtusp.cz\/files\/uploads\/2020\/11\/01-Bezpilotn\u00ed-letoun-RuBl-podle-p.-Rumrajcha-a-Bla\u017e\u00ed\u010dka.jpg\" \/>\n\t<meta property=\"og:image:width\" content=\"800\" \/>\n\t<meta property=\"og:image:height\" content=\"600\" \/>\n\t<meta property=\"og:image:type\" content=\"image\/jpeg\" \/>\n<meta name=\"author\" content=\"Mark\u00e9ta \u0160imkov\u00e1\" \/>\n<meta name=\"twitter:card\" content=\"summary_large_image\" \/>\n<meta name=\"twitter:label1\" content=\"Written by\" \/>\n\t<meta name=\"twitter:data1\" content=\"Mark\u00e9ta \u0160imkov\u00e1\" \/>\n\t<meta name=\"twitter:label2\" content=\"Est. reading time\" \/>\n\t<meta name=\"twitter:data2\" content=\"2 minutes\" \/>\n<script type=\"application\/ld+json\" class=\"yoast-schema-graph\">{\"@context\":\"https:\\\/\\\/schema.org\",\"@graph\":[{\"@type\":\"Article\",\"@id\":\"https:\\\/\\\/www.vtusp.cz\\\/en\\\/aktuality\\\/vtulka-dala-zaklad-bezpilotniho-letani-v-cechach\\\/#article\",\"isPartOf\":{\"@id\":\"https:\\\/\\\/www.vtusp.cz\\\/en\\\/aktuality\\\/vtulka-dala-zaklad-bezpilotniho-letani-v-cechach\\\/\"},\"author\":{\"name\":\"Mark\u00e9ta \u0160imkov\u00e1\",\"@id\":\"https:\\\/\\\/www.vtusp.cz\\\/en\\\/#\\\/schema\\\/person\\\/f1e8bab14f234b53970de1bd457f4755\"},\"headline\":\"\u201eVtulka\u201c dala z\u00e1klad bezpilotn\u00edho l\u00e9t\u00e1n\u00ed v \u010cech\u00e1ch\",\"datePublished\":\"2020-11-19T08:33:01+00:00\",\"dateModified\":\"2020-11-19T08:33:03+00:00\",\"mainEntityOfPage\":{\"@id\":\"https:\\\/\\\/www.vtusp.cz\\\/en\\\/aktuality\\\/vtulka-dala-zaklad-bezpilotniho-letani-v-cechach\\\/\"},\"wordCount\":477,\"commentCount\":0,\"image\":{\"@id\":\"https:\\\/\\\/www.vtusp.cz\\\/en\\\/aktuality\\\/vtulka-dala-zaklad-bezpilotniho-letani-v-cechach\\\/#primaryimage\"},\"thumbnailUrl\":\"https:\\\/\\\/www.vtusp.cz\\\/files\\\/uploads\\\/2020\\\/11\\\/01-Bezpilotn\u00ed-letoun-RuBl-podle-p.-Rumrajcha-a-Bla\u017e\u00ed\u010dka.jpg\",\"articleSection\":[\"Aktuality\"],\"inLanguage\":\"en-US\",\"potentialAction\":[{\"@type\":\"CommentAction\",\"name\":\"Comment\",\"target\":[\"https:\\\/\\\/www.vtusp.cz\\\/en\\\/aktuality\\\/vtulka-dala-zaklad-bezpilotniho-letani-v-cechach\\\/#respond\"]}]},{\"@type\":\"WebPage\",\"@id\":\"https:\\\/\\\/www.vtusp.cz\\\/en\\\/aktuality\\\/vtulka-dala-zaklad-bezpilotniho-letani-v-cechach\\\/\",\"url\":\"https:\\\/\\\/www.vtusp.cz\\\/en\\\/aktuality\\\/vtulka-dala-zaklad-bezpilotniho-letani-v-cechach\\\/\",\"name\":\"\u201eVtulka\u201c dala z\u00e1klad bezpilotn\u00edho l\u00e9t\u00e1n\u00ed v \u010cech\u00e1ch | VT\u00da s.p.\",\"isPartOf\":{\"@id\":\"https:\\\/\\\/www.vtusp.cz\\\/en\\\/#website\"},\"primaryImageOfPage\":{\"@id\":\"https:\\\/\\\/www.vtusp.cz\\\/en\\\/aktuality\\\/vtulka-dala-zaklad-bezpilotniho-letani-v-cechach\\\/#primaryimage\"},\"image\":{\"@id\":\"https:\\\/\\\/www.vtusp.cz\\\/en\\\/aktuality\\\/vtulka-dala-zaklad-bezpilotniho-letani-v-cechach\\\/#primaryimage\"},\"thumbnailUrl\":\"https:\\\/\\\/www.vtusp.cz\\\/files\\\/uploads\\\/2020\\\/11\\\/01-Bezpilotn\u00ed-letoun-RuBl-podle-p.-Rumrajcha-a-Bla\u017e\u00ed\u010dka.jpg\",\"datePublished\":\"2020-11-19T08:33:01+00:00\",\"dateModified\":\"2020-11-19T08:33:03+00:00\",\"author\":{\"@id\":\"https:\\\/\\\/www.vtusp.cz\\\/en\\\/#\\\/schema\\\/person\\\/f1e8bab14f234b53970de1bd457f4755\"},\"breadcrumb\":{\"@id\":\"https:\\\/\\\/www.vtusp.cz\\\/en\\\/aktuality\\\/vtulka-dala-zaklad-bezpilotniho-letani-v-cechach\\\/#breadcrumb\"},\"inLanguage\":\"en-US\",\"potentialAction\":[{\"@type\":\"ReadAction\",\"target\":[\"https:\\\/\\\/www.vtusp.cz\\\/en\\\/aktuality\\\/vtulka-dala-zaklad-bezpilotniho-letani-v-cechach\\\/\"]}]},{\"@type\":\"ImageObject\",\"inLanguage\":\"en-US\",\"@id\":\"https:\\\/\\\/www.vtusp.cz\\\/en\\\/aktuality\\\/vtulka-dala-zaklad-bezpilotniho-letani-v-cechach\\\/#primaryimage\",\"url\":\"https:\\\/\\\/www.vtusp.cz\\\/files\\\/uploads\\\/2020\\\/11\\\/01-Bezpilotn\u00ed-letoun-RuBl-podle-p.-Rumrajcha-a-Bla\u017e\u00ed\u010dka.jpg\",\"contentUrl\":\"https:\\\/\\\/www.vtusp.cz\\\/files\\\/uploads\\\/2020\\\/11\\\/01-Bezpilotn\u00ed-letoun-RuBl-podle-p.-Rumrajcha-a-Bla\u017e\u00ed\u010dka.jpg\",\"width\":800,\"height\":600,\"caption\":\"Bezpilotn\u00ed letoun RuBI podle p.Rumrajcha a Bla\u017e\u00ed\u010dka\"},{\"@type\":\"BreadcrumbList\",\"@id\":\"https:\\\/\\\/www.vtusp.cz\\\/en\\\/aktuality\\\/vtulka-dala-zaklad-bezpilotniho-letani-v-cechach\\\/#breadcrumb\",\"itemListElement\":[{\"@type\":\"ListItem\",\"position\":1,\"name\":\"Home\",\"item\":\"https:\\\/\\\/www.vtusp.cz\\\/en\\\/\"},{\"@type\":\"ListItem\",\"position\":2,\"name\":\"\u201eVtulka\u201c dala z\u00e1klad bezpilotn\u00edho l\u00e9t\u00e1n\u00ed v \u010cech\u00e1ch\"}]},{\"@type\":\"WebSite\",\"@id\":\"https:\\\/\\\/www.vtusp.cz\\\/en\\\/#website\",\"url\":\"https:\\\/\\\/www.vtusp.cz\\\/en\\\/\",\"name\":\"VT\u00da s.p.\",\"description\":\"\",\"potentialAction\":[{\"@type\":\"SearchAction\",\"target\":{\"@type\":\"EntryPoint\",\"urlTemplate\":\"https:\\\/\\\/www.vtusp.cz\\\/en\\\/?s={search_term_string}\"},\"query-input\":{\"@type\":\"PropertyValueSpecification\",\"valueRequired\":true,\"valueName\":\"search_term_string\"}}],\"inLanguage\":\"en-US\"},{\"@type\":\"Person\",\"@id\":\"https:\\\/\\\/www.vtusp.cz\\\/en\\\/#\\\/schema\\\/person\\\/f1e8bab14f234b53970de1bd457f4755\",\"name\":\"Mark\u00e9ta \u0160imkov\u00e1\",\"image\":{\"@type\":\"ImageObject\",\"inLanguage\":\"en-US\",\"@id\":\"https:\\\/\\\/secure.gravatar.com\\\/avatar\\\/11e6d560fad0d34db4e72d297ae926889fe4d6c23ddb5d1cab66094009979d36?s=96&d=mm&r=g\",\"url\":\"https:\\\/\\\/secure.gravatar.com\\\/avatar\\\/11e6d560fad0d34db4e72d297ae926889fe4d6c23ddb5d1cab66094009979d36?s=96&d=mm&r=g\",\"contentUrl\":\"https:\\\/\\\/secure.gravatar.com\\\/avatar\\\/11e6d560fad0d34db4e72d297ae926889fe4d6c23ddb5d1cab66094009979d36?s=96&d=mm&r=g\",\"caption\":\"Mark\u00e9ta \u0160imkov\u00e1\"}}]}<\/script>\n<!-- \/ Yoast SEO plugin. -->","yoast_head_json":{"title":"\u201eVtulka\u201c dala z\u00e1klad bezpilotn\u00edho l\u00e9t\u00e1n\u00ed v \u010cech\u00e1ch | VT\u00da s.p.","robots":{"index":"index","follow":"follow","max-snippet":"max-snippet:-1","max-image-preview":"max-image-preview:large","max-video-preview":"max-video-preview:-1"},"canonical":"https:\/\/www.vtusp.cz\/en\/aktuality\/vtulka-dala-zaklad-bezpilotniho-letani-v-cechach\/","og_locale":"en_US","og_type":"article","og_title":"\u201eVtulka\u201c dala z\u00e1klad bezpilotn\u00edho l\u00e9t\u00e1n\u00ed v \u010cech\u00e1ch | VT\u00da s.p.","og_description":"D\u0159\u00edve V\u00fdzkumn\u00fd \u00fastav 030 (V\u00da 030), nyn\u00ed od\u0161t\u011bpn\u00fd z\u00e1vod Vojensk\u00fd technick\u00fd \u00fastav letectva a protivzdu\u0161n\u00e9 obrany (VT\u00daLaPVO), st\u00e1ly na za\u010d\u00e1tku v\u00fdvoje bezpilotn\u00edch letoun\u016f v&nbsp;\u010cech\u00e1ch! Prvn\u00ed podn\u011bt k&nbsp;n\u00e1vrhu \u010desk\u00e9ho bezpilotn\u00edho prost\u0159edku...","og_url":"https:\/\/www.vtusp.cz\/en\/aktuality\/vtulka-dala-zaklad-bezpilotniho-letani-v-cechach\/","og_site_name":"VT\u00da s.p.","article_published_time":"2020-11-19T08:33:01+00:00","article_modified_time":"2020-11-19T08:33:03+00:00","og_image":[{"width":800,"height":600,"url":"https:\/\/www.vtusp.cz\/files\/uploads\/2020\/11\/01-Bezpilotn\u00ed-letoun-RuBl-podle-p.-Rumrajcha-a-Bla\u017e\u00ed\u010dka.jpg","type":"image\/jpeg"}],"author":"Mark\u00e9ta \u0160imkov\u00e1","twitter_card":"summary_large_image","twitter_misc":{"Written by":"Mark\u00e9ta \u0160imkov\u00e1","Est. reading time":"2 minutes"},"schema":{"@context":"https:\/\/schema.org","@graph":[{"@type":"Article","@id":"https:\/\/www.vtusp.cz\/en\/aktuality\/vtulka-dala-zaklad-bezpilotniho-letani-v-cechach\/#article","isPartOf":{"@id":"https:\/\/www.vtusp.cz\/en\/aktuality\/vtulka-dala-zaklad-bezpilotniho-letani-v-cechach\/"},"author":{"name":"Mark\u00e9ta \u0160imkov\u00e1","@id":"https:\/\/www.vtusp.cz\/en\/#\/schema\/person\/f1e8bab14f234b53970de1bd457f4755"},"headline":"\u201eVtulka\u201c dala z\u00e1klad bezpilotn\u00edho l\u00e9t\u00e1n\u00ed v \u010cech\u00e1ch","datePublished":"2020-11-19T08:33:01+00:00","dateModified":"2020-11-19T08:33:03+00:00","mainEntityOfPage":{"@id":"https:\/\/www.vtusp.cz\/en\/aktuality\/vtulka-dala-zaklad-bezpilotniho-letani-v-cechach\/"},"wordCount":477,"commentCount":0,"image":{"@id":"https:\/\/www.vtusp.cz\/en\/aktuality\/vtulka-dala-zaklad-bezpilotniho-letani-v-cechach\/#primaryimage"},"thumbnailUrl":"https:\/\/www.vtusp.cz\/files\/uploads\/2020\/11\/01-Bezpilotn\u00ed-letoun-RuBl-podle-p.-Rumrajcha-a-Bla\u017e\u00ed\u010dka.jpg","articleSection":["Aktuality"],"inLanguage":"en-US","potentialAction":[{"@type":"CommentAction","name":"Comment","target":["https:\/\/www.vtusp.cz\/en\/aktuality\/vtulka-dala-zaklad-bezpilotniho-letani-v-cechach\/#respond"]}]},{"@type":"WebPage","@id":"https:\/\/www.vtusp.cz\/en\/aktuality\/vtulka-dala-zaklad-bezpilotniho-letani-v-cechach\/","url":"https:\/\/www.vtusp.cz\/en\/aktuality\/vtulka-dala-zaklad-bezpilotniho-letani-v-cechach\/","name":"\u201eVtulka\u201c dala z\u00e1klad bezpilotn\u00edho l\u00e9t\u00e1n\u00ed v \u010cech\u00e1ch | VT\u00da s.p.","isPartOf":{"@id":"https:\/\/www.vtusp.cz\/en\/#website"},"primaryImageOfPage":{"@id":"https:\/\/www.vtusp.cz\/en\/aktuality\/vtulka-dala-zaklad-bezpilotniho-letani-v-cechach\/#primaryimage"},"image":{"@id":"https:\/\/www.vtusp.cz\/en\/aktuality\/vtulka-dala-zaklad-bezpilotniho-letani-v-cechach\/#primaryimage"},"thumbnailUrl":"https:\/\/www.vtusp.cz\/files\/uploads\/2020\/11\/01-Bezpilotn\u00ed-letoun-RuBl-podle-p.-Rumrajcha-a-Bla\u017e\u00ed\u010dka.jpg","datePublished":"2020-11-19T08:33:01+00:00","dateModified":"2020-11-19T08:33:03+00:00","author":{"@id":"https:\/\/www.vtusp.cz\/en\/#\/schema\/person\/f1e8bab14f234b53970de1bd457f4755"},"breadcrumb":{"@id":"https:\/\/www.vtusp.cz\/en\/aktuality\/vtulka-dala-zaklad-bezpilotniho-letani-v-cechach\/#breadcrumb"},"inLanguage":"en-US","potentialAction":[{"@type":"ReadAction","target":["https:\/\/www.vtusp.cz\/en\/aktuality\/vtulka-dala-zaklad-bezpilotniho-letani-v-cechach\/"]}]},{"@type":"ImageObject","inLanguage":"en-US","@id":"https:\/\/www.vtusp.cz\/en\/aktuality\/vtulka-dala-zaklad-bezpilotniho-letani-v-cechach\/#primaryimage","url":"https:\/\/www.vtusp.cz\/files\/uploads\/2020\/11\/01-Bezpilotn\u00ed-letoun-RuBl-podle-p.-Rumrajcha-a-Bla\u017e\u00ed\u010dka.jpg","contentUrl":"https:\/\/www.vtusp.cz\/files\/uploads\/2020\/11\/01-Bezpilotn\u00ed-letoun-RuBl-podle-p.-Rumrajcha-a-Bla\u017e\u00ed\u010dka.jpg","width":800,"height":600,"caption":"Bezpilotn\u00ed letoun RuBI podle p.Rumrajcha a Bla\u017e\u00ed\u010dka"},{"@type":"BreadcrumbList","@id":"https:\/\/www.vtusp.cz\/en\/aktuality\/vtulka-dala-zaklad-bezpilotniho-letani-v-cechach\/#breadcrumb","itemListElement":[{"@type":"ListItem","position":1,"name":"Home","item":"https:\/\/www.vtusp.cz\/en\/"},{"@type":"ListItem","position":2,"name":"\u201eVtulka\u201c dala z\u00e1klad bezpilotn\u00edho l\u00e9t\u00e1n\u00ed v \u010cech\u00e1ch"}]},{"@type":"WebSite","@id":"https:\/\/www.vtusp.cz\/en\/#website","url":"https:\/\/www.vtusp.cz\/en\/","name":"VT\u00da s.p.","description":"","potentialAction":[{"@type":"SearchAction","target":{"@type":"EntryPoint","urlTemplate":"https:\/\/www.vtusp.cz\/en\/?s={search_term_string}"},"query-input":{"@type":"PropertyValueSpecification","valueRequired":true,"valueName":"search_term_string"}}],"inLanguage":"en-US"},{"@type":"Person","@id":"https:\/\/www.vtusp.cz\/en\/#\/schema\/person\/f1e8bab14f234b53970de1bd457f4755","name":"Mark\u00e9ta \u0160imkov\u00e1","image":{"@type":"ImageObject","inLanguage":"en-US","@id":"https:\/\/secure.gravatar.com\/avatar\/11e6d560fad0d34db4e72d297ae926889fe4d6c23ddb5d1cab66094009979d36?s=96&d=mm&r=g","url":"https:\/\/secure.gravatar.com\/avatar\/11e6d560fad0d34db4e72d297ae926889fe4d6c23ddb5d1cab66094009979d36?s=96&d=mm&r=g","contentUrl":"https:\/\/secure.gravatar.com\/avatar\/11e6d560fad0d34db4e72d297ae926889fe4d6c23ddb5d1cab66094009979d36?s=96&d=mm&r=g","caption":"Mark\u00e9ta \u0160imkov\u00e1"}}]}},"_links":{"self":[{"href":"https:\/\/www.vtusp.cz\/en\/wp-json\/wp\/v2\/posts\/6273","targetHints":{"allow":["GET"]}}],"collection":[{"href":"https:\/\/www.vtusp.cz\/en\/wp-json\/wp\/v2\/posts"}],"about":[{"href":"https:\/\/www.vtusp.cz\/en\/wp-json\/wp\/v2\/types\/post"}],"author":[{"embeddable":true,"href":"https:\/\/www.vtusp.cz\/en\/wp-json\/wp\/v2\/users\/3"}],"replies":[{"embeddable":true,"href":"https:\/\/www.vtusp.cz\/en\/wp-json\/wp\/v2\/comments?post=6273"}],"version-history":[{"count":3,"href":"https:\/\/www.vtusp.cz\/en\/wp-json\/wp\/v2\/posts\/6273\/revisions"}],"predecessor-version":[{"id":6297,"href":"https:\/\/www.vtusp.cz\/en\/wp-json\/wp\/v2\/posts\/6273\/revisions\/6297"}],"wp:featuredmedia":[{"embeddable":true,"href":"https:\/\/www.vtusp.cz\/en\/wp-json\/wp\/v2\/media\/6287"}],"wp:attachment":[{"href":"https:\/\/www.vtusp.cz\/en\/wp-json\/wp\/v2\/media?parent=6273"}],"wp:term":[{"taxonomy":"category","embeddable":true,"href":"https:\/\/www.vtusp.cz\/en\/wp-json\/wp\/v2\/categories?post=6273"}],"curies":[{"name":"wp","href":"https:\/\/api.w.org\/{rel}","templated":true}]}}