{"id":6272,"date":"2020-11-16T09:41:15","date_gmt":"2020-11-16T08:41:15","guid":{"rendered":"https:\/\/www.vtusp.cz\/?p=6272"},"modified":"2020-11-16T09:41:19","modified_gmt":"2020-11-16T08:41:19","slug":"podilime-se-na-obranyschopnosti-a-bezpecnosti-statu","status":"publish","type":"post","link":"https:\/\/www.vtusp.cz\/en\/aktuality\/podilime-se-na-obranyschopnosti-a-bezpecnosti-statu\/","title":{"rendered":"Pod\u00edl\u00edme se na obranyschopnosti a bezpe\u010dnosti st\u00e1tu"},"content":{"rendered":"<div class=\"element core-paragraph\">\n<p>V magaz\u00ednu \u010desk\u00e9ho pr\u016fmyslu a obchodu Czech Industry, jeho\u017e hlavn\u00edm posl\u00e1n\u00edm je p\u0159in\u00e1\u0161et informace o d\u011bn\u00ed v\u00a0hospod\u00e1\u0159sk\u00e9 sf\u00e9\u0159e v\u00a0\u0161ir\u0161\u00edch souvislostech, si m\u016f\u017eete p\u0159e\u010d\u00edst rozhovor \u0161\u00e9fredaktora \u010dasopisu Franti\u0161ka Petru\u017ealka s\u00a0\u0159editelem Vojensk\u00e9ho technick\u00e9ho \u00fastavu, s. p. Ji\u0159\u00edm Protivou.\u00a0 \u00a0<\/p>\n<\/div>\n\n<div class=\"element core-gallery\">\n<figure class=\"wp-block-gallery columns-1 is-cropped wp-block-gallery-1 is-layout-flex wp-block-gallery-is-layout-flex\"><ul class=\"blocks-gallery-grid\"><li class=\"blocks-gallery-item\"><figure><img decoding=\"async\" width=\"1072\" height=\"1600\" src=\"https:\/\/www.vtusp.cz\/files\/smush-webp\/2020\/11\/22-1072x1600.jpg.webp\" alt=\"\" data-id=\"6284\" data-full-url=\"https:\/\/www.vtusp.cz\/files\/uploads\/2020\/11\/22.jpg\" data-link=\"https:\/\/www.vtusp.cz\/?attachment_id=6284\" class=\"wp-image-6284\" srcset=\"https:\/\/www.vtusp.cz\/files\/smush-webp\/2020\/11\/22-1072x1600.jpg.webp 1072w, https:\/\/www.vtusp.cz\/files\/smush-webp\/2020\/11\/22-603x900.jpg.webp 603w, https:\/\/www.vtusp.cz\/files\/smush-webp\/2020\/11\/22-768x1146.jpg.webp 768w, https:\/\/www.vtusp.cz\/files\/smush-webp\/2020\/11\/22-1029x1536.jpg.webp 1029w, https:\/\/www.vtusp.cz\/files\/smush-webp\/2020\/11\/22.jpg.webp 1372w\" sizes=\"(max-width: 1072px) 100vw, 1072px\" \/><\/figure><\/li><\/ul><\/figure>\n<\/div>","protected":false},"excerpt":{"rendered":"<p>V magaz\u00ednu \u010desk\u00e9ho pr\u016fmyslu a obchodu Czech Industry, jeho\u017e hlavn\u00edm posl\u00e1n\u00edm je p\u0159in\u00e1\u0161et informace o d\u011bn\u00ed v\u00a0hospod\u00e1\u0159sk\u00e9 sf\u00e9\u0159e v\u00a0\u0161ir\u0161\u00edch souvislostech, si m\u016f\u017eete p\u0159e\u010d\u00edst rozhovor \u0161\u00e9fredaktora \u010dasopisu Franti\u0161ka Petru\u017ealka s\u00a0\u0159editelem Vojensk\u00e9ho&#8230;<\/p>\n","protected":false},"author":3,"featured_media":6274,"comment_status":"open","ping_status":"closed","sticky":false,"template":"","format":"standard","meta":{"_acf_changed":false,"inline_featured_image":false,"footnotes":""},"categories":[1],"class_list":["post-6272","post","type-post","status-publish","format-standard","has-post-thumbnail","hentry","category-aktuality"],"acf":[],"yoast_head":"<!-- This site is optimized with the Yoast SEO plugin v27.5 - https:\/\/yoast.com\/product\/yoast-seo-wordpress\/ -->\n<title>Pod\u00edl\u00edme se na obranyschopnosti a bezpe\u010dnosti st\u00e1tu | VT\u00da s.p.<\/title>\n<meta name=\"robots\" content=\"index, follow, max-snippet:-1, max-image-preview:large, max-video-preview:-1\" \/>\n<link rel=\"canonical\" href=\"https:\/\/www.vtusp.cz\/en\/aktuality\/podilime-se-na-obranyschopnosti-a-bezpecnosti-statu\/\" \/>\n<meta property=\"og:locale\" content=\"en_US\" \/>\n<meta property=\"og:type\" content=\"article\" \/>\n<meta property=\"og:title\" content=\"Pod\u00edl\u00edme se na obranyschopnosti a bezpe\u010dnosti st\u00e1tu | VT\u00da s.p.\" \/>\n<meta property=\"og:description\" content=\"V magaz\u00ednu \u010desk\u00e9ho pr\u016fmyslu a obchodu Czech Industry, jeho\u017e hlavn\u00edm posl\u00e1n\u00edm je p\u0159in\u00e1\u0161et informace o d\u011bn\u00ed v\u00a0hospod\u00e1\u0159sk\u00e9 sf\u00e9\u0159e v\u00a0\u0161ir\u0161\u00edch souvislostech, si m\u016f\u017eete p\u0159e\u010d\u00edst rozhovor \u0161\u00e9fredaktora \u010dasopisu Franti\u0161ka Petru\u017ealka s\u00a0\u0159editelem Vojensk\u00e9ho...\" \/>\n<meta property=\"og:url\" content=\"https:\/\/www.vtusp.cz\/en\/aktuality\/podilime-se-na-obranyschopnosti-a-bezpecnosti-statu\/\" \/>\n<meta property=\"og:site_name\" content=\"VT\u00da s.p.\" \/>\n<meta property=\"article:published_time\" content=\"2020-11-16T08:41:15+00:00\" \/>\n<meta property=\"article:modified_time\" content=\"2020-11-16T08:41:19+00:00\" \/>\n<meta property=\"og:image\" content=\"https:\/\/www.vtusp.cz\/files\/uploads\/2020\/11\/124102560_2817647015177696_695427411304408424_o.jpg\" \/>\n\t<meta property=\"og:image:width\" content=\"1372\" \/>\n\t<meta property=\"og:image:height\" content=\"2048\" \/>\n\t<meta property=\"og:image:type\" content=\"image\/jpeg\" \/>\n<meta name=\"author\" content=\"Mark\u00e9ta \u0160imkov\u00e1\" \/>\n<meta name=\"twitter:card\" content=\"summary_large_image\" \/>\n<meta name=\"twitter:label1\" content=\"Written by\" \/>\n\t<meta name=\"twitter:data1\" content=\"Mark\u00e9ta \u0160imkov\u00e1\" \/>\n<script type=\"application\/ld+json\" class=\"yoast-schema-graph\">{\"@context\":\"https:\\\/\\\/schema.org\",\"@graph\":[{\"@type\":\"Article\",\"@id\":\"https:\\\/\\\/www.vtusp.cz\\\/en\\\/aktuality\\\/podilime-se-na-obranyschopnosti-a-bezpecnosti-statu\\\/#article\",\"isPartOf\":{\"@id\":\"https:\\\/\\\/www.vtusp.cz\\\/en\\\/aktuality\\\/podilime-se-na-obranyschopnosti-a-bezpecnosti-statu\\\/\"},\"author\":{\"name\":\"Mark\u00e9ta \u0160imkov\u00e1\",\"@id\":\"https:\\\/\\\/www.vtusp.cz\\\/en\\\/#\\\/schema\\\/person\\\/f1e8bab14f234b53970de1bd457f4755\"},\"headline\":\"Pod\u00edl\u00edme se na obranyschopnosti a bezpe\u010dnosti st\u00e1tu\",\"datePublished\":\"2020-11-16T08:41:15+00:00\",\"dateModified\":\"2020-11-16T08:41:19+00:00\",\"mainEntityOfPage\":{\"@id\":\"https:\\\/\\\/www.vtusp.cz\\\/en\\\/aktuality\\\/podilime-se-na-obranyschopnosti-a-bezpecnosti-statu\\\/\"},\"wordCount\":70,\"commentCount\":0,\"image\":{\"@id\":\"https:\\\/\\\/www.vtusp.cz\\\/en\\\/aktuality\\\/podilime-se-na-obranyschopnosti-a-bezpecnosti-statu\\\/#primaryimage\"},\"thumbnailUrl\":\"https:\\\/\\\/www.vtusp.cz\\\/files\\\/uploads\\\/2020\\\/11\\\/124102560_2817647015177696_695427411304408424_o.jpg\",\"articleSection\":[\"Aktuality\"],\"inLanguage\":\"en-US\",\"potentialAction\":[{\"@type\":\"CommentAction\",\"name\":\"Comment\",\"target\":[\"https:\\\/\\\/www.vtusp.cz\\\/en\\\/aktuality\\\/podilime-se-na-obranyschopnosti-a-bezpecnosti-statu\\\/#respond\"]}]},{\"@type\":\"WebPage\",\"@id\":\"https:\\\/\\\/www.vtusp.cz\\\/en\\\/aktuality\\\/podilime-se-na-obranyschopnosti-a-bezpecnosti-statu\\\/\",\"url\":\"https:\\\/\\\/www.vtusp.cz\\\/en\\\/aktuality\\\/podilime-se-na-obranyschopnosti-a-bezpecnosti-statu\\\/\",\"name\":\"Pod\u00edl\u00edme se na obranyschopnosti a bezpe\u010dnosti st\u00e1tu | VT\u00da s.p.\",\"isPartOf\":{\"@id\":\"https:\\\/\\\/www.vtusp.cz\\\/en\\\/#website\"},\"primaryImageOfPage\":{\"@id\":\"https:\\\/\\\/www.vtusp.cz\\\/en\\\/aktuality\\\/podilime-se-na-obranyschopnosti-a-bezpecnosti-statu\\\/#primaryimage\"},\"image\":{\"@id\":\"https:\\\/\\\/www.vtusp.cz\\\/en\\\/aktuality\\\/podilime-se-na-obranyschopnosti-a-bezpecnosti-statu\\\/#primaryimage\"},\"thumbnailUrl\":\"https:\\\/\\\/www.vtusp.cz\\\/files\\\/uploads\\\/2020\\\/11\\\/124102560_2817647015177696_695427411304408424_o.jpg\",\"datePublished\":\"2020-11-16T08:41:15+00:00\",\"dateModified\":\"2020-11-16T08:41:19+00:00\",\"author\":{\"@id\":\"https:\\\/\\\/www.vtusp.cz\\\/en\\\/#\\\/schema\\\/person\\\/f1e8bab14f234b53970de1bd457f4755\"},\"breadcrumb\":{\"@id\":\"https:\\\/\\\/www.vtusp.cz\\\/en\\\/aktuality\\\/podilime-se-na-obranyschopnosti-a-bezpecnosti-statu\\\/#breadcrumb\"},\"inLanguage\":\"en-US\",\"potentialAction\":[{\"@type\":\"ReadAction\",\"target\":[\"https:\\\/\\\/www.vtusp.cz\\\/en\\\/aktuality\\\/podilime-se-na-obranyschopnosti-a-bezpecnosti-statu\\\/\"]}]},{\"@type\":\"ImageObject\",\"inLanguage\":\"en-US\",\"@id\":\"https:\\\/\\\/www.vtusp.cz\\\/en\\\/aktuality\\\/podilime-se-na-obranyschopnosti-a-bezpecnosti-statu\\\/#primaryimage\",\"url\":\"https:\\\/\\\/www.vtusp.cz\\\/files\\\/uploads\\\/2020\\\/11\\\/124102560_2817647015177696_695427411304408424_o.jpg\",\"contentUrl\":\"https:\\\/\\\/www.vtusp.cz\\\/files\\\/uploads\\\/2020\\\/11\\\/124102560_2817647015177696_695427411304408424_o.jpg\",\"width\":1372,\"height\":2048},{\"@type\":\"BreadcrumbList\",\"@id\":\"https:\\\/\\\/www.vtusp.cz\\\/en\\\/aktuality\\\/podilime-se-na-obranyschopnosti-a-bezpecnosti-statu\\\/#breadcrumb\",\"itemListElement\":[{\"@type\":\"ListItem\",\"position\":1,\"name\":\"Home\",\"item\":\"https:\\\/\\\/www.vtusp.cz\\\/en\\\/\"},{\"@type\":\"ListItem\",\"position\":2,\"name\":\"Pod\u00edl\u00edme se na obranyschopnosti a bezpe\u010dnosti st\u00e1tu\"}]},{\"@type\":\"WebSite\",\"@id\":\"https:\\\/\\\/www.vtusp.cz\\\/en\\\/#website\",\"url\":\"https:\\\/\\\/www.vtusp.cz\\\/en\\\/\",\"name\":\"VT\u00da s.p.\",\"description\":\"\",\"potentialAction\":[{\"@type\":\"SearchAction\",\"target\":{\"@type\":\"EntryPoint\",\"urlTemplate\":\"https:\\\/\\\/www.vtusp.cz\\\/en\\\/?s={search_term_string}\"},\"query-input\":{\"@type\":\"PropertyValueSpecification\",\"valueRequired\":true,\"valueName\":\"search_term_string\"}}],\"inLanguage\":\"en-US\"},{\"@type\":\"Person\",\"@id\":\"https:\\\/\\\/www.vtusp.cz\\\/en\\\/#\\\/schema\\\/person\\\/f1e8bab14f234b53970de1bd457f4755\",\"name\":\"Mark\u00e9ta \u0160imkov\u00e1\",\"image\":{\"@type\":\"ImageObject\",\"inLanguage\":\"en-US\",\"@id\":\"https:\\\/\\\/secure.gravatar.com\\\/avatar\\\/11e6d560fad0d34db4e72d297ae926889fe4d6c23ddb5d1cab66094009979d36?s=96&d=mm&r=g\",\"url\":\"https:\\\/\\\/secure.gravatar.com\\\/avatar\\\/11e6d560fad0d34db4e72d297ae926889fe4d6c23ddb5d1cab66094009979d36?s=96&d=mm&r=g\",\"contentUrl\":\"https:\\\/\\\/secure.gravatar.com\\\/avatar\\\/11e6d560fad0d34db4e72d297ae926889fe4d6c23ddb5d1cab66094009979d36?s=96&d=mm&r=g\",\"caption\":\"Mark\u00e9ta \u0160imkov\u00e1\"}}]}<\/script>\n<!-- \/ Yoast SEO plugin. -->","yoast_head_json":{"title":"Pod\u00edl\u00edme se na obranyschopnosti a bezpe\u010dnosti st\u00e1tu | VT\u00da s.p.","robots":{"index":"index","follow":"follow","max-snippet":"max-snippet:-1","max-image-preview":"max-image-preview:large","max-video-preview":"max-video-preview:-1"},"canonical":"https:\/\/www.vtusp.cz\/en\/aktuality\/podilime-se-na-obranyschopnosti-a-bezpecnosti-statu\/","og_locale":"en_US","og_type":"article","og_title":"Pod\u00edl\u00edme se na obranyschopnosti a bezpe\u010dnosti st\u00e1tu | VT\u00da s.p.","og_description":"V magaz\u00ednu \u010desk\u00e9ho pr\u016fmyslu a obchodu Czech Industry, jeho\u017e hlavn\u00edm posl\u00e1n\u00edm je p\u0159in\u00e1\u0161et informace o d\u011bn\u00ed v\u00a0hospod\u00e1\u0159sk\u00e9 sf\u00e9\u0159e v\u00a0\u0161ir\u0161\u00edch souvislostech, si m\u016f\u017eete p\u0159e\u010d\u00edst rozhovor \u0161\u00e9fredaktora \u010dasopisu Franti\u0161ka Petru\u017ealka s\u00a0\u0159editelem Vojensk\u00e9ho...","og_url":"https:\/\/www.vtusp.cz\/en\/aktuality\/podilime-se-na-obranyschopnosti-a-bezpecnosti-statu\/","og_site_name":"VT\u00da s.p.","article_published_time":"2020-11-16T08:41:15+00:00","article_modified_time":"2020-11-16T08:41:19+00:00","og_image":[{"width":1372,"height":2048,"url":"https:\/\/www.vtusp.cz\/files\/uploads\/2020\/11\/124102560_2817647015177696_695427411304408424_o.jpg","type":"image\/jpeg"}],"author":"Mark\u00e9ta \u0160imkov\u00e1","twitter_card":"summary_large_image","twitter_misc":{"Written by":"Mark\u00e9ta \u0160imkov\u00e1"},"schema":{"@context":"https:\/\/schema.org","@graph":[{"@type":"Article","@id":"https:\/\/www.vtusp.cz\/en\/aktuality\/podilime-se-na-obranyschopnosti-a-bezpecnosti-statu\/#article","isPartOf":{"@id":"https:\/\/www.vtusp.cz\/en\/aktuality\/podilime-se-na-obranyschopnosti-a-bezpecnosti-statu\/"},"author":{"name":"Mark\u00e9ta \u0160imkov\u00e1","@id":"https:\/\/www.vtusp.cz\/en\/#\/schema\/person\/f1e8bab14f234b53970de1bd457f4755"},"headline":"Pod\u00edl\u00edme se na obranyschopnosti a bezpe\u010dnosti st\u00e1tu","datePublished":"2020-11-16T08:41:15+00:00","dateModified":"2020-11-16T08:41:19+00:00","mainEntityOfPage":{"@id":"https:\/\/www.vtusp.cz\/en\/aktuality\/podilime-se-na-obranyschopnosti-a-bezpecnosti-statu\/"},"wordCount":70,"commentCount":0,"image":{"@id":"https:\/\/www.vtusp.cz\/en\/aktuality\/podilime-se-na-obranyschopnosti-a-bezpecnosti-statu\/#primaryimage"},"thumbnailUrl":"https:\/\/www.vtusp.cz\/files\/uploads\/2020\/11\/124102560_2817647015177696_695427411304408424_o.jpg","articleSection":["Aktuality"],"inLanguage":"en-US","potentialAction":[{"@type":"CommentAction","name":"Comment","target":["https:\/\/www.vtusp.cz\/en\/aktuality\/podilime-se-na-obranyschopnosti-a-bezpecnosti-statu\/#respond"]}]},{"@type":"WebPage","@id":"https:\/\/www.vtusp.cz\/en\/aktuality\/podilime-se-na-obranyschopnosti-a-bezpecnosti-statu\/","url":"https:\/\/www.vtusp.cz\/en\/aktuality\/podilime-se-na-obranyschopnosti-a-bezpecnosti-statu\/","name":"Pod\u00edl\u00edme se na obranyschopnosti a bezpe\u010dnosti st\u00e1tu | VT\u00da s.p.","isPartOf":{"@id":"https:\/\/www.vtusp.cz\/en\/#website"},"primaryImageOfPage":{"@id":"https:\/\/www.vtusp.cz\/en\/aktuality\/podilime-se-na-obranyschopnosti-a-bezpecnosti-statu\/#primaryimage"},"image":{"@id":"https:\/\/www.vtusp.cz\/en\/aktuality\/podilime-se-na-obranyschopnosti-a-bezpecnosti-statu\/#primaryimage"},"thumbnailUrl":"https:\/\/www.vtusp.cz\/files\/uploads\/2020\/11\/124102560_2817647015177696_695427411304408424_o.jpg","datePublished":"2020-11-16T08:41:15+00:00","dateModified":"2020-11-16T08:41:19+00:00","author":{"@id":"https:\/\/www.vtusp.cz\/en\/#\/schema\/person\/f1e8bab14f234b53970de1bd457f4755"},"breadcrumb":{"@id":"https:\/\/www.vtusp.cz\/en\/aktuality\/podilime-se-na-obranyschopnosti-a-bezpecnosti-statu\/#breadcrumb"},"inLanguage":"en-US","potentialAction":[{"@type":"ReadAction","target":["https:\/\/www.vtusp.cz\/en\/aktuality\/podilime-se-na-obranyschopnosti-a-bezpecnosti-statu\/"]}]},{"@type":"ImageObject","inLanguage":"en-US","@id":"https:\/\/www.vtusp.cz\/en\/aktuality\/podilime-se-na-obranyschopnosti-a-bezpecnosti-statu\/#primaryimage","url":"https:\/\/www.vtusp.cz\/files\/uploads\/2020\/11\/124102560_2817647015177696_695427411304408424_o.jpg","contentUrl":"https:\/\/www.vtusp.cz\/files\/uploads\/2020\/11\/124102560_2817647015177696_695427411304408424_o.jpg","width":1372,"height":2048},{"@type":"BreadcrumbList","@id":"https:\/\/www.vtusp.cz\/en\/aktuality\/podilime-se-na-obranyschopnosti-a-bezpecnosti-statu\/#breadcrumb","itemListElement":[{"@type":"ListItem","position":1,"name":"Home","item":"https:\/\/www.vtusp.cz\/en\/"},{"@type":"ListItem","position":2,"name":"Pod\u00edl\u00edme se na obranyschopnosti a bezpe\u010dnosti st\u00e1tu"}]},{"@type":"WebSite","@id":"https:\/\/www.vtusp.cz\/en\/#website","url":"https:\/\/www.vtusp.cz\/en\/","name":"VT\u00da s.p.","description":"","potentialAction":[{"@type":"SearchAction","target":{"@type":"EntryPoint","urlTemplate":"https:\/\/www.vtusp.cz\/en\/?s={search_term_string}"},"query-input":{"@type":"PropertyValueSpecification","valueRequired":true,"valueName":"search_term_string"}}],"inLanguage":"en-US"},{"@type":"Person","@id":"https:\/\/www.vtusp.cz\/en\/#\/schema\/person\/f1e8bab14f234b53970de1bd457f4755","name":"Mark\u00e9ta \u0160imkov\u00e1","image":{"@type":"ImageObject","inLanguage":"en-US","@id":"https:\/\/secure.gravatar.com\/avatar\/11e6d560fad0d34db4e72d297ae926889fe4d6c23ddb5d1cab66094009979d36?s=96&d=mm&r=g","url":"https:\/\/secure.gravatar.com\/avatar\/11e6d560fad0d34db4e72d297ae926889fe4d6c23ddb5d1cab66094009979d36?s=96&d=mm&r=g","contentUrl":"https:\/\/secure.gravatar.com\/avatar\/11e6d560fad0d34db4e72d297ae926889fe4d6c23ddb5d1cab66094009979d36?s=96&d=mm&r=g","caption":"Mark\u00e9ta \u0160imkov\u00e1"}}]}},"_links":{"self":[{"href":"https:\/\/www.vtusp.cz\/en\/wp-json\/wp\/v2\/posts\/6272","targetHints":{"allow":["GET"]}}],"collection":[{"href":"https:\/\/www.vtusp.cz\/en\/wp-json\/wp\/v2\/posts"}],"about":[{"href":"https:\/\/www.vtusp.cz\/en\/wp-json\/wp\/v2\/types\/post"}],"author":[{"embeddable":true,"href":"https:\/\/www.vtusp.cz\/en\/wp-json\/wp\/v2\/users\/3"}],"replies":[{"embeddable":true,"href":"https:\/\/www.vtusp.cz\/en\/wp-json\/wp\/v2\/comments?post=6272"}],"version-history":[{"count":1,"href":"https:\/\/www.vtusp.cz\/en\/wp-json\/wp\/v2\/posts\/6272\/revisions"}],"predecessor-version":[{"id":6286,"href":"https:\/\/www.vtusp.cz\/en\/wp-json\/wp\/v2\/posts\/6272\/revisions\/6286"}],"wp:featuredmedia":[{"embeddable":true,"href":"https:\/\/www.vtusp.cz\/en\/wp-json\/wp\/v2\/media\/6274"}],"wp:attachment":[{"href":"https:\/\/www.vtusp.cz\/en\/wp-json\/wp\/v2\/media?parent=6272"}],"wp:term":[{"taxonomy":"category","embeddable":true,"href":"https:\/\/www.vtusp.cz\/en\/wp-json\/wp\/v2\/categories?post=6272"}],"curies":[{"name":"wp","href":"https:\/\/api.w.org\/{rel}","templated":true}]}}