{"id":6208,"date":"2020-11-06T08:42:04","date_gmt":"2020-11-06T07:42:04","guid":{"rendered":"https:\/\/www.vtusp.cz\/?p=6208"},"modified":"2020-11-06T08:42:06","modified_gmt":"2020-11-06T07:42:06","slug":"spolecne-v-oblasti-bezpecnostnich-sluzeb","status":"publish","type":"post","link":"https:\/\/www.vtusp.cz\/en\/aktuality\/spolecne-v-oblasti-bezpecnostnich-sluzeb\/","title":{"rendered":"Spole\u010dn\u011b v oblasti bezpe\u010dnostn\u00edch slu\u017eeb"},"content":{"rendered":"<div class=\"element core-paragraph\">\n<p>\u201eVojensk\u00fd technick\u00fd \u00fastav vn\u00edm\u00e1me jako nejvhodn\u011bj\u0161\u00edho partnera ke spolupr\u00e1ci v&nbsp; bezpe\u010dnostn\u00ed oblasti. Nejen\u017ee je st\u00e1tn\u00edm podnikem s&nbsp;unik\u00e1tn\u00edm know-how v\u00fdzkumn\u00e9ho a v\u00fdvojov\u00e9ho portfolia, ale jeho d\u00edl\u010d\u00ed projekty napl\u0148uj\u00ed na\u0161i vizi kvalitativn\u011b vy\u0161\u0161\u00ed \u00farovn\u011b poskytovan\u00fdch bezpe\u010dnostn\u00edch slu\u017eeb. V&nbsp;tomto sm\u011bru je pro n\u00e1s VT\u00da prim\u00e1rn\u00edm spole\u010dn\u00edkem, a to i z&nbsp;pohledu majetkov\u00e9 \u00fa\u010dasti st\u00e1tu v&nbsp;obou subjektech\u201c \u0159\u00edk\u00e1 jednatel spole\u010dnosti \u010cesk\u00e1 po\u0161ta Security Tom\u00e1\u0161 Hampl.&nbsp;<\/p>\n<\/div>\n\n<div class=\"element core-paragraph\">\n<p>Ve \u010dtvrtek 5. listopadu 2020 podepsali p\u0159edstavitel\u00e9 obou st\u00e1tn\u00edch instituc\u00ed Memorandum o spolupr\u00e1ci. Signat\u00e1\u0159i memoranda se dohodli, \u017ee budou vz\u00e1jemn\u011b spolupracovat v&nbsp;oblasti bezpe\u010dnostn\u00edch slu\u017eeb, projekt\u016f a instalace, a to v\u010detn\u011b reviz\u00ed a zkou\u0161ek.<\/p>\n<\/div>\n\n<div class=\"element core-paragraph\">\n<p>\u201ePortfolio st\u00e1tn\u00edho podniku VT\u00da je prim\u00e1rn\u011b ur\u010deno pro Arm\u00e1du \u010cesk\u00e9 republiky, ale na\u0161e odborn\u00e9 schopnosti lze vyu\u017e\u00edt tak\u00e9 u dal\u0161\u00edch slo\u017eek ozbrojen\u00fdch sil a bezpe\u010dnostn\u00edch sbor\u016f, oblast bezpe\u010dnostn\u00edch slu\u017eeb nevyj\u00edmaje. Identifikovali jsme pr\u016fse\u010d\u00edky mo\u017en\u00e9 spolupr\u00e1ce. Mo\u017en\u00fd rozsah sou\u010dinnosti je \u0161irok\u00fd, proto\u017ee pilotn\u00ed projekty mohou m\u00edt zam\u011b\u0159en\u00ed od zaji\u0161t\u011bn\u00ed ochrany perimetru a\u017e po oblast kybernetick\u00e9 bezpe\u010dnosti. Dnes jsme u\u010dinili prvn\u00ed r\u00e1mcov\u00fd krok vz\u00e1jemn\u00e9 spolupr\u00e1ce, na kter\u00e9m chceme stav\u011bt v&nbsp;budoucnu,\u201c konstatuje \u0159editel st\u00e1tn\u00edho podniku VT\u00da Ji\u0159\u00ed Protiva.<\/p>\n<\/div>\n\n<div class=\"element core-paragraph\">\n<p>Autor: Pavel Lang&nbsp;&nbsp;<\/p>\n<\/div>\n\n<div class=\"element core-gallery\">\n<figure class=\"wp-block-gallery columns-1 is-cropped wp-block-gallery-1 is-layout-flex wp-block-gallery-is-layout-flex\"><ul class=\"blocks-gallery-grid\"><li class=\"blocks-gallery-item\"><figure><img decoding=\"async\" width=\"1024\" height=\"649\" src=\"https:\/\/www.vtusp.cz\/files\/smush-webp\/2020\/11\/02.jpg.webp\" alt=\"\" data-id=\"6211\" data-full-url=\"https:\/\/www.vtusp.cz\/files\/uploads\/2020\/11\/02.jpg\" data-link=\"https:\/\/www.vtusp.cz\/?attachment_id=6211\" class=\"wp-image-6211\" srcset=\"https:\/\/www.vtusp.cz\/files\/smush-webp\/2020\/11\/02.jpg.webp 1024w, https:\/\/www.vtusp.cz\/files\/smush-webp\/2020\/11\/02-900x570.jpg.webp 900w, https:\/\/www.vtusp.cz\/files\/smush-webp\/2020\/11\/02-768x487.jpg.webp 768w\" sizes=\"(max-width: 1024px) 100vw, 1024px\" \/><\/figure><\/li><\/ul><\/figure>\n<\/div>\n\n<div class=\"element core-columns\">\n<div class=\"wp-block-columns is-layout-flex wp-container-core-columns-is-layout-9d6595d7 wp-block-columns-is-layout-flex\"><div class=\"element core-column\">\n<div class=\"wp-block-column is-layout-flow wp-block-column-is-layout-flow\"><\/div>\n<\/div>\n\n<div class=\"element core-column\">\n<div class=\"wp-block-column is-layout-flow wp-block-column-is-layout-flow\"><\/div>\n<\/div><\/div>\n<\/div>\n\n<div class=\"element core-paragraph\">\n<p><\/p>\n<\/div>","protected":false},"excerpt":{"rendered":"<p>\u201eVojensk\u00fd technick\u00fd \u00fastav vn\u00edm\u00e1me jako nejvhodn\u011bj\u0161\u00edho partnera ke spolupr\u00e1ci v&nbsp; bezpe\u010dnostn\u00ed oblasti. Nejen\u017ee je st\u00e1tn\u00edm podnikem s&nbsp;unik\u00e1tn\u00edm know-how v\u00fdzkumn\u00e9ho a v\u00fdvojov\u00e9ho portfolia, ale jeho d\u00edl\u010d\u00ed projekty napl\u0148uj\u00ed na\u0161i vizi kvalitativn\u011b&#8230;<\/p>\n","protected":false},"author":3,"featured_media":6213,"comment_status":"open","ping_status":"closed","sticky":false,"template":"","format":"standard","meta":{"_acf_changed":false,"inline_featured_image":false,"footnotes":""},"categories":[1],"class_list":["post-6208","post","type-post","status-publish","format-standard","has-post-thumbnail","hentry","category-aktuality"],"acf":[],"yoast_head":"<!-- This site is optimized with the Yoast SEO plugin v27.5 - https:\/\/yoast.com\/product\/yoast-seo-wordpress\/ -->\n<title>Spole\u010dn\u011b v oblasti bezpe\u010dnostn\u00edch slu\u017eeb | VT\u00da s.p.<\/title>\n<meta name=\"robots\" content=\"index, follow, max-snippet:-1, max-image-preview:large, max-video-preview:-1\" \/>\n<link rel=\"canonical\" href=\"https:\/\/www.vtusp.cz\/en\/aktuality\/spolecne-v-oblasti-bezpecnostnich-sluzeb\/\" \/>\n<meta property=\"og:locale\" content=\"en_US\" \/>\n<meta property=\"og:type\" content=\"article\" \/>\n<meta property=\"og:title\" content=\"Spole\u010dn\u011b v oblasti bezpe\u010dnostn\u00edch slu\u017eeb | VT\u00da s.p.\" \/>\n<meta property=\"og:description\" content=\"\u201eVojensk\u00fd technick\u00fd \u00fastav vn\u00edm\u00e1me jako nejvhodn\u011bj\u0161\u00edho partnera ke spolupr\u00e1ci v&nbsp; bezpe\u010dnostn\u00ed oblasti. Nejen\u017ee je st\u00e1tn\u00edm podnikem s&nbsp;unik\u00e1tn\u00edm know-how v\u00fdzkumn\u00e9ho a v\u00fdvojov\u00e9ho portfolia, ale jeho d\u00edl\u010d\u00ed projekty napl\u0148uj\u00ed na\u0161i vizi kvalitativn\u011b...\" \/>\n<meta property=\"og:url\" content=\"https:\/\/www.vtusp.cz\/en\/aktuality\/spolecne-v-oblasti-bezpecnostnich-sluzeb\/\" \/>\n<meta property=\"og:site_name\" content=\"VT\u00da s.p.\" \/>\n<meta property=\"article:published_time\" content=\"2020-11-06T07:42:04+00:00\" \/>\n<meta property=\"article:modified_time\" content=\"2020-11-06T07:42:06+00:00\" \/>\n<meta property=\"og:image\" content=\"https:\/\/www.vtusp.cz\/files\/uploads\/2020\/11\/01-1.jpg\" \/>\n\t<meta property=\"og:image:width\" content=\"1024\" \/>\n\t<meta property=\"og:image:height\" content=\"684\" \/>\n\t<meta property=\"og:image:type\" content=\"image\/jpeg\" \/>\n<meta name=\"author\" content=\"Mark\u00e9ta \u0160imkov\u00e1\" \/>\n<meta name=\"twitter:card\" content=\"summary_large_image\" \/>\n<meta name=\"twitter:label1\" content=\"Written by\" \/>\n\t<meta name=\"twitter:data1\" content=\"Mark\u00e9ta \u0160imkov\u00e1\" \/>\n\t<meta name=\"twitter:label2\" content=\"Est. reading time\" \/>\n\t<meta name=\"twitter:data2\" content=\"1 minute\" \/>\n<script type=\"application\/ld+json\" class=\"yoast-schema-graph\">{\"@context\":\"https:\\\/\\\/schema.org\",\"@graph\":[{\"@type\":\"Article\",\"@id\":\"https:\\\/\\\/www.vtusp.cz\\\/en\\\/aktuality\\\/spolecne-v-oblasti-bezpecnostnich-sluzeb\\\/#article\",\"isPartOf\":{\"@id\":\"https:\\\/\\\/www.vtusp.cz\\\/en\\\/aktuality\\\/spolecne-v-oblasti-bezpecnostnich-sluzeb\\\/\"},\"author\":{\"name\":\"Mark\u00e9ta \u0160imkov\u00e1\",\"@id\":\"https:\\\/\\\/www.vtusp.cz\\\/en\\\/#\\\/schema\\\/person\\\/f1e8bab14f234b53970de1bd457f4755\"},\"headline\":\"Spole\u010dn\u011b v oblasti bezpe\u010dnostn\u00edch slu\u017eeb\",\"datePublished\":\"2020-11-06T07:42:04+00:00\",\"dateModified\":\"2020-11-06T07:42:06+00:00\",\"mainEntityOfPage\":{\"@id\":\"https:\\\/\\\/www.vtusp.cz\\\/en\\\/aktuality\\\/spolecne-v-oblasti-bezpecnostnich-sluzeb\\\/\"},\"wordCount\":272,\"commentCount\":0,\"image\":{\"@id\":\"https:\\\/\\\/www.vtusp.cz\\\/en\\\/aktuality\\\/spolecne-v-oblasti-bezpecnostnich-sluzeb\\\/#primaryimage\"},\"thumbnailUrl\":\"https:\\\/\\\/www.vtusp.cz\\\/files\\\/uploads\\\/2020\\\/11\\\/01-1.jpg\",\"articleSection\":[\"Aktuality\"],\"inLanguage\":\"en-US\",\"potentialAction\":[{\"@type\":\"CommentAction\",\"name\":\"Comment\",\"target\":[\"https:\\\/\\\/www.vtusp.cz\\\/en\\\/aktuality\\\/spolecne-v-oblasti-bezpecnostnich-sluzeb\\\/#respond\"]}]},{\"@type\":\"WebPage\",\"@id\":\"https:\\\/\\\/www.vtusp.cz\\\/en\\\/aktuality\\\/spolecne-v-oblasti-bezpecnostnich-sluzeb\\\/\",\"url\":\"https:\\\/\\\/www.vtusp.cz\\\/en\\\/aktuality\\\/spolecne-v-oblasti-bezpecnostnich-sluzeb\\\/\",\"name\":\"Spole\u010dn\u011b v oblasti bezpe\u010dnostn\u00edch slu\u017eeb | VT\u00da s.p.\",\"isPartOf\":{\"@id\":\"https:\\\/\\\/www.vtusp.cz\\\/en\\\/#website\"},\"primaryImageOfPage\":{\"@id\":\"https:\\\/\\\/www.vtusp.cz\\\/en\\\/aktuality\\\/spolecne-v-oblasti-bezpecnostnich-sluzeb\\\/#primaryimage\"},\"image\":{\"@id\":\"https:\\\/\\\/www.vtusp.cz\\\/en\\\/aktuality\\\/spolecne-v-oblasti-bezpecnostnich-sluzeb\\\/#primaryimage\"},\"thumbnailUrl\":\"https:\\\/\\\/www.vtusp.cz\\\/files\\\/uploads\\\/2020\\\/11\\\/01-1.jpg\",\"datePublished\":\"2020-11-06T07:42:04+00:00\",\"dateModified\":\"2020-11-06T07:42:06+00:00\",\"author\":{\"@id\":\"https:\\\/\\\/www.vtusp.cz\\\/en\\\/#\\\/schema\\\/person\\\/f1e8bab14f234b53970de1bd457f4755\"},\"breadcrumb\":{\"@id\":\"https:\\\/\\\/www.vtusp.cz\\\/en\\\/aktuality\\\/spolecne-v-oblasti-bezpecnostnich-sluzeb\\\/#breadcrumb\"},\"inLanguage\":\"en-US\",\"potentialAction\":[{\"@type\":\"ReadAction\",\"target\":[\"https:\\\/\\\/www.vtusp.cz\\\/en\\\/aktuality\\\/spolecne-v-oblasti-bezpecnostnich-sluzeb\\\/\"]}]},{\"@type\":\"ImageObject\",\"inLanguage\":\"en-US\",\"@id\":\"https:\\\/\\\/www.vtusp.cz\\\/en\\\/aktuality\\\/spolecne-v-oblasti-bezpecnostnich-sluzeb\\\/#primaryimage\",\"url\":\"https:\\\/\\\/www.vtusp.cz\\\/files\\\/uploads\\\/2020\\\/11\\\/01-1.jpg\",\"contentUrl\":\"https:\\\/\\\/www.vtusp.cz\\\/files\\\/uploads\\\/2020\\\/11\\\/01-1.jpg\",\"width\":1024,\"height\":684},{\"@type\":\"BreadcrumbList\",\"@id\":\"https:\\\/\\\/www.vtusp.cz\\\/en\\\/aktuality\\\/spolecne-v-oblasti-bezpecnostnich-sluzeb\\\/#breadcrumb\",\"itemListElement\":[{\"@type\":\"ListItem\",\"position\":1,\"name\":\"Home\",\"item\":\"https:\\\/\\\/www.vtusp.cz\\\/en\\\/\"},{\"@type\":\"ListItem\",\"position\":2,\"name\":\"Spole\u010dn\u011b v oblasti bezpe\u010dnostn\u00edch slu\u017eeb\"}]},{\"@type\":\"WebSite\",\"@id\":\"https:\\\/\\\/www.vtusp.cz\\\/en\\\/#website\",\"url\":\"https:\\\/\\\/www.vtusp.cz\\\/en\\\/\",\"name\":\"VT\u00da s.p.\",\"description\":\"\",\"potentialAction\":[{\"@type\":\"SearchAction\",\"target\":{\"@type\":\"EntryPoint\",\"urlTemplate\":\"https:\\\/\\\/www.vtusp.cz\\\/en\\\/?s={search_term_string}\"},\"query-input\":{\"@type\":\"PropertyValueSpecification\",\"valueRequired\":true,\"valueName\":\"search_term_string\"}}],\"inLanguage\":\"en-US\"},{\"@type\":\"Person\",\"@id\":\"https:\\\/\\\/www.vtusp.cz\\\/en\\\/#\\\/schema\\\/person\\\/f1e8bab14f234b53970de1bd457f4755\",\"name\":\"Mark\u00e9ta \u0160imkov\u00e1\",\"image\":{\"@type\":\"ImageObject\",\"inLanguage\":\"en-US\",\"@id\":\"https:\\\/\\\/secure.gravatar.com\\\/avatar\\\/11e6d560fad0d34db4e72d297ae926889fe4d6c23ddb5d1cab66094009979d36?s=96&d=mm&r=g\",\"url\":\"https:\\\/\\\/secure.gravatar.com\\\/avatar\\\/11e6d560fad0d34db4e72d297ae926889fe4d6c23ddb5d1cab66094009979d36?s=96&d=mm&r=g\",\"contentUrl\":\"https:\\\/\\\/secure.gravatar.com\\\/avatar\\\/11e6d560fad0d34db4e72d297ae926889fe4d6c23ddb5d1cab66094009979d36?s=96&d=mm&r=g\",\"caption\":\"Mark\u00e9ta \u0160imkov\u00e1\"}}]}<\/script>\n<!-- \/ Yoast SEO plugin. -->","yoast_head_json":{"title":"Spole\u010dn\u011b v oblasti bezpe\u010dnostn\u00edch slu\u017eeb | VT\u00da s.p.","robots":{"index":"index","follow":"follow","max-snippet":"max-snippet:-1","max-image-preview":"max-image-preview:large","max-video-preview":"max-video-preview:-1"},"canonical":"https:\/\/www.vtusp.cz\/en\/aktuality\/spolecne-v-oblasti-bezpecnostnich-sluzeb\/","og_locale":"en_US","og_type":"article","og_title":"Spole\u010dn\u011b v oblasti bezpe\u010dnostn\u00edch slu\u017eeb | VT\u00da s.p.","og_description":"\u201eVojensk\u00fd technick\u00fd \u00fastav vn\u00edm\u00e1me jako nejvhodn\u011bj\u0161\u00edho partnera ke spolupr\u00e1ci v&nbsp; bezpe\u010dnostn\u00ed oblasti. Nejen\u017ee je st\u00e1tn\u00edm podnikem s&nbsp;unik\u00e1tn\u00edm know-how v\u00fdzkumn\u00e9ho a v\u00fdvojov\u00e9ho portfolia, ale jeho d\u00edl\u010d\u00ed projekty napl\u0148uj\u00ed na\u0161i vizi kvalitativn\u011b...","og_url":"https:\/\/www.vtusp.cz\/en\/aktuality\/spolecne-v-oblasti-bezpecnostnich-sluzeb\/","og_site_name":"VT\u00da s.p.","article_published_time":"2020-11-06T07:42:04+00:00","article_modified_time":"2020-11-06T07:42:06+00:00","og_image":[{"width":1024,"height":684,"url":"https:\/\/www.vtusp.cz\/files\/uploads\/2020\/11\/01-1.jpg","type":"image\/jpeg"}],"author":"Mark\u00e9ta \u0160imkov\u00e1","twitter_card":"summary_large_image","twitter_misc":{"Written by":"Mark\u00e9ta \u0160imkov\u00e1","Est. reading time":"1 minute"},"schema":{"@context":"https:\/\/schema.org","@graph":[{"@type":"Article","@id":"https:\/\/www.vtusp.cz\/en\/aktuality\/spolecne-v-oblasti-bezpecnostnich-sluzeb\/#article","isPartOf":{"@id":"https:\/\/www.vtusp.cz\/en\/aktuality\/spolecne-v-oblasti-bezpecnostnich-sluzeb\/"},"author":{"name":"Mark\u00e9ta \u0160imkov\u00e1","@id":"https:\/\/www.vtusp.cz\/en\/#\/schema\/person\/f1e8bab14f234b53970de1bd457f4755"},"headline":"Spole\u010dn\u011b v oblasti bezpe\u010dnostn\u00edch slu\u017eeb","datePublished":"2020-11-06T07:42:04+00:00","dateModified":"2020-11-06T07:42:06+00:00","mainEntityOfPage":{"@id":"https:\/\/www.vtusp.cz\/en\/aktuality\/spolecne-v-oblasti-bezpecnostnich-sluzeb\/"},"wordCount":272,"commentCount":0,"image":{"@id":"https:\/\/www.vtusp.cz\/en\/aktuality\/spolecne-v-oblasti-bezpecnostnich-sluzeb\/#primaryimage"},"thumbnailUrl":"https:\/\/www.vtusp.cz\/files\/uploads\/2020\/11\/01-1.jpg","articleSection":["Aktuality"],"inLanguage":"en-US","potentialAction":[{"@type":"CommentAction","name":"Comment","target":["https:\/\/www.vtusp.cz\/en\/aktuality\/spolecne-v-oblasti-bezpecnostnich-sluzeb\/#respond"]}]},{"@type":"WebPage","@id":"https:\/\/www.vtusp.cz\/en\/aktuality\/spolecne-v-oblasti-bezpecnostnich-sluzeb\/","url":"https:\/\/www.vtusp.cz\/en\/aktuality\/spolecne-v-oblasti-bezpecnostnich-sluzeb\/","name":"Spole\u010dn\u011b v oblasti bezpe\u010dnostn\u00edch slu\u017eeb | VT\u00da s.p.","isPartOf":{"@id":"https:\/\/www.vtusp.cz\/en\/#website"},"primaryImageOfPage":{"@id":"https:\/\/www.vtusp.cz\/en\/aktuality\/spolecne-v-oblasti-bezpecnostnich-sluzeb\/#primaryimage"},"image":{"@id":"https:\/\/www.vtusp.cz\/en\/aktuality\/spolecne-v-oblasti-bezpecnostnich-sluzeb\/#primaryimage"},"thumbnailUrl":"https:\/\/www.vtusp.cz\/files\/uploads\/2020\/11\/01-1.jpg","datePublished":"2020-11-06T07:42:04+00:00","dateModified":"2020-11-06T07:42:06+00:00","author":{"@id":"https:\/\/www.vtusp.cz\/en\/#\/schema\/person\/f1e8bab14f234b53970de1bd457f4755"},"breadcrumb":{"@id":"https:\/\/www.vtusp.cz\/en\/aktuality\/spolecne-v-oblasti-bezpecnostnich-sluzeb\/#breadcrumb"},"inLanguage":"en-US","potentialAction":[{"@type":"ReadAction","target":["https:\/\/www.vtusp.cz\/en\/aktuality\/spolecne-v-oblasti-bezpecnostnich-sluzeb\/"]}]},{"@type":"ImageObject","inLanguage":"en-US","@id":"https:\/\/www.vtusp.cz\/en\/aktuality\/spolecne-v-oblasti-bezpecnostnich-sluzeb\/#primaryimage","url":"https:\/\/www.vtusp.cz\/files\/uploads\/2020\/11\/01-1.jpg","contentUrl":"https:\/\/www.vtusp.cz\/files\/uploads\/2020\/11\/01-1.jpg","width":1024,"height":684},{"@type":"BreadcrumbList","@id":"https:\/\/www.vtusp.cz\/en\/aktuality\/spolecne-v-oblasti-bezpecnostnich-sluzeb\/#breadcrumb","itemListElement":[{"@type":"ListItem","position":1,"name":"Home","item":"https:\/\/www.vtusp.cz\/en\/"},{"@type":"ListItem","position":2,"name":"Spole\u010dn\u011b v oblasti bezpe\u010dnostn\u00edch slu\u017eeb"}]},{"@type":"WebSite","@id":"https:\/\/www.vtusp.cz\/en\/#website","url":"https:\/\/www.vtusp.cz\/en\/","name":"VT\u00da s.p.","description":"","potentialAction":[{"@type":"SearchAction","target":{"@type":"EntryPoint","urlTemplate":"https:\/\/www.vtusp.cz\/en\/?s={search_term_string}"},"query-input":{"@type":"PropertyValueSpecification","valueRequired":true,"valueName":"search_term_string"}}],"inLanguage":"en-US"},{"@type":"Person","@id":"https:\/\/www.vtusp.cz\/en\/#\/schema\/person\/f1e8bab14f234b53970de1bd457f4755","name":"Mark\u00e9ta \u0160imkov\u00e1","image":{"@type":"ImageObject","inLanguage":"en-US","@id":"https:\/\/secure.gravatar.com\/avatar\/11e6d560fad0d34db4e72d297ae926889fe4d6c23ddb5d1cab66094009979d36?s=96&d=mm&r=g","url":"https:\/\/secure.gravatar.com\/avatar\/11e6d560fad0d34db4e72d297ae926889fe4d6c23ddb5d1cab66094009979d36?s=96&d=mm&r=g","contentUrl":"https:\/\/secure.gravatar.com\/avatar\/11e6d560fad0d34db4e72d297ae926889fe4d6c23ddb5d1cab66094009979d36?s=96&d=mm&r=g","caption":"Mark\u00e9ta \u0160imkov\u00e1"}}]}},"_links":{"self":[{"href":"https:\/\/www.vtusp.cz\/en\/wp-json\/wp\/v2\/posts\/6208","targetHints":{"allow":["GET"]}}],"collection":[{"href":"https:\/\/www.vtusp.cz\/en\/wp-json\/wp\/v2\/posts"}],"about":[{"href":"https:\/\/www.vtusp.cz\/en\/wp-json\/wp\/v2\/types\/post"}],"author":[{"embeddable":true,"href":"https:\/\/www.vtusp.cz\/en\/wp-json\/wp\/v2\/users\/3"}],"replies":[{"embeddable":true,"href":"https:\/\/www.vtusp.cz\/en\/wp-json\/wp\/v2\/comments?post=6208"}],"version-history":[{"count":1,"href":"https:\/\/www.vtusp.cz\/en\/wp-json\/wp\/v2\/posts\/6208\/revisions"}],"predecessor-version":[{"id":6215,"href":"https:\/\/www.vtusp.cz\/en\/wp-json\/wp\/v2\/posts\/6208\/revisions\/6215"}],"wp:featuredmedia":[{"embeddable":true,"href":"https:\/\/www.vtusp.cz\/en\/wp-json\/wp\/v2\/media\/6213"}],"wp:attachment":[{"href":"https:\/\/www.vtusp.cz\/en\/wp-json\/wp\/v2\/media?parent=6208"}],"wp:term":[{"taxonomy":"category","embeddable":true,"href":"https:\/\/www.vtusp.cz\/en\/wp-json\/wp\/v2\/categories?post=6208"}],"curies":[{"name":"wp","href":"https:\/\/api.w.org\/{rel}","templated":true}]}}