{"id":6032,"date":"2020-11-02T08:19:12","date_gmt":"2020-11-02T07:19:12","guid":{"rendered":"https:\/\/www.vtusp.cz\/?p=6032"},"modified":"2020-11-02T08:19:14","modified_gmt":"2020-11-02T07:19:14","slug":"jedno-delostrelecke-tehdy-a-ted","status":"publish","type":"post","link":"https:\/\/www.vtusp.cz\/en\/aktuality\/jedno-delostrelecke-tehdy-a-ted\/","title":{"rendered":"Jedno \u201ed\u011blost\u0159eleck\u00e9\u201c tehdy a te\u010f"},"content":{"rendered":"<div class=\"element core-paragraph\">\n<p>V&nbsp;komunika\u010dn\u00edch prost\u0159edc\u00edch Vojensk\u00e9ho technick\u00e9ho \u00fastavu, s. p. jsme ned\u00e1vno zah\u00e1jili historick\u00e9 putov\u00e1n\u00ed po pracovi\u0161t\u00edch jeho p\u0159edch\u016fdc\u016f, kte\u0159\u00ed se v&nbsp;minul\u00fdch letech zab\u00fdvali obrann\u00fdm v\u00fdzkumem a v\u00fdvojem pro \u010deskoslovenskou a \u010deskou arm\u00e1du.<\/p>\n<\/div>\n\n<div class=\"element core-paragraph\">\n<p>Tentokr\u00e1t v\u00e1m p\u0159in\u00e1\u0161\u00edme jedno \u201ed\u011blost\u0159eleck\u00e9\u201c tehdy a te\u010f:<\/p>\n<\/div>\n\n<div class=\"element core-paragraph\">\n<p>V&nbsp;obdob\u00ed 1967 a\u017e 1970 se prov\u00e1d\u011bl vlastn\u00ed v\u00fdvoj a v\u00fdroba z\u00e1stavby do \u0161t\u00e1bn\u00ed sk\u0159\u00ed\u0148ov\u00e9 \u201ev\u00e9t\u0159iesky\u201c velitele d\u011blost\u0159electva. V&nbsp;re\u00e1lu se jednalo jak o zabudov\u00e1n\u00ed stol\u016f, spojovac\u00edch prost\u0159edk\u016f, d\u00e1lnopisu, nap\u00e1jec\u00edch blok\u016f a zdroj\u016f elektrick\u00e9 energie, tak o zpracov\u00e1n\u00ed jednotliv\u00fdch manu\u00e1l\u016f.<\/p>\n<\/div>\n\n<div class=\"element core-paragraph\">\n<p>Vozidlo Praga V3S bylo prim\u00e1rn\u011b ur\u010deno pro arm\u00e1du a vyrobilo se n\u011bkolik des\u00edtek celoplechov\u00fdch sk\u0159\u00ed\u0148ov\u00fdch n\u00e1staveb pro konkr\u00e9tn\u00ed variantu, v\u010detn\u011b uveden\u00e9 \u201ed\u011blost\u0159eleck\u00e9\u201c.<\/p>\n<\/div>\n\n<div class=\"element core-paragraph\">\n<p>O bezm\u00e1la pades\u00e1t rok\u016f pozd\u011bji se realizuje pro arm\u00e1dn\u00ed d\u011blost\u0159elce dod\u00e1vka lehk\u00fdch obrn\u011bn\u00fdch vozidel LOV-Pz, kter\u00e9 slou\u017e\u00ed k&nbsp;z\u00edsk\u00e1v\u00e1n\u00ed sofistikovan\u00fdch podklad\u016f pro palbu. D\u011blost\u0159eleck\u00fd pr\u016fzkumn\u00fd komplet je na b\u00e1zi automobilu IVECO M65E 19WM 4&#215;4 s&nbsp;lehce panc\u00e9\u0159ovanou kabinou a je sou\u010d\u00e1st\u00ed syst\u00e9mu \u0159\u00edzen\u00ed palby d\u011blost\u0159eleck\u00e9ho odd\u00edlu.<\/p>\n<\/div>\n\n<div class=\"element core-paragraph\">\n<p>Text: Pavel Lang<\/p>\n<\/div>\n\n<div class=\"element core-paragraph\">\n<p>Ilustra\u010dn\u00ed foto: Vojt\u011bch Zdra\u017eil a autor<\/p>\n<\/div>\n\n<div class=\"element core-gallery\">\n<figure class=\"wp-block-gallery columns-3 is-cropped wp-block-gallery-1 is-layout-flex wp-block-gallery-is-layout-flex\"><ul class=\"blocks-gallery-grid\"><li class=\"blocks-gallery-item\"><figure><img decoding=\"async\" width=\"1024\" height=\"768\" src=\"https:\/\/www.vtusp.cz\/files\/smush-webp\/2020\/11\/01-P\u0159\u00edstrojov\u00e1-deska-vozidla-Praga-V3S.jpg.webp\" alt=\"\" data-id=\"6033\" data-full-url=\"https:\/\/www.vtusp.cz\/files\/uploads\/2020\/11\/01-P\u0159\u00edstrojov\u00e1-deska-vozidla-Praga-V3S.jpg\" data-link=\"https:\/\/www.vtusp.cz\/?attachment_id=6033\" class=\"wp-image-6033\" srcset=\"https:\/\/www.vtusp.cz\/files\/smush-webp\/2020\/11\/01-P\u0159\u00edstrojov\u00e1-deska-vozidla-Praga-V3S.jpg.webp 1024w, https:\/\/www.vtusp.cz\/files\/smush-webp\/2020\/11\/01-P\u0159\u00edstrojov\u00e1-deska-vozidla-Praga-V3S-900x675.jpg.webp 900w, https:\/\/www.vtusp.cz\/files\/smush-webp\/2020\/11\/01-P\u0159\u00edstrojov\u00e1-deska-vozidla-Praga-V3S-768x576.jpg.webp 768w\" sizes=\"(max-width: 1024px) 100vw, 1024px\" \/><figcaption class=\"blocks-gallery-item__caption\">P\u0159\u00edstrojov\u00e1 deska vozidla Praga V3S<\/figcaption><\/figure><\/li><li class=\"blocks-gallery-item\"><figure><img decoding=\"async\" width=\"1024\" height=\"683\" src=\"https:\/\/www.vtusp.cz\/files\/smush-webp\/2020\/11\/02-Pracovi\u0161t\u011b-\u0159idi\u010de-ve-vozidle-LOV-Pz.jpg.webp\" alt=\"\" data-id=\"6035\" data-full-url=\"https:\/\/www.vtusp.cz\/files\/uploads\/2020\/11\/02-Pracovi\u0161t\u011b-\u0159idi\u010de-ve-vozidle-LOV-Pz.jpg\" data-link=\"https:\/\/www.vtusp.cz\/?attachment_id=6035\" class=\"wp-image-6035\" srcset=\"https:\/\/www.vtusp.cz\/files\/smush-webp\/2020\/11\/02-Pracovi\u0161t\u011b-\u0159idi\u010de-ve-vozidle-LOV-Pz.jpg.webp 1024w, https:\/\/www.vtusp.cz\/files\/smush-webp\/2020\/11\/02-Pracovi\u0161t\u011b-\u0159idi\u010de-ve-vozidle-LOV-Pz-900x600.jpg.webp 900w, https:\/\/www.vtusp.cz\/files\/smush-webp\/2020\/11\/02-Pracovi\u0161t\u011b-\u0159idi\u010de-ve-vozidle-LOV-Pz-600x400.jpg.webp 600w, https:\/\/www.vtusp.cz\/files\/smush-webp\/2020\/11\/02-Pracovi\u0161t\u011b-\u0159idi\u010de-ve-vozidle-LOV-Pz-768x512.jpg.webp 768w, https:\/\/www.vtusp.cz\/files\/smush-webp\/2020\/11\/02-Pracovi\u0161t\u011b-\u0159idi\u010de-ve-vozidle-LOV-Pz-300x200.jpg.webp 300w\" sizes=\"(max-width: 1024px) 100vw, 1024px\" \/><figcaption class=\"blocks-gallery-item__caption\">Pracovi\u0161t\u011b \u0159idi\u010de ve vozidle LOV-Pz<\/figcaption><\/figure><\/li><li class=\"blocks-gallery-item\"><figure><img decoding=\"async\" width=\"923\" height=\"628\" src=\"https:\/\/www.vtusp.cz\/files\/smush-webp\/2020\/11\/03-Arm\u00e1dn\u00ed-sk\u0159\u00ed\u0148ov\u00e1-Praga-V3S.jpg.webp\" alt=\"\" data-id=\"6039\" data-full-url=\"https:\/\/www.vtusp.cz\/files\/uploads\/2020\/11\/03-Arm\u00e1dn\u00ed-sk\u0159\u00ed\u0148ov\u00e1-Praga-V3S.jpg\" data-link=\"https:\/\/www.vtusp.cz\/?attachment_id=6039\" class=\"wp-image-6039\" srcset=\"https:\/\/www.vtusp.cz\/files\/smush-webp\/2020\/11\/03-Arm\u00e1dn\u00ed-sk\u0159\u00ed\u0148ov\u00e1-Praga-V3S.jpg.webp 923w, https:\/\/www.vtusp.cz\/files\/smush-webp\/2020\/11\/03-Arm\u00e1dn\u00ed-sk\u0159\u00ed\u0148ov\u00e1-Praga-V3S-900x612.jpg.webp 900w, https:\/\/www.vtusp.cz\/files\/smush-webp\/2020\/11\/03-Arm\u00e1dn\u00ed-sk\u0159\u00ed\u0148ov\u00e1-Praga-V3S-768x523.jpg.webp 768w\" sizes=\"(max-width: 923px) 100vw, 923px\" \/><figcaption class=\"blocks-gallery-item__caption\">Arm\u00e1dn\u00ed sk\u0159\u00ed\u0148ov\u00e1 Praga V3S<\/figcaption><\/figure><\/li><li class=\"blocks-gallery-item\"><figure><img decoding=\"async\" width=\"1024\" height=\"646\" src=\"https:\/\/www.vtusp.cz\/files\/smush-webp\/2020\/11\/04-D\u011blost\u0159eleck\u00fd-pr\u016fzkumn\u00fd-komplet-LOV-Pz-1.jpg.webp\" alt=\"\" data-id=\"6041\" data-full-url=\"https:\/\/www.vtusp.cz\/files\/uploads\/2020\/11\/04-D\u011blost\u0159eleck\u00fd-pr\u016fzkumn\u00fd-komplet-LOV-Pz-1.jpg\" data-link=\"https:\/\/www.vtusp.cz\/?attachment_id=6041\" class=\"wp-image-6041\" srcset=\"https:\/\/www.vtusp.cz\/files\/smush-webp\/2020\/11\/04-D\u011blost\u0159eleck\u00fd-pr\u016fzkumn\u00fd-komplet-LOV-Pz-1.jpg.webp 1024w, https:\/\/www.vtusp.cz\/files\/smush-webp\/2020\/11\/04-D\u011blost\u0159eleck\u00fd-pr\u016fzkumn\u00fd-komplet-LOV-Pz-1-900x568.jpg.webp 900w, https:\/\/www.vtusp.cz\/files\/smush-webp\/2020\/11\/04-D\u011blost\u0159eleck\u00fd-pr\u016fzkumn\u00fd-komplet-LOV-Pz-1-768x485.jpg.webp 768w\" sizes=\"(max-width: 1024px) 100vw, 1024px\" \/><figcaption class=\"blocks-gallery-item__caption\">D\u011blost\u0159eleck\u00fd pr\u016fzkumn\u00fd komplet LOV-Pz<\/figcaption><\/figure><\/li><li class=\"blocks-gallery-item\"><figure><img decoding=\"async\" width=\"764\" height=\"1024\" src=\"https:\/\/www.vtusp.cz\/files\/smush-webp\/2020\/11\/05-Z\u00e1stavba-do-\u0161t\u00e1bn\u00edho-vozidla-Praga-V3S.jpg.webp\" alt=\"\" data-id=\"6043\" data-full-url=\"https:\/\/www.vtusp.cz\/files\/uploads\/2020\/11\/05-Z\u00e1stavba-do-\u0161t\u00e1bn\u00edho-vozidla-Praga-V3S.jpg\" data-link=\"https:\/\/www.vtusp.cz\/?attachment_id=6043\" class=\"wp-image-6043\" srcset=\"https:\/\/www.vtusp.cz\/files\/smush-webp\/2020\/11\/05-Z\u00e1stavba-do-\u0161t\u00e1bn\u00edho-vozidla-Praga-V3S.jpg.webp 764w, https:\/\/www.vtusp.cz\/files\/smush-webp\/2020\/11\/05-Z\u00e1stavba-do-\u0161t\u00e1bn\u00edho-vozidla-Praga-V3S-671x900.jpg.webp 671w\" sizes=\"(max-width: 764px) 100vw, 764px\" \/><figcaption class=\"blocks-gallery-item__caption\">Z\u00e1stavba do \u0161t\u00e1bn\u00edho vozidla Praga V3S<\/figcaption><\/figure><\/li><li class=\"blocks-gallery-item\"><figure><img decoding=\"async\" width=\"1024\" height=\"683\" src=\"https:\/\/www.vtusp.cz\/files\/smush-webp\/2020\/11\/06-Modern\u00ed-technologie-ve-vozidle-LOV-Pz.jpg.webp\" alt=\"\" data-id=\"6045\" data-full-url=\"https:\/\/www.vtusp.cz\/files\/uploads\/2020\/11\/06-Modern\u00ed-technologie-ve-vozidle-LOV-Pz.jpg\" data-link=\"https:\/\/www.vtusp.cz\/?attachment_id=6045\" class=\"wp-image-6045\" srcset=\"https:\/\/www.vtusp.cz\/files\/smush-webp\/2020\/11\/06-Modern\u00ed-technologie-ve-vozidle-LOV-Pz.jpg.webp 1024w, https:\/\/www.vtusp.cz\/files\/smush-webp\/2020\/11\/06-Modern\u00ed-technologie-ve-vozidle-LOV-Pz-900x600.jpg.webp 900w, https:\/\/www.vtusp.cz\/files\/smush-webp\/2020\/11\/06-Modern\u00ed-technologie-ve-vozidle-LOV-Pz-600x400.jpg.webp 600w, https:\/\/www.vtusp.cz\/files\/smush-webp\/2020\/11\/06-Modern\u00ed-technologie-ve-vozidle-LOV-Pz-768x512.jpg.webp 768w, https:\/\/www.vtusp.cz\/files\/smush-webp\/2020\/11\/06-Modern\u00ed-technologie-ve-vozidle-LOV-Pz-300x200.jpg.webp 300w\" sizes=\"(max-width: 1024px) 100vw, 1024px\" \/><figcaption class=\"blocks-gallery-item__caption\">Modern\u00ed technologie ve vozidle LOV-Pz<\/figcaption><\/figure><\/li><\/ul><\/figure>\n<\/div>\n\n<div class=\"element core-columns\">\n<div class=\"wp-block-columns is-layout-flex wp-container-core-columns-is-layout-9d6595d7 wp-block-columns-is-layout-flex\"><div class=\"element core-column\">\n<div class=\"wp-block-column is-layout-flow wp-block-column-is-layout-flow\"><\/div>\n<\/div>\n\n<div class=\"element core-column\">\n<div class=\"wp-block-column is-layout-flow wp-block-column-is-layout-flow\"><\/div>\n<\/div><\/div>\n<\/div>\n\n<div class=\"element core-paragraph\">\n<p><\/p>\n<\/div>","protected":false},"excerpt":{"rendered":"<p>V&nbsp;komunika\u010dn\u00edch prost\u0159edc\u00edch Vojensk\u00e9ho technick\u00e9ho \u00fastavu, s. p. jsme ned\u00e1vno zah\u00e1jili historick\u00e9 putov\u00e1n\u00ed po pracovi\u0161t\u00edch jeho p\u0159edch\u016fdc\u016f, kte\u0159\u00ed se v&nbsp;minul\u00fdch letech zab\u00fdvali obrann\u00fdm v\u00fdzkumem a v\u00fdvojem pro \u010deskoslovenskou a \u010deskou arm\u00e1du&#8230;.<\/p>\n","protected":false},"author":3,"featured_media":6037,"comment_status":"open","ping_status":"closed","sticky":false,"template":"","format":"standard","meta":{"_acf_changed":false,"inline_featured_image":false,"footnotes":""},"categories":[1],"class_list":["post-6032","post","type-post","status-publish","format-standard","has-post-thumbnail","hentry","category-aktuality"],"acf":[],"yoast_head":"<!-- This site is optimized with the Yoast SEO plugin v27.5 - https:\/\/yoast.com\/product\/yoast-seo-wordpress\/ -->\n<title>Jedno \u201ed\u011blost\u0159eleck\u00e9\u201c tehdy a te\u010f | VT\u00da s.p.<\/title>\n<meta name=\"robots\" content=\"index, follow, max-snippet:-1, max-image-preview:large, max-video-preview:-1\" \/>\n<link rel=\"canonical\" href=\"https:\/\/www.vtusp.cz\/en\/aktuality\/jedno-delostrelecke-tehdy-a-ted\/\" \/>\n<meta property=\"og:locale\" content=\"en_US\" \/>\n<meta property=\"og:type\" content=\"article\" \/>\n<meta property=\"og:title\" content=\"Jedno \u201ed\u011blost\u0159eleck\u00e9\u201c tehdy a te\u010f | VT\u00da s.p.\" \/>\n<meta property=\"og:description\" content=\"V&nbsp;komunika\u010dn\u00edch prost\u0159edc\u00edch Vojensk\u00e9ho technick\u00e9ho \u00fastavu, s. p. jsme ned\u00e1vno zah\u00e1jili historick\u00e9 putov\u00e1n\u00ed po pracovi\u0161t\u00edch jeho p\u0159edch\u016fdc\u016f, kte\u0159\u00ed se v&nbsp;minul\u00fdch letech zab\u00fdvali obrann\u00fdm v\u00fdzkumem a v\u00fdvojem pro \u010deskoslovenskou a \u010deskou arm\u00e1du....\" \/>\n<meta property=\"og:url\" content=\"https:\/\/www.vtusp.cz\/en\/aktuality\/jedno-delostrelecke-tehdy-a-ted\/\" \/>\n<meta property=\"og:site_name\" content=\"VT\u00da s.p.\" \/>\n<meta property=\"article:published_time\" content=\"2020-11-02T07:19:12+00:00\" \/>\n<meta property=\"article:modified_time\" content=\"2020-11-02T07:19:14+00:00\" \/>\n<meta property=\"og:image\" content=\"https:\/\/www.vtusp.cz\/files\/uploads\/2020\/11\/04-D\u011blost\u0159eleck\u00fd-pr\u016fzkumn\u00fd-komplet-LOV-Pz.jpg\" \/>\n\t<meta property=\"og:image:width\" content=\"1024\" \/>\n\t<meta property=\"og:image:height\" content=\"646\" \/>\n\t<meta property=\"og:image:type\" content=\"image\/jpeg\" \/>\n<meta name=\"author\" content=\"Mark\u00e9ta \u0160imkov\u00e1\" \/>\n<meta name=\"twitter:card\" content=\"summary_large_image\" \/>\n<meta name=\"twitter:label1\" content=\"Written by\" \/>\n\t<meta name=\"twitter:data1\" content=\"Mark\u00e9ta \u0160imkov\u00e1\" \/>\n\t<meta name=\"twitter:label2\" content=\"Est. reading time\" \/>\n\t<meta name=\"twitter:data2\" content=\"1 minute\" \/>\n<script type=\"application\/ld+json\" class=\"yoast-schema-graph\">{\"@context\":\"https:\\\/\\\/schema.org\",\"@graph\":[{\"@type\":\"Article\",\"@id\":\"https:\\\/\\\/www.vtusp.cz\\\/en\\\/aktuality\\\/jedno-delostrelecke-tehdy-a-ted\\\/#article\",\"isPartOf\":{\"@id\":\"https:\\\/\\\/www.vtusp.cz\\\/en\\\/aktuality\\\/jedno-delostrelecke-tehdy-a-ted\\\/\"},\"author\":{\"name\":\"Mark\u00e9ta \u0160imkov\u00e1\",\"@id\":\"https:\\\/\\\/www.vtusp.cz\\\/en\\\/#\\\/schema\\\/person\\\/f1e8bab14f234b53970de1bd457f4755\"},\"headline\":\"Jedno \u201ed\u011blost\u0159eleck\u00e9\u201c tehdy a te\u010f\",\"datePublished\":\"2020-11-02T07:19:12+00:00\",\"dateModified\":\"2020-11-02T07:19:14+00:00\",\"mainEntityOfPage\":{\"@id\":\"https:\\\/\\\/www.vtusp.cz\\\/en\\\/aktuality\\\/jedno-delostrelecke-tehdy-a-ted\\\/\"},\"wordCount\":300,\"commentCount\":0,\"image\":{\"@id\":\"https:\\\/\\\/www.vtusp.cz\\\/en\\\/aktuality\\\/jedno-delostrelecke-tehdy-a-ted\\\/#primaryimage\"},\"thumbnailUrl\":\"https:\\\/\\\/www.vtusp.cz\\\/files\\\/uploads\\\/2020\\\/11\\\/04-D\u011blost\u0159eleck\u00fd-pr\u016fzkumn\u00fd-komplet-LOV-Pz.jpg\",\"articleSection\":[\"Aktuality\"],\"inLanguage\":\"en-US\",\"potentialAction\":[{\"@type\":\"CommentAction\",\"name\":\"Comment\",\"target\":[\"https:\\\/\\\/www.vtusp.cz\\\/en\\\/aktuality\\\/jedno-delostrelecke-tehdy-a-ted\\\/#respond\"]}]},{\"@type\":\"WebPage\",\"@id\":\"https:\\\/\\\/www.vtusp.cz\\\/en\\\/aktuality\\\/jedno-delostrelecke-tehdy-a-ted\\\/\",\"url\":\"https:\\\/\\\/www.vtusp.cz\\\/en\\\/aktuality\\\/jedno-delostrelecke-tehdy-a-ted\\\/\",\"name\":\"Jedno \u201ed\u011blost\u0159eleck\u00e9\u201c tehdy a te\u010f | VT\u00da s.p.\",\"isPartOf\":{\"@id\":\"https:\\\/\\\/www.vtusp.cz\\\/en\\\/#website\"},\"primaryImageOfPage\":{\"@id\":\"https:\\\/\\\/www.vtusp.cz\\\/en\\\/aktuality\\\/jedno-delostrelecke-tehdy-a-ted\\\/#primaryimage\"},\"image\":{\"@id\":\"https:\\\/\\\/www.vtusp.cz\\\/en\\\/aktuality\\\/jedno-delostrelecke-tehdy-a-ted\\\/#primaryimage\"},\"thumbnailUrl\":\"https:\\\/\\\/www.vtusp.cz\\\/files\\\/uploads\\\/2020\\\/11\\\/04-D\u011blost\u0159eleck\u00fd-pr\u016fzkumn\u00fd-komplet-LOV-Pz.jpg\",\"datePublished\":\"2020-11-02T07:19:12+00:00\",\"dateModified\":\"2020-11-02T07:19:14+00:00\",\"author\":{\"@id\":\"https:\\\/\\\/www.vtusp.cz\\\/en\\\/#\\\/schema\\\/person\\\/f1e8bab14f234b53970de1bd457f4755\"},\"breadcrumb\":{\"@id\":\"https:\\\/\\\/www.vtusp.cz\\\/en\\\/aktuality\\\/jedno-delostrelecke-tehdy-a-ted\\\/#breadcrumb\"},\"inLanguage\":\"en-US\",\"potentialAction\":[{\"@type\":\"ReadAction\",\"target\":[\"https:\\\/\\\/www.vtusp.cz\\\/en\\\/aktuality\\\/jedno-delostrelecke-tehdy-a-ted\\\/\"]}]},{\"@type\":\"ImageObject\",\"inLanguage\":\"en-US\",\"@id\":\"https:\\\/\\\/www.vtusp.cz\\\/en\\\/aktuality\\\/jedno-delostrelecke-tehdy-a-ted\\\/#primaryimage\",\"url\":\"https:\\\/\\\/www.vtusp.cz\\\/files\\\/uploads\\\/2020\\\/11\\\/04-D\u011blost\u0159eleck\u00fd-pr\u016fzkumn\u00fd-komplet-LOV-Pz.jpg\",\"contentUrl\":\"https:\\\/\\\/www.vtusp.cz\\\/files\\\/uploads\\\/2020\\\/11\\\/04-D\u011blost\u0159eleck\u00fd-pr\u016fzkumn\u00fd-komplet-LOV-Pz.jpg\",\"width\":1024,\"height\":646},{\"@type\":\"BreadcrumbList\",\"@id\":\"https:\\\/\\\/www.vtusp.cz\\\/en\\\/aktuality\\\/jedno-delostrelecke-tehdy-a-ted\\\/#breadcrumb\",\"itemListElement\":[{\"@type\":\"ListItem\",\"position\":1,\"name\":\"Home\",\"item\":\"https:\\\/\\\/www.vtusp.cz\\\/en\\\/\"},{\"@type\":\"ListItem\",\"position\":2,\"name\":\"Jedno \u201ed\u011blost\u0159eleck\u00e9\u201c tehdy a te\u010f\"}]},{\"@type\":\"WebSite\",\"@id\":\"https:\\\/\\\/www.vtusp.cz\\\/en\\\/#website\",\"url\":\"https:\\\/\\\/www.vtusp.cz\\\/en\\\/\",\"name\":\"VT\u00da s.p.\",\"description\":\"\",\"potentialAction\":[{\"@type\":\"SearchAction\",\"target\":{\"@type\":\"EntryPoint\",\"urlTemplate\":\"https:\\\/\\\/www.vtusp.cz\\\/en\\\/?s={search_term_string}\"},\"query-input\":{\"@type\":\"PropertyValueSpecification\",\"valueRequired\":true,\"valueName\":\"search_term_string\"}}],\"inLanguage\":\"en-US\"},{\"@type\":\"Person\",\"@id\":\"https:\\\/\\\/www.vtusp.cz\\\/en\\\/#\\\/schema\\\/person\\\/f1e8bab14f234b53970de1bd457f4755\",\"name\":\"Mark\u00e9ta \u0160imkov\u00e1\",\"image\":{\"@type\":\"ImageObject\",\"inLanguage\":\"en-US\",\"@id\":\"https:\\\/\\\/secure.gravatar.com\\\/avatar\\\/11e6d560fad0d34db4e72d297ae926889fe4d6c23ddb5d1cab66094009979d36?s=96&d=mm&r=g\",\"url\":\"https:\\\/\\\/secure.gravatar.com\\\/avatar\\\/11e6d560fad0d34db4e72d297ae926889fe4d6c23ddb5d1cab66094009979d36?s=96&d=mm&r=g\",\"contentUrl\":\"https:\\\/\\\/secure.gravatar.com\\\/avatar\\\/11e6d560fad0d34db4e72d297ae926889fe4d6c23ddb5d1cab66094009979d36?s=96&d=mm&r=g\",\"caption\":\"Mark\u00e9ta \u0160imkov\u00e1\"}}]}<\/script>\n<!-- \/ Yoast SEO plugin. -->","yoast_head_json":{"title":"Jedno \u201ed\u011blost\u0159eleck\u00e9\u201c tehdy a te\u010f | VT\u00da s.p.","robots":{"index":"index","follow":"follow","max-snippet":"max-snippet:-1","max-image-preview":"max-image-preview:large","max-video-preview":"max-video-preview:-1"},"canonical":"https:\/\/www.vtusp.cz\/en\/aktuality\/jedno-delostrelecke-tehdy-a-ted\/","og_locale":"en_US","og_type":"article","og_title":"Jedno \u201ed\u011blost\u0159eleck\u00e9\u201c tehdy a te\u010f | VT\u00da s.p.","og_description":"V&nbsp;komunika\u010dn\u00edch prost\u0159edc\u00edch Vojensk\u00e9ho technick\u00e9ho \u00fastavu, s. p. jsme ned\u00e1vno zah\u00e1jili historick\u00e9 putov\u00e1n\u00ed po pracovi\u0161t\u00edch jeho p\u0159edch\u016fdc\u016f, kte\u0159\u00ed se v&nbsp;minul\u00fdch letech zab\u00fdvali obrann\u00fdm v\u00fdzkumem a v\u00fdvojem pro \u010deskoslovenskou a \u010deskou arm\u00e1du....","og_url":"https:\/\/www.vtusp.cz\/en\/aktuality\/jedno-delostrelecke-tehdy-a-ted\/","og_site_name":"VT\u00da s.p.","article_published_time":"2020-11-02T07:19:12+00:00","article_modified_time":"2020-11-02T07:19:14+00:00","og_image":[{"width":1024,"height":646,"url":"https:\/\/www.vtusp.cz\/files\/uploads\/2020\/11\/04-D\u011blost\u0159eleck\u00fd-pr\u016fzkumn\u00fd-komplet-LOV-Pz.jpg","type":"image\/jpeg"}],"author":"Mark\u00e9ta \u0160imkov\u00e1","twitter_card":"summary_large_image","twitter_misc":{"Written by":"Mark\u00e9ta \u0160imkov\u00e1","Est. reading time":"1 minute"},"schema":{"@context":"https:\/\/schema.org","@graph":[{"@type":"Article","@id":"https:\/\/www.vtusp.cz\/en\/aktuality\/jedno-delostrelecke-tehdy-a-ted\/#article","isPartOf":{"@id":"https:\/\/www.vtusp.cz\/en\/aktuality\/jedno-delostrelecke-tehdy-a-ted\/"},"author":{"name":"Mark\u00e9ta \u0160imkov\u00e1","@id":"https:\/\/www.vtusp.cz\/en\/#\/schema\/person\/f1e8bab14f234b53970de1bd457f4755"},"headline":"Jedno \u201ed\u011blost\u0159eleck\u00e9\u201c tehdy a te\u010f","datePublished":"2020-11-02T07:19:12+00:00","dateModified":"2020-11-02T07:19:14+00:00","mainEntityOfPage":{"@id":"https:\/\/www.vtusp.cz\/en\/aktuality\/jedno-delostrelecke-tehdy-a-ted\/"},"wordCount":300,"commentCount":0,"image":{"@id":"https:\/\/www.vtusp.cz\/en\/aktuality\/jedno-delostrelecke-tehdy-a-ted\/#primaryimage"},"thumbnailUrl":"https:\/\/www.vtusp.cz\/files\/uploads\/2020\/11\/04-D\u011blost\u0159eleck\u00fd-pr\u016fzkumn\u00fd-komplet-LOV-Pz.jpg","articleSection":["Aktuality"],"inLanguage":"en-US","potentialAction":[{"@type":"CommentAction","name":"Comment","target":["https:\/\/www.vtusp.cz\/en\/aktuality\/jedno-delostrelecke-tehdy-a-ted\/#respond"]}]},{"@type":"WebPage","@id":"https:\/\/www.vtusp.cz\/en\/aktuality\/jedno-delostrelecke-tehdy-a-ted\/","url":"https:\/\/www.vtusp.cz\/en\/aktuality\/jedno-delostrelecke-tehdy-a-ted\/","name":"Jedno \u201ed\u011blost\u0159eleck\u00e9\u201c tehdy a te\u010f | VT\u00da s.p.","isPartOf":{"@id":"https:\/\/www.vtusp.cz\/en\/#website"},"primaryImageOfPage":{"@id":"https:\/\/www.vtusp.cz\/en\/aktuality\/jedno-delostrelecke-tehdy-a-ted\/#primaryimage"},"image":{"@id":"https:\/\/www.vtusp.cz\/en\/aktuality\/jedno-delostrelecke-tehdy-a-ted\/#primaryimage"},"thumbnailUrl":"https:\/\/www.vtusp.cz\/files\/uploads\/2020\/11\/04-D\u011blost\u0159eleck\u00fd-pr\u016fzkumn\u00fd-komplet-LOV-Pz.jpg","datePublished":"2020-11-02T07:19:12+00:00","dateModified":"2020-11-02T07:19:14+00:00","author":{"@id":"https:\/\/www.vtusp.cz\/en\/#\/schema\/person\/f1e8bab14f234b53970de1bd457f4755"},"breadcrumb":{"@id":"https:\/\/www.vtusp.cz\/en\/aktuality\/jedno-delostrelecke-tehdy-a-ted\/#breadcrumb"},"inLanguage":"en-US","potentialAction":[{"@type":"ReadAction","target":["https:\/\/www.vtusp.cz\/en\/aktuality\/jedno-delostrelecke-tehdy-a-ted\/"]}]},{"@type":"ImageObject","inLanguage":"en-US","@id":"https:\/\/www.vtusp.cz\/en\/aktuality\/jedno-delostrelecke-tehdy-a-ted\/#primaryimage","url":"https:\/\/www.vtusp.cz\/files\/uploads\/2020\/11\/04-D\u011blost\u0159eleck\u00fd-pr\u016fzkumn\u00fd-komplet-LOV-Pz.jpg","contentUrl":"https:\/\/www.vtusp.cz\/files\/uploads\/2020\/11\/04-D\u011blost\u0159eleck\u00fd-pr\u016fzkumn\u00fd-komplet-LOV-Pz.jpg","width":1024,"height":646},{"@type":"BreadcrumbList","@id":"https:\/\/www.vtusp.cz\/en\/aktuality\/jedno-delostrelecke-tehdy-a-ted\/#breadcrumb","itemListElement":[{"@type":"ListItem","position":1,"name":"Home","item":"https:\/\/www.vtusp.cz\/en\/"},{"@type":"ListItem","position":2,"name":"Jedno \u201ed\u011blost\u0159eleck\u00e9\u201c tehdy a te\u010f"}]},{"@type":"WebSite","@id":"https:\/\/www.vtusp.cz\/en\/#website","url":"https:\/\/www.vtusp.cz\/en\/","name":"VT\u00da s.p.","description":"","potentialAction":[{"@type":"SearchAction","target":{"@type":"EntryPoint","urlTemplate":"https:\/\/www.vtusp.cz\/en\/?s={search_term_string}"},"query-input":{"@type":"PropertyValueSpecification","valueRequired":true,"valueName":"search_term_string"}}],"inLanguage":"en-US"},{"@type":"Person","@id":"https:\/\/www.vtusp.cz\/en\/#\/schema\/person\/f1e8bab14f234b53970de1bd457f4755","name":"Mark\u00e9ta \u0160imkov\u00e1","image":{"@type":"ImageObject","inLanguage":"en-US","@id":"https:\/\/secure.gravatar.com\/avatar\/11e6d560fad0d34db4e72d297ae926889fe4d6c23ddb5d1cab66094009979d36?s=96&d=mm&r=g","url":"https:\/\/secure.gravatar.com\/avatar\/11e6d560fad0d34db4e72d297ae926889fe4d6c23ddb5d1cab66094009979d36?s=96&d=mm&r=g","contentUrl":"https:\/\/secure.gravatar.com\/avatar\/11e6d560fad0d34db4e72d297ae926889fe4d6c23ddb5d1cab66094009979d36?s=96&d=mm&r=g","caption":"Mark\u00e9ta \u0160imkov\u00e1"}}]}},"_links":{"self":[{"href":"https:\/\/www.vtusp.cz\/en\/wp-json\/wp\/v2\/posts\/6032","targetHints":{"allow":["GET"]}}],"collection":[{"href":"https:\/\/www.vtusp.cz\/en\/wp-json\/wp\/v2\/posts"}],"about":[{"href":"https:\/\/www.vtusp.cz\/en\/wp-json\/wp\/v2\/types\/post"}],"author":[{"embeddable":true,"href":"https:\/\/www.vtusp.cz\/en\/wp-json\/wp\/v2\/users\/3"}],"replies":[{"embeddable":true,"href":"https:\/\/www.vtusp.cz\/en\/wp-json\/wp\/v2\/comments?post=6032"}],"version-history":[{"count":1,"href":"https:\/\/www.vtusp.cz\/en\/wp-json\/wp\/v2\/posts\/6032\/revisions"}],"predecessor-version":[{"id":6047,"href":"https:\/\/www.vtusp.cz\/en\/wp-json\/wp\/v2\/posts\/6032\/revisions\/6047"}],"wp:featuredmedia":[{"embeddable":true,"href":"https:\/\/www.vtusp.cz\/en\/wp-json\/wp\/v2\/media\/6037"}],"wp:attachment":[{"href":"https:\/\/www.vtusp.cz\/en\/wp-json\/wp\/v2\/media?parent=6032"}],"wp:term":[{"taxonomy":"category","embeddable":true,"href":"https:\/\/www.vtusp.cz\/en\/wp-json\/wp\/v2\/categories?post=6032"}],"curies":[{"name":"wp","href":"https:\/\/api.w.org\/{rel}","templated":true}]}}