{"id":5479,"date":"2020-09-14T12:21:58","date_gmt":"2020-09-14T10:21:58","guid":{"rendered":"https:\/\/www.vtusp.cz\/?p=5479"},"modified":"2020-09-14T12:22:00","modified_gmt":"2020-09-14T10:22:00","slug":"povel-pro-odstrelovace-palit","status":"publish","type":"post","link":"https:\/\/www.vtusp.cz\/en\/aktuality\/povel-pro-odstrelovace-palit\/","title":{"rendered":"Povel pro odst\u0159elova\u010de: \u201eP\u00e1lit!\u201c"},"content":{"rendered":"<div class=\"element core-paragraph\">\n<p>Na zku\u0161ebn\u00ed st\u0159elnici Vojensk\u00e9ho technick\u00e9ho \u00fastavu, s. p. v&nbsp;Bzenci se ve dnech 2. \u2013 3. \u0159\u00edjna 2020 uskute\u010dn\u00ed dal\u0161\u00ed ro\u010dn\u00edk otev\u0159en\u00e9 sout\u011b\u017ee v&nbsp;odst\u0159elova\u010dsk\u00fdch discipl\u00edn\u00e1ch \u201eO poh\u00e1r \u0159editele VT\u00da, s. p.\u201c, na kterou se mohou z\u00e1jemci p\u0159ihl\u00e1sit vypln\u011bn\u00edm a odesl\u00e1n\u00edm p\u0159ihl\u00e1\u0161ky (<a href=\"mailto:competition@post.cz\">competition@post.cz<\/a> nebo tel. 608&nbsp;965&nbsp;849) do 20. z\u00e1\u0159\u00ed 2020.<\/p>\n<\/div>\n\n<div class=\"element core-paragraph\">\n<p>Zbra\u0148 sout\u011b\u017e\u00edc\u00edch mus\u00ed m\u00edt charakter slu\u017eebn\u00ed zbran\u011b do r\u00e1\u017ee 338LM, z&nbsp;vybaven\u00ed je povolen d\u00e1lkom\u011br, pozorovac\u00ed dalekohled, podp\u011bra pod pa\u017ebu a dal\u0161\u00ed st\u0159eleck\u00e9 pom\u016fcky. Po\u010det n\u00e1boj\u016f do sout\u011b\u017ee je 60 ks a na n\u00e1st\u0159el libovoln\u00fd po\u010det.<\/p>\n<\/div>\n\n<div class=\"element core-paragraph\">\n<p>Za organiz\u00e1tory sout\u011b\u017ee v\u00e1s na bzeneck\u00e9 st\u0159elnici r\u00e1di uv\u00edtaj\u00ed \u0159editel od\u0161t\u011bpn\u00e9ho z\u00e1vodu VT\u00daVM Slavi\u010d\u00edn J\u00e1n Roman a hlavn\u00ed rozhod\u010d\u00ed Petr Marek.<\/p>\n<\/div>\n\n<div class=\"element core-paragraph\">\n<p>Autor: Pavel Lang<\/p>\n<\/div>\n\n<div class=\"element core-gallery\">\n<figure class=\"wp-block-gallery columns-3 is-cropped wp-block-gallery-1 is-layout-flex wp-block-gallery-is-layout-flex\"><ul class=\"blocks-gallery-grid\"><li class=\"blocks-gallery-item\"><figure><img decoding=\"async\" width=\"1024\" height=\"655\" src=\"https:\/\/www.vtusp.cz\/files\/smush-webp\/2020\/09\/Bzenec-1.jpg.webp\" alt=\"\" data-id=\"5544\" data-full-url=\"https:\/\/www.vtusp.cz\/files\/uploads\/2020\/09\/Bzenec-1.jpg\" data-link=\"https:\/\/www.vtusp.cz\/?attachment_id=5544\" class=\"wp-image-5544\" srcset=\"https:\/\/www.vtusp.cz\/files\/smush-webp\/2020\/09\/Bzenec-1.jpg.webp 1024w, https:\/\/www.vtusp.cz\/files\/smush-webp\/2020\/09\/Bzenec-1-900x576.jpg.webp 900w, https:\/\/www.vtusp.cz\/files\/smush-webp\/2020\/09\/Bzenec-1-768x491.jpg.webp 768w\" sizes=\"(max-width: 1024px) 100vw, 1024px\" \/><\/figure><\/li><li class=\"blocks-gallery-item\"><figure><img decoding=\"async\" width=\"1024\" height=\"643\" src=\"https:\/\/www.vtusp.cz\/files\/smush-webp\/2020\/09\/Bzenec-2.jpg.webp\" alt=\"\" data-id=\"5546\" data-full-url=\"https:\/\/www.vtusp.cz\/files\/uploads\/2020\/09\/Bzenec-2.jpg\" data-link=\"https:\/\/www.vtusp.cz\/?attachment_id=5546\" class=\"wp-image-5546\" srcset=\"https:\/\/www.vtusp.cz\/files\/smush-webp\/2020\/09\/Bzenec-2.jpg.webp 1024w, https:\/\/www.vtusp.cz\/files\/smush-webp\/2020\/09\/Bzenec-2-900x565.jpg.webp 900w, https:\/\/www.vtusp.cz\/files\/smush-webp\/2020\/09\/Bzenec-2-768x482.jpg.webp 768w\" sizes=\"(max-width: 1024px) 100vw, 1024px\" \/><\/figure><\/li><li class=\"blocks-gallery-item\"><figure><img decoding=\"async\" width=\"1024\" height=\"609\" src=\"https:\/\/www.vtusp.cz\/files\/smush-webp\/2020\/09\/Bzenec-3.jpg.webp\" alt=\"\" data-id=\"5548\" data-full-url=\"https:\/\/www.vtusp.cz\/files\/uploads\/2020\/09\/Bzenec-3.jpg\" data-link=\"https:\/\/www.vtusp.cz\/?attachment_id=5548\" class=\"wp-image-5548\" srcset=\"https:\/\/www.vtusp.cz\/files\/smush-webp\/2020\/09\/Bzenec-3.jpg.webp 1024w, https:\/\/www.vtusp.cz\/files\/smush-webp\/2020\/09\/Bzenec-3-900x535.jpg.webp 900w, https:\/\/www.vtusp.cz\/files\/smush-webp\/2020\/09\/Bzenec-3-768x457.jpg.webp 768w\" sizes=\"(max-width: 1024px) 100vw, 1024px\" \/><\/figure><\/li><li class=\"blocks-gallery-item\"><figure><img decoding=\"async\" width=\"1024\" height=\"652\" src=\"https:\/\/www.vtusp.cz\/files\/smush-webp\/2020\/09\/Bzenec-4.jpg.webp\" alt=\"\" data-id=\"5552\" data-full-url=\"https:\/\/www.vtusp.cz\/files\/uploads\/2020\/09\/Bzenec-4.jpg\" data-link=\"https:\/\/www.vtusp.cz\/?attachment_id=5552\" class=\"wp-image-5552\" srcset=\"https:\/\/www.vtusp.cz\/files\/smush-webp\/2020\/09\/Bzenec-4.jpg.webp 1024w, https:\/\/www.vtusp.cz\/files\/smush-webp\/2020\/09\/Bzenec-4-900x573.jpg.webp 900w, https:\/\/www.vtusp.cz\/files\/smush-webp\/2020\/09\/Bzenec-4-768x489.jpg.webp 768w\" sizes=\"(max-width: 1024px) 100vw, 1024px\" \/><\/figure><\/li><\/ul><\/figure>\n<\/div>","protected":false},"excerpt":{"rendered":"<p>Na zku\u0161ebn\u00ed st\u0159elnici Vojensk\u00e9ho technick\u00e9ho \u00fastavu, s. p. v&nbsp;Bzenci se ve dnech 2. \u2013 3. \u0159\u00edjna 2020 uskute\u010dn\u00ed dal\u0161\u00ed ro\u010dn\u00edk otev\u0159en\u00e9 sout\u011b\u017ee v&nbsp;odst\u0159elova\u010dsk\u00fdch discipl\u00edn\u00e1ch \u201eO poh\u00e1r \u0159editele VT\u00da, s. p.\u201c,&#8230;<\/p>\n","protected":false},"author":3,"featured_media":5550,"comment_status":"open","ping_status":"closed","sticky":false,"template":"","format":"standard","meta":{"_acf_changed":false,"inline_featured_image":false,"footnotes":""},"categories":[1],"class_list":["post-5479","post","type-post","status-publish","format-standard","has-post-thumbnail","hentry","category-aktuality"],"acf":[],"yoast_head":"<!-- This site is optimized with the Yoast SEO plugin v27.5 - https:\/\/yoast.com\/product\/yoast-seo-wordpress\/ -->\n<title>Povel pro odst\u0159elova\u010de: \u201eP\u00e1lit!\u201c | VT\u00da s.p.<\/title>\n<meta name=\"robots\" content=\"index, follow, max-snippet:-1, max-image-preview:large, max-video-preview:-1\" \/>\n<link rel=\"canonical\" href=\"https:\/\/www.vtusp.cz\/en\/aktuality\/povel-pro-odstrelovace-palit\/\" \/>\n<meta property=\"og:locale\" content=\"en_US\" \/>\n<meta property=\"og:type\" content=\"article\" \/>\n<meta property=\"og:title\" content=\"Povel pro odst\u0159elova\u010de: \u201eP\u00e1lit!\u201c | VT\u00da s.p.\" \/>\n<meta property=\"og:description\" content=\"Na zku\u0161ebn\u00ed st\u0159elnici Vojensk\u00e9ho technick\u00e9ho \u00fastavu, s. p. v&nbsp;Bzenci se ve dnech 2. \u2013 3. \u0159\u00edjna 2020 uskute\u010dn\u00ed dal\u0161\u00ed ro\u010dn\u00edk otev\u0159en\u00e9 sout\u011b\u017ee v&nbsp;odst\u0159elova\u010dsk\u00fdch discipl\u00edn\u00e1ch \u201eO poh\u00e1r \u0159editele VT\u00da, s. p.\u201c,...\" \/>\n<meta property=\"og:url\" content=\"https:\/\/www.vtusp.cz\/en\/aktuality\/povel-pro-odstrelovace-palit\/\" \/>\n<meta property=\"og:site_name\" content=\"VT\u00da s.p.\" \/>\n<meta property=\"article:published_time\" content=\"2020-09-14T10:21:58+00:00\" \/>\n<meta property=\"article:modified_time\" content=\"2020-09-14T10:22:00+00:00\" \/>\n<meta property=\"og:image\" content=\"https:\/\/www.vtusp.cz\/files\/uploads\/2020\/09\/Bzenec-1-1.jpg\" \/>\n\t<meta property=\"og:image:width\" content=\"1024\" \/>\n\t<meta property=\"og:image:height\" content=\"655\" \/>\n\t<meta property=\"og:image:type\" content=\"image\/jpeg\" \/>\n<meta name=\"author\" content=\"Mark\u00e9ta \u0160imkov\u00e1\" \/>\n<meta name=\"twitter:card\" content=\"summary_large_image\" \/>\n<meta name=\"twitter:label1\" content=\"Written by\" \/>\n\t<meta name=\"twitter:data1\" content=\"Mark\u00e9ta \u0160imkov\u00e1\" \/>\n\t<meta name=\"twitter:label2\" content=\"Est. reading time\" \/>\n\t<meta name=\"twitter:data2\" content=\"1 minute\" \/>\n<script type=\"application\/ld+json\" class=\"yoast-schema-graph\">{\"@context\":\"https:\\\/\\\/schema.org\",\"@graph\":[{\"@type\":\"Article\",\"@id\":\"https:\\\/\\\/www.vtusp.cz\\\/en\\\/aktuality\\\/povel-pro-odstrelovace-palit\\\/#article\",\"isPartOf\":{\"@id\":\"https:\\\/\\\/www.vtusp.cz\\\/en\\\/aktuality\\\/povel-pro-odstrelovace-palit\\\/\"},\"author\":{\"name\":\"Mark\u00e9ta \u0160imkov\u00e1\",\"@id\":\"https:\\\/\\\/www.vtusp.cz\\\/en\\\/#\\\/schema\\\/person\\\/f1e8bab14f234b53970de1bd457f4755\"},\"headline\":\"Povel pro odst\u0159elova\u010de: \u201eP\u00e1lit!\u201c\",\"datePublished\":\"2020-09-14T10:21:58+00:00\",\"dateModified\":\"2020-09-14T10:22:00+00:00\",\"mainEntityOfPage\":{\"@id\":\"https:\\\/\\\/www.vtusp.cz\\\/en\\\/aktuality\\\/povel-pro-odstrelovace-palit\\\/\"},\"wordCount\":170,\"commentCount\":0,\"image\":{\"@id\":\"https:\\\/\\\/www.vtusp.cz\\\/en\\\/aktuality\\\/povel-pro-odstrelovace-palit\\\/#primaryimage\"},\"thumbnailUrl\":\"https:\\\/\\\/www.vtusp.cz\\\/files\\\/uploads\\\/2020\\\/09\\\/Bzenec-1-1.jpg\",\"articleSection\":[\"Aktuality\"],\"inLanguage\":\"en-US\",\"potentialAction\":[{\"@type\":\"CommentAction\",\"name\":\"Comment\",\"target\":[\"https:\\\/\\\/www.vtusp.cz\\\/en\\\/aktuality\\\/povel-pro-odstrelovace-palit\\\/#respond\"]}]},{\"@type\":\"WebPage\",\"@id\":\"https:\\\/\\\/www.vtusp.cz\\\/en\\\/aktuality\\\/povel-pro-odstrelovace-palit\\\/\",\"url\":\"https:\\\/\\\/www.vtusp.cz\\\/en\\\/aktuality\\\/povel-pro-odstrelovace-palit\\\/\",\"name\":\"Povel pro odst\u0159elova\u010de: \u201eP\u00e1lit!\u201c | VT\u00da s.p.\",\"isPartOf\":{\"@id\":\"https:\\\/\\\/www.vtusp.cz\\\/en\\\/#website\"},\"primaryImageOfPage\":{\"@id\":\"https:\\\/\\\/www.vtusp.cz\\\/en\\\/aktuality\\\/povel-pro-odstrelovace-palit\\\/#primaryimage\"},\"image\":{\"@id\":\"https:\\\/\\\/www.vtusp.cz\\\/en\\\/aktuality\\\/povel-pro-odstrelovace-palit\\\/#primaryimage\"},\"thumbnailUrl\":\"https:\\\/\\\/www.vtusp.cz\\\/files\\\/uploads\\\/2020\\\/09\\\/Bzenec-1-1.jpg\",\"datePublished\":\"2020-09-14T10:21:58+00:00\",\"dateModified\":\"2020-09-14T10:22:00+00:00\",\"author\":{\"@id\":\"https:\\\/\\\/www.vtusp.cz\\\/en\\\/#\\\/schema\\\/person\\\/f1e8bab14f234b53970de1bd457f4755\"},\"breadcrumb\":{\"@id\":\"https:\\\/\\\/www.vtusp.cz\\\/en\\\/aktuality\\\/povel-pro-odstrelovace-palit\\\/#breadcrumb\"},\"inLanguage\":\"en-US\",\"potentialAction\":[{\"@type\":\"ReadAction\",\"target\":[\"https:\\\/\\\/www.vtusp.cz\\\/en\\\/aktuality\\\/povel-pro-odstrelovace-palit\\\/\"]}]},{\"@type\":\"ImageObject\",\"inLanguage\":\"en-US\",\"@id\":\"https:\\\/\\\/www.vtusp.cz\\\/en\\\/aktuality\\\/povel-pro-odstrelovace-palit\\\/#primaryimage\",\"url\":\"https:\\\/\\\/www.vtusp.cz\\\/files\\\/uploads\\\/2020\\\/09\\\/Bzenec-1-1.jpg\",\"contentUrl\":\"https:\\\/\\\/www.vtusp.cz\\\/files\\\/uploads\\\/2020\\\/09\\\/Bzenec-1-1.jpg\",\"width\":1024,\"height\":655},{\"@type\":\"BreadcrumbList\",\"@id\":\"https:\\\/\\\/www.vtusp.cz\\\/en\\\/aktuality\\\/povel-pro-odstrelovace-palit\\\/#breadcrumb\",\"itemListElement\":[{\"@type\":\"ListItem\",\"position\":1,\"name\":\"Home\",\"item\":\"https:\\\/\\\/www.vtusp.cz\\\/en\\\/\"},{\"@type\":\"ListItem\",\"position\":2,\"name\":\"Povel pro odst\u0159elova\u010de: \u201eP\u00e1lit!\u201c\"}]},{\"@type\":\"WebSite\",\"@id\":\"https:\\\/\\\/www.vtusp.cz\\\/en\\\/#website\",\"url\":\"https:\\\/\\\/www.vtusp.cz\\\/en\\\/\",\"name\":\"VT\u00da s.p.\",\"description\":\"\",\"potentialAction\":[{\"@type\":\"SearchAction\",\"target\":{\"@type\":\"EntryPoint\",\"urlTemplate\":\"https:\\\/\\\/www.vtusp.cz\\\/en\\\/?s={search_term_string}\"},\"query-input\":{\"@type\":\"PropertyValueSpecification\",\"valueRequired\":true,\"valueName\":\"search_term_string\"}}],\"inLanguage\":\"en-US\"},{\"@type\":\"Person\",\"@id\":\"https:\\\/\\\/www.vtusp.cz\\\/en\\\/#\\\/schema\\\/person\\\/f1e8bab14f234b53970de1bd457f4755\",\"name\":\"Mark\u00e9ta \u0160imkov\u00e1\",\"image\":{\"@type\":\"ImageObject\",\"inLanguage\":\"en-US\",\"@id\":\"https:\\\/\\\/secure.gravatar.com\\\/avatar\\\/11e6d560fad0d34db4e72d297ae926889fe4d6c23ddb5d1cab66094009979d36?s=96&d=mm&r=g\",\"url\":\"https:\\\/\\\/secure.gravatar.com\\\/avatar\\\/11e6d560fad0d34db4e72d297ae926889fe4d6c23ddb5d1cab66094009979d36?s=96&d=mm&r=g\",\"contentUrl\":\"https:\\\/\\\/secure.gravatar.com\\\/avatar\\\/11e6d560fad0d34db4e72d297ae926889fe4d6c23ddb5d1cab66094009979d36?s=96&d=mm&r=g\",\"caption\":\"Mark\u00e9ta \u0160imkov\u00e1\"}}]}<\/script>\n<!-- \/ Yoast SEO plugin. -->","yoast_head_json":{"title":"Povel pro odst\u0159elova\u010de: \u201eP\u00e1lit!\u201c | VT\u00da s.p.","robots":{"index":"index","follow":"follow","max-snippet":"max-snippet:-1","max-image-preview":"max-image-preview:large","max-video-preview":"max-video-preview:-1"},"canonical":"https:\/\/www.vtusp.cz\/en\/aktuality\/povel-pro-odstrelovace-palit\/","og_locale":"en_US","og_type":"article","og_title":"Povel pro odst\u0159elova\u010de: \u201eP\u00e1lit!\u201c | VT\u00da s.p.","og_description":"Na zku\u0161ebn\u00ed st\u0159elnici Vojensk\u00e9ho technick\u00e9ho \u00fastavu, s. p. v&nbsp;Bzenci se ve dnech 2. \u2013 3. \u0159\u00edjna 2020 uskute\u010dn\u00ed dal\u0161\u00ed ro\u010dn\u00edk otev\u0159en\u00e9 sout\u011b\u017ee v&nbsp;odst\u0159elova\u010dsk\u00fdch discipl\u00edn\u00e1ch \u201eO poh\u00e1r \u0159editele VT\u00da, s. p.\u201c,...","og_url":"https:\/\/www.vtusp.cz\/en\/aktuality\/povel-pro-odstrelovace-palit\/","og_site_name":"VT\u00da s.p.","article_published_time":"2020-09-14T10:21:58+00:00","article_modified_time":"2020-09-14T10:22:00+00:00","og_image":[{"width":1024,"height":655,"url":"https:\/\/www.vtusp.cz\/files\/uploads\/2020\/09\/Bzenec-1-1.jpg","type":"image\/jpeg"}],"author":"Mark\u00e9ta \u0160imkov\u00e1","twitter_card":"summary_large_image","twitter_misc":{"Written by":"Mark\u00e9ta \u0160imkov\u00e1","Est. reading time":"1 minute"},"schema":{"@context":"https:\/\/schema.org","@graph":[{"@type":"Article","@id":"https:\/\/www.vtusp.cz\/en\/aktuality\/povel-pro-odstrelovace-palit\/#article","isPartOf":{"@id":"https:\/\/www.vtusp.cz\/en\/aktuality\/povel-pro-odstrelovace-palit\/"},"author":{"name":"Mark\u00e9ta \u0160imkov\u00e1","@id":"https:\/\/www.vtusp.cz\/en\/#\/schema\/person\/f1e8bab14f234b53970de1bd457f4755"},"headline":"Povel pro odst\u0159elova\u010de: \u201eP\u00e1lit!\u201c","datePublished":"2020-09-14T10:21:58+00:00","dateModified":"2020-09-14T10:22:00+00:00","mainEntityOfPage":{"@id":"https:\/\/www.vtusp.cz\/en\/aktuality\/povel-pro-odstrelovace-palit\/"},"wordCount":170,"commentCount":0,"image":{"@id":"https:\/\/www.vtusp.cz\/en\/aktuality\/povel-pro-odstrelovace-palit\/#primaryimage"},"thumbnailUrl":"https:\/\/www.vtusp.cz\/files\/uploads\/2020\/09\/Bzenec-1-1.jpg","articleSection":["Aktuality"],"inLanguage":"en-US","potentialAction":[{"@type":"CommentAction","name":"Comment","target":["https:\/\/www.vtusp.cz\/en\/aktuality\/povel-pro-odstrelovace-palit\/#respond"]}]},{"@type":"WebPage","@id":"https:\/\/www.vtusp.cz\/en\/aktuality\/povel-pro-odstrelovace-palit\/","url":"https:\/\/www.vtusp.cz\/en\/aktuality\/povel-pro-odstrelovace-palit\/","name":"Povel pro odst\u0159elova\u010de: \u201eP\u00e1lit!\u201c | VT\u00da s.p.","isPartOf":{"@id":"https:\/\/www.vtusp.cz\/en\/#website"},"primaryImageOfPage":{"@id":"https:\/\/www.vtusp.cz\/en\/aktuality\/povel-pro-odstrelovace-palit\/#primaryimage"},"image":{"@id":"https:\/\/www.vtusp.cz\/en\/aktuality\/povel-pro-odstrelovace-palit\/#primaryimage"},"thumbnailUrl":"https:\/\/www.vtusp.cz\/files\/uploads\/2020\/09\/Bzenec-1-1.jpg","datePublished":"2020-09-14T10:21:58+00:00","dateModified":"2020-09-14T10:22:00+00:00","author":{"@id":"https:\/\/www.vtusp.cz\/en\/#\/schema\/person\/f1e8bab14f234b53970de1bd457f4755"},"breadcrumb":{"@id":"https:\/\/www.vtusp.cz\/en\/aktuality\/povel-pro-odstrelovace-palit\/#breadcrumb"},"inLanguage":"en-US","potentialAction":[{"@type":"ReadAction","target":["https:\/\/www.vtusp.cz\/en\/aktuality\/povel-pro-odstrelovace-palit\/"]}]},{"@type":"ImageObject","inLanguage":"en-US","@id":"https:\/\/www.vtusp.cz\/en\/aktuality\/povel-pro-odstrelovace-palit\/#primaryimage","url":"https:\/\/www.vtusp.cz\/files\/uploads\/2020\/09\/Bzenec-1-1.jpg","contentUrl":"https:\/\/www.vtusp.cz\/files\/uploads\/2020\/09\/Bzenec-1-1.jpg","width":1024,"height":655},{"@type":"BreadcrumbList","@id":"https:\/\/www.vtusp.cz\/en\/aktuality\/povel-pro-odstrelovace-palit\/#breadcrumb","itemListElement":[{"@type":"ListItem","position":1,"name":"Home","item":"https:\/\/www.vtusp.cz\/en\/"},{"@type":"ListItem","position":2,"name":"Povel pro odst\u0159elova\u010de: \u201eP\u00e1lit!\u201c"}]},{"@type":"WebSite","@id":"https:\/\/www.vtusp.cz\/en\/#website","url":"https:\/\/www.vtusp.cz\/en\/","name":"VT\u00da s.p.","description":"","potentialAction":[{"@type":"SearchAction","target":{"@type":"EntryPoint","urlTemplate":"https:\/\/www.vtusp.cz\/en\/?s={search_term_string}"},"query-input":{"@type":"PropertyValueSpecification","valueRequired":true,"valueName":"search_term_string"}}],"inLanguage":"en-US"},{"@type":"Person","@id":"https:\/\/www.vtusp.cz\/en\/#\/schema\/person\/f1e8bab14f234b53970de1bd457f4755","name":"Mark\u00e9ta \u0160imkov\u00e1","image":{"@type":"ImageObject","inLanguage":"en-US","@id":"https:\/\/secure.gravatar.com\/avatar\/11e6d560fad0d34db4e72d297ae926889fe4d6c23ddb5d1cab66094009979d36?s=96&d=mm&r=g","url":"https:\/\/secure.gravatar.com\/avatar\/11e6d560fad0d34db4e72d297ae926889fe4d6c23ddb5d1cab66094009979d36?s=96&d=mm&r=g","contentUrl":"https:\/\/secure.gravatar.com\/avatar\/11e6d560fad0d34db4e72d297ae926889fe4d6c23ddb5d1cab66094009979d36?s=96&d=mm&r=g","caption":"Mark\u00e9ta \u0160imkov\u00e1"}}]}},"_links":{"self":[{"href":"https:\/\/www.vtusp.cz\/en\/wp-json\/wp\/v2\/posts\/5479","targetHints":{"allow":["GET"]}}],"collection":[{"href":"https:\/\/www.vtusp.cz\/en\/wp-json\/wp\/v2\/posts"}],"about":[{"href":"https:\/\/www.vtusp.cz\/en\/wp-json\/wp\/v2\/types\/post"}],"author":[{"embeddable":true,"href":"https:\/\/www.vtusp.cz\/en\/wp-json\/wp\/v2\/users\/3"}],"replies":[{"embeddable":true,"href":"https:\/\/www.vtusp.cz\/en\/wp-json\/wp\/v2\/comments?post=5479"}],"version-history":[{"count":2,"href":"https:\/\/www.vtusp.cz\/en\/wp-json\/wp\/v2\/posts\/5479\/revisions"}],"predecessor-version":[{"id":5555,"href":"https:\/\/www.vtusp.cz\/en\/wp-json\/wp\/v2\/posts\/5479\/revisions\/5555"}],"wp:featuredmedia":[{"embeddable":true,"href":"https:\/\/www.vtusp.cz\/en\/wp-json\/wp\/v2\/media\/5550"}],"wp:attachment":[{"href":"https:\/\/www.vtusp.cz\/en\/wp-json\/wp\/v2\/media?parent=5479"}],"wp:term":[{"taxonomy":"category","embeddable":true,"href":"https:\/\/www.vtusp.cz\/en\/wp-json\/wp\/v2\/categories?post=5479"}],"curies":[{"name":"wp","href":"https:\/\/api.w.org\/{rel}","templated":true}]}}