{"id":5424,"date":"2020-09-01T14:42:20","date_gmt":"2020-09-01T12:42:20","guid":{"rendered":"https:\/\/www.vtusp.cz\/?p=5424"},"modified":"2020-09-01T14:46:59","modified_gmt":"2020-09-01T12:46:59","slug":"testy-elektromagneticke-kompatibility-pro-armadu-cr","status":"publish","type":"post","link":"https:\/\/www.vtusp.cz\/en\/aktuality\/testy-elektromagneticke-kompatibility-pro-armadu-cr\/","title":{"rendered":"Testy elektromagnetick\u00e9 kompatibility pro Arm\u00e1du \u010cR"},"content":{"rendered":"<div class=\"element core-paragraph perex\">\n<p class=\"perex\">Zku\u0161ebna elektromagnetick\u00e9 kompatibility (EMC \u2013 Electromagnetic Compatibility) v&nbsp;od\u0161t\u011bpn\u00e9m z\u00e1vodu Vojensk\u00fd technick\u00fd \u00fastav pozemn\u00edho vojska Vy\u0161kov vznikla v roce 1993 a je jednou z&nbsp;nejd\u00e9le p\u016fsob\u00edc\u00edch zku\u0161eben elektromagnetick\u00e9 kompatibility na \u00fazem\u00ed \u010cR. Disponuje kvalitn\u00edm technick\u00fdm vybaven\u00edm i zku\u0161en\u00fdmi pracovn\u00edky a je pln\u011b srovnateln\u00e1 s obdobn\u00fdmi zahrani\u010dn\u00edmi pracovi\u0161ti. Prov\u00e1d\u00ed akreditovan\u00e9, i neakreditovan\u00e9 zkou\u0161ky v oblasti EMC (ru\u0161iv\u00e9ho vyza\u0159ov\u00e1n\u00ed \u2013 EMI, elektromagnetick\u00e9 odolnosti \u2013 EMS a klimatick\u00fdch zkou\u0161ek) &nbsp;pro pot\u0159eby Arm\u00e1dy \u010cR i civiln\u00edho sektoru.<\/p>\n<\/div>\n\n<div class=\"element core-paragraph\">\n<p>Sou\u010d\u00e1st\u00ed zku\u0161ebny EMC jsou tato pracovi\u0161t\u011b: laborato\u0159 elektromagnetick\u00e9ho vyza\u0159ov\u00e1n\u00ed (EMI), laborato\u0159 elektromagnetick\u00e9 odolnosti (EMS), laborato\u0159 technick\u00fdch zkou\u0161ek za\u0159\u00edzen\u00ed (automotive pulzy, EHK 48, AKB, auto-elektriky, osv\u011btlen\u00ed), pracovi\u0161t\u011b rozvoje zkou\u0161ek (v\u00fdkonov\u00fdch elektromagnetick\u00fdch pulz\u016f UWB, NEMP) a klimatick\u00e1 laborato\u0159.<\/p>\n<\/div>\n\n<div class=\"element core-paragraph\">\n<p>Zkou\u0161ky jsou prov\u00e1d\u011bny v&nbsp;souladu s&nbsp;harmonizovan\u00fdmi \u010desk\u00fdmi a evropsk\u00fdmi normami. Pro vojensk\u00fd sektor podle platn\u00fdch \u010desk\u00fdch obrann\u00fdch standard\u016f (\u010cOS), standard\u016f NATO (AECTP,STANAG) a standard\u016f USA (MIL-STD). Prov\u011b\u0159ov\u00e1n\u00ed pro civiln\u00ed instituce je d\u016fle\u017eit\u00fdm podkladem pro vystaven\u00ed \u201eES prohl\u00e1\u0161en\u00ed o shod\u011b\u201c a ozna\u010den\u00ed v\u00fdrobku zna\u010dkou CE.<\/p>\n<\/div>\n\n<div class=\"element core-paragraph\">\n<p>Zku\u0161ebna EMC disponuje mobiln\u00edm vybaven\u00edm umo\u017e\u0148uj\u00edc\u00edm prov\u00e1d\u011bn\u00ed zkou\u0161ek p\u0159\u00edmo u v\u00fdrobce nebo na m\u00edst\u011b instalace (nap\u0159. u rozm\u011brn\u00fdch v\u00fdrobk\u016f \u010di technologick\u00fdch celk\u016f).<\/p>\n<\/div>\n\n<div class=\"element core-paragraph\">\n<p>Z\u00a0podklad\u016f od\u0161t\u011bpn\u00e9ho z\u00e1vodu Vojensk\u00fd technick\u00fd \u00fastav pozemn\u00edho vojska Vy\u0161kov p\u0159ipravil:    Pavel Lang<\/p>\n<\/div>\n\n<div class=\"element core-paragraph\">\n<p>Video ze zku\u0161ebny EMC p\u0159ipravil:   Bc. Daniel Sypt\u00e1k    <\/p>\n<\/div>\n\n<div class=\"element core-paragraph\">\n<p>Odkaz na video: <a href=\"https:\/\/www.instagram.com\/p\/CEl1L9JnzkC\/\">https:\/\/www.instagram.com\/p\/CEl1L9JnzkC\/<\/a><\/p>\n<\/div>\n\n<div class=\"element acf-files\"><section class=\"files\">\n\t<div class=\"in cf\">\n\t\t\t\t<div class=\"files obrazek\">\n\t\t\t\t\t<\/div>\n\t<\/div>\n<\/section> \n<\/div>\n\n<div class=\"element acf-files\"><section class=\"files\">\n\t<div class=\"in cf\">\n\t\t\t\t<div class=\"files obrazek\">\n\t\t\t\t\t<\/div>\n\t<\/div>\n<\/section> \n<\/div>\n\n<div class=\"element core-gallery\">\n<figure class=\"wp-block-gallery columns-3 is-cropped wp-block-gallery-1 is-layout-flex wp-block-gallery-is-layout-flex\"><ul class=\"blocks-gallery-grid\"><li class=\"blocks-gallery-item\"><figure><img decoding=\"async\" width=\"1024\" height=\"660\" src=\"https:\/\/www.vtusp.cz\/files\/smush-webp\/2020\/09\/03-EMC-1.jpg.webp\" alt=\"\" data-id=\"5501\" data-link=\"https:\/\/www.vtusp.cz\/?attachment_id=5501\" class=\"wp-image-5501\" srcset=\"https:\/\/www.vtusp.cz\/files\/smush-webp\/2020\/09\/03-EMC-1.jpg.webp 1024w, https:\/\/www.vtusp.cz\/files\/smush-webp\/2020\/09\/03-EMC-1-900x580.jpg.webp 900w, https:\/\/www.vtusp.cz\/files\/smush-webp\/2020\/09\/03-EMC-1-768x495.jpg.webp 768w\" sizes=\"(max-width: 1024px) 100vw, 1024px\" \/><\/figure><\/li><li class=\"blocks-gallery-item\"><figure><img decoding=\"async\" width=\"1024\" height=\"721\" src=\"https:\/\/www.vtusp.cz\/files\/smush-webp\/2020\/09\/01-EMC-3.jpg.webp\" alt=\"\" data-id=\"5504\" data-full-url=\"https:\/\/www.vtusp.cz\/files\/uploads\/2020\/09\/01-EMC-3.jpg\" data-link=\"https:\/\/www.vtusp.cz\/?attachment_id=5504\" class=\"wp-image-5504\" srcset=\"https:\/\/www.vtusp.cz\/files\/smush-webp\/2020\/09\/01-EMC-3.jpg.webp 1024w, https:\/\/www.vtusp.cz\/files\/smush-webp\/2020\/09\/01-EMC-3-900x634.jpg.webp 900w, https:\/\/www.vtusp.cz\/files\/smush-webp\/2020\/09\/01-EMC-3-768x541.jpg.webp 768w\" sizes=\"(max-width: 1024px) 100vw, 1024px\" \/><\/figure><\/li><li class=\"blocks-gallery-item\"><figure><img decoding=\"async\" width=\"1024\" height=\"768\" src=\"https:\/\/www.vtusp.cz\/files\/smush-webp\/2020\/09\/02-EMC-3.jpg.webp\" alt=\"\" data-id=\"5506\" data-full-url=\"https:\/\/www.vtusp.cz\/files\/uploads\/2020\/09\/02-EMC-3.jpg\" data-link=\"https:\/\/www.vtusp.cz\/?attachment_id=5506\" class=\"wp-image-5506\" srcset=\"https:\/\/www.vtusp.cz\/files\/smush-webp\/2020\/09\/02-EMC-3.jpg.webp 1024w, https:\/\/www.vtusp.cz\/files\/smush-webp\/2020\/09\/02-EMC-3-900x675.jpg.webp 900w, https:\/\/www.vtusp.cz\/files\/smush-webp\/2020\/09\/02-EMC-3-768x576.jpg.webp 768w\" sizes=\"(max-width: 1024px) 100vw, 1024px\" \/><\/figure><\/li><\/ul><\/figure>\n<\/div>\n\n<div class=\"element core-video\">\n<figure class=\"wp-block-video\"><video height=\"1080\" style=\"aspect-ratio: 1920 \/ 1080;\" width=\"1920\" controls src=\"https:\/\/www.vtusp.cz\/files\/uploads\/2020\/09\/Zkuebna-EMC-6.mp4-6.mp4\"><\/video><figcaption>Zku\u0161ebna EMC Vy\u0161kov<\/figcaption><\/figure>\n<\/div>\n\n<div class=\"element core-paragraph\">\n<p><\/p>\n<\/div>","protected":false},"excerpt":{"rendered":"<p>Zku\u0161ebna elektromagnetick\u00e9 kompatibility (EMC \u2013 Electromagnetic Compatibility) v&nbsp;od\u0161t\u011bpn\u00e9m z\u00e1vodu Vojensk\u00fd technick\u00fd \u00fastav pozemn\u00edho vojska Vy\u0161kov vznikla v roce 1993 a je jednou z&nbsp;nejd\u00e9le p\u016fsob\u00edc\u00edch zku\u0161eben elektromagnetick\u00e9 kompatibility na \u00fazem\u00ed \u010cR&#8230;.<\/p>\n","protected":false},"author":3,"featured_media":5487,"comment_status":"open","ping_status":"closed","sticky":false,"template":"","format":"standard","meta":{"_acf_changed":false,"inline_featured_image":false,"footnotes":""},"categories":[1],"class_list":["post-5424","post","type-post","status-publish","format-standard","has-post-thumbnail","hentry","category-aktuality"],"acf":[],"yoast_head":"<!-- This site is optimized with the Yoast SEO plugin v27.5 - https:\/\/yoast.com\/product\/yoast-seo-wordpress\/ -->\n<title>Testy elektromagnetick\u00e9 kompatibility pro Arm\u00e1du \u010cR | VT\u00da s.p.<\/title>\n<meta name=\"robots\" content=\"index, follow, max-snippet:-1, max-image-preview:large, max-video-preview:-1\" \/>\n<link rel=\"canonical\" href=\"https:\/\/www.vtusp.cz\/en\/aktuality\/testy-elektromagneticke-kompatibility-pro-armadu-cr\/\" \/>\n<meta property=\"og:locale\" content=\"en_US\" \/>\n<meta property=\"og:type\" content=\"article\" \/>\n<meta property=\"og:title\" content=\"Testy elektromagnetick\u00e9 kompatibility pro Arm\u00e1du \u010cR | VT\u00da s.p.\" \/>\n<meta property=\"og:description\" content=\"Zku\u0161ebna elektromagnetick\u00e9 kompatibility (EMC \u2013 Electromagnetic Compatibility) v&nbsp;od\u0161t\u011bpn\u00e9m z\u00e1vodu Vojensk\u00fd technick\u00fd \u00fastav pozemn\u00edho vojska Vy\u0161kov vznikla v roce 1993 a je jednou z&nbsp;nejd\u00e9le p\u016fsob\u00edc\u00edch zku\u0161eben elektromagnetick\u00e9 kompatibility na \u00fazem\u00ed \u010cR....\" \/>\n<meta property=\"og:url\" content=\"https:\/\/www.vtusp.cz\/en\/aktuality\/testy-elektromagneticke-kompatibility-pro-armadu-cr\/\" \/>\n<meta property=\"og:site_name\" content=\"VT\u00da s.p.\" \/>\n<meta property=\"article:published_time\" content=\"2020-09-01T12:42:20+00:00\" \/>\n<meta property=\"article:modified_time\" content=\"2020-09-01T12:46:59+00:00\" \/>\n<meta property=\"og:image\" content=\"https:\/\/www.vtusp.cz\/files\/uploads\/2020\/09\/01-EMC-2.jpg\" \/>\n\t<meta property=\"og:image:width\" content=\"1024\" \/>\n\t<meta property=\"og:image:height\" content=\"721\" \/>\n\t<meta property=\"og:image:type\" content=\"image\/jpeg\" \/>\n<meta name=\"author\" content=\"Mark\u00e9ta \u0160imkov\u00e1\" \/>\n<meta name=\"twitter:card\" content=\"summary_large_image\" \/>\n<meta name=\"twitter:label1\" content=\"Written by\" \/>\n\t<meta name=\"twitter:data1\" content=\"Mark\u00e9ta \u0160imkov\u00e1\" \/>\n\t<meta name=\"twitter:label2\" content=\"Est. reading time\" \/>\n\t<meta name=\"twitter:data2\" content=\"2 minutes\" \/>\n<script type=\"application\/ld+json\" class=\"yoast-schema-graph\">{\"@context\":\"https:\\\/\\\/schema.org\",\"@graph\":[{\"@type\":\"Article\",\"@id\":\"https:\\\/\\\/www.vtusp.cz\\\/en\\\/aktuality\\\/testy-elektromagneticke-kompatibility-pro-armadu-cr\\\/#article\",\"isPartOf\":{\"@id\":\"https:\\\/\\\/www.vtusp.cz\\\/en\\\/aktuality\\\/testy-elektromagneticke-kompatibility-pro-armadu-cr\\\/\"},\"author\":{\"name\":\"Mark\u00e9ta \u0160imkov\u00e1\",\"@id\":\"https:\\\/\\\/www.vtusp.cz\\\/en\\\/#\\\/schema\\\/person\\\/f1e8bab14f234b53970de1bd457f4755\"},\"headline\":\"Testy elektromagnetick\u00e9 kompatibility pro Arm\u00e1du \u010cR\",\"datePublished\":\"2020-09-01T12:42:20+00:00\",\"dateModified\":\"2020-09-01T12:46:59+00:00\",\"mainEntityOfPage\":{\"@id\":\"https:\\\/\\\/www.vtusp.cz\\\/en\\\/aktuality\\\/testy-elektromagneticke-kompatibility-pro-armadu-cr\\\/\"},\"wordCount\":313,\"commentCount\":0,\"image\":{\"@id\":\"https:\\\/\\\/www.vtusp.cz\\\/en\\\/aktuality\\\/testy-elektromagneticke-kompatibility-pro-armadu-cr\\\/#primaryimage\"},\"thumbnailUrl\":\"https:\\\/\\\/www.vtusp.cz\\\/files\\\/uploads\\\/2020\\\/09\\\/01-EMC-2.jpg\",\"articleSection\":[\"Aktuality\"],\"inLanguage\":\"en-US\",\"potentialAction\":[{\"@type\":\"CommentAction\",\"name\":\"Comment\",\"target\":[\"https:\\\/\\\/www.vtusp.cz\\\/en\\\/aktuality\\\/testy-elektromagneticke-kompatibility-pro-armadu-cr\\\/#respond\"]}]},{\"@type\":\"WebPage\",\"@id\":\"https:\\\/\\\/www.vtusp.cz\\\/en\\\/aktuality\\\/testy-elektromagneticke-kompatibility-pro-armadu-cr\\\/\",\"url\":\"https:\\\/\\\/www.vtusp.cz\\\/en\\\/aktuality\\\/testy-elektromagneticke-kompatibility-pro-armadu-cr\\\/\",\"name\":\"Testy elektromagnetick\u00e9 kompatibility pro Arm\u00e1du \u010cR | VT\u00da s.p.\",\"isPartOf\":{\"@id\":\"https:\\\/\\\/www.vtusp.cz\\\/en\\\/#website\"},\"primaryImageOfPage\":{\"@id\":\"https:\\\/\\\/www.vtusp.cz\\\/en\\\/aktuality\\\/testy-elektromagneticke-kompatibility-pro-armadu-cr\\\/#primaryimage\"},\"image\":{\"@id\":\"https:\\\/\\\/www.vtusp.cz\\\/en\\\/aktuality\\\/testy-elektromagneticke-kompatibility-pro-armadu-cr\\\/#primaryimage\"},\"thumbnailUrl\":\"https:\\\/\\\/www.vtusp.cz\\\/files\\\/uploads\\\/2020\\\/09\\\/01-EMC-2.jpg\",\"datePublished\":\"2020-09-01T12:42:20+00:00\",\"dateModified\":\"2020-09-01T12:46:59+00:00\",\"author\":{\"@id\":\"https:\\\/\\\/www.vtusp.cz\\\/en\\\/#\\\/schema\\\/person\\\/f1e8bab14f234b53970de1bd457f4755\"},\"breadcrumb\":{\"@id\":\"https:\\\/\\\/www.vtusp.cz\\\/en\\\/aktuality\\\/testy-elektromagneticke-kompatibility-pro-armadu-cr\\\/#breadcrumb\"},\"inLanguage\":\"en-US\",\"potentialAction\":[{\"@type\":\"ReadAction\",\"target\":[\"https:\\\/\\\/www.vtusp.cz\\\/en\\\/aktuality\\\/testy-elektromagneticke-kompatibility-pro-armadu-cr\\\/\"]}]},{\"@type\":\"ImageObject\",\"inLanguage\":\"en-US\",\"@id\":\"https:\\\/\\\/www.vtusp.cz\\\/en\\\/aktuality\\\/testy-elektromagneticke-kompatibility-pro-armadu-cr\\\/#primaryimage\",\"url\":\"https:\\\/\\\/www.vtusp.cz\\\/files\\\/uploads\\\/2020\\\/09\\\/01-EMC-2.jpg\",\"contentUrl\":\"https:\\\/\\\/www.vtusp.cz\\\/files\\\/uploads\\\/2020\\\/09\\\/01-EMC-2.jpg\",\"width\":1024,\"height\":721},{\"@type\":\"BreadcrumbList\",\"@id\":\"https:\\\/\\\/www.vtusp.cz\\\/en\\\/aktuality\\\/testy-elektromagneticke-kompatibility-pro-armadu-cr\\\/#breadcrumb\",\"itemListElement\":[{\"@type\":\"ListItem\",\"position\":1,\"name\":\"Home\",\"item\":\"https:\\\/\\\/www.vtusp.cz\\\/en\\\/\"},{\"@type\":\"ListItem\",\"position\":2,\"name\":\"Testy elektromagnetick\u00e9 kompatibility pro Arm\u00e1du \u010cR\"}]},{\"@type\":\"WebSite\",\"@id\":\"https:\\\/\\\/www.vtusp.cz\\\/en\\\/#website\",\"url\":\"https:\\\/\\\/www.vtusp.cz\\\/en\\\/\",\"name\":\"VT\u00da s.p.\",\"description\":\"\",\"potentialAction\":[{\"@type\":\"SearchAction\",\"target\":{\"@type\":\"EntryPoint\",\"urlTemplate\":\"https:\\\/\\\/www.vtusp.cz\\\/en\\\/?s={search_term_string}\"},\"query-input\":{\"@type\":\"PropertyValueSpecification\",\"valueRequired\":true,\"valueName\":\"search_term_string\"}}],\"inLanguage\":\"en-US\"},{\"@type\":\"Person\",\"@id\":\"https:\\\/\\\/www.vtusp.cz\\\/en\\\/#\\\/schema\\\/person\\\/f1e8bab14f234b53970de1bd457f4755\",\"name\":\"Mark\u00e9ta \u0160imkov\u00e1\",\"image\":{\"@type\":\"ImageObject\",\"inLanguage\":\"en-US\",\"@id\":\"https:\\\/\\\/secure.gravatar.com\\\/avatar\\\/11e6d560fad0d34db4e72d297ae926889fe4d6c23ddb5d1cab66094009979d36?s=96&d=mm&r=g\",\"url\":\"https:\\\/\\\/secure.gravatar.com\\\/avatar\\\/11e6d560fad0d34db4e72d297ae926889fe4d6c23ddb5d1cab66094009979d36?s=96&d=mm&r=g\",\"contentUrl\":\"https:\\\/\\\/secure.gravatar.com\\\/avatar\\\/11e6d560fad0d34db4e72d297ae926889fe4d6c23ddb5d1cab66094009979d36?s=96&d=mm&r=g\",\"caption\":\"Mark\u00e9ta \u0160imkov\u00e1\"}}]}<\/script>\n<!-- \/ Yoast SEO plugin. -->","yoast_head_json":{"title":"Testy elektromagnetick\u00e9 kompatibility pro Arm\u00e1du \u010cR | VT\u00da s.p.","robots":{"index":"index","follow":"follow","max-snippet":"max-snippet:-1","max-image-preview":"max-image-preview:large","max-video-preview":"max-video-preview:-1"},"canonical":"https:\/\/www.vtusp.cz\/en\/aktuality\/testy-elektromagneticke-kompatibility-pro-armadu-cr\/","og_locale":"en_US","og_type":"article","og_title":"Testy elektromagnetick\u00e9 kompatibility pro Arm\u00e1du \u010cR | VT\u00da s.p.","og_description":"Zku\u0161ebna elektromagnetick\u00e9 kompatibility (EMC \u2013 Electromagnetic Compatibility) v&nbsp;od\u0161t\u011bpn\u00e9m z\u00e1vodu Vojensk\u00fd technick\u00fd \u00fastav pozemn\u00edho vojska Vy\u0161kov vznikla v roce 1993 a je jednou z&nbsp;nejd\u00e9le p\u016fsob\u00edc\u00edch zku\u0161eben elektromagnetick\u00e9 kompatibility na \u00fazem\u00ed \u010cR....","og_url":"https:\/\/www.vtusp.cz\/en\/aktuality\/testy-elektromagneticke-kompatibility-pro-armadu-cr\/","og_site_name":"VT\u00da s.p.","article_published_time":"2020-09-01T12:42:20+00:00","article_modified_time":"2020-09-01T12:46:59+00:00","og_image":[{"width":1024,"height":721,"url":"https:\/\/www.vtusp.cz\/files\/uploads\/2020\/09\/01-EMC-2.jpg","type":"image\/jpeg"}],"author":"Mark\u00e9ta \u0160imkov\u00e1","twitter_card":"summary_large_image","twitter_misc":{"Written by":"Mark\u00e9ta \u0160imkov\u00e1","Est. reading time":"2 minutes"},"schema":{"@context":"https:\/\/schema.org","@graph":[{"@type":"Article","@id":"https:\/\/www.vtusp.cz\/en\/aktuality\/testy-elektromagneticke-kompatibility-pro-armadu-cr\/#article","isPartOf":{"@id":"https:\/\/www.vtusp.cz\/en\/aktuality\/testy-elektromagneticke-kompatibility-pro-armadu-cr\/"},"author":{"name":"Mark\u00e9ta \u0160imkov\u00e1","@id":"https:\/\/www.vtusp.cz\/en\/#\/schema\/person\/f1e8bab14f234b53970de1bd457f4755"},"headline":"Testy elektromagnetick\u00e9 kompatibility pro Arm\u00e1du \u010cR","datePublished":"2020-09-01T12:42:20+00:00","dateModified":"2020-09-01T12:46:59+00:00","mainEntityOfPage":{"@id":"https:\/\/www.vtusp.cz\/en\/aktuality\/testy-elektromagneticke-kompatibility-pro-armadu-cr\/"},"wordCount":313,"commentCount":0,"image":{"@id":"https:\/\/www.vtusp.cz\/en\/aktuality\/testy-elektromagneticke-kompatibility-pro-armadu-cr\/#primaryimage"},"thumbnailUrl":"https:\/\/www.vtusp.cz\/files\/uploads\/2020\/09\/01-EMC-2.jpg","articleSection":["Aktuality"],"inLanguage":"en-US","potentialAction":[{"@type":"CommentAction","name":"Comment","target":["https:\/\/www.vtusp.cz\/en\/aktuality\/testy-elektromagneticke-kompatibility-pro-armadu-cr\/#respond"]}]},{"@type":"WebPage","@id":"https:\/\/www.vtusp.cz\/en\/aktuality\/testy-elektromagneticke-kompatibility-pro-armadu-cr\/","url":"https:\/\/www.vtusp.cz\/en\/aktuality\/testy-elektromagneticke-kompatibility-pro-armadu-cr\/","name":"Testy elektromagnetick\u00e9 kompatibility pro Arm\u00e1du \u010cR | VT\u00da s.p.","isPartOf":{"@id":"https:\/\/www.vtusp.cz\/en\/#website"},"primaryImageOfPage":{"@id":"https:\/\/www.vtusp.cz\/en\/aktuality\/testy-elektromagneticke-kompatibility-pro-armadu-cr\/#primaryimage"},"image":{"@id":"https:\/\/www.vtusp.cz\/en\/aktuality\/testy-elektromagneticke-kompatibility-pro-armadu-cr\/#primaryimage"},"thumbnailUrl":"https:\/\/www.vtusp.cz\/files\/uploads\/2020\/09\/01-EMC-2.jpg","datePublished":"2020-09-01T12:42:20+00:00","dateModified":"2020-09-01T12:46:59+00:00","author":{"@id":"https:\/\/www.vtusp.cz\/en\/#\/schema\/person\/f1e8bab14f234b53970de1bd457f4755"},"breadcrumb":{"@id":"https:\/\/www.vtusp.cz\/en\/aktuality\/testy-elektromagneticke-kompatibility-pro-armadu-cr\/#breadcrumb"},"inLanguage":"en-US","potentialAction":[{"@type":"ReadAction","target":["https:\/\/www.vtusp.cz\/en\/aktuality\/testy-elektromagneticke-kompatibility-pro-armadu-cr\/"]}]},{"@type":"ImageObject","inLanguage":"en-US","@id":"https:\/\/www.vtusp.cz\/en\/aktuality\/testy-elektromagneticke-kompatibility-pro-armadu-cr\/#primaryimage","url":"https:\/\/www.vtusp.cz\/files\/uploads\/2020\/09\/01-EMC-2.jpg","contentUrl":"https:\/\/www.vtusp.cz\/files\/uploads\/2020\/09\/01-EMC-2.jpg","width":1024,"height":721},{"@type":"BreadcrumbList","@id":"https:\/\/www.vtusp.cz\/en\/aktuality\/testy-elektromagneticke-kompatibility-pro-armadu-cr\/#breadcrumb","itemListElement":[{"@type":"ListItem","position":1,"name":"Home","item":"https:\/\/www.vtusp.cz\/en\/"},{"@type":"ListItem","position":2,"name":"Testy elektromagnetick\u00e9 kompatibility pro Arm\u00e1du \u010cR"}]},{"@type":"WebSite","@id":"https:\/\/www.vtusp.cz\/en\/#website","url":"https:\/\/www.vtusp.cz\/en\/","name":"VT\u00da s.p.","description":"","potentialAction":[{"@type":"SearchAction","target":{"@type":"EntryPoint","urlTemplate":"https:\/\/www.vtusp.cz\/en\/?s={search_term_string}"},"query-input":{"@type":"PropertyValueSpecification","valueRequired":true,"valueName":"search_term_string"}}],"inLanguage":"en-US"},{"@type":"Person","@id":"https:\/\/www.vtusp.cz\/en\/#\/schema\/person\/f1e8bab14f234b53970de1bd457f4755","name":"Mark\u00e9ta \u0160imkov\u00e1","image":{"@type":"ImageObject","inLanguage":"en-US","@id":"https:\/\/secure.gravatar.com\/avatar\/11e6d560fad0d34db4e72d297ae926889fe4d6c23ddb5d1cab66094009979d36?s=96&d=mm&r=g","url":"https:\/\/secure.gravatar.com\/avatar\/11e6d560fad0d34db4e72d297ae926889fe4d6c23ddb5d1cab66094009979d36?s=96&d=mm&r=g","contentUrl":"https:\/\/secure.gravatar.com\/avatar\/11e6d560fad0d34db4e72d297ae926889fe4d6c23ddb5d1cab66094009979d36?s=96&d=mm&r=g","caption":"Mark\u00e9ta \u0160imkov\u00e1"}}]}},"_links":{"self":[{"href":"https:\/\/www.vtusp.cz\/en\/wp-json\/wp\/v2\/posts\/5424","targetHints":{"allow":["GET"]}}],"collection":[{"href":"https:\/\/www.vtusp.cz\/en\/wp-json\/wp\/v2\/posts"}],"about":[{"href":"https:\/\/www.vtusp.cz\/en\/wp-json\/wp\/v2\/types\/post"}],"author":[{"embeddable":true,"href":"https:\/\/www.vtusp.cz\/en\/wp-json\/wp\/v2\/users\/3"}],"replies":[{"embeddable":true,"href":"https:\/\/www.vtusp.cz\/en\/wp-json\/wp\/v2\/comments?post=5424"}],"version-history":[{"count":7,"href":"https:\/\/www.vtusp.cz\/en\/wp-json\/wp\/v2\/posts\/5424\/revisions"}],"predecessor-version":[{"id":5513,"href":"https:\/\/www.vtusp.cz\/en\/wp-json\/wp\/v2\/posts\/5424\/revisions\/5513"}],"wp:featuredmedia":[{"embeddable":true,"href":"https:\/\/www.vtusp.cz\/en\/wp-json\/wp\/v2\/media\/5487"}],"wp:attachment":[{"href":"https:\/\/www.vtusp.cz\/en\/wp-json\/wp\/v2\/media?parent=5424"}],"wp:term":[{"taxonomy":"category","embeddable":true,"href":"https:\/\/www.vtusp.cz\/en\/wp-json\/wp\/v2\/categories?post=5424"}],"curies":[{"name":"wp","href":"https:\/\/api.w.org\/{rel}","templated":true}]}}