{"id":5373,"date":"2020-08-17T13:25:17","date_gmt":"2020-08-17T11:25:17","guid":{"rendered":"https:\/\/www.vtusp.cz\/?p=5373"},"modified":"2020-08-17T13:25:20","modified_gmt":"2020-08-17T11:25:20","slug":"prezentace-brusu-s-novym-kamerovym-systemem","status":"publish","type":"post","link":"https:\/\/www.vtusp.cz\/en\/aktuality\/prezentace-brusu-s-novym-kamerovym-systemem\/","title":{"rendered":"Prezentace \u201ebrusu\u201c s nov\u00fdm kamerov\u00fdm syst\u00e9mem"},"content":{"rendered":"<div class=\"element core-paragraph perex\">\n<p class=\"perex\">Spolupr\u00e1ce Vojensk\u00e9ho technick\u00e9ho \u00fastavu, s. p. a Policie \u010cesk\u00e9 republiky v\u00a0oblasti bezpilotn\u00edch prost\u0159edk\u016f pro z\u00e1chrann\u00e9 a humanit\u00e1rn\u00ed mise m\u00e1 svoje dal\u0161\u00ed pokra\u010dov\u00e1n\u00ed.<\/p>\n<\/div>\n\n<div class=\"element core-paragraph\">\n<p>V&nbsp;pond\u011bl\u00ed 17. srpna provedli odborn\u00edci z&nbsp;\u00faseku speci\u00e1ln\u00edch z\u00e1staveb a bezpilotn\u00edch syst\u00e9m\u016f od\u0161t\u011bpn\u00e9ho z\u00e1vodu VT\u00daLaPVO na leti\u0161ti Kbely praktickou uk\u00e1zku syst\u00e9mu BRUS (bezpilotn\u00ed rotorov\u00fd univerz\u00e1ln\u00ed syst\u00e9m) s&nbsp;osazen\u00fdm sofistikovan\u00fdm kamerov\u00fdm syst\u00e9mem francouzsk\u00e9 firmy pro p\u0159\u00edslu\u0161n\u00edky Leteck\u00e9 slu\u017eby Policie \u010cR.<\/p>\n<\/div>\n\n<div class=\"element core-paragraph\">\n<p>Autor: Pavel Lang&nbsp;&nbsp;&nbsp;<\/p>\n<\/div>\n\n<div class=\"element core-gallery\">\n<figure class=\"wp-block-gallery columns-3 is-cropped wp-block-gallery-1 is-layout-flex wp-block-gallery-is-layout-flex\"><ul class=\"blocks-gallery-grid\"><li class=\"blocks-gallery-item\"><figure><a href=\"https:\/\/www.vtusp.cz\/files\/smush-webp\/2020\/08\/01-Bezpilotn\u00ed-prost\u0159edky-BRUS-z-produkce-VT\u00da-s.-p.-2.jpg.webp\" data-rel=\"lightbox-gallery-XjHhd6H1\" data-rl_title=\"01-Bezpilotn\u00ed-prost\u0159edky-BRUS-z-produkce-VT\u00da-s.-p.-2\" data-rl_caption=\"\" title=\"01-Bezpilotn\u00ed-prost\u0159edky-BRUS-z-produkce-VT\u00da-s.-p.-2\"><img decoding=\"async\" width=\"1024\" height=\"646\" src=\"https:\/\/www.vtusp.cz\/files\/smush-webp\/2020\/08\/01-Bezpilotn\u00ed-prost\u0159edky-BRUS-z-produkce-VT\u00da-s.-p.-2.jpg.webp\" alt=\"\" data-id=\"5381\" data-full-url=\"https:\/\/www.vtusp.cz\/files\/uploads\/2020\/08\/01-Bezpilotn\u00ed-prost\u0159edky-BRUS-z-produkce-VT\u00da-s.-p.-2.jpg\" data-link=\"https:\/\/www.vtusp.cz\/?attachment_id=5381\" class=\"wp-image-5381\" srcset=\"https:\/\/www.vtusp.cz\/files\/smush-webp\/2020\/08\/01-Bezpilotn\u00ed-prost\u0159edky-BRUS-z-produkce-VT\u00da-s.-p.-2.jpg.webp 1024w, https:\/\/www.vtusp.cz\/files\/smush-webp\/2020\/08\/01-Bezpilotn\u00ed-prost\u0159edky-BRUS-z-produkce-VT\u00da-s.-p.-2-900x568.jpg.webp 900w, https:\/\/www.vtusp.cz\/files\/smush-webp\/2020\/08\/01-Bezpilotn\u00ed-prost\u0159edky-BRUS-z-produkce-VT\u00da-s.-p.-2-768x485.jpg.webp 768w\" sizes=\"(max-width: 1024px) 100vw, 1024px\" \/><\/a><figcaption class=\"blocks-gallery-item__caption\">Bezpilotn\u00ed prost\u0159edky BRUS z produkce VT\u00da, s.p.<\/figcaption><\/figure><\/li><li class=\"blocks-gallery-item\"><figure><a href=\"https:\/\/www.vtusp.cz\/files\/smush-webp\/2020\/08\/02-BRUS-v-barv\u00e1ch-Policie-\u010cR-1.jpg.webp\" data-rel=\"lightbox-gallery-XjHhd6H1\" data-rl_title=\"02-BRUS-v-barv\u00e1ch-Policie-\u010cR-1\" data-rl_caption=\"\" title=\"02-BRUS-v-barv\u00e1ch-Policie-\u010cR-1\"><img decoding=\"async\" width=\"1024\" height=\"683\" src=\"https:\/\/www.vtusp.cz\/files\/smush-webp\/2020\/08\/02-BRUS-v-barv\u00e1ch-Policie-\u010cR-1.jpg.webp\" alt=\"\" data-id=\"5383\" data-full-url=\"https:\/\/www.vtusp.cz\/files\/uploads\/2020\/08\/02-BRUS-v-barv\u00e1ch-Policie-\u010cR-1.jpg\" data-link=\"https:\/\/www.vtusp.cz\/?attachment_id=5383\" class=\"wp-image-5383\" srcset=\"https:\/\/www.vtusp.cz\/files\/smush-webp\/2020\/08\/02-BRUS-v-barv\u00e1ch-Policie-\u010cR-1.jpg.webp 1024w, https:\/\/www.vtusp.cz\/files\/smush-webp\/2020\/08\/02-BRUS-v-barv\u00e1ch-Policie-\u010cR-1-900x600.jpg.webp 900w, https:\/\/www.vtusp.cz\/files\/smush-webp\/2020\/08\/02-BRUS-v-barv\u00e1ch-Policie-\u010cR-1-600x400.jpg.webp 600w, https:\/\/www.vtusp.cz\/files\/smush-webp\/2020\/08\/02-BRUS-v-barv\u00e1ch-Policie-\u010cR-1-768x512.jpg.webp 768w, https:\/\/www.vtusp.cz\/files\/smush-webp\/2020\/08\/02-BRUS-v-barv\u00e1ch-Policie-\u010cR-1-300x200.jpg.webp 300w\" sizes=\"(max-width: 1024px) 100vw, 1024px\" \/><\/a><figcaption class=\"blocks-gallery-item__caption\">BRUS v barv\u00e1ch Policie \u010cR<\/figcaption><\/figure><\/li><li class=\"blocks-gallery-item\"><figure><a href=\"https:\/\/www.vtusp.cz\/files\/smush-webp\/2020\/08\/03-Exkluzivn\u00ed-pohled-do-BRUSu-1.jpg.webp\" data-rel=\"lightbox-gallery-XjHhd6H1\" data-rl_title=\"03-Exkluzivn\u00ed-pohled-do-BRUSu-1\" data-rl_caption=\"\" title=\"03-Exkluzivn\u00ed-pohled-do-BRUSu-1\"><img decoding=\"async\" width=\"1024\" height=\"683\" src=\"https:\/\/www.vtusp.cz\/files\/smush-webp\/2020\/08\/03-Exkluzivn\u00ed-pohled-do-BRUSu-1.jpg.webp\" alt=\"\" data-id=\"5385\" data-full-url=\"https:\/\/www.vtusp.cz\/files\/uploads\/2020\/08\/03-Exkluzivn\u00ed-pohled-do-BRUSu-1.jpg\" data-link=\"https:\/\/www.vtusp.cz\/?attachment_id=5385\" class=\"wp-image-5385\" srcset=\"https:\/\/www.vtusp.cz\/files\/smush-webp\/2020\/08\/03-Exkluzivn\u00ed-pohled-do-BRUSu-1.jpg.webp 1024w, https:\/\/www.vtusp.cz\/files\/smush-webp\/2020\/08\/03-Exkluzivn\u00ed-pohled-do-BRUSu-1-900x600.jpg.webp 900w, https:\/\/www.vtusp.cz\/files\/smush-webp\/2020\/08\/03-Exkluzivn\u00ed-pohled-do-BRUSu-1-600x400.jpg.webp 600w, https:\/\/www.vtusp.cz\/files\/smush-webp\/2020\/08\/03-Exkluzivn\u00ed-pohled-do-BRUSu-1-768x512.jpg.webp 768w, https:\/\/www.vtusp.cz\/files\/smush-webp\/2020\/08\/03-Exkluzivn\u00ed-pohled-do-BRUSu-1-300x200.jpg.webp 300w\" sizes=\"(max-width: 1024px) 100vw, 1024px\" \/><\/a><figcaption class=\"blocks-gallery-item__caption\">Exkluzivn\u00ed pohled do BRUSu<\/figcaption><\/figure><\/li><li class=\"blocks-gallery-item\"><figure><a href=\"https:\/\/www.vtusp.cz\/files\/smush-webp\/2020\/08\/04-Statick\u00e1-uk\u00e1zka-BRUSu-s-nov\u00fdm-kamerov\u00fdm-syst\u00e9mem.jpg.webp\" data-rel=\"lightbox-gallery-XjHhd6H1\" data-rl_title=\"04-Statick\u00e1-uk\u00e1zka-BRUSu-s-nov\u00fdm-kamerov\u00fdm-syst\u00e9mem\" data-rl_caption=\"\" title=\"04-Statick\u00e1-uk\u00e1zka-BRUSu-s-nov\u00fdm-kamerov\u00fdm-syst\u00e9mem\"><img decoding=\"async\" width=\"1024\" height=\"683\" src=\"https:\/\/www.vtusp.cz\/files\/smush-webp\/2020\/08\/04-Statick\u00e1-uk\u00e1zka-BRUSu-s-nov\u00fdm-kamerov\u00fdm-syst\u00e9mem.jpg.webp\" alt=\"\" data-id=\"5387\" data-full-url=\"https:\/\/www.vtusp.cz\/files\/uploads\/2020\/08\/04-Statick\u00e1-uk\u00e1zka-BRUSu-s-nov\u00fdm-kamerov\u00fdm-syst\u00e9mem.jpg\" data-link=\"https:\/\/www.vtusp.cz\/?attachment_id=5387\" class=\"wp-image-5387\" srcset=\"https:\/\/www.vtusp.cz\/files\/smush-webp\/2020\/08\/04-Statick\u00e1-uk\u00e1zka-BRUSu-s-nov\u00fdm-kamerov\u00fdm-syst\u00e9mem.jpg.webp 1024w, https:\/\/www.vtusp.cz\/files\/smush-webp\/2020\/08\/04-Statick\u00e1-uk\u00e1zka-BRUSu-s-nov\u00fdm-kamerov\u00fdm-syst\u00e9mem-900x600.jpg.webp 900w, https:\/\/www.vtusp.cz\/files\/smush-webp\/2020\/08\/04-Statick\u00e1-uk\u00e1zka-BRUSu-s-nov\u00fdm-kamerov\u00fdm-syst\u00e9mem-600x400.jpg.webp 600w, https:\/\/www.vtusp.cz\/files\/smush-webp\/2020\/08\/04-Statick\u00e1-uk\u00e1zka-BRUSu-s-nov\u00fdm-kamerov\u00fdm-syst\u00e9mem-768x512.jpg.webp 768w, https:\/\/www.vtusp.cz\/files\/smush-webp\/2020\/08\/04-Statick\u00e1-uk\u00e1zka-BRUSu-s-nov\u00fdm-kamerov\u00fdm-syst\u00e9mem-300x200.jpg.webp 300w\" sizes=\"(max-width: 1024px) 100vw, 1024px\" \/><\/a><figcaption class=\"blocks-gallery-item__caption\">Statick\u00e1 uk\u00e1zka BRUSu s nov\u00fdm kamerov\u00fdm syst\u00e9mem<\/figcaption><\/figure><\/li><li class=\"blocks-gallery-item\"><figure><a href=\"https:\/\/www.vtusp.cz\/files\/smush-webp\/2020\/08\/05-Prezentace-se-z\u00fa\u010dastnil-p\u0159id\u011blenec-obrany-Francie-v-\u010cR-pplk.-D.-Kopeck\u00fd-a-\u0159editel-VT\u00da-s.-p.-J.-Protiva.jpg.webp\" data-rel=\"lightbox-gallery-XjHhd6H1\" data-rl_title=\"05-Prezentace-se-z\u00fa\u010dastnil-p\u0159id\u011blenec-obrany-Francie-v-\u010cR-pplk.-D.-Kopeck\u00fd-a-\u0159editel-VT\u00da-s.-p.-J.-Protiva\" data-rl_caption=\"\" title=\"05-Prezentace-se-z\u00fa\u010dastnil-p\u0159id\u011blenec-obrany-Francie-v-\u010cR-pplk.-D.-Kopeck\u00fd-a-\u0159editel-VT\u00da-s.-p.-J.-Protiva\"><img decoding=\"async\" width=\"1024\" height=\"672\" src=\"https:\/\/www.vtusp.cz\/files\/smush-webp\/2020\/08\/05-Prezentace-se-z\u00fa\u010dastnil-p\u0159id\u011blenec-obrany-Francie-v-\u010cR-pplk.-D.-Kopeck\u00fd-a-\u0159editel-VT\u00da-s.-p.-J.-Protiva.jpg.webp\" alt=\"\" data-id=\"5389\" data-full-url=\"https:\/\/www.vtusp.cz\/files\/uploads\/2020\/08\/05-Prezentace-se-z\u00fa\u010dastnil-p\u0159id\u011blenec-obrany-Francie-v-\u010cR-pplk.-D.-Kopeck\u00fd-a-\u0159editel-VT\u00da-s.-p.-J.-Protiva.jpg\" data-link=\"https:\/\/www.vtusp.cz\/?attachment_id=5389\" class=\"wp-image-5389\" srcset=\"https:\/\/www.vtusp.cz\/files\/smush-webp\/2020\/08\/05-Prezentace-se-z\u00fa\u010dastnil-p\u0159id\u011blenec-obrany-Francie-v-\u010cR-pplk.-D.-Kopeck\u00fd-a-\u0159editel-VT\u00da-s.-p.-J.-Protiva.jpg.webp 1024w, https:\/\/www.vtusp.cz\/files\/smush-webp\/2020\/08\/05-Prezentace-se-z\u00fa\u010dastnil-p\u0159id\u011blenec-obrany-Francie-v-\u010cR-pplk.-D.-Kopeck\u00fd-a-\u0159editel-VT\u00da-s.-p.-J.-Protiva-900x591.jpg.webp 900w, https:\/\/www.vtusp.cz\/files\/smush-webp\/2020\/08\/05-Prezentace-se-z\u00fa\u010dastnil-p\u0159id\u011blenec-obrany-Francie-v-\u010cR-pplk.-D.-Kopeck\u00fd-a-\u0159editel-VT\u00da-s.-p.-J.-Protiva-768x504.jpg.webp 768w\" sizes=\"(max-width: 1024px) 100vw, 1024px\" \/><\/a><figcaption class=\"blocks-gallery-item__caption\">Prezentace se z\u00fa\u010dastnil p\u0159id\u011blenec obrany Francie v \u010cR pplk. D. Kopeck\u00fd a \u0159editel VT\u00da, s.p. J. Protiva<\/figcaption><\/figure><\/li><li class=\"blocks-gallery-item\"><figure><a href=\"https:\/\/www.vtusp.cz\/files\/smush-webp\/2020\/08\/06-Letov\u00e1-uk\u00e1zka.jpg.webp\" data-rel=\"lightbox-gallery-XjHhd6H1\" data-rl_title=\"06-Letov\u00e1-uk\u00e1zka\" data-rl_caption=\"\" title=\"06-Letov\u00e1-uk\u00e1zka\"><img decoding=\"async\" width=\"1024\" height=\"683\" src=\"https:\/\/www.vtusp.cz\/files\/smush-webp\/2020\/08\/06-Letov\u00e1-uk\u00e1zka.jpg.webp\" alt=\"\" data-id=\"5391\" data-full-url=\"https:\/\/www.vtusp.cz\/files\/uploads\/2020\/08\/06-Letov\u00e1-uk\u00e1zka.jpg\" data-link=\"https:\/\/www.vtusp.cz\/?attachment_id=5391\" class=\"wp-image-5391\" srcset=\"https:\/\/www.vtusp.cz\/files\/smush-webp\/2020\/08\/06-Letov\u00e1-uk\u00e1zka.jpg.webp 1024w, https:\/\/www.vtusp.cz\/files\/smush-webp\/2020\/08\/06-Letov\u00e1-uk\u00e1zka-900x600.jpg.webp 900w, https:\/\/www.vtusp.cz\/files\/smush-webp\/2020\/08\/06-Letov\u00e1-uk\u00e1zka-600x400.jpg.webp 600w, https:\/\/www.vtusp.cz\/files\/smush-webp\/2020\/08\/06-Letov\u00e1-uk\u00e1zka-768x512.jpg.webp 768w, https:\/\/www.vtusp.cz\/files\/smush-webp\/2020\/08\/06-Letov\u00e1-uk\u00e1zka-300x200.jpg.webp 300w\" sizes=\"(max-width: 1024px) 100vw, 1024px\" \/><\/a><figcaption class=\"blocks-gallery-item__caption\">Letov\u00e1 uk\u00e1zka<\/figcaption><\/figure><\/li><\/ul><\/figure>\n<\/div>\n\n<div class=\"element core-paragraph\">\n<p><\/p>\n<\/div>","protected":false},"excerpt":{"rendered":"<p>Spolupr\u00e1ce Vojensk\u00e9ho technick\u00e9ho \u00fastavu, s. p. a Policie \u010cesk\u00e9 republiky v\u00a0oblasti bezpilotn\u00edch prost\u0159edk\u016f pro z\u00e1chrann\u00e9 a humanit\u00e1rn\u00ed mise m\u00e1 svoje dal\u0161\u00ed pokra\u010dov\u00e1n\u00ed. V&nbsp;pond\u011bl\u00ed 17. srpna provedli odborn\u00edci z&nbsp;\u00faseku speci\u00e1ln\u00edch z\u00e1staveb&#8230;<\/p>\n","protected":false},"author":3,"featured_media":5381,"comment_status":"open","ping_status":"closed","sticky":false,"template":"","format":"standard","meta":{"_acf_changed":false,"inline_featured_image":false,"footnotes":""},"categories":[1],"class_list":["post-5373","post","type-post","status-publish","format-standard","has-post-thumbnail","hentry","category-aktuality"],"acf":[],"yoast_head":"<!-- This site is optimized with the Yoast SEO plugin v27.5 - https:\/\/yoast.com\/product\/yoast-seo-wordpress\/ -->\n<title>Prezentace \u201ebrusu\u201c s nov\u00fdm kamerov\u00fdm syst\u00e9mem | VT\u00da s.p.<\/title>\n<meta name=\"robots\" content=\"index, follow, max-snippet:-1, max-image-preview:large, max-video-preview:-1\" \/>\n<link rel=\"canonical\" href=\"https:\/\/www.vtusp.cz\/en\/aktuality\/prezentace-brusu-s-novym-kamerovym-systemem\/\" \/>\n<meta property=\"og:locale\" content=\"en_US\" \/>\n<meta property=\"og:type\" content=\"article\" \/>\n<meta property=\"og:title\" content=\"Prezentace \u201ebrusu\u201c s nov\u00fdm kamerov\u00fdm syst\u00e9mem | VT\u00da s.p.\" \/>\n<meta property=\"og:description\" content=\"Spolupr\u00e1ce Vojensk\u00e9ho technick\u00e9ho \u00fastavu, s. p. a Policie \u010cesk\u00e9 republiky v\u00a0oblasti bezpilotn\u00edch prost\u0159edk\u016f pro z\u00e1chrann\u00e9 a humanit\u00e1rn\u00ed mise m\u00e1 svoje dal\u0161\u00ed pokra\u010dov\u00e1n\u00ed. V&nbsp;pond\u011bl\u00ed 17. srpna provedli odborn\u00edci z&nbsp;\u00faseku speci\u00e1ln\u00edch z\u00e1staveb...\" \/>\n<meta property=\"og:url\" content=\"https:\/\/www.vtusp.cz\/en\/aktuality\/prezentace-brusu-s-novym-kamerovym-systemem\/\" \/>\n<meta property=\"og:site_name\" content=\"VT\u00da s.p.\" \/>\n<meta property=\"article:published_time\" content=\"2020-08-17T11:25:17+00:00\" \/>\n<meta property=\"article:modified_time\" content=\"2020-08-17T11:25:20+00:00\" \/>\n<meta property=\"og:image\" content=\"https:\/\/www.vtusp.cz\/files\/uploads\/2020\/08\/01-Bezpilotn\u00ed-prost\u0159edky-BRUS-z-produkce-VT\u00da-s.-p.-2.jpg\" \/>\n\t<meta property=\"og:image:width\" content=\"1024\" \/>\n\t<meta property=\"og:image:height\" content=\"646\" \/>\n\t<meta property=\"og:image:type\" content=\"image\/jpeg\" \/>\n<meta name=\"author\" content=\"Mark\u00e9ta \u0160imkov\u00e1\" \/>\n<meta name=\"twitter:card\" content=\"summary_large_image\" \/>\n<meta name=\"twitter:label1\" content=\"Written by\" \/>\n\t<meta name=\"twitter:data1\" content=\"Mark\u00e9ta \u0160imkov\u00e1\" \/>\n\t<meta name=\"twitter:label2\" content=\"Est. reading time\" \/>\n\t<meta name=\"twitter:data2\" content=\"1 minute\" \/>\n<script type=\"application\/ld+json\" class=\"yoast-schema-graph\">{\"@context\":\"https:\\\/\\\/schema.org\",\"@graph\":[{\"@type\":\"Article\",\"@id\":\"https:\\\/\\\/www.vtusp.cz\\\/en\\\/aktuality\\\/prezentace-brusu-s-novym-kamerovym-systemem\\\/#article\",\"isPartOf\":{\"@id\":\"https:\\\/\\\/www.vtusp.cz\\\/en\\\/aktuality\\\/prezentace-brusu-s-novym-kamerovym-systemem\\\/\"},\"author\":{\"name\":\"Mark\u00e9ta \u0160imkov\u00e1\",\"@id\":\"https:\\\/\\\/www.vtusp.cz\\\/en\\\/#\\\/schema\\\/person\\\/f1e8bab14f234b53970de1bd457f4755\"},\"headline\":\"Prezentace \u201ebrusu\u201c s nov\u00fdm kamerov\u00fdm syst\u00e9mem\",\"datePublished\":\"2020-08-17T11:25:17+00:00\",\"dateModified\":\"2020-08-17T11:25:20+00:00\",\"mainEntityOfPage\":{\"@id\":\"https:\\\/\\\/www.vtusp.cz\\\/en\\\/aktuality\\\/prezentace-brusu-s-novym-kamerovym-systemem\\\/\"},\"wordCount\":168,\"commentCount\":0,\"image\":{\"@id\":\"https:\\\/\\\/www.vtusp.cz\\\/en\\\/aktuality\\\/prezentace-brusu-s-novym-kamerovym-systemem\\\/#primaryimage\"},\"thumbnailUrl\":\"https:\\\/\\\/www.vtusp.cz\\\/files\\\/uploads\\\/2020\\\/08\\\/01-Bezpilotn\u00ed-prost\u0159edky-BRUS-z-produkce-VT\u00da-s.-p.-2.jpg\",\"articleSection\":[\"Aktuality\"],\"inLanguage\":\"en-US\",\"potentialAction\":[{\"@type\":\"CommentAction\",\"name\":\"Comment\",\"target\":[\"https:\\\/\\\/www.vtusp.cz\\\/en\\\/aktuality\\\/prezentace-brusu-s-novym-kamerovym-systemem\\\/#respond\"]}]},{\"@type\":\"WebPage\",\"@id\":\"https:\\\/\\\/www.vtusp.cz\\\/en\\\/aktuality\\\/prezentace-brusu-s-novym-kamerovym-systemem\\\/\",\"url\":\"https:\\\/\\\/www.vtusp.cz\\\/en\\\/aktuality\\\/prezentace-brusu-s-novym-kamerovym-systemem\\\/\",\"name\":\"Prezentace \u201ebrusu\u201c s nov\u00fdm kamerov\u00fdm syst\u00e9mem | VT\u00da s.p.\",\"isPartOf\":{\"@id\":\"https:\\\/\\\/www.vtusp.cz\\\/en\\\/#website\"},\"primaryImageOfPage\":{\"@id\":\"https:\\\/\\\/www.vtusp.cz\\\/en\\\/aktuality\\\/prezentace-brusu-s-novym-kamerovym-systemem\\\/#primaryimage\"},\"image\":{\"@id\":\"https:\\\/\\\/www.vtusp.cz\\\/en\\\/aktuality\\\/prezentace-brusu-s-novym-kamerovym-systemem\\\/#primaryimage\"},\"thumbnailUrl\":\"https:\\\/\\\/www.vtusp.cz\\\/files\\\/uploads\\\/2020\\\/08\\\/01-Bezpilotn\u00ed-prost\u0159edky-BRUS-z-produkce-VT\u00da-s.-p.-2.jpg\",\"datePublished\":\"2020-08-17T11:25:17+00:00\",\"dateModified\":\"2020-08-17T11:25:20+00:00\",\"author\":{\"@id\":\"https:\\\/\\\/www.vtusp.cz\\\/en\\\/#\\\/schema\\\/person\\\/f1e8bab14f234b53970de1bd457f4755\"},\"breadcrumb\":{\"@id\":\"https:\\\/\\\/www.vtusp.cz\\\/en\\\/aktuality\\\/prezentace-brusu-s-novym-kamerovym-systemem\\\/#breadcrumb\"},\"inLanguage\":\"en-US\",\"potentialAction\":[{\"@type\":\"ReadAction\",\"target\":[\"https:\\\/\\\/www.vtusp.cz\\\/en\\\/aktuality\\\/prezentace-brusu-s-novym-kamerovym-systemem\\\/\"]}]},{\"@type\":\"ImageObject\",\"inLanguage\":\"en-US\",\"@id\":\"https:\\\/\\\/www.vtusp.cz\\\/en\\\/aktuality\\\/prezentace-brusu-s-novym-kamerovym-systemem\\\/#primaryimage\",\"url\":\"https:\\\/\\\/www.vtusp.cz\\\/files\\\/uploads\\\/2020\\\/08\\\/01-Bezpilotn\u00ed-prost\u0159edky-BRUS-z-produkce-VT\u00da-s.-p.-2.jpg\",\"contentUrl\":\"https:\\\/\\\/www.vtusp.cz\\\/files\\\/uploads\\\/2020\\\/08\\\/01-Bezpilotn\u00ed-prost\u0159edky-BRUS-z-produkce-VT\u00da-s.-p.-2.jpg\",\"width\":1024,\"height\":646},{\"@type\":\"BreadcrumbList\",\"@id\":\"https:\\\/\\\/www.vtusp.cz\\\/en\\\/aktuality\\\/prezentace-brusu-s-novym-kamerovym-systemem\\\/#breadcrumb\",\"itemListElement\":[{\"@type\":\"ListItem\",\"position\":1,\"name\":\"Home\",\"item\":\"https:\\\/\\\/www.vtusp.cz\\\/en\\\/\"},{\"@type\":\"ListItem\",\"position\":2,\"name\":\"Prezentace \u201ebrusu\u201c s nov\u00fdm kamerov\u00fdm syst\u00e9mem\"}]},{\"@type\":\"WebSite\",\"@id\":\"https:\\\/\\\/www.vtusp.cz\\\/en\\\/#website\",\"url\":\"https:\\\/\\\/www.vtusp.cz\\\/en\\\/\",\"name\":\"VT\u00da s.p.\",\"description\":\"\",\"potentialAction\":[{\"@type\":\"SearchAction\",\"target\":{\"@type\":\"EntryPoint\",\"urlTemplate\":\"https:\\\/\\\/www.vtusp.cz\\\/en\\\/?s={search_term_string}\"},\"query-input\":{\"@type\":\"PropertyValueSpecification\",\"valueRequired\":true,\"valueName\":\"search_term_string\"}}],\"inLanguage\":\"en-US\"},{\"@type\":\"Person\",\"@id\":\"https:\\\/\\\/www.vtusp.cz\\\/en\\\/#\\\/schema\\\/person\\\/f1e8bab14f234b53970de1bd457f4755\",\"name\":\"Mark\u00e9ta \u0160imkov\u00e1\",\"image\":{\"@type\":\"ImageObject\",\"inLanguage\":\"en-US\",\"@id\":\"https:\\\/\\\/secure.gravatar.com\\\/avatar\\\/11e6d560fad0d34db4e72d297ae926889fe4d6c23ddb5d1cab66094009979d36?s=96&d=mm&r=g\",\"url\":\"https:\\\/\\\/secure.gravatar.com\\\/avatar\\\/11e6d560fad0d34db4e72d297ae926889fe4d6c23ddb5d1cab66094009979d36?s=96&d=mm&r=g\",\"contentUrl\":\"https:\\\/\\\/secure.gravatar.com\\\/avatar\\\/11e6d560fad0d34db4e72d297ae926889fe4d6c23ddb5d1cab66094009979d36?s=96&d=mm&r=g\",\"caption\":\"Mark\u00e9ta \u0160imkov\u00e1\"}}]}<\/script>\n<!-- \/ Yoast SEO plugin. -->","yoast_head_json":{"title":"Prezentace \u201ebrusu\u201c s nov\u00fdm kamerov\u00fdm syst\u00e9mem | VT\u00da s.p.","robots":{"index":"index","follow":"follow","max-snippet":"max-snippet:-1","max-image-preview":"max-image-preview:large","max-video-preview":"max-video-preview:-1"},"canonical":"https:\/\/www.vtusp.cz\/en\/aktuality\/prezentace-brusu-s-novym-kamerovym-systemem\/","og_locale":"en_US","og_type":"article","og_title":"Prezentace \u201ebrusu\u201c s nov\u00fdm kamerov\u00fdm syst\u00e9mem | VT\u00da s.p.","og_description":"Spolupr\u00e1ce Vojensk\u00e9ho technick\u00e9ho \u00fastavu, s. p. a Policie \u010cesk\u00e9 republiky v\u00a0oblasti bezpilotn\u00edch prost\u0159edk\u016f pro z\u00e1chrann\u00e9 a humanit\u00e1rn\u00ed mise m\u00e1 svoje dal\u0161\u00ed pokra\u010dov\u00e1n\u00ed. V&nbsp;pond\u011bl\u00ed 17. srpna provedli odborn\u00edci z&nbsp;\u00faseku speci\u00e1ln\u00edch z\u00e1staveb...","og_url":"https:\/\/www.vtusp.cz\/en\/aktuality\/prezentace-brusu-s-novym-kamerovym-systemem\/","og_site_name":"VT\u00da s.p.","article_published_time":"2020-08-17T11:25:17+00:00","article_modified_time":"2020-08-17T11:25:20+00:00","og_image":[{"width":1024,"height":646,"url":"https:\/\/www.vtusp.cz\/files\/uploads\/2020\/08\/01-Bezpilotn\u00ed-prost\u0159edky-BRUS-z-produkce-VT\u00da-s.-p.-2.jpg","type":"image\/jpeg"}],"author":"Mark\u00e9ta \u0160imkov\u00e1","twitter_card":"summary_large_image","twitter_misc":{"Written by":"Mark\u00e9ta \u0160imkov\u00e1","Est. reading time":"1 minute"},"schema":{"@context":"https:\/\/schema.org","@graph":[{"@type":"Article","@id":"https:\/\/www.vtusp.cz\/en\/aktuality\/prezentace-brusu-s-novym-kamerovym-systemem\/#article","isPartOf":{"@id":"https:\/\/www.vtusp.cz\/en\/aktuality\/prezentace-brusu-s-novym-kamerovym-systemem\/"},"author":{"name":"Mark\u00e9ta \u0160imkov\u00e1","@id":"https:\/\/www.vtusp.cz\/en\/#\/schema\/person\/f1e8bab14f234b53970de1bd457f4755"},"headline":"Prezentace \u201ebrusu\u201c s nov\u00fdm kamerov\u00fdm syst\u00e9mem","datePublished":"2020-08-17T11:25:17+00:00","dateModified":"2020-08-17T11:25:20+00:00","mainEntityOfPage":{"@id":"https:\/\/www.vtusp.cz\/en\/aktuality\/prezentace-brusu-s-novym-kamerovym-systemem\/"},"wordCount":168,"commentCount":0,"image":{"@id":"https:\/\/www.vtusp.cz\/en\/aktuality\/prezentace-brusu-s-novym-kamerovym-systemem\/#primaryimage"},"thumbnailUrl":"https:\/\/www.vtusp.cz\/files\/uploads\/2020\/08\/01-Bezpilotn\u00ed-prost\u0159edky-BRUS-z-produkce-VT\u00da-s.-p.-2.jpg","articleSection":["Aktuality"],"inLanguage":"en-US","potentialAction":[{"@type":"CommentAction","name":"Comment","target":["https:\/\/www.vtusp.cz\/en\/aktuality\/prezentace-brusu-s-novym-kamerovym-systemem\/#respond"]}]},{"@type":"WebPage","@id":"https:\/\/www.vtusp.cz\/en\/aktuality\/prezentace-brusu-s-novym-kamerovym-systemem\/","url":"https:\/\/www.vtusp.cz\/en\/aktuality\/prezentace-brusu-s-novym-kamerovym-systemem\/","name":"Prezentace \u201ebrusu\u201c s nov\u00fdm kamerov\u00fdm syst\u00e9mem | VT\u00da s.p.","isPartOf":{"@id":"https:\/\/www.vtusp.cz\/en\/#website"},"primaryImageOfPage":{"@id":"https:\/\/www.vtusp.cz\/en\/aktuality\/prezentace-brusu-s-novym-kamerovym-systemem\/#primaryimage"},"image":{"@id":"https:\/\/www.vtusp.cz\/en\/aktuality\/prezentace-brusu-s-novym-kamerovym-systemem\/#primaryimage"},"thumbnailUrl":"https:\/\/www.vtusp.cz\/files\/uploads\/2020\/08\/01-Bezpilotn\u00ed-prost\u0159edky-BRUS-z-produkce-VT\u00da-s.-p.-2.jpg","datePublished":"2020-08-17T11:25:17+00:00","dateModified":"2020-08-17T11:25:20+00:00","author":{"@id":"https:\/\/www.vtusp.cz\/en\/#\/schema\/person\/f1e8bab14f234b53970de1bd457f4755"},"breadcrumb":{"@id":"https:\/\/www.vtusp.cz\/en\/aktuality\/prezentace-brusu-s-novym-kamerovym-systemem\/#breadcrumb"},"inLanguage":"en-US","potentialAction":[{"@type":"ReadAction","target":["https:\/\/www.vtusp.cz\/en\/aktuality\/prezentace-brusu-s-novym-kamerovym-systemem\/"]}]},{"@type":"ImageObject","inLanguage":"en-US","@id":"https:\/\/www.vtusp.cz\/en\/aktuality\/prezentace-brusu-s-novym-kamerovym-systemem\/#primaryimage","url":"https:\/\/www.vtusp.cz\/files\/uploads\/2020\/08\/01-Bezpilotn\u00ed-prost\u0159edky-BRUS-z-produkce-VT\u00da-s.-p.-2.jpg","contentUrl":"https:\/\/www.vtusp.cz\/files\/uploads\/2020\/08\/01-Bezpilotn\u00ed-prost\u0159edky-BRUS-z-produkce-VT\u00da-s.-p.-2.jpg","width":1024,"height":646},{"@type":"BreadcrumbList","@id":"https:\/\/www.vtusp.cz\/en\/aktuality\/prezentace-brusu-s-novym-kamerovym-systemem\/#breadcrumb","itemListElement":[{"@type":"ListItem","position":1,"name":"Home","item":"https:\/\/www.vtusp.cz\/en\/"},{"@type":"ListItem","position":2,"name":"Prezentace \u201ebrusu\u201c s nov\u00fdm kamerov\u00fdm syst\u00e9mem"}]},{"@type":"WebSite","@id":"https:\/\/www.vtusp.cz\/en\/#website","url":"https:\/\/www.vtusp.cz\/en\/","name":"VT\u00da s.p.","description":"","potentialAction":[{"@type":"SearchAction","target":{"@type":"EntryPoint","urlTemplate":"https:\/\/www.vtusp.cz\/en\/?s={search_term_string}"},"query-input":{"@type":"PropertyValueSpecification","valueRequired":true,"valueName":"search_term_string"}}],"inLanguage":"en-US"},{"@type":"Person","@id":"https:\/\/www.vtusp.cz\/en\/#\/schema\/person\/f1e8bab14f234b53970de1bd457f4755","name":"Mark\u00e9ta \u0160imkov\u00e1","image":{"@type":"ImageObject","inLanguage":"en-US","@id":"https:\/\/secure.gravatar.com\/avatar\/11e6d560fad0d34db4e72d297ae926889fe4d6c23ddb5d1cab66094009979d36?s=96&d=mm&r=g","url":"https:\/\/secure.gravatar.com\/avatar\/11e6d560fad0d34db4e72d297ae926889fe4d6c23ddb5d1cab66094009979d36?s=96&d=mm&r=g","contentUrl":"https:\/\/secure.gravatar.com\/avatar\/11e6d560fad0d34db4e72d297ae926889fe4d6c23ddb5d1cab66094009979d36?s=96&d=mm&r=g","caption":"Mark\u00e9ta \u0160imkov\u00e1"}}]}},"_links":{"self":[{"href":"https:\/\/www.vtusp.cz\/en\/wp-json\/wp\/v2\/posts\/5373","targetHints":{"allow":["GET"]}}],"collection":[{"href":"https:\/\/www.vtusp.cz\/en\/wp-json\/wp\/v2\/posts"}],"about":[{"href":"https:\/\/www.vtusp.cz\/en\/wp-json\/wp\/v2\/types\/post"}],"author":[{"embeddable":true,"href":"https:\/\/www.vtusp.cz\/en\/wp-json\/wp\/v2\/users\/3"}],"replies":[{"embeddable":true,"href":"https:\/\/www.vtusp.cz\/en\/wp-json\/wp\/v2\/comments?post=5373"}],"version-history":[{"count":2,"href":"https:\/\/www.vtusp.cz\/en\/wp-json\/wp\/v2\/posts\/5373\/revisions"}],"predecessor-version":[{"id":5393,"href":"https:\/\/www.vtusp.cz\/en\/wp-json\/wp\/v2\/posts\/5373\/revisions\/5393"}],"wp:featuredmedia":[{"embeddable":true,"href":"https:\/\/www.vtusp.cz\/en\/wp-json\/wp\/v2\/media\/5381"}],"wp:attachment":[{"href":"https:\/\/www.vtusp.cz\/en\/wp-json\/wp\/v2\/media?parent=5373"}],"wp:term":[{"taxonomy":"category","embeddable":true,"href":"https:\/\/www.vtusp.cz\/en\/wp-json\/wp\/v2\/categories?post=5373"}],"curies":[{"name":"wp","href":"https:\/\/api.w.org\/{rel}","templated":true}]}}