{"id":4664,"date":"2020-07-06T19:30:14","date_gmt":"2020-07-06T17:30:14","guid":{"rendered":"https:\/\/www.vtusp.cz\/?p=4664"},"modified":"2020-07-06T19:32:32","modified_gmt":"2020-07-06T17:32:32","slug":"podekovani-vsem-z-prvni-linie","status":"publish","type":"post","link":"https:\/\/www.vtusp.cz\/en\/aktuality\/podekovani-vsem-z-prvni-linie\/","title":{"rendered":"Pod\u011bkov\u00e1n\u00ed v\u0161em z prvn\u00ed linie"},"content":{"rendered":"<div class=\"element core-paragraph\">\n<p>Organiza\u010dn\u00ed v\u00fdbor Dn\u016f lid\u00ed dobr\u00e9 v\u016fle i letos pozval na oslavy st\u00e1tn\u00edho sv\u00e1tku \u010cesk\u00e9 republiky Den slovansk\u00fdch v\u011brozv\u011bst\u016f, kter\u00e9 se konaly na Velehrad\u011b ve dnech 4. a 5. \u010dervence 2020, p\u0159edstavitele Vojensk\u00e9ho technick\u00e9ho \u00fastavu, s. p.<\/p>\n<\/div>\n\n<div class=\"element core-columns\">\n<div class=\"wp-block-columns is-layout-flex wp-container-core-columns-is-layout-9d6595d7 wp-block-columns-is-layout-flex\"><div class=\"element core-column\">\n<div class=\"wp-block-column is-layout-flow wp-block-column-is-layout-flow\"><div class=\"element core-paragraph\">\n<p>Akce s&nbsp;podtitulem \u201ePod\u011bkov\u00e1n\u00ed v\u0161em z&nbsp;prvn\u00ed linie\u201c vzdala hold zdravotn\u00edk\u016fm, hasi\u010d\u016fm, policist\u016fm, voj\u00e1k\u016fm i dobrovoln\u00edk\u016fm, kte\u0159\u00ed pracovali v&nbsp;prvn\u00ed linii v&nbsp;boji s&nbsp;pandemi\u00ed COVID-19. Sou\u010dasn\u011b p\u0159ipomn\u011bla 75. v\u00fdro\u010d\u00ed osvobozen\u00ed na\u0161\u00ed vlasti, nebo\u0165 prvn\u00ed N\u00e1rodn\u00ed d\u011bkovn\u00e1 pou\u0165 po osvobozen\u00ed v&nbsp;roce 1945 se konala pr\u00e1v\u011b na Velehrad\u011b.<\/p>\n<\/div><\/div>\n<\/div>\n\n<div class=\"element core-column\">\n<div class=\"wp-block-column is-layout-flow wp-block-column-is-layout-flow\"><div class=\"element core-image\">\n<figure class=\"wp-block-image size-large\"><img decoding=\"async\" width=\"1024\" height=\"576\" src=\"https:\/\/www.vtusp.cz\/files\/smush-webp\/2020\/07\/03-1.jpg.webp\" alt=\"\" class=\"wp-image-4665\" srcset=\"https:\/\/www.vtusp.cz\/files\/smush-webp\/2020\/07\/03-1.jpg.webp 1024w, https:\/\/www.vtusp.cz\/files\/smush-webp\/2020\/07\/03-1-900x506.jpg.webp 900w, https:\/\/www.vtusp.cz\/files\/smush-webp\/2020\/07\/03-1-768x432.jpg.webp 768w\" sizes=\"(max-width: 1024px) 100vw, 1024px\" \/><\/figure>\n<\/div><\/div>\n<\/div><\/div>\n<\/div>\n\n<div class=\"element core-paragraph\">\n<p>Sobotn\u00edho benefi\u010dn\u00edho koncertu na n\u00e1dvo\u0159\u00ed p\u0159ed Velehradskou bazilikou se za Vojensk\u00fd technick\u00fd \u00fastav z\u00fa\u010dastnil \u0159editel st\u00e1tn\u00edho podniku Ji\u0159\u00ed Protiva. <\/p>\n<\/div>\n\n<div class=\"element core-paragraph\">\n<p>Autor: Pavel Lang<\/p>\n<\/div>\n\n<div class=\"element core-gallery\">\n<figure class=\"wp-block-gallery columns-3 is-cropped wp-block-gallery-1 is-layout-flex wp-block-gallery-is-layout-flex\"><ul class=\"blocks-gallery-grid\"><li class=\"blocks-gallery-item\"><figure><a href=\"https:\/\/www.vtusp.cz\/files\/smush-webp\/2020\/07\/01-1.jpg.webp\" data-rel=\"lightbox-gallery-YXxYkQyk\" data-rl_title=\"01-1\" data-rl_caption=\"\" title=\"01-1\"><img decoding=\"async\" width=\"1024\" height=\"576\" src=\"https:\/\/www.vtusp.cz\/files\/smush-webp\/2020\/07\/01-1.jpg.webp\" alt=\"\" data-id=\"4667\" data-full-url=\"https:\/\/www.vtusp.cz\/files\/uploads\/2020\/07\/01-1.jpg\" data-link=\"https:\/\/www.vtusp.cz\/?attachment_id=4667\" class=\"wp-image-4667\" srcset=\"https:\/\/www.vtusp.cz\/files\/smush-webp\/2020\/07\/01-1.jpg.webp 1024w, https:\/\/www.vtusp.cz\/files\/smush-webp\/2020\/07\/01-1-900x506.jpg.webp 900w, https:\/\/www.vtusp.cz\/files\/smush-webp\/2020\/07\/01-1-768x432.jpg.webp 768w\" sizes=\"(max-width: 1024px) 100vw, 1024px\" \/><\/a><\/figure><\/li><li class=\"blocks-gallery-item\"><figure><a href=\"https:\/\/www.vtusp.cz\/files\/smush-webp\/2020\/07\/02-1.jpg.webp\" data-rel=\"lightbox-gallery-YXxYkQyk\" data-rl_title=\"02-1\" data-rl_caption=\"\" title=\"02-1\"><img decoding=\"async\" width=\"1024\" height=\"576\" src=\"https:\/\/www.vtusp.cz\/files\/smush-webp\/2020\/07\/02-1.jpg.webp\" alt=\"\" data-id=\"4672\" data-full-url=\"https:\/\/www.vtusp.cz\/files\/uploads\/2020\/07\/02-1.jpg\" data-link=\"https:\/\/www.vtusp.cz\/?attachment_id=4672\" class=\"wp-image-4672\" srcset=\"https:\/\/www.vtusp.cz\/files\/smush-webp\/2020\/07\/02-1.jpg.webp 1024w, https:\/\/www.vtusp.cz\/files\/smush-webp\/2020\/07\/02-1-900x506.jpg.webp 900w, https:\/\/www.vtusp.cz\/files\/smush-webp\/2020\/07\/02-1-768x432.jpg.webp 768w\" sizes=\"(max-width: 1024px) 100vw, 1024px\" \/><\/a><\/figure><\/li><li class=\"blocks-gallery-item\"><figure><a href=\"https:\/\/www.vtusp.cz\/files\/smush-webp\/2020\/07\/03-2.jpg.webp\" data-rel=\"lightbox-gallery-YXxYkQyk\" data-rl_title=\"03-2\" data-rl_caption=\"\" title=\"03-2\"><img decoding=\"async\" width=\"1024\" height=\"576\" src=\"https:\/\/www.vtusp.cz\/files\/smush-webp\/2020\/07\/03-2.jpg.webp\" alt=\"\" data-id=\"4674\" data-full-url=\"https:\/\/www.vtusp.cz\/files\/uploads\/2020\/07\/03-2.jpg\" data-link=\"https:\/\/www.vtusp.cz\/?attachment_id=4674\" class=\"wp-image-4674\" srcset=\"https:\/\/www.vtusp.cz\/files\/smush-webp\/2020\/07\/03-2.jpg.webp 1024w, https:\/\/www.vtusp.cz\/files\/smush-webp\/2020\/07\/03-2-900x506.jpg.webp 900w, https:\/\/www.vtusp.cz\/files\/smush-webp\/2020\/07\/03-2-768x432.jpg.webp 768w\" sizes=\"(max-width: 1024px) 100vw, 1024px\" \/><\/a><\/figure><\/li><li class=\"blocks-gallery-item\"><figure><a href=\"https:\/\/www.vtusp.cz\/files\/smush-webp\/2020\/07\/04-1.jpg.webp\" data-rel=\"lightbox-gallery-YXxYkQyk\" data-rl_title=\"Velehrad 2020\" data-rl_caption=\"\" title=\"Velehrad 2020\"><img decoding=\"async\" width=\"1024\" height=\"576\" src=\"https:\/\/www.vtusp.cz\/files\/smush-webp\/2020\/07\/04-1.jpg.webp\" alt=\"\" data-id=\"4676\" data-full-url=\"https:\/\/www.vtusp.cz\/files\/uploads\/2020\/07\/04-1.jpg\" data-link=\"https:\/\/www.vtusp.cz\/?attachment_id=4676\" class=\"wp-image-4676\" srcset=\"https:\/\/www.vtusp.cz\/files\/smush-webp\/2020\/07\/04-1.jpg.webp 1024w, https:\/\/www.vtusp.cz\/files\/smush-webp\/2020\/07\/04-1-900x506.jpg.webp 900w, https:\/\/www.vtusp.cz\/files\/smush-webp\/2020\/07\/04-1-768x432.jpg.webp 768w\" sizes=\"(max-width: 1024px) 100vw, 1024px\" \/><\/a><\/figure><\/li><li class=\"blocks-gallery-item\"><figure><a href=\"https:\/\/www.vtusp.cz\/files\/smush-webp\/2020\/07\/05-1.jpg.webp\" data-rel=\"lightbox-gallery-YXxYkQyk\" data-rl_title=\"05-1\" data-rl_caption=\"????????????\" title=\"05-1\"><img decoding=\"async\" width=\"1024\" height=\"602\" src=\"https:\/\/www.vtusp.cz\/files\/smush-webp\/2020\/07\/05-1.jpg.webp\" alt=\"\" data-id=\"4678\" data-full-url=\"https:\/\/www.vtusp.cz\/files\/uploads\/2020\/07\/05-1.jpg\" data-link=\"https:\/\/www.vtusp.cz\/?attachment_id=4678\" class=\"wp-image-4678\" srcset=\"https:\/\/www.vtusp.cz\/files\/smush-webp\/2020\/07\/05-1.jpg.webp 1024w, https:\/\/www.vtusp.cz\/files\/smush-webp\/2020\/07\/05-1-900x529.jpg.webp 900w, https:\/\/www.vtusp.cz\/files\/smush-webp\/2020\/07\/05-1-768x452.jpg.webp 768w\" sizes=\"(max-width: 1024px) 100vw, 1024px\" \/><\/a><\/figure><\/li><li class=\"blocks-gallery-item\"><figure><a href=\"https:\/\/www.vtusp.cz\/files\/smush-webp\/2020\/07\/06-1.jpg.webp\" data-rel=\"lightbox-gallery-YXxYkQyk\" data-rl_title=\"06-1\" data-rl_caption=\"\" title=\"06-1\"><img decoding=\"async\" width=\"1024\" height=\"576\" src=\"https:\/\/www.vtusp.cz\/files\/smush-webp\/2020\/07\/06-1.jpg.webp\" alt=\"\" data-id=\"4680\" data-full-url=\"https:\/\/www.vtusp.cz\/files\/uploads\/2020\/07\/06-1.jpg\" data-link=\"https:\/\/www.vtusp.cz\/?attachment_id=4680\" class=\"wp-image-4680\" srcset=\"https:\/\/www.vtusp.cz\/files\/smush-webp\/2020\/07\/06-1.jpg.webp 1024w, https:\/\/www.vtusp.cz\/files\/smush-webp\/2020\/07\/06-1-900x506.jpg.webp 900w, https:\/\/www.vtusp.cz\/files\/smush-webp\/2020\/07\/06-1-768x432.jpg.webp 768w\" sizes=\"(max-width: 1024px) 100vw, 1024px\" \/><\/a><\/figure><\/li><\/ul><\/figure>\n<\/div>\n\n<div class=\"element core-paragraph\">\n<p><\/p>\n<\/div>","protected":false},"excerpt":{"rendered":"<p>Organiza\u010dn\u00ed v\u00fdbor Dn\u016f lid\u00ed dobr\u00e9 v\u016fle i letos pozval na oslavy st\u00e1tn\u00edho sv\u00e1tku \u010cesk\u00e9 republiky Den slovansk\u00fdch v\u011brozv\u011bst\u016f, kter\u00e9 se konaly na Velehrad\u011b ve dnech 4. a 5. \u010dervence 2020,&#8230;<\/p>\n","protected":false},"author":3,"featured_media":4676,"comment_status":"open","ping_status":"closed","sticky":false,"template":"","format":"standard","meta":{"_acf_changed":false,"inline_featured_image":false,"footnotes":""},"categories":[1],"class_list":["post-4664","post","type-post","status-publish","format-standard","has-post-thumbnail","hentry","category-aktuality"],"acf":[],"yoast_head":"<!-- This site is optimized with the Yoast SEO plugin v27.5 - https:\/\/yoast.com\/product\/yoast-seo-wordpress\/ -->\n<title>Pod\u011bkov\u00e1n\u00ed v\u0161em z prvn\u00ed linie | VT\u00da s.p.<\/title>\n<meta name=\"robots\" content=\"index, follow, max-snippet:-1, max-image-preview:large, max-video-preview:-1\" \/>\n<link rel=\"canonical\" href=\"https:\/\/www.vtusp.cz\/en\/aktuality\/podekovani-vsem-z-prvni-linie\/\" \/>\n<meta property=\"og:locale\" content=\"en_US\" \/>\n<meta property=\"og:type\" content=\"article\" \/>\n<meta property=\"og:title\" content=\"Pod\u011bkov\u00e1n\u00ed v\u0161em z prvn\u00ed linie | VT\u00da s.p.\" \/>\n<meta property=\"og:description\" content=\"Organiza\u010dn\u00ed v\u00fdbor Dn\u016f lid\u00ed dobr\u00e9 v\u016fle i letos pozval na oslavy st\u00e1tn\u00edho sv\u00e1tku \u010cesk\u00e9 republiky Den slovansk\u00fdch v\u011brozv\u011bst\u016f, kter\u00e9 se konaly na Velehrad\u011b ve dnech 4. a 5. \u010dervence 2020,...\" \/>\n<meta property=\"og:url\" content=\"https:\/\/www.vtusp.cz\/en\/aktuality\/podekovani-vsem-z-prvni-linie\/\" \/>\n<meta property=\"og:site_name\" content=\"VT\u00da s.p.\" \/>\n<meta property=\"article:published_time\" content=\"2020-07-06T17:30:14+00:00\" \/>\n<meta property=\"article:modified_time\" content=\"2020-07-06T17:32:32+00:00\" \/>\n<meta property=\"og:image\" content=\"https:\/\/www.vtusp.cz\/files\/uploads\/2020\/07\/04-1.jpg\" \/>\n\t<meta property=\"og:image:width\" content=\"1024\" \/>\n\t<meta property=\"og:image:height\" content=\"576\" \/>\n\t<meta property=\"og:image:type\" content=\"image\/jpeg\" \/>\n<meta name=\"author\" content=\"Mark\u00e9ta \u0160imkov\u00e1\" \/>\n<meta name=\"twitter:card\" content=\"summary_large_image\" \/>\n<meta name=\"twitter:label1\" content=\"Written by\" \/>\n\t<meta name=\"twitter:data1\" content=\"Mark\u00e9ta \u0160imkov\u00e1\" \/>\n\t<meta name=\"twitter:label2\" content=\"Est. reading time\" \/>\n\t<meta name=\"twitter:data2\" content=\"1 minute\" \/>\n<script type=\"application\/ld+json\" class=\"yoast-schema-graph\">{\"@context\":\"https:\\\/\\\/schema.org\",\"@graph\":[{\"@type\":\"Article\",\"@id\":\"https:\\\/\\\/www.vtusp.cz\\\/en\\\/aktuality\\\/podekovani-vsem-z-prvni-linie\\\/#article\",\"isPartOf\":{\"@id\":\"https:\\\/\\\/www.vtusp.cz\\\/en\\\/aktuality\\\/podekovani-vsem-z-prvni-linie\\\/\"},\"author\":{\"name\":\"Mark\u00e9ta \u0160imkov\u00e1\",\"@id\":\"https:\\\/\\\/www.vtusp.cz\\\/en\\\/#\\\/schema\\\/person\\\/f1e8bab14f234b53970de1bd457f4755\"},\"headline\":\"Pod\u011bkov\u00e1n\u00ed v\u0161em z prvn\u00ed linie\",\"datePublished\":\"2020-07-06T17:30:14+00:00\",\"dateModified\":\"2020-07-06T17:32:32+00:00\",\"mainEntityOfPage\":{\"@id\":\"https:\\\/\\\/www.vtusp.cz\\\/en\\\/aktuality\\\/podekovani-vsem-z-prvni-linie\\\/\"},\"wordCount\":153,\"commentCount\":0,\"image\":{\"@id\":\"https:\\\/\\\/www.vtusp.cz\\\/en\\\/aktuality\\\/podekovani-vsem-z-prvni-linie\\\/#primaryimage\"},\"thumbnailUrl\":\"https:\\\/\\\/www.vtusp.cz\\\/files\\\/uploads\\\/2020\\\/07\\\/04-1.jpg\",\"articleSection\":[\"Aktuality\"],\"inLanguage\":\"en-US\",\"potentialAction\":[{\"@type\":\"CommentAction\",\"name\":\"Comment\",\"target\":[\"https:\\\/\\\/www.vtusp.cz\\\/en\\\/aktuality\\\/podekovani-vsem-z-prvni-linie\\\/#respond\"]}]},{\"@type\":\"WebPage\",\"@id\":\"https:\\\/\\\/www.vtusp.cz\\\/en\\\/aktuality\\\/podekovani-vsem-z-prvni-linie\\\/\",\"url\":\"https:\\\/\\\/www.vtusp.cz\\\/en\\\/aktuality\\\/podekovani-vsem-z-prvni-linie\\\/\",\"name\":\"Pod\u011bkov\u00e1n\u00ed v\u0161em z prvn\u00ed linie | VT\u00da s.p.\",\"isPartOf\":{\"@id\":\"https:\\\/\\\/www.vtusp.cz\\\/en\\\/#website\"},\"primaryImageOfPage\":{\"@id\":\"https:\\\/\\\/www.vtusp.cz\\\/en\\\/aktuality\\\/podekovani-vsem-z-prvni-linie\\\/#primaryimage\"},\"image\":{\"@id\":\"https:\\\/\\\/www.vtusp.cz\\\/en\\\/aktuality\\\/podekovani-vsem-z-prvni-linie\\\/#primaryimage\"},\"thumbnailUrl\":\"https:\\\/\\\/www.vtusp.cz\\\/files\\\/uploads\\\/2020\\\/07\\\/04-1.jpg\",\"datePublished\":\"2020-07-06T17:30:14+00:00\",\"dateModified\":\"2020-07-06T17:32:32+00:00\",\"author\":{\"@id\":\"https:\\\/\\\/www.vtusp.cz\\\/en\\\/#\\\/schema\\\/person\\\/f1e8bab14f234b53970de1bd457f4755\"},\"breadcrumb\":{\"@id\":\"https:\\\/\\\/www.vtusp.cz\\\/en\\\/aktuality\\\/podekovani-vsem-z-prvni-linie\\\/#breadcrumb\"},\"inLanguage\":\"en-US\",\"potentialAction\":[{\"@type\":\"ReadAction\",\"target\":[\"https:\\\/\\\/www.vtusp.cz\\\/en\\\/aktuality\\\/podekovani-vsem-z-prvni-linie\\\/\"]}]},{\"@type\":\"ImageObject\",\"inLanguage\":\"en-US\",\"@id\":\"https:\\\/\\\/www.vtusp.cz\\\/en\\\/aktuality\\\/podekovani-vsem-z-prvni-linie\\\/#primaryimage\",\"url\":\"https:\\\/\\\/www.vtusp.cz\\\/files\\\/uploads\\\/2020\\\/07\\\/04-1.jpg\",\"contentUrl\":\"https:\\\/\\\/www.vtusp.cz\\\/files\\\/uploads\\\/2020\\\/07\\\/04-1.jpg\",\"width\":1024,\"height\":576},{\"@type\":\"BreadcrumbList\",\"@id\":\"https:\\\/\\\/www.vtusp.cz\\\/en\\\/aktuality\\\/podekovani-vsem-z-prvni-linie\\\/#breadcrumb\",\"itemListElement\":[{\"@type\":\"ListItem\",\"position\":1,\"name\":\"Home\",\"item\":\"https:\\\/\\\/www.vtusp.cz\\\/en\\\/\"},{\"@type\":\"ListItem\",\"position\":2,\"name\":\"Pod\u011bkov\u00e1n\u00ed v\u0161em z prvn\u00ed linie\"}]},{\"@type\":\"WebSite\",\"@id\":\"https:\\\/\\\/www.vtusp.cz\\\/en\\\/#website\",\"url\":\"https:\\\/\\\/www.vtusp.cz\\\/en\\\/\",\"name\":\"VT\u00da s.p.\",\"description\":\"\",\"potentialAction\":[{\"@type\":\"SearchAction\",\"target\":{\"@type\":\"EntryPoint\",\"urlTemplate\":\"https:\\\/\\\/www.vtusp.cz\\\/en\\\/?s={search_term_string}\"},\"query-input\":{\"@type\":\"PropertyValueSpecification\",\"valueRequired\":true,\"valueName\":\"search_term_string\"}}],\"inLanguage\":\"en-US\"},{\"@type\":\"Person\",\"@id\":\"https:\\\/\\\/www.vtusp.cz\\\/en\\\/#\\\/schema\\\/person\\\/f1e8bab14f234b53970de1bd457f4755\",\"name\":\"Mark\u00e9ta \u0160imkov\u00e1\",\"image\":{\"@type\":\"ImageObject\",\"inLanguage\":\"en-US\",\"@id\":\"https:\\\/\\\/secure.gravatar.com\\\/avatar\\\/11e6d560fad0d34db4e72d297ae926889fe4d6c23ddb5d1cab66094009979d36?s=96&d=mm&r=g\",\"url\":\"https:\\\/\\\/secure.gravatar.com\\\/avatar\\\/11e6d560fad0d34db4e72d297ae926889fe4d6c23ddb5d1cab66094009979d36?s=96&d=mm&r=g\",\"contentUrl\":\"https:\\\/\\\/secure.gravatar.com\\\/avatar\\\/11e6d560fad0d34db4e72d297ae926889fe4d6c23ddb5d1cab66094009979d36?s=96&d=mm&r=g\",\"caption\":\"Mark\u00e9ta \u0160imkov\u00e1\"}}]}<\/script>\n<!-- \/ Yoast SEO plugin. -->","yoast_head_json":{"title":"Pod\u011bkov\u00e1n\u00ed v\u0161em z prvn\u00ed linie | VT\u00da s.p.","robots":{"index":"index","follow":"follow","max-snippet":"max-snippet:-1","max-image-preview":"max-image-preview:large","max-video-preview":"max-video-preview:-1"},"canonical":"https:\/\/www.vtusp.cz\/en\/aktuality\/podekovani-vsem-z-prvni-linie\/","og_locale":"en_US","og_type":"article","og_title":"Pod\u011bkov\u00e1n\u00ed v\u0161em z prvn\u00ed linie | VT\u00da s.p.","og_description":"Organiza\u010dn\u00ed v\u00fdbor Dn\u016f lid\u00ed dobr\u00e9 v\u016fle i letos pozval na oslavy st\u00e1tn\u00edho sv\u00e1tku \u010cesk\u00e9 republiky Den slovansk\u00fdch v\u011brozv\u011bst\u016f, kter\u00e9 se konaly na Velehrad\u011b ve dnech 4. a 5. \u010dervence 2020,...","og_url":"https:\/\/www.vtusp.cz\/en\/aktuality\/podekovani-vsem-z-prvni-linie\/","og_site_name":"VT\u00da s.p.","article_published_time":"2020-07-06T17:30:14+00:00","article_modified_time":"2020-07-06T17:32:32+00:00","og_image":[{"width":1024,"height":576,"url":"https:\/\/www.vtusp.cz\/files\/uploads\/2020\/07\/04-1.jpg","type":"image\/jpeg"}],"author":"Mark\u00e9ta \u0160imkov\u00e1","twitter_card":"summary_large_image","twitter_misc":{"Written by":"Mark\u00e9ta \u0160imkov\u00e1","Est. reading time":"1 minute"},"schema":{"@context":"https:\/\/schema.org","@graph":[{"@type":"Article","@id":"https:\/\/www.vtusp.cz\/en\/aktuality\/podekovani-vsem-z-prvni-linie\/#article","isPartOf":{"@id":"https:\/\/www.vtusp.cz\/en\/aktuality\/podekovani-vsem-z-prvni-linie\/"},"author":{"name":"Mark\u00e9ta \u0160imkov\u00e1","@id":"https:\/\/www.vtusp.cz\/en\/#\/schema\/person\/f1e8bab14f234b53970de1bd457f4755"},"headline":"Pod\u011bkov\u00e1n\u00ed v\u0161em z prvn\u00ed linie","datePublished":"2020-07-06T17:30:14+00:00","dateModified":"2020-07-06T17:32:32+00:00","mainEntityOfPage":{"@id":"https:\/\/www.vtusp.cz\/en\/aktuality\/podekovani-vsem-z-prvni-linie\/"},"wordCount":153,"commentCount":0,"image":{"@id":"https:\/\/www.vtusp.cz\/en\/aktuality\/podekovani-vsem-z-prvni-linie\/#primaryimage"},"thumbnailUrl":"https:\/\/www.vtusp.cz\/files\/uploads\/2020\/07\/04-1.jpg","articleSection":["Aktuality"],"inLanguage":"en-US","potentialAction":[{"@type":"CommentAction","name":"Comment","target":["https:\/\/www.vtusp.cz\/en\/aktuality\/podekovani-vsem-z-prvni-linie\/#respond"]}]},{"@type":"WebPage","@id":"https:\/\/www.vtusp.cz\/en\/aktuality\/podekovani-vsem-z-prvni-linie\/","url":"https:\/\/www.vtusp.cz\/en\/aktuality\/podekovani-vsem-z-prvni-linie\/","name":"Pod\u011bkov\u00e1n\u00ed v\u0161em z prvn\u00ed linie | VT\u00da s.p.","isPartOf":{"@id":"https:\/\/www.vtusp.cz\/en\/#website"},"primaryImageOfPage":{"@id":"https:\/\/www.vtusp.cz\/en\/aktuality\/podekovani-vsem-z-prvni-linie\/#primaryimage"},"image":{"@id":"https:\/\/www.vtusp.cz\/en\/aktuality\/podekovani-vsem-z-prvni-linie\/#primaryimage"},"thumbnailUrl":"https:\/\/www.vtusp.cz\/files\/uploads\/2020\/07\/04-1.jpg","datePublished":"2020-07-06T17:30:14+00:00","dateModified":"2020-07-06T17:32:32+00:00","author":{"@id":"https:\/\/www.vtusp.cz\/en\/#\/schema\/person\/f1e8bab14f234b53970de1bd457f4755"},"breadcrumb":{"@id":"https:\/\/www.vtusp.cz\/en\/aktuality\/podekovani-vsem-z-prvni-linie\/#breadcrumb"},"inLanguage":"en-US","potentialAction":[{"@type":"ReadAction","target":["https:\/\/www.vtusp.cz\/en\/aktuality\/podekovani-vsem-z-prvni-linie\/"]}]},{"@type":"ImageObject","inLanguage":"en-US","@id":"https:\/\/www.vtusp.cz\/en\/aktuality\/podekovani-vsem-z-prvni-linie\/#primaryimage","url":"https:\/\/www.vtusp.cz\/files\/uploads\/2020\/07\/04-1.jpg","contentUrl":"https:\/\/www.vtusp.cz\/files\/uploads\/2020\/07\/04-1.jpg","width":1024,"height":576},{"@type":"BreadcrumbList","@id":"https:\/\/www.vtusp.cz\/en\/aktuality\/podekovani-vsem-z-prvni-linie\/#breadcrumb","itemListElement":[{"@type":"ListItem","position":1,"name":"Home","item":"https:\/\/www.vtusp.cz\/en\/"},{"@type":"ListItem","position":2,"name":"Pod\u011bkov\u00e1n\u00ed v\u0161em z prvn\u00ed linie"}]},{"@type":"WebSite","@id":"https:\/\/www.vtusp.cz\/en\/#website","url":"https:\/\/www.vtusp.cz\/en\/","name":"VT\u00da s.p.","description":"","potentialAction":[{"@type":"SearchAction","target":{"@type":"EntryPoint","urlTemplate":"https:\/\/www.vtusp.cz\/en\/?s={search_term_string}"},"query-input":{"@type":"PropertyValueSpecification","valueRequired":true,"valueName":"search_term_string"}}],"inLanguage":"en-US"},{"@type":"Person","@id":"https:\/\/www.vtusp.cz\/en\/#\/schema\/person\/f1e8bab14f234b53970de1bd457f4755","name":"Mark\u00e9ta \u0160imkov\u00e1","image":{"@type":"ImageObject","inLanguage":"en-US","@id":"https:\/\/secure.gravatar.com\/avatar\/11e6d560fad0d34db4e72d297ae926889fe4d6c23ddb5d1cab66094009979d36?s=96&d=mm&r=g","url":"https:\/\/secure.gravatar.com\/avatar\/11e6d560fad0d34db4e72d297ae926889fe4d6c23ddb5d1cab66094009979d36?s=96&d=mm&r=g","contentUrl":"https:\/\/secure.gravatar.com\/avatar\/11e6d560fad0d34db4e72d297ae926889fe4d6c23ddb5d1cab66094009979d36?s=96&d=mm&r=g","caption":"Mark\u00e9ta \u0160imkov\u00e1"}}]}},"_links":{"self":[{"href":"https:\/\/www.vtusp.cz\/en\/wp-json\/wp\/v2\/posts\/4664","targetHints":{"allow":["GET"]}}],"collection":[{"href":"https:\/\/www.vtusp.cz\/en\/wp-json\/wp\/v2\/posts"}],"about":[{"href":"https:\/\/www.vtusp.cz\/en\/wp-json\/wp\/v2\/types\/post"}],"author":[{"embeddable":true,"href":"https:\/\/www.vtusp.cz\/en\/wp-json\/wp\/v2\/users\/3"}],"replies":[{"embeddable":true,"href":"https:\/\/www.vtusp.cz\/en\/wp-json\/wp\/v2\/comments?post=4664"}],"version-history":[{"count":8,"href":"https:\/\/www.vtusp.cz\/en\/wp-json\/wp\/v2\/posts\/4664\/revisions"}],"predecessor-version":[{"id":4686,"href":"https:\/\/www.vtusp.cz\/en\/wp-json\/wp\/v2\/posts\/4664\/revisions\/4686"}],"wp:featuredmedia":[{"embeddable":true,"href":"https:\/\/www.vtusp.cz\/en\/wp-json\/wp\/v2\/media\/4676"}],"wp:attachment":[{"href":"https:\/\/www.vtusp.cz\/en\/wp-json\/wp\/v2\/media?parent=4664"}],"wp:term":[{"taxonomy":"category","embeddable":true,"href":"https:\/\/www.vtusp.cz\/en\/wp-json\/wp\/v2\/categories?post=4664"}],"curies":[{"name":"wp","href":"https:\/\/api.w.org\/{rel}","templated":true}]}}