{"id":2417,"date":"2020-06-05T12:39:19","date_gmt":"2020-06-05T10:39:19","guid":{"rendered":"https:\/\/www.vtusp.cz\/?p=2417"},"modified":"2020-06-05T12:39:20","modified_gmt":"2020-06-05T10:39:20","slug":"tri-otazky-pro-reditele-vtu-s-p","status":"publish","type":"post","link":"https:\/\/www.vtusp.cz\/en\/aktuality\/tri-otazky-pro-reditele-vtu-s-p\/","title":{"rendered":"T\u0159i ot\u00e1zky pro \u0159editele VT\u00da, s. p."},"content":{"rendered":"<div class=\"element core-paragraph\">\n<p><strong>Pane \u0159editeli, auditor potvrdil sv\u00fdm v\u00fdrokem kladn\u00fd hospod\u00e1\u0159sk\u00fd v\u00fdsledek Vojensk\u00e9ho technick\u00e9ho \u00fastavu za rok 2019. \u00dasp\u011b\u0161n\u00e9 obdob\u00ed st\u00e1tn\u00edho podniku tedy pokra\u010duje?<\/strong><\/p>\n<\/div>\n\n<div class=\"element core-paragraph\">\n<p>Za posledn\u00edch p\u011bt let pro\u0161el Vojensk\u00fd technick\u00fd \u00fastav obdob\u00edm rozvoje a stabilizace a jeho odborn\u00e9 portfolio se v\u00fdznamn\u011b roz\u0161\u00ed\u0159ilo. Z&nbsp;ekonomick\u00e9ho hlediska byl rok 2019 ji\u017e p\u00e1t\u00fdm v&nbsp;po\u0159ad\u00ed, kdy jsme dos\u00e1hli kladn\u00e9ho hospod\u00e1\u0159sk\u00e9ho v\u00fdsledku. Tato skute\u010dnost n\u00e1m umo\u017e\u0148uje stav\u011bt na&nbsp;pevn\u00fdch ekonomick\u00fdch a person\u00e1ln\u00edch z\u00e1kladech. V&nbsp;lo\u0148sk\u00e9m roce VT\u00da realizoval p\u0159es dv\u011b stovky r\u016fznorod\u00fdch projekt\u016f nap\u0159\u00ed\u010d od\u0161t\u011bpn\u00fdmi z\u00e1vody, a to prim\u00e1rn\u011b ve prosp\u011bch Arm\u00e1dy \u010cesk\u00e9 republiky, ale takt\u00e9\u017e pro dal\u0161\u00ed ozbrojen\u00e9 a bezpe\u010dnostn\u00ed slo\u017eky st\u00e1tu, nevyj\u00edmaje komer\u010dn\u00ed sektor. Rok 2019 nebyl zcela jednoduch\u00fd z&nbsp;pohledu d\u00edl\u010d\u00edch zm\u011bn nastaven\u00e9ho obchodn\u00edho pl\u00e1nu, kdy se n\u011bkter\u00e9 pl\u00e1novan\u00e9 projekty posouvaly v&nbsp;\u010dase a jin\u00e9 zas zcela ru\u0161ily. Tento stav se v\u0161ak poda\u0159ilo v&nbsp;pr\u016fb\u011bhu roku p\u0159ekonat vykryt\u00edm nov\u00fdmi zak\u00e1zkami, a to zejm\u00e9na ve zku\u0161ebnictv\u00ed. V&nbsp;druh\u00e9 polovin\u011b roku se VT\u00da, jako st\u011b\u017eejn\u00ed prvek \u010desk\u00e9ho pr\u016fmyslu pro integra\u010dn\u00ed a implementa\u010dn\u00ed \u010dinnosti, zapojil do hlavn\u00edch vyzbrojovac\u00edch program\u016f Arm\u00e1dy \u010cR, a to do \u0159e\u0161en\u00ed integrace radiolok\u00e1toru MADR z&nbsp;pohledu architektury C2, d\u00e1le zabezpe\u010den\u00ed technick\u00e9 podpory MO \u010cR p\u0159i po\u0159izov\u00e1n\u00ed nov\u00e9ho p\u00e1sov\u00e9ho BVP a \u0159e\u0161en\u00ed integrace nov\u00e9ho vrtuln\u00edku do pozemn\u00edch syst\u00e9m\u016f A\u010cR. &nbsp;<\/p>\n<\/div>\n\n<div class=\"element core-paragraph\">\n<p><strong>Na co jste se zam\u011b\u0159ili ve vnitropodnikov\u00e9 \u010dinnosti?<\/strong><\/p>\n<\/div>\n\n<div class=\"element core-paragraph\">\n<p>Ve VT\u00da pokra\u010doval proces modernizace IT infrastruktury s&nbsp;c\u00edlem optimalizovat intern\u00ed podnikov\u00e9 procesy a zefektivnit mana\u017eersk\u00e9 a projektov\u00e9 \u010dinnosti, resp. reagovat na nov\u00e9 trendy a podnikov\u00e9 pot\u0159eby. Vedle toho jsme rozv\u00edjeli \u010dinnost st\u00e1tn\u00ed autority a podnikov\u00e9ho zku\u0161ebnictv\u00ed, v&nbsp;n\u011bm\u017e jsme \u00fasp\u011b\u0161n\u011b pro\u0161li reakreditac\u00ed, a to v\u010detn\u011b roz\u0161\u00ed\u0159en\u00ed st\u00e1vaj\u00edc\u00edho rozsahu zkou\u0161ek o zkou\u0161ky zcela nov\u00e9. Z\u00e1rove\u0148 prob\u00edhala p\u0159\u00edprava na roz\u0161\u00ed\u0159en\u00ed a modernizaci komunika\u010dn\u00edch prost\u0159edk\u016f VT\u00da, kter\u00e9 se ji\u017e staly v\u00fdznamn\u00fdm zdrojem informac\u00ed pro zam\u011bstnance i ve\u0159ejnost.&nbsp;&nbsp; &nbsp;&nbsp;<\/p>\n<\/div>\n\n<div class=\"element core-paragraph\">\n<p><strong>Kl\u00ed\u010dov\u00e9 jsou lidsk\u00e9 zdroje. Jak je na tom v\u00a0t\u00e9to oblasti VT\u00da?<\/strong><\/p>\n<\/div>\n\n<div class=\"element core-paragraph\">\n<p>Z\u00e1kladem pro fungov\u00e1n\u00ed VT\u00da jsou bezesporu zam\u011bstnanci, jejich\u017e z\u00e1sluhou se n\u00e1m da\u0159ilo a da\u0159\u00ed realizovat jedine\u010dn\u00e9 a st\u00e1le n\u00e1ro\u010dn\u011bj\u0161\u00ed projekty. Jejich po\u010det za posledn\u00ed roky st\u00e1le roste, a to ve vazb\u011b na n\u00e1r\u016fst projekt\u016f a odbornou pot\u0159ebu k&nbsp;jejich \u0159e\u0161en\u00ed. Veden\u00ed podniku z\u00e1rove\u0148 rozv\u00edj\u00ed person\u00e1ln\u00ed a mzdovou politiku, kdy st\u00e1le prohlubujeme spolupr\u00e1ci s&nbsp;technick\u00fdmi univerzitami, vyu\u017e\u00edv\u00e1me nejr\u016fzn\u011bj\u0161\u00ed cesty k&nbsp;n\u00e1boru nov\u00fdch zam\u011bstnanc\u016f a vedle toho doch\u00e1z\u00ed k&nbsp;postupn\u00e9mu navy\u0161ov\u00e1n\u00ed mzdov\u00e9 z\u00e1kladny v\u010detn\u011b m\u011bs\u00ed\u010dn\u00edch pr\u00e9mi\u00ed.<\/p>\n<\/div>\n\n<div class=\"element core-paragraph\">\n<p>Autor: Pavel Lang<\/p>\n<\/div>","protected":false},"excerpt":{"rendered":"<p>Pane \u0159editeli, auditor potvrdil sv\u00fdm v\u00fdrokem kladn\u00fd hospod\u00e1\u0159sk\u00fd v\u00fdsledek Vojensk\u00e9ho technick\u00e9ho \u00fastavu za rok 2019. \u00dasp\u011b\u0161n\u00e9 obdob\u00ed st\u00e1tn\u00edho podniku tedy pokra\u010duje? Za posledn\u00edch p\u011bt let pro\u0161el Vojensk\u00fd technick\u00fd \u00fastav obdob\u00edm&#8230;<\/p>\n","protected":false},"author":1,"featured_media":2418,"comment_status":"open","ping_status":"closed","sticky":false,"template":"","format":"standard","meta":{"_acf_changed":false,"inline_featured_image":false,"footnotes":""},"categories":[1],"class_list":["post-2417","post","type-post","status-publish","format-standard","has-post-thumbnail","hentry","category-aktuality"],"acf":[],"yoast_head":"<!-- This site is optimized with the Yoast SEO plugin v27.5 - https:\/\/yoast.com\/product\/yoast-seo-wordpress\/ -->\n<title>T\u0159i ot\u00e1zky pro \u0159editele VT\u00da, s. p. | VT\u00da s.p.<\/title>\n<meta name=\"robots\" content=\"index, follow, max-snippet:-1, max-image-preview:large, max-video-preview:-1\" \/>\n<link rel=\"canonical\" href=\"https:\/\/www.vtusp.cz\/en\/aktuality\/tri-otazky-pro-reditele-vtu-s-p\/\" \/>\n<meta property=\"og:locale\" content=\"en_US\" \/>\n<meta property=\"og:type\" content=\"article\" \/>\n<meta property=\"og:title\" content=\"T\u0159i ot\u00e1zky pro \u0159editele VT\u00da, s. p. | VT\u00da s.p.\" \/>\n<meta property=\"og:description\" content=\"Pane \u0159editeli, auditor potvrdil sv\u00fdm v\u00fdrokem kladn\u00fd hospod\u00e1\u0159sk\u00fd v\u00fdsledek Vojensk\u00e9ho technick\u00e9ho \u00fastavu za rok 2019. \u00dasp\u011b\u0161n\u00e9 obdob\u00ed st\u00e1tn\u00edho podniku tedy pokra\u010duje? Za posledn\u00edch p\u011bt let pro\u0161el Vojensk\u00fd technick\u00fd \u00fastav obdob\u00edm...\" \/>\n<meta property=\"og:url\" content=\"https:\/\/www.vtusp.cz\/en\/aktuality\/tri-otazky-pro-reditele-vtu-s-p\/\" \/>\n<meta property=\"og:site_name\" content=\"VT\u00da s.p.\" \/>\n<meta property=\"article:published_time\" content=\"2020-06-05T10:39:19+00:00\" \/>\n<meta property=\"article:modified_time\" content=\"2020-06-05T10:39:20+00:00\" \/>\n<meta property=\"og:image\" content=\"https:\/\/www.vtusp.cz\/files\/uploads\/2020\/06\/\u0158editel-VT\u00da-s.p.-Ji\u0159\u00ed-Protiva.jpg\" \/>\n\t<meta property=\"og:image:width\" content=\"1024\" \/>\n\t<meta property=\"og:image:height\" content=\"682\" \/>\n\t<meta property=\"og:image:type\" content=\"image\/jpeg\" \/>\n<meta name=\"author\" content=\"Jakub Machala\" \/>\n<meta name=\"twitter:card\" content=\"summary_large_image\" \/>\n<meta name=\"twitter:label1\" content=\"Written by\" \/>\n\t<meta name=\"twitter:data1\" content=\"Jakub Machala\" \/>\n\t<meta name=\"twitter:label2\" content=\"Est. reading time\" \/>\n\t<meta name=\"twitter:data2\" content=\"3 minutes\" \/>\n<script type=\"application\/ld+json\" class=\"yoast-schema-graph\">{\"@context\":\"https:\\\/\\\/schema.org\",\"@graph\":[{\"@type\":\"Article\",\"@id\":\"https:\\\/\\\/www.vtusp.cz\\\/en\\\/aktuality\\\/tri-otazky-pro-reditele-vtu-s-p\\\/#article\",\"isPartOf\":{\"@id\":\"https:\\\/\\\/www.vtusp.cz\\\/en\\\/aktuality\\\/tri-otazky-pro-reditele-vtu-s-p\\\/\"},\"author\":{\"name\":\"Jakub Machala\",\"@id\":\"https:\\\/\\\/www.vtusp.cz\\\/en\\\/#\\\/schema\\\/person\\\/1ffad1637ba9d662a128049ecd84d95d\"},\"headline\":\"T\u0159i ot\u00e1zky pro \u0159editele VT\u00da, s. p.\",\"datePublished\":\"2020-06-05T10:39:19+00:00\",\"dateModified\":\"2020-06-05T10:39:20+00:00\",\"mainEntityOfPage\":{\"@id\":\"https:\\\/\\\/www.vtusp.cz\\\/en\\\/aktuality\\\/tri-otazky-pro-reditele-vtu-s-p\\\/\"},\"wordCount\":560,\"commentCount\":0,\"image\":{\"@id\":\"https:\\\/\\\/www.vtusp.cz\\\/en\\\/aktuality\\\/tri-otazky-pro-reditele-vtu-s-p\\\/#primaryimage\"},\"thumbnailUrl\":\"https:\\\/\\\/www.vtusp.cz\\\/files\\\/uploads\\\/2020\\\/06\\\/\u0158editel-VT\u00da-s.p.-Ji\u0159\u00ed-Protiva.jpg\",\"articleSection\":[\"Aktuality\"],\"inLanguage\":\"en-US\",\"potentialAction\":[{\"@type\":\"CommentAction\",\"name\":\"Comment\",\"target\":[\"https:\\\/\\\/www.vtusp.cz\\\/en\\\/aktuality\\\/tri-otazky-pro-reditele-vtu-s-p\\\/#respond\"]}]},{\"@type\":\"WebPage\",\"@id\":\"https:\\\/\\\/www.vtusp.cz\\\/en\\\/aktuality\\\/tri-otazky-pro-reditele-vtu-s-p\\\/\",\"url\":\"https:\\\/\\\/www.vtusp.cz\\\/en\\\/aktuality\\\/tri-otazky-pro-reditele-vtu-s-p\\\/\",\"name\":\"T\u0159i ot\u00e1zky pro \u0159editele VT\u00da, s. p. | VT\u00da s.p.\",\"isPartOf\":{\"@id\":\"https:\\\/\\\/www.vtusp.cz\\\/en\\\/#website\"},\"primaryImageOfPage\":{\"@id\":\"https:\\\/\\\/www.vtusp.cz\\\/en\\\/aktuality\\\/tri-otazky-pro-reditele-vtu-s-p\\\/#primaryimage\"},\"image\":{\"@id\":\"https:\\\/\\\/www.vtusp.cz\\\/en\\\/aktuality\\\/tri-otazky-pro-reditele-vtu-s-p\\\/#primaryimage\"},\"thumbnailUrl\":\"https:\\\/\\\/www.vtusp.cz\\\/files\\\/uploads\\\/2020\\\/06\\\/\u0158editel-VT\u00da-s.p.-Ji\u0159\u00ed-Protiva.jpg\",\"datePublished\":\"2020-06-05T10:39:19+00:00\",\"dateModified\":\"2020-06-05T10:39:20+00:00\",\"author\":{\"@id\":\"https:\\\/\\\/www.vtusp.cz\\\/en\\\/#\\\/schema\\\/person\\\/1ffad1637ba9d662a128049ecd84d95d\"},\"breadcrumb\":{\"@id\":\"https:\\\/\\\/www.vtusp.cz\\\/en\\\/aktuality\\\/tri-otazky-pro-reditele-vtu-s-p\\\/#breadcrumb\"},\"inLanguage\":\"en-US\",\"potentialAction\":[{\"@type\":\"ReadAction\",\"target\":[\"https:\\\/\\\/www.vtusp.cz\\\/en\\\/aktuality\\\/tri-otazky-pro-reditele-vtu-s-p\\\/\"]}]},{\"@type\":\"ImageObject\",\"inLanguage\":\"en-US\",\"@id\":\"https:\\\/\\\/www.vtusp.cz\\\/en\\\/aktuality\\\/tri-otazky-pro-reditele-vtu-s-p\\\/#primaryimage\",\"url\":\"https:\\\/\\\/www.vtusp.cz\\\/files\\\/uploads\\\/2020\\\/06\\\/\u0158editel-VT\u00da-s.p.-Ji\u0159\u00ed-Protiva.jpg\",\"contentUrl\":\"https:\\\/\\\/www.vtusp.cz\\\/files\\\/uploads\\\/2020\\\/06\\\/\u0158editel-VT\u00da-s.p.-Ji\u0159\u00ed-Protiva.jpg\",\"width\":1024,\"height\":682},{\"@type\":\"BreadcrumbList\",\"@id\":\"https:\\\/\\\/www.vtusp.cz\\\/en\\\/aktuality\\\/tri-otazky-pro-reditele-vtu-s-p\\\/#breadcrumb\",\"itemListElement\":[{\"@type\":\"ListItem\",\"position\":1,\"name\":\"Home\",\"item\":\"https:\\\/\\\/www.vtusp.cz\\\/en\\\/\"},{\"@type\":\"ListItem\",\"position\":2,\"name\":\"T\u0159i ot\u00e1zky pro \u0159editele VT\u00da, s. p.\"}]},{\"@type\":\"WebSite\",\"@id\":\"https:\\\/\\\/www.vtusp.cz\\\/en\\\/#website\",\"url\":\"https:\\\/\\\/www.vtusp.cz\\\/en\\\/\",\"name\":\"VT\u00da s.p.\",\"description\":\"\",\"potentialAction\":[{\"@type\":\"SearchAction\",\"target\":{\"@type\":\"EntryPoint\",\"urlTemplate\":\"https:\\\/\\\/www.vtusp.cz\\\/en\\\/?s={search_term_string}\"},\"query-input\":{\"@type\":\"PropertyValueSpecification\",\"valueRequired\":true,\"valueName\":\"search_term_string\"}}],\"inLanguage\":\"en-US\"},{\"@type\":\"Person\",\"@id\":\"https:\\\/\\\/www.vtusp.cz\\\/en\\\/#\\\/schema\\\/person\\\/1ffad1637ba9d662a128049ecd84d95d\",\"name\":\"Jakub Machala\",\"image\":{\"@type\":\"ImageObject\",\"inLanguage\":\"en-US\",\"@id\":\"https:\\\/\\\/secure.gravatar.com\\\/avatar\\\/88e7cb03fce3c4ba056b6a5e90d43b02a5ada33ac7b70e338c2c537f7b1ae106?s=96&d=mm&r=g\",\"url\":\"https:\\\/\\\/secure.gravatar.com\\\/avatar\\\/88e7cb03fce3c4ba056b6a5e90d43b02a5ada33ac7b70e338c2c537f7b1ae106?s=96&d=mm&r=g\",\"contentUrl\":\"https:\\\/\\\/secure.gravatar.com\\\/avatar\\\/88e7cb03fce3c4ba056b6a5e90d43b02a5ada33ac7b70e338c2c537f7b1ae106?s=96&d=mm&r=g\",\"caption\":\"Jakub Machala\"}}]}<\/script>\n<!-- \/ Yoast SEO plugin. -->","yoast_head_json":{"title":"T\u0159i ot\u00e1zky pro \u0159editele VT\u00da, s. p. | VT\u00da s.p.","robots":{"index":"index","follow":"follow","max-snippet":"max-snippet:-1","max-image-preview":"max-image-preview:large","max-video-preview":"max-video-preview:-1"},"canonical":"https:\/\/www.vtusp.cz\/en\/aktuality\/tri-otazky-pro-reditele-vtu-s-p\/","og_locale":"en_US","og_type":"article","og_title":"T\u0159i ot\u00e1zky pro \u0159editele VT\u00da, s. p. | VT\u00da s.p.","og_description":"Pane \u0159editeli, auditor potvrdil sv\u00fdm v\u00fdrokem kladn\u00fd hospod\u00e1\u0159sk\u00fd v\u00fdsledek Vojensk\u00e9ho technick\u00e9ho \u00fastavu za rok 2019. \u00dasp\u011b\u0161n\u00e9 obdob\u00ed st\u00e1tn\u00edho podniku tedy pokra\u010duje? Za posledn\u00edch p\u011bt let pro\u0161el Vojensk\u00fd technick\u00fd \u00fastav obdob\u00edm...","og_url":"https:\/\/www.vtusp.cz\/en\/aktuality\/tri-otazky-pro-reditele-vtu-s-p\/","og_site_name":"VT\u00da s.p.","article_published_time":"2020-06-05T10:39:19+00:00","article_modified_time":"2020-06-05T10:39:20+00:00","og_image":[{"width":1024,"height":682,"url":"https:\/\/www.vtusp.cz\/files\/uploads\/2020\/06\/\u0158editel-VT\u00da-s.p.-Ji\u0159\u00ed-Protiva.jpg","type":"image\/jpeg"}],"author":"Jakub Machala","twitter_card":"summary_large_image","twitter_misc":{"Written by":"Jakub Machala","Est. reading time":"3 minutes"},"schema":{"@context":"https:\/\/schema.org","@graph":[{"@type":"Article","@id":"https:\/\/www.vtusp.cz\/en\/aktuality\/tri-otazky-pro-reditele-vtu-s-p\/#article","isPartOf":{"@id":"https:\/\/www.vtusp.cz\/en\/aktuality\/tri-otazky-pro-reditele-vtu-s-p\/"},"author":{"name":"Jakub Machala","@id":"https:\/\/www.vtusp.cz\/en\/#\/schema\/person\/1ffad1637ba9d662a128049ecd84d95d"},"headline":"T\u0159i ot\u00e1zky pro \u0159editele VT\u00da, s. p.","datePublished":"2020-06-05T10:39:19+00:00","dateModified":"2020-06-05T10:39:20+00:00","mainEntityOfPage":{"@id":"https:\/\/www.vtusp.cz\/en\/aktuality\/tri-otazky-pro-reditele-vtu-s-p\/"},"wordCount":560,"commentCount":0,"image":{"@id":"https:\/\/www.vtusp.cz\/en\/aktuality\/tri-otazky-pro-reditele-vtu-s-p\/#primaryimage"},"thumbnailUrl":"https:\/\/www.vtusp.cz\/files\/uploads\/2020\/06\/\u0158editel-VT\u00da-s.p.-Ji\u0159\u00ed-Protiva.jpg","articleSection":["Aktuality"],"inLanguage":"en-US","potentialAction":[{"@type":"CommentAction","name":"Comment","target":["https:\/\/www.vtusp.cz\/en\/aktuality\/tri-otazky-pro-reditele-vtu-s-p\/#respond"]}]},{"@type":"WebPage","@id":"https:\/\/www.vtusp.cz\/en\/aktuality\/tri-otazky-pro-reditele-vtu-s-p\/","url":"https:\/\/www.vtusp.cz\/en\/aktuality\/tri-otazky-pro-reditele-vtu-s-p\/","name":"T\u0159i ot\u00e1zky pro \u0159editele VT\u00da, s. p. | VT\u00da s.p.","isPartOf":{"@id":"https:\/\/www.vtusp.cz\/en\/#website"},"primaryImageOfPage":{"@id":"https:\/\/www.vtusp.cz\/en\/aktuality\/tri-otazky-pro-reditele-vtu-s-p\/#primaryimage"},"image":{"@id":"https:\/\/www.vtusp.cz\/en\/aktuality\/tri-otazky-pro-reditele-vtu-s-p\/#primaryimage"},"thumbnailUrl":"https:\/\/www.vtusp.cz\/files\/uploads\/2020\/06\/\u0158editel-VT\u00da-s.p.-Ji\u0159\u00ed-Protiva.jpg","datePublished":"2020-06-05T10:39:19+00:00","dateModified":"2020-06-05T10:39:20+00:00","author":{"@id":"https:\/\/www.vtusp.cz\/en\/#\/schema\/person\/1ffad1637ba9d662a128049ecd84d95d"},"breadcrumb":{"@id":"https:\/\/www.vtusp.cz\/en\/aktuality\/tri-otazky-pro-reditele-vtu-s-p\/#breadcrumb"},"inLanguage":"en-US","potentialAction":[{"@type":"ReadAction","target":["https:\/\/www.vtusp.cz\/en\/aktuality\/tri-otazky-pro-reditele-vtu-s-p\/"]}]},{"@type":"ImageObject","inLanguage":"en-US","@id":"https:\/\/www.vtusp.cz\/en\/aktuality\/tri-otazky-pro-reditele-vtu-s-p\/#primaryimage","url":"https:\/\/www.vtusp.cz\/files\/uploads\/2020\/06\/\u0158editel-VT\u00da-s.p.-Ji\u0159\u00ed-Protiva.jpg","contentUrl":"https:\/\/www.vtusp.cz\/files\/uploads\/2020\/06\/\u0158editel-VT\u00da-s.p.-Ji\u0159\u00ed-Protiva.jpg","width":1024,"height":682},{"@type":"BreadcrumbList","@id":"https:\/\/www.vtusp.cz\/en\/aktuality\/tri-otazky-pro-reditele-vtu-s-p\/#breadcrumb","itemListElement":[{"@type":"ListItem","position":1,"name":"Home","item":"https:\/\/www.vtusp.cz\/en\/"},{"@type":"ListItem","position":2,"name":"T\u0159i ot\u00e1zky pro \u0159editele VT\u00da, s. p."}]},{"@type":"WebSite","@id":"https:\/\/www.vtusp.cz\/en\/#website","url":"https:\/\/www.vtusp.cz\/en\/","name":"VT\u00da s.p.","description":"","potentialAction":[{"@type":"SearchAction","target":{"@type":"EntryPoint","urlTemplate":"https:\/\/www.vtusp.cz\/en\/?s={search_term_string}"},"query-input":{"@type":"PropertyValueSpecification","valueRequired":true,"valueName":"search_term_string"}}],"inLanguage":"en-US"},{"@type":"Person","@id":"https:\/\/www.vtusp.cz\/en\/#\/schema\/person\/1ffad1637ba9d662a128049ecd84d95d","name":"Jakub Machala","image":{"@type":"ImageObject","inLanguage":"en-US","@id":"https:\/\/secure.gravatar.com\/avatar\/88e7cb03fce3c4ba056b6a5e90d43b02a5ada33ac7b70e338c2c537f7b1ae106?s=96&d=mm&r=g","url":"https:\/\/secure.gravatar.com\/avatar\/88e7cb03fce3c4ba056b6a5e90d43b02a5ada33ac7b70e338c2c537f7b1ae106?s=96&d=mm&r=g","contentUrl":"https:\/\/secure.gravatar.com\/avatar\/88e7cb03fce3c4ba056b6a5e90d43b02a5ada33ac7b70e338c2c537f7b1ae106?s=96&d=mm&r=g","caption":"Jakub Machala"}}]}},"_links":{"self":[{"href":"https:\/\/www.vtusp.cz\/en\/wp-json\/wp\/v2\/posts\/2417","targetHints":{"allow":["GET"]}}],"collection":[{"href":"https:\/\/www.vtusp.cz\/en\/wp-json\/wp\/v2\/posts"}],"about":[{"href":"https:\/\/www.vtusp.cz\/en\/wp-json\/wp\/v2\/types\/post"}],"author":[{"embeddable":true,"href":"https:\/\/www.vtusp.cz\/en\/wp-json\/wp\/v2\/users\/1"}],"replies":[{"embeddable":true,"href":"https:\/\/www.vtusp.cz\/en\/wp-json\/wp\/v2\/comments?post=2417"}],"version-history":[{"count":1,"href":"https:\/\/www.vtusp.cz\/en\/wp-json\/wp\/v2\/posts\/2417\/revisions"}],"predecessor-version":[{"id":2420,"href":"https:\/\/www.vtusp.cz\/en\/wp-json\/wp\/v2\/posts\/2417\/revisions\/2420"}],"wp:featuredmedia":[{"embeddable":true,"href":"https:\/\/www.vtusp.cz\/en\/wp-json\/wp\/v2\/media\/2418"}],"wp:attachment":[{"href":"https:\/\/www.vtusp.cz\/en\/wp-json\/wp\/v2\/media?parent=2417"}],"wp:term":[{"taxonomy":"category","embeddable":true,"href":"https:\/\/www.vtusp.cz\/en\/wp-json\/wp\/v2\/categories?post=2417"}],"curies":[{"name":"wp","href":"https:\/\/api.w.org\/{rel}","templated":true}]}}