{"id":2004,"date":"2020-01-17T11:44:00","date_gmt":"2020-01-17T10:44:00","guid":{"rendered":"https:\/\/www.vtusp.cz\/?p=2004"},"modified":"2020-05-28T11:44:17","modified_gmt":"2020-05-28T09:44:17","slug":"prezentace-stezejnich-projektu-vtu","status":"publish","type":"post","link":"https:\/\/www.vtusp.cz\/en\/aktuality\/prezentace-stezejnich-projektu-vtu\/","title":{"rendered":"Prezentace st\u011b\u017eejn\u00edch projekt\u016f VT\u00da"},"content":{"rendered":"<div class=\"element core-paragraph\">\n<p>Vojensk\u00fd technick\u00fd \u00fastav, s. p. realizoval v&nbsp;pr\u016fb\u011bhu lo\u0148sk\u00e9ho roku u sv\u00fdch od\u0161t\u011bpn\u00fdch z\u00e1vod\u016f (VT\u00daLaPVO, VT\u00daPV, VT\u00daVM) \u0159adu ojedin\u011bl\u00fdch projekt\u016f. N\u011bkter\u00e9 z&nbsp;nich v\u00e1m bl\u00ed\u017ee p\u0159edstav\u00edme. N\u00ed\u017ee uveden\u00e9 jsou z&nbsp;odborn\u00e9ho portfolia Vojensk\u00fd technick\u00fd \u00fastav v\u00fdzbroje a munice Slavi\u010d\u00edn.<\/p>\n<\/div>\n\n<div class=\"element core-paragraph\">\n<p>Projekt \u201eUGV-Pz\u201c zahrnuje experiment\u00e1ln\u00ed v\u00fdvoj, praktick\u00e9 ov\u011b\u0159en\u00ed a zaveden\u00ed do v\u00fdzbroje Arm\u00e1dy \u010cR modul\u00e1rn\u00edho bezos\u00e1dkov\u00e9ho pozemn\u00edho pr\u016fzkumn\u00e9ho syst\u00e9mu (UGV-Pz), v\u010detn\u011b provozn\u00ed a pr\u016fvodn\u00ed dokumentace, kter\u00fd bude spl\u0148ovat zadan\u00e9 takticko-technick\u00e9 po\u017eadavky.<\/p>\n<\/div>\n\n<div class=\"element core-paragraph\">\n<p>V\u00fdvoj a v\u00fdroba munice r\u00e1\u017ee 60 mm je ji\u017e dlouhodobou odbornou \u010dinnosti slavi\u010d\u00ednsk\u00e9ho VT\u00daVM. V\u00fdvoj 60 mm minov\u00fdch n\u00e1boj\u016f \u00fazce souvis\u00ed s&nbsp;v\u00fdvojem a v\u00fdrobou 60 mm minomet\u016f ANTOS a ANTOS-LR, vyvinut\u00fdch tak\u00e9 v o. z. VTV\u00daM. Dod\u00e1vky minomet\u016f do Arm\u00e1dy \u010cR (cca 20 ks), ale tak\u00e9 dod\u00e1vky pro polskou arm\u00e1du (cca 100 ks) a ozbrojen\u00e9 s\u00edly Jord\u00e1nsk\u00e9ho kr\u00e1lovstv\u00ed (100 ks) vytvo\u0159ily podm\u00ednky pro nutnost dod\u00e1vek kompatibiln\u00ed munice k dan\u00fdm minomet\u016fm. V&nbsp;pr\u016fb\u011bhu tehdej\u0161\u00edho obdob\u00ed a\u017e do dne\u0161n\u00edch dn\u016f tak VT\u00daVM vyrobil cca 60&nbsp;000 ks minov\u00fdch n\u00e1boj\u016f r\u016fzn\u00fdch typ\u016f od bojov\u00fdch typ\u016f HEI, HEF a\u017e po speci\u00e1ln\u00ed typy &#8211; ILL a ILL-IR.<\/p>\n<\/div>\n\n<div class=\"element core-paragraph\">\n<p>V&nbsp;sou\u010dasn\u00e9m obdob\u00ed pokra\u010duje VT\u00daVM jak ve v\u00fdrob\u011b, tak ve v\u00fdvoji modernizovan\u00fdch minov\u00fdch n\u00e1boj\u016f. V&nbsp;roce 2018 byl dokon\u010den v\u00fdvoj nov\u00e9ho modernizovan\u00e9ho typu bojov\u00e9ho minov\u00e9ho n\u00e1boje typu HEI s&nbsp;prodlou\u017een\u00edm dost\u0159elu a zv\u00fd\u0161en\u00edm \u00fa\u010dinku tohoto n\u00e1boje (pod n\u00e1zvem HEI-LD). V&nbsp;etap\u011b v\u00fdvoje jsou dal\u0161\u00ed dva typy n\u00e1boj\u016f a to ILL (osv\u011btlovac\u00ed) a SMK (d\u00fdmov\u00fd). V\u011bt\u0161inou po v\u00fdvoji n\u00e1sleduje i v\u00fdroba a tak ji\u017e v&nbsp;t\u00e9to etap\u011b prob\u00edh\u00e1 nebo se o\u010dek\u00e1v\u00e1 v\u00fdroba dal\u0161\u00edch 10&nbsp;000 ks minov\u00fdch n\u00e1boj\u016f pro A\u010cR a dal\u0161\u00edch 50&nbsp;000 ks minov\u00fdch n\u00e1boj\u016f pro kone\u010dn\u00e9ho u\u017eivatele (Polsko) s&nbsp;term\u00ednem dod\u00e1vek do konce roku 2021.<\/p>\n<\/div>\n\n<div class=\"element core-paragraph\">\n<p>Problematika speci\u00e1ln\u00edch zkou\u0161ek a test\u016f je u VT\u00daVM je soust\u0159ed\u011bna do jednoho celku \u2013 \u00faseku zku\u0161ebnictv\u00ed. V&nbsp;r\u00e1mci tohoto \u00faseku je pokr\u00fdv\u00e1na \u0161irok\u00e1 oblast zkou\u0161ek zbran\u00ed, munice, v\u00fdbu\u0161nin a ochrann\u00fdch prost\u0159edk\u016f. \u00dasek zkou\u0161en\u00ed techniky je dr\u017eitelem \u0159ady osv\u011bd\u010den\u00ed a opr\u00e1vn\u011bn\u00ed.<\/p>\n<\/div>\n\n<div class=\"element core-paragraph\">\n<p>V&nbsp;prv\u00e9 \u0159ad\u011b je to akreditace \u010cIA podle normy \u010cSN EN IEC\/ISO 17025. V&nbsp;listopadu 2019 prob\u011bhla u VT\u00daVM reakreditace \u010cIA s&nbsp;posouzen\u00edm \u00daseku zku\u0161ebnictv\u00ed na po\u017eadavky nov\u00e9 edice t\u00e9to normy z&nbsp;roku 2018.<\/p>\n<\/div>\n\n<div class=\"element core-paragraph\">\n<p>VT\u00daVM Slavi\u010d\u00edn je uzn\u00e1n jako n\u00e1rodn\u00ed autorita pro zkou\u0161en\u00ed vojensk\u00fdch v\u00fdbu\u0161nin, zav\u00e1d\u011bn\u00ed munice do v\u00fdzbroje A\u010cR a skladov\u00e1n\u00ed munice, co\u017e v\u011bt\u0161inou odborn\u011b zabezpe\u010duje, pr\u00e1v\u011b \u00fasek zku\u0161ebnictv\u00ed.<\/p>\n<\/div>\n\n<div class=\"element core-paragraph\">\n<p>Pracovn\u00edci \u00faseku zku\u0161ebnictv\u00ed jsou v&nbsp;mnoha p\u0159\u00edpadech zapojeni do tvorby \u010desk\u00fdch obrann\u00fdch standard\u016f, jsou \u010dleny t\u00fdm\u016f \u0159e\u0161\u00edc\u00edch nejr\u016fzn\u011bj\u0161\u00ed v\u011bdeckov\u00fdzkumn\u00e9 \u00fakoly, \u00fa\u010dastn\u00ed se mezin\u00e1rodn\u00edch konferenc\u00ed a jin\u00fdm zp\u016fsobem z\u00edsk\u00e1vaj\u00ed poznatky pro sv\u016fj profesn\u00ed r\u016fst. Proto jsou \u010dasto delegov\u00e1ni k&nbsp;odborn\u00e9 p\u0159\u00edprav\u011b pro r\u016fzn\u00e9 tendry na n\u00e1kup techniky v&nbsp;dan\u00e9 oblasti.<\/p>\n<\/div>\n\n<div class=\"element core-paragraph\">\n<p>Ve zku\u0161ebn\u00e1ch VT\u00daVM se prov\u00e1d\u00ed hlavn\u011b zkou\u0161ky malor\u00e1\u017eov\u00fdch zbran\u00ed a st\u0159eliva a ochrann\u00fdch prost\u0159edk\u016f. V&nbsp;podstat\u011b t\u00e9m\u011b\u0159 v\u0161echny p\u011bchotn\u00ed zbran\u011b, zaveden\u00e9 v&nbsp;A\u010cR pro\u0161ly zkou\u0161kami (podnikov\u00fdmi nebo kontroln\u00edmi) v&nbsp;t\u00e9to zku\u0161ebn\u011b. Krom\u011b toho obdobn\u00e9 zkou\u0161ky byly provedeny i pro osobn\u00ed zbran\u011b jin\u00fdch ozbrojen\u00fdch slo\u017eek, nap\u0159\u00edklad u Policie \u010cR a V\u011bze\u0148sk\u00e9 slu\u017eby \u010cR. V&nbsp;t\u00e9to souvislosti je t\u0159eba zm\u00ednit \u00fazkou sou\u010dinnost s&nbsp;p\u0159edn\u00edmi v\u00fdrobci malor\u00e1\u017eov\u00fdch zbran\u00ed.<\/p>\n<\/div>\n\n<div class=\"element core-paragraph\">\n<p>Zku\u0161ebna tak\u00e9 prov\u00e1d\u00ed zkou\u0161ky ochrann\u00fdch prost\u0159edk\u016f jednotlivce, nebo ochrann\u00fdch za\u0159\u00edzen\u00ed, jako nap\u0159\u00edklad \u2013 ochrann\u00e9 vesty, p\u0159ilby, panc\u00ed\u0159e a panc\u00e9\u0159ov\u00e9 prost\u0159edky (kabiny aut), balistick\u00e9 ochrann\u00e9 skla a v\u00fdrobky z&nbsp;nich (kabiny lokomotiv, bankovn\u00ed p\u0159ep\u00e1\u017eky, bezpe\u010dnostn\u00ed skla CNC apod.). Tyto zkou\u0161ky se prov\u00e1d\u011bj\u00ed podle platn\u00fdch evropsk\u00fdch nebo americk\u00fdch norem.<\/p>\n<\/div>\n\n<div class=\"element core-paragraph\">\n<p>\u201eOd\u0161t\u011bpn\u00fd z\u00e1vod Vojensk\u00fd technick\u00fd \u00fastav v\u00fdzbroje a munice se v&nbsp;posledn\u00edch letech \u00fasp\u011b\u0161n\u011b rozv\u00edj\u00ed a do budoucna m\u00e1 potenci\u00e1l zejm\u00e9na v&nbsp;oblastech munice, jako\u017e i zbra\u0148ov\u00fdch a pr\u016fzkumn\u00fdch komplet\u016f,\u201c \u0159\u00edk\u00e1 \u0159editel st\u00e1tn\u00edho podniku VT\u00da Ji\u0159\u00ed Protiva.<\/p>\n<\/div>\n\n<div class=\"element core-paragraph\">\n<p>Autor: Pavel Lang<\/p>\n<\/div>\n\n<div class=\"element core-gallery\">\n<figure class=\"wp-block-gallery columns-3 is-cropped wp-block-gallery-1 is-layout-flex wp-block-gallery-is-layout-flex\"><ul class=\"blocks-gallery-grid\"><li class=\"blocks-gallery-item\"><figure><img decoding=\"async\" width=\"600\" height=\"400\" src=\"https:\/\/www.vtusp.cz\/files\/smush-webp\/2020\/05\/aktuality-prezentace-projektu_2-600x400.jpg.webp\" alt=\"\" data-id=\"2045\" data-full-url=\"https:\/\/www.vtusp.cz\/files\/uploads\/2020\/05\/aktuality-prezentace-projektu_2.jpg\" data-link=\"https:\/\/www.vtusp.cz\/?attachment_id=2045\" class=\"wp-image-2045\" srcset=\"https:\/\/www.vtusp.cz\/files\/smush-webp\/2020\/05\/aktuality-prezentace-projektu_2-600x400.jpg.webp 600w, https:\/\/www.vtusp.cz\/files\/smush-webp\/2020\/05\/aktuality-prezentace-projektu_2-768x513.jpg.webp 768w, https:\/\/www.vtusp.cz\/files\/smush-webp\/2020\/05\/aktuality-prezentace-projektu_2-300x200.jpg.webp 300w, https:\/\/www.vtusp.cz\/files\/smush-webp\/2020\/05\/aktuality-prezentace-projektu_2.jpg.webp 899w\" sizes=\"(max-width: 600px) 100vw, 600px\" \/><\/figure><\/li><li class=\"blocks-gallery-item\"><figure><img decoding=\"async\" width=\"600\" height=\"400\" src=\"https:\/\/www.vtusp.cz\/files\/smush-webp\/2020\/05\/aktuality-prezentace-projektu_3-600x400.jpg.webp\" alt=\"\" data-id=\"2047\" data-full-url=\"https:\/\/www.vtusp.cz\/files\/uploads\/2020\/05\/aktuality-prezentace-projektu_3.jpg\" data-link=\"https:\/\/www.vtusp.cz\/?attachment_id=2047\" class=\"wp-image-2047\" srcset=\"https:\/\/www.vtusp.cz\/files\/smush-webp\/2020\/05\/aktuality-prezentace-projektu_3-600x400.jpg.webp 600w, https:\/\/www.vtusp.cz\/files\/smush-webp\/2020\/05\/aktuality-prezentace-projektu_3-768x513.jpg.webp 768w, https:\/\/www.vtusp.cz\/files\/smush-webp\/2020\/05\/aktuality-prezentace-projektu_3-300x200.jpg.webp 300w, https:\/\/www.vtusp.cz\/files\/smush-webp\/2020\/05\/aktuality-prezentace-projektu_3.jpg.webp 899w\" sizes=\"(max-width: 600px) 100vw, 600px\" \/><\/figure><\/li><li class=\"blocks-gallery-item\"><figure><img decoding=\"async\" width=\"600\" height=\"400\" src=\"https:\/\/www.vtusp.cz\/files\/smush-webp\/2020\/05\/aktuality-prezentace-projektu_4-600x400.jpg.webp\" alt=\"\" data-id=\"2049\" data-full-url=\"https:\/\/www.vtusp.cz\/files\/uploads\/2020\/05\/aktuality-prezentace-projektu_4.jpg\" data-link=\"https:\/\/www.vtusp.cz\/?attachment_id=2049\" class=\"wp-image-2049\" srcset=\"https:\/\/www.vtusp.cz\/files\/smush-webp\/2020\/05\/aktuality-prezentace-projektu_4-600x400.jpg.webp 600w, https:\/\/www.vtusp.cz\/files\/smush-webp\/2020\/05\/aktuality-prezentace-projektu_4-300x200.jpg.webp 300w, https:\/\/www.vtusp.cz\/files\/smush-webp\/2020\/05\/aktuality-prezentace-projektu_4-900x600.jpg.webp 900w\" sizes=\"(max-width: 600px) 100vw, 600px\" \/><\/figure><\/li><\/ul><\/figure>\n<\/div>","protected":false},"excerpt":{"rendered":"<p>Vojensk\u00fd technick\u00fd \u00fastav, s. p. realizoval v&nbsp;pr\u016fb\u011bhu lo\u0148sk\u00e9ho roku u sv\u00fdch od\u0161t\u011bpn\u00fdch z\u00e1vod\u016f (VT\u00daLaPVO, VT\u00daPV, VT\u00daVM) \u0159adu ojedin\u011bl\u00fdch projekt\u016f. N\u011bkter\u00e9 z&nbsp;nich v\u00e1m bl\u00ed\u017ee p\u0159edstav\u00edme. N\u00ed\u017ee uveden\u00e9 jsou z&nbsp;odborn\u00e9ho portfolia Vojensk\u00fd&#8230;<\/p>\n","protected":false},"author":1,"featured_media":2043,"comment_status":"open","ping_status":"closed","sticky":false,"template":"","format":"standard","meta":{"_acf_changed":false,"inline_featured_image":false,"footnotes":""},"categories":[1],"class_list":["post-2004","post","type-post","status-publish","format-standard","has-post-thumbnail","hentry","category-aktuality"],"acf":[],"yoast_head":"<!-- This site is optimized with the Yoast SEO plugin v27.5 - https:\/\/yoast.com\/product\/yoast-seo-wordpress\/ -->\n<title>Prezentace st\u011b\u017eejn\u00edch projekt\u016f VT\u00da | VT\u00da s.p.<\/title>\n<meta name=\"robots\" content=\"index, follow, max-snippet:-1, max-image-preview:large, max-video-preview:-1\" \/>\n<link rel=\"canonical\" href=\"https:\/\/www.vtusp.cz\/en\/aktuality\/prezentace-stezejnich-projektu-vtu\/\" \/>\n<meta property=\"og:locale\" content=\"en_US\" \/>\n<meta property=\"og:type\" content=\"article\" \/>\n<meta property=\"og:title\" content=\"Prezentace st\u011b\u017eejn\u00edch projekt\u016f VT\u00da | VT\u00da s.p.\" \/>\n<meta property=\"og:description\" content=\"Vojensk\u00fd technick\u00fd \u00fastav, s. p. realizoval v&nbsp;pr\u016fb\u011bhu lo\u0148sk\u00e9ho roku u sv\u00fdch od\u0161t\u011bpn\u00fdch z\u00e1vod\u016f (VT\u00daLaPVO, VT\u00daPV, VT\u00daVM) \u0159adu ojedin\u011bl\u00fdch projekt\u016f. N\u011bkter\u00e9 z&nbsp;nich v\u00e1m bl\u00ed\u017ee p\u0159edstav\u00edme. N\u00ed\u017ee uveden\u00e9 jsou z&nbsp;odborn\u00e9ho portfolia Vojensk\u00fd...\" \/>\n<meta property=\"og:url\" content=\"https:\/\/www.vtusp.cz\/en\/aktuality\/prezentace-stezejnich-projektu-vtu\/\" \/>\n<meta property=\"og:site_name\" content=\"VT\u00da s.p.\" \/>\n<meta property=\"article:published_time\" content=\"2020-01-17T10:44:00+00:00\" \/>\n<meta property=\"article:modified_time\" content=\"2020-05-28T09:44:17+00:00\" \/>\n<meta property=\"og:image\" content=\"https:\/\/www.vtusp.cz\/files\/uploads\/2020\/05\/aktuality-prezentace-projektu_1.jpg\" \/>\n\t<meta property=\"og:image:width\" content=\"988\" \/>\n\t<meta property=\"og:image:height\" content=\"600\" \/>\n\t<meta property=\"og:image:type\" content=\"image\/jpeg\" \/>\n<meta name=\"author\" content=\"Jakub Machala\" \/>\n<meta name=\"twitter:card\" content=\"summary_large_image\" \/>\n<meta name=\"twitter:label1\" content=\"Written by\" \/>\n\t<meta name=\"twitter:data1\" content=\"Jakub Machala\" \/>\n\t<meta name=\"twitter:label2\" content=\"Est. reading time\" \/>\n\t<meta name=\"twitter:data2\" content=\"4 minutes\" \/>\n<script type=\"application\/ld+json\" class=\"yoast-schema-graph\">{\"@context\":\"https:\\\/\\\/schema.org\",\"@graph\":[{\"@type\":\"Article\",\"@id\":\"https:\\\/\\\/www.vtusp.cz\\\/en\\\/aktuality\\\/prezentace-stezejnich-projektu-vtu\\\/#article\",\"isPartOf\":{\"@id\":\"https:\\\/\\\/www.vtusp.cz\\\/en\\\/aktuality\\\/prezentace-stezejnich-projektu-vtu\\\/\"},\"author\":{\"name\":\"Jakub Machala\",\"@id\":\"https:\\\/\\\/www.vtusp.cz\\\/en\\\/#\\\/schema\\\/person\\\/1ffad1637ba9d662a128049ecd84d95d\"},\"headline\":\"Prezentace st\u011b\u017eejn\u00edch projekt\u016f VT\u00da\",\"datePublished\":\"2020-01-17T10:44:00+00:00\",\"dateModified\":\"2020-05-28T09:44:17+00:00\",\"mainEntityOfPage\":{\"@id\":\"https:\\\/\\\/www.vtusp.cz\\\/en\\\/aktuality\\\/prezentace-stezejnich-projektu-vtu\\\/\"},\"wordCount\":857,\"commentCount\":0,\"image\":{\"@id\":\"https:\\\/\\\/www.vtusp.cz\\\/en\\\/aktuality\\\/prezentace-stezejnich-projektu-vtu\\\/#primaryimage\"},\"thumbnailUrl\":\"https:\\\/\\\/www.vtusp.cz\\\/files\\\/uploads\\\/2020\\\/05\\\/aktuality-prezentace-projektu_1.jpg\",\"articleSection\":[\"Aktuality\"],\"inLanguage\":\"en-US\",\"potentialAction\":[{\"@type\":\"CommentAction\",\"name\":\"Comment\",\"target\":[\"https:\\\/\\\/www.vtusp.cz\\\/en\\\/aktuality\\\/prezentace-stezejnich-projektu-vtu\\\/#respond\"]}]},{\"@type\":\"WebPage\",\"@id\":\"https:\\\/\\\/www.vtusp.cz\\\/en\\\/aktuality\\\/prezentace-stezejnich-projektu-vtu\\\/\",\"url\":\"https:\\\/\\\/www.vtusp.cz\\\/en\\\/aktuality\\\/prezentace-stezejnich-projektu-vtu\\\/\",\"name\":\"Prezentace st\u011b\u017eejn\u00edch projekt\u016f VT\u00da | VT\u00da s.p.\",\"isPartOf\":{\"@id\":\"https:\\\/\\\/www.vtusp.cz\\\/en\\\/#website\"},\"primaryImageOfPage\":{\"@id\":\"https:\\\/\\\/www.vtusp.cz\\\/en\\\/aktuality\\\/prezentace-stezejnich-projektu-vtu\\\/#primaryimage\"},\"image\":{\"@id\":\"https:\\\/\\\/www.vtusp.cz\\\/en\\\/aktuality\\\/prezentace-stezejnich-projektu-vtu\\\/#primaryimage\"},\"thumbnailUrl\":\"https:\\\/\\\/www.vtusp.cz\\\/files\\\/uploads\\\/2020\\\/05\\\/aktuality-prezentace-projektu_1.jpg\",\"datePublished\":\"2020-01-17T10:44:00+00:00\",\"dateModified\":\"2020-05-28T09:44:17+00:00\",\"author\":{\"@id\":\"https:\\\/\\\/www.vtusp.cz\\\/en\\\/#\\\/schema\\\/person\\\/1ffad1637ba9d662a128049ecd84d95d\"},\"breadcrumb\":{\"@id\":\"https:\\\/\\\/www.vtusp.cz\\\/en\\\/aktuality\\\/prezentace-stezejnich-projektu-vtu\\\/#breadcrumb\"},\"inLanguage\":\"en-US\",\"potentialAction\":[{\"@type\":\"ReadAction\",\"target\":[\"https:\\\/\\\/www.vtusp.cz\\\/en\\\/aktuality\\\/prezentace-stezejnich-projektu-vtu\\\/\"]}]},{\"@type\":\"ImageObject\",\"inLanguage\":\"en-US\",\"@id\":\"https:\\\/\\\/www.vtusp.cz\\\/en\\\/aktuality\\\/prezentace-stezejnich-projektu-vtu\\\/#primaryimage\",\"url\":\"https:\\\/\\\/www.vtusp.cz\\\/files\\\/uploads\\\/2020\\\/05\\\/aktuality-prezentace-projektu_1.jpg\",\"contentUrl\":\"https:\\\/\\\/www.vtusp.cz\\\/files\\\/uploads\\\/2020\\\/05\\\/aktuality-prezentace-projektu_1.jpg\",\"width\":988,\"height\":600},{\"@type\":\"BreadcrumbList\",\"@id\":\"https:\\\/\\\/www.vtusp.cz\\\/en\\\/aktuality\\\/prezentace-stezejnich-projektu-vtu\\\/#breadcrumb\",\"itemListElement\":[{\"@type\":\"ListItem\",\"position\":1,\"name\":\"Home\",\"item\":\"https:\\\/\\\/www.vtusp.cz\\\/en\\\/\"},{\"@type\":\"ListItem\",\"position\":2,\"name\":\"Prezentace st\u011b\u017eejn\u00edch projekt\u016f VT\u00da\"}]},{\"@type\":\"WebSite\",\"@id\":\"https:\\\/\\\/www.vtusp.cz\\\/en\\\/#website\",\"url\":\"https:\\\/\\\/www.vtusp.cz\\\/en\\\/\",\"name\":\"VT\u00da s.p.\",\"description\":\"\",\"potentialAction\":[{\"@type\":\"SearchAction\",\"target\":{\"@type\":\"EntryPoint\",\"urlTemplate\":\"https:\\\/\\\/www.vtusp.cz\\\/en\\\/?s={search_term_string}\"},\"query-input\":{\"@type\":\"PropertyValueSpecification\",\"valueRequired\":true,\"valueName\":\"search_term_string\"}}],\"inLanguage\":\"en-US\"},{\"@type\":\"Person\",\"@id\":\"https:\\\/\\\/www.vtusp.cz\\\/en\\\/#\\\/schema\\\/person\\\/1ffad1637ba9d662a128049ecd84d95d\",\"name\":\"Jakub Machala\",\"image\":{\"@type\":\"ImageObject\",\"inLanguage\":\"en-US\",\"@id\":\"https:\\\/\\\/secure.gravatar.com\\\/avatar\\\/88e7cb03fce3c4ba056b6a5e90d43b02a5ada33ac7b70e338c2c537f7b1ae106?s=96&d=mm&r=g\",\"url\":\"https:\\\/\\\/secure.gravatar.com\\\/avatar\\\/88e7cb03fce3c4ba056b6a5e90d43b02a5ada33ac7b70e338c2c537f7b1ae106?s=96&d=mm&r=g\",\"contentUrl\":\"https:\\\/\\\/secure.gravatar.com\\\/avatar\\\/88e7cb03fce3c4ba056b6a5e90d43b02a5ada33ac7b70e338c2c537f7b1ae106?s=96&d=mm&r=g\",\"caption\":\"Jakub Machala\"}}]}<\/script>\n<!-- \/ Yoast SEO plugin. -->","yoast_head_json":{"title":"Prezentace st\u011b\u017eejn\u00edch projekt\u016f VT\u00da | VT\u00da s.p.","robots":{"index":"index","follow":"follow","max-snippet":"max-snippet:-1","max-image-preview":"max-image-preview:large","max-video-preview":"max-video-preview:-1"},"canonical":"https:\/\/www.vtusp.cz\/en\/aktuality\/prezentace-stezejnich-projektu-vtu\/","og_locale":"en_US","og_type":"article","og_title":"Prezentace st\u011b\u017eejn\u00edch projekt\u016f VT\u00da | VT\u00da s.p.","og_description":"Vojensk\u00fd technick\u00fd \u00fastav, s. p. realizoval v&nbsp;pr\u016fb\u011bhu lo\u0148sk\u00e9ho roku u sv\u00fdch od\u0161t\u011bpn\u00fdch z\u00e1vod\u016f (VT\u00daLaPVO, VT\u00daPV, VT\u00daVM) \u0159adu ojedin\u011bl\u00fdch projekt\u016f. N\u011bkter\u00e9 z&nbsp;nich v\u00e1m bl\u00ed\u017ee p\u0159edstav\u00edme. N\u00ed\u017ee uveden\u00e9 jsou z&nbsp;odborn\u00e9ho portfolia Vojensk\u00fd...","og_url":"https:\/\/www.vtusp.cz\/en\/aktuality\/prezentace-stezejnich-projektu-vtu\/","og_site_name":"VT\u00da s.p.","article_published_time":"2020-01-17T10:44:00+00:00","article_modified_time":"2020-05-28T09:44:17+00:00","og_image":[{"width":988,"height":600,"url":"https:\/\/www.vtusp.cz\/files\/uploads\/2020\/05\/aktuality-prezentace-projektu_1.jpg","type":"image\/jpeg"}],"author":"Jakub Machala","twitter_card":"summary_large_image","twitter_misc":{"Written by":"Jakub Machala","Est. reading time":"4 minutes"},"schema":{"@context":"https:\/\/schema.org","@graph":[{"@type":"Article","@id":"https:\/\/www.vtusp.cz\/en\/aktuality\/prezentace-stezejnich-projektu-vtu\/#article","isPartOf":{"@id":"https:\/\/www.vtusp.cz\/en\/aktuality\/prezentace-stezejnich-projektu-vtu\/"},"author":{"name":"Jakub Machala","@id":"https:\/\/www.vtusp.cz\/en\/#\/schema\/person\/1ffad1637ba9d662a128049ecd84d95d"},"headline":"Prezentace st\u011b\u017eejn\u00edch projekt\u016f VT\u00da","datePublished":"2020-01-17T10:44:00+00:00","dateModified":"2020-05-28T09:44:17+00:00","mainEntityOfPage":{"@id":"https:\/\/www.vtusp.cz\/en\/aktuality\/prezentace-stezejnich-projektu-vtu\/"},"wordCount":857,"commentCount":0,"image":{"@id":"https:\/\/www.vtusp.cz\/en\/aktuality\/prezentace-stezejnich-projektu-vtu\/#primaryimage"},"thumbnailUrl":"https:\/\/www.vtusp.cz\/files\/uploads\/2020\/05\/aktuality-prezentace-projektu_1.jpg","articleSection":["Aktuality"],"inLanguage":"en-US","potentialAction":[{"@type":"CommentAction","name":"Comment","target":["https:\/\/www.vtusp.cz\/en\/aktuality\/prezentace-stezejnich-projektu-vtu\/#respond"]}]},{"@type":"WebPage","@id":"https:\/\/www.vtusp.cz\/en\/aktuality\/prezentace-stezejnich-projektu-vtu\/","url":"https:\/\/www.vtusp.cz\/en\/aktuality\/prezentace-stezejnich-projektu-vtu\/","name":"Prezentace st\u011b\u017eejn\u00edch projekt\u016f VT\u00da | VT\u00da s.p.","isPartOf":{"@id":"https:\/\/www.vtusp.cz\/en\/#website"},"primaryImageOfPage":{"@id":"https:\/\/www.vtusp.cz\/en\/aktuality\/prezentace-stezejnich-projektu-vtu\/#primaryimage"},"image":{"@id":"https:\/\/www.vtusp.cz\/en\/aktuality\/prezentace-stezejnich-projektu-vtu\/#primaryimage"},"thumbnailUrl":"https:\/\/www.vtusp.cz\/files\/uploads\/2020\/05\/aktuality-prezentace-projektu_1.jpg","datePublished":"2020-01-17T10:44:00+00:00","dateModified":"2020-05-28T09:44:17+00:00","author":{"@id":"https:\/\/www.vtusp.cz\/en\/#\/schema\/person\/1ffad1637ba9d662a128049ecd84d95d"},"breadcrumb":{"@id":"https:\/\/www.vtusp.cz\/en\/aktuality\/prezentace-stezejnich-projektu-vtu\/#breadcrumb"},"inLanguage":"en-US","potentialAction":[{"@type":"ReadAction","target":["https:\/\/www.vtusp.cz\/en\/aktuality\/prezentace-stezejnich-projektu-vtu\/"]}]},{"@type":"ImageObject","inLanguage":"en-US","@id":"https:\/\/www.vtusp.cz\/en\/aktuality\/prezentace-stezejnich-projektu-vtu\/#primaryimage","url":"https:\/\/www.vtusp.cz\/files\/uploads\/2020\/05\/aktuality-prezentace-projektu_1.jpg","contentUrl":"https:\/\/www.vtusp.cz\/files\/uploads\/2020\/05\/aktuality-prezentace-projektu_1.jpg","width":988,"height":600},{"@type":"BreadcrumbList","@id":"https:\/\/www.vtusp.cz\/en\/aktuality\/prezentace-stezejnich-projektu-vtu\/#breadcrumb","itemListElement":[{"@type":"ListItem","position":1,"name":"Home","item":"https:\/\/www.vtusp.cz\/en\/"},{"@type":"ListItem","position":2,"name":"Prezentace st\u011b\u017eejn\u00edch projekt\u016f VT\u00da"}]},{"@type":"WebSite","@id":"https:\/\/www.vtusp.cz\/en\/#website","url":"https:\/\/www.vtusp.cz\/en\/","name":"VT\u00da s.p.","description":"","potentialAction":[{"@type":"SearchAction","target":{"@type":"EntryPoint","urlTemplate":"https:\/\/www.vtusp.cz\/en\/?s={search_term_string}"},"query-input":{"@type":"PropertyValueSpecification","valueRequired":true,"valueName":"search_term_string"}}],"inLanguage":"en-US"},{"@type":"Person","@id":"https:\/\/www.vtusp.cz\/en\/#\/schema\/person\/1ffad1637ba9d662a128049ecd84d95d","name":"Jakub Machala","image":{"@type":"ImageObject","inLanguage":"en-US","@id":"https:\/\/secure.gravatar.com\/avatar\/88e7cb03fce3c4ba056b6a5e90d43b02a5ada33ac7b70e338c2c537f7b1ae106?s=96&d=mm&r=g","url":"https:\/\/secure.gravatar.com\/avatar\/88e7cb03fce3c4ba056b6a5e90d43b02a5ada33ac7b70e338c2c537f7b1ae106?s=96&d=mm&r=g","contentUrl":"https:\/\/secure.gravatar.com\/avatar\/88e7cb03fce3c4ba056b6a5e90d43b02a5ada33ac7b70e338c2c537f7b1ae106?s=96&d=mm&r=g","caption":"Jakub Machala"}}]}},"_links":{"self":[{"href":"https:\/\/www.vtusp.cz\/en\/wp-json\/wp\/v2\/posts\/2004","targetHints":{"allow":["GET"]}}],"collection":[{"href":"https:\/\/www.vtusp.cz\/en\/wp-json\/wp\/v2\/posts"}],"about":[{"href":"https:\/\/www.vtusp.cz\/en\/wp-json\/wp\/v2\/types\/post"}],"author":[{"embeddable":true,"href":"https:\/\/www.vtusp.cz\/en\/wp-json\/wp\/v2\/users\/1"}],"replies":[{"embeddable":true,"href":"https:\/\/www.vtusp.cz\/en\/wp-json\/wp\/v2\/comments?post=2004"}],"version-history":[{"count":2,"href":"https:\/\/www.vtusp.cz\/en\/wp-json\/wp\/v2\/posts\/2004\/revisions"}],"predecessor-version":[{"id":2052,"href":"https:\/\/www.vtusp.cz\/en\/wp-json\/wp\/v2\/posts\/2004\/revisions\/2052"}],"wp:featuredmedia":[{"embeddable":true,"href":"https:\/\/www.vtusp.cz\/en\/wp-json\/wp\/v2\/media\/2043"}],"wp:attachment":[{"href":"https:\/\/www.vtusp.cz\/en\/wp-json\/wp\/v2\/media?parent=2004"}],"wp:term":[{"taxonomy":"category","embeddable":true,"href":"https:\/\/www.vtusp.cz\/en\/wp-json\/wp\/v2\/categories?post=2004"}],"curies":[{"name":"wp","href":"https:\/\/api.w.org\/{rel}","templated":true}]}}