{"id":1840,"date":"2020-05-27T16:07:31","date_gmt":"2020-05-27T14:07:31","guid":{"rendered":"https:\/\/www.vtusp.cz\/?p=1840"},"modified":"2020-05-27T16:07:52","modified_gmt":"2020-05-27T14:07:52","slug":"freya-prochazi-opravami-ve-vtu","status":"publish","type":"post","link":"https:\/\/www.vtusp.cz\/en\/aktuality\/freya-prochazi-opravami-ve-vtu\/","title":{"rendered":"Freya proch\u00e1z\u00ed opravami ve VT\u00da"},"content":{"rendered":"<div class=\"element core-paragraph\">\n<p>Vojensk\u00fd technick\u00fd \u00fastav pozemn\u00edho vojska ve Vy\u0161kov\u011b, to nejsou jenom slu\u017eby obrann\u00e9 v\u011bdy, v\u00fdzkumu, v\u00fdvoje a zku\u0161ebnictv\u00ed v&nbsp;oblasti pozemn\u00ed techniky Arm\u00e1dy \u010cR nebo slo\u017eek ozbrojen\u00fdch bezpe\u010dnostn\u00edch sbor\u016f a integrovan\u00e9ho z\u00e1chrann\u00e9ho syst\u00e9mu.<\/p>\n<\/div>\n\n<div class=\"element core-paragraph\">\n<p>Od\u0161t\u011bpn\u00fd z\u00e1vod VT\u00da, s. p. prov\u00e1d\u00ed mimo sv\u016fj \u0161irok\u00fd rozsah p\u016fsobnosti tak\u00e9 d\u00edl\u010d\u00ed speci\u00e1ln\u00ed \u010dinnosti. Aktu\u00e1ln\u011b t\u0159eba renovaci n\u011bmeck\u00e9ho radiolok\u00e1toru Freya ze sb\u00edrek venkovn\u00edho depozit\u00e1\u0159e Vojensk\u00e9ho technick\u00e9ho muzea VH\u00da v&nbsp;Le\u0161anech. C\u00edlem expozi\u010dn\u00ed p\u0159\u00edpravy je kompletn\u00ed oprava kabiny obsluhy v\u010detn\u011b jej\u00edho nosn\u00e9ho syst\u00e9mu, renovace exteri\u00e9ru i interi\u00e9ru kabiny a n\u00e1st\u0159ik p\u016fvodn\u00ed kamufl\u00e1\u017en\u00ed barvy.<\/p>\n<\/div>\n\n<div class=\"element core-paragraph\">\n<p>Autor: Pavel Lang<\/p>\n<\/div>\n\n<div class=\"element core-paragraph\">\n<p>Ilustra\u010dn\u00ed foto: archiv od\u0161t\u011bpn\u00e9ho z\u00e1vodu VT\u00daPV Vy\u0161kov<\/p>\n<\/div>\n\n<div class=\"element core-gallery\">\n<figure class=\"wp-block-gallery columns-3 is-cropped wp-block-gallery-1 is-layout-flex wp-block-gallery-is-layout-flex\"><ul class=\"blocks-gallery-grid\"><li class=\"blocks-gallery-item\"><figure><img decoding=\"async\" width=\"600\" height=\"400\" src=\"https:\/\/www.vtusp.cz\/files\/smush-webp\/2020\/05\/aktuality-freya_2-600x400.jpg.webp\" alt=\"\" data-id=\"1843\" data-full-url=\"https:\/\/www.vtusp.cz\/files\/uploads\/2020\/05\/aktuality-freya_2.jpg\" data-link=\"https:\/\/www.vtusp.cz\/?attachment_id=1843\" class=\"wp-image-1843\" srcset=\"https:\/\/www.vtusp.cz\/files\/smush-webp\/2020\/05\/aktuality-freya_2-600x400.jpg.webp 600w, https:\/\/www.vtusp.cz\/files\/smush-webp\/2020\/05\/aktuality-freya_2-300x200.jpg.webp 300w\" sizes=\"(max-width: 600px) 100vw, 600px\" \/><\/figure><\/li><li class=\"blocks-gallery-item\"><figure><img decoding=\"async\" width=\"600\" height=\"400\" src=\"https:\/\/www.vtusp.cz\/files\/smush-webp\/2020\/05\/aktuality-freya_3-600x400.jpg.webp\" alt=\"\" data-id=\"1845\" data-full-url=\"https:\/\/www.vtusp.cz\/files\/uploads\/2020\/05\/aktuality-freya_3.jpg\" data-link=\"https:\/\/www.vtusp.cz\/?attachment_id=1845\" class=\"wp-image-1845\" srcset=\"https:\/\/www.vtusp.cz\/files\/smush-webp\/2020\/05\/aktuality-freya_3-600x400.jpg.webp 600w, https:\/\/www.vtusp.cz\/files\/smush-webp\/2020\/05\/aktuality-freya_3-900x600.jpg.webp 900w, https:\/\/www.vtusp.cz\/files\/smush-webp\/2020\/05\/aktuality-freya_3-768x511.jpg.webp 768w, https:\/\/www.vtusp.cz\/files\/smush-webp\/2020\/05\/aktuality-freya_3-300x200.jpg.webp 300w, https:\/\/www.vtusp.cz\/files\/smush-webp\/2020\/05\/aktuality-freya_3.jpg.webp 902w\" sizes=\"(max-width: 600px) 100vw, 600px\" \/><\/figure><\/li><li class=\"blocks-gallery-item\"><figure><img decoding=\"async\" width=\"600\" height=\"400\" src=\"https:\/\/www.vtusp.cz\/files\/smush-webp\/2020\/05\/aktuality-freya_4-600x400.jpg.webp\" alt=\"\" data-id=\"1847\" data-full-url=\"https:\/\/www.vtusp.cz\/files\/uploads\/2020\/05\/aktuality-freya_4.jpg\" data-link=\"https:\/\/www.vtusp.cz\/?attachment_id=1847\" class=\"wp-image-1847\" srcset=\"https:\/\/www.vtusp.cz\/files\/smush-webp\/2020\/05\/aktuality-freya_4-600x400.jpg.webp 600w, https:\/\/www.vtusp.cz\/files\/smush-webp\/2020\/05\/aktuality-freya_4-300x200.jpg.webp 300w, https:\/\/www.vtusp.cz\/files\/smush-webp\/2020\/05\/aktuality-freya_4-900x600.jpg.webp 900w\" sizes=\"(max-width: 600px) 100vw, 600px\" \/><\/figure><\/li><\/ul><\/figure>\n<\/div>","protected":false},"excerpt":{"rendered":"<p>Vojensk\u00fd technick\u00fd \u00fastav pozemn\u00edho vojska ve Vy\u0161kov\u011b, to nejsou jenom slu\u017eby obrann\u00e9 v\u011bdy, v\u00fdzkumu, v\u00fdvoje a zku\u0161ebnictv\u00ed v&nbsp;oblasti pozemn\u00ed techniky Arm\u00e1dy \u010cR nebo slo\u017eek ozbrojen\u00fdch bezpe\u010dnostn\u00edch sbor\u016f a integrovan\u00e9ho z\u00e1chrann\u00e9ho&#8230;<\/p>\n","protected":false},"author":1,"featured_media":1841,"comment_status":"open","ping_status":"closed","sticky":false,"template":"","format":"standard","meta":{"_acf_changed":false,"inline_featured_image":false,"footnotes":""},"categories":[1],"class_list":["post-1840","post","type-post","status-publish","format-standard","has-post-thumbnail","hentry","category-aktuality"],"acf":[],"yoast_head":"<!-- This site is optimized with the Yoast SEO plugin v27.5 - https:\/\/yoast.com\/product\/yoast-seo-wordpress\/ -->\n<title>Freya proch\u00e1z\u00ed opravami ve VT\u00da | VT\u00da s.p.<\/title>\n<meta name=\"robots\" content=\"index, follow, max-snippet:-1, max-image-preview:large, max-video-preview:-1\" \/>\n<link rel=\"canonical\" href=\"https:\/\/www.vtusp.cz\/en\/aktuality\/freya-prochazi-opravami-ve-vtu\/\" \/>\n<meta property=\"og:locale\" content=\"en_US\" \/>\n<meta property=\"og:type\" content=\"article\" \/>\n<meta property=\"og:title\" content=\"Freya proch\u00e1z\u00ed opravami ve VT\u00da | VT\u00da s.p.\" \/>\n<meta property=\"og:description\" content=\"Vojensk\u00fd technick\u00fd \u00fastav pozemn\u00edho vojska ve Vy\u0161kov\u011b, to nejsou jenom slu\u017eby obrann\u00e9 v\u011bdy, v\u00fdzkumu, v\u00fdvoje a zku\u0161ebnictv\u00ed v&nbsp;oblasti pozemn\u00ed techniky Arm\u00e1dy \u010cR nebo slo\u017eek ozbrojen\u00fdch bezpe\u010dnostn\u00edch sbor\u016f a integrovan\u00e9ho z\u00e1chrann\u00e9ho...\" \/>\n<meta property=\"og:url\" content=\"https:\/\/www.vtusp.cz\/en\/aktuality\/freya-prochazi-opravami-ve-vtu\/\" \/>\n<meta property=\"og:site_name\" content=\"VT\u00da s.p.\" \/>\n<meta property=\"article:published_time\" content=\"2020-05-27T14:07:31+00:00\" \/>\n<meta property=\"article:modified_time\" content=\"2020-05-27T14:07:52+00:00\" \/>\n<meta property=\"og:image\" content=\"https:\/\/www.vtusp.cz\/files\/uploads\/2020\/05\/aktuality-freya_1.jpg\" \/>\n\t<meta property=\"og:image:width\" content=\"964\" \/>\n\t<meta property=\"og:image:height\" content=\"600\" \/>\n\t<meta property=\"og:image:type\" content=\"image\/jpeg\" \/>\n<meta name=\"author\" content=\"Jakub Machala\" \/>\n<meta name=\"twitter:card\" content=\"summary_large_image\" \/>\n<meta name=\"twitter:label1\" content=\"Written by\" \/>\n\t<meta name=\"twitter:data1\" content=\"Jakub Machala\" \/>\n\t<meta name=\"twitter:label2\" content=\"Est. reading time\" \/>\n\t<meta name=\"twitter:data2\" content=\"1 minute\" \/>\n<script type=\"application\/ld+json\" class=\"yoast-schema-graph\">{\"@context\":\"https:\\\/\\\/schema.org\",\"@graph\":[{\"@type\":\"Article\",\"@id\":\"https:\\\/\\\/www.vtusp.cz\\\/en\\\/aktuality\\\/freya-prochazi-opravami-ve-vtu\\\/#article\",\"isPartOf\":{\"@id\":\"https:\\\/\\\/www.vtusp.cz\\\/en\\\/aktuality\\\/freya-prochazi-opravami-ve-vtu\\\/\"},\"author\":{\"name\":\"Jakub Machala\",\"@id\":\"https:\\\/\\\/www.vtusp.cz\\\/en\\\/#\\\/schema\\\/person\\\/1ffad1637ba9d662a128049ecd84d95d\"},\"headline\":\"Freya proch\u00e1z\u00ed opravami ve VT\u00da\",\"datePublished\":\"2020-05-27T14:07:31+00:00\",\"dateModified\":\"2020-05-27T14:07:52+00:00\",\"mainEntityOfPage\":{\"@id\":\"https:\\\/\\\/www.vtusp.cz\\\/en\\\/aktuality\\\/freya-prochazi-opravami-ve-vtu\\\/\"},\"wordCount\":158,\"commentCount\":0,\"image\":{\"@id\":\"https:\\\/\\\/www.vtusp.cz\\\/en\\\/aktuality\\\/freya-prochazi-opravami-ve-vtu\\\/#primaryimage\"},\"thumbnailUrl\":\"https:\\\/\\\/www.vtusp.cz\\\/files\\\/uploads\\\/2020\\\/05\\\/aktuality-freya_1.jpg\",\"articleSection\":[\"Aktuality\"],\"inLanguage\":\"en-US\",\"potentialAction\":[{\"@type\":\"CommentAction\",\"name\":\"Comment\",\"target\":[\"https:\\\/\\\/www.vtusp.cz\\\/en\\\/aktuality\\\/freya-prochazi-opravami-ve-vtu\\\/#respond\"]}]},{\"@type\":\"WebPage\",\"@id\":\"https:\\\/\\\/www.vtusp.cz\\\/en\\\/aktuality\\\/freya-prochazi-opravami-ve-vtu\\\/\",\"url\":\"https:\\\/\\\/www.vtusp.cz\\\/en\\\/aktuality\\\/freya-prochazi-opravami-ve-vtu\\\/\",\"name\":\"Freya proch\u00e1z\u00ed opravami ve VT\u00da | VT\u00da s.p.\",\"isPartOf\":{\"@id\":\"https:\\\/\\\/www.vtusp.cz\\\/en\\\/#website\"},\"primaryImageOfPage\":{\"@id\":\"https:\\\/\\\/www.vtusp.cz\\\/en\\\/aktuality\\\/freya-prochazi-opravami-ve-vtu\\\/#primaryimage\"},\"image\":{\"@id\":\"https:\\\/\\\/www.vtusp.cz\\\/en\\\/aktuality\\\/freya-prochazi-opravami-ve-vtu\\\/#primaryimage\"},\"thumbnailUrl\":\"https:\\\/\\\/www.vtusp.cz\\\/files\\\/uploads\\\/2020\\\/05\\\/aktuality-freya_1.jpg\",\"datePublished\":\"2020-05-27T14:07:31+00:00\",\"dateModified\":\"2020-05-27T14:07:52+00:00\",\"author\":{\"@id\":\"https:\\\/\\\/www.vtusp.cz\\\/en\\\/#\\\/schema\\\/person\\\/1ffad1637ba9d662a128049ecd84d95d\"},\"breadcrumb\":{\"@id\":\"https:\\\/\\\/www.vtusp.cz\\\/en\\\/aktuality\\\/freya-prochazi-opravami-ve-vtu\\\/#breadcrumb\"},\"inLanguage\":\"en-US\",\"potentialAction\":[{\"@type\":\"ReadAction\",\"target\":[\"https:\\\/\\\/www.vtusp.cz\\\/en\\\/aktuality\\\/freya-prochazi-opravami-ve-vtu\\\/\"]}]},{\"@type\":\"ImageObject\",\"inLanguage\":\"en-US\",\"@id\":\"https:\\\/\\\/www.vtusp.cz\\\/en\\\/aktuality\\\/freya-prochazi-opravami-ve-vtu\\\/#primaryimage\",\"url\":\"https:\\\/\\\/www.vtusp.cz\\\/files\\\/uploads\\\/2020\\\/05\\\/aktuality-freya_1.jpg\",\"contentUrl\":\"https:\\\/\\\/www.vtusp.cz\\\/files\\\/uploads\\\/2020\\\/05\\\/aktuality-freya_1.jpg\",\"width\":964,\"height\":600},{\"@type\":\"BreadcrumbList\",\"@id\":\"https:\\\/\\\/www.vtusp.cz\\\/en\\\/aktuality\\\/freya-prochazi-opravami-ve-vtu\\\/#breadcrumb\",\"itemListElement\":[{\"@type\":\"ListItem\",\"position\":1,\"name\":\"Home\",\"item\":\"https:\\\/\\\/www.vtusp.cz\\\/en\\\/\"},{\"@type\":\"ListItem\",\"position\":2,\"name\":\"Freya proch\u00e1z\u00ed opravami ve VT\u00da\"}]},{\"@type\":\"WebSite\",\"@id\":\"https:\\\/\\\/www.vtusp.cz\\\/en\\\/#website\",\"url\":\"https:\\\/\\\/www.vtusp.cz\\\/en\\\/\",\"name\":\"VT\u00da s.p.\",\"description\":\"\",\"potentialAction\":[{\"@type\":\"SearchAction\",\"target\":{\"@type\":\"EntryPoint\",\"urlTemplate\":\"https:\\\/\\\/www.vtusp.cz\\\/en\\\/?s={search_term_string}\"},\"query-input\":{\"@type\":\"PropertyValueSpecification\",\"valueRequired\":true,\"valueName\":\"search_term_string\"}}],\"inLanguage\":\"en-US\"},{\"@type\":\"Person\",\"@id\":\"https:\\\/\\\/www.vtusp.cz\\\/en\\\/#\\\/schema\\\/person\\\/1ffad1637ba9d662a128049ecd84d95d\",\"name\":\"Jakub Machala\",\"image\":{\"@type\":\"ImageObject\",\"inLanguage\":\"en-US\",\"@id\":\"https:\\\/\\\/secure.gravatar.com\\\/avatar\\\/88e7cb03fce3c4ba056b6a5e90d43b02a5ada33ac7b70e338c2c537f7b1ae106?s=96&d=mm&r=g\",\"url\":\"https:\\\/\\\/secure.gravatar.com\\\/avatar\\\/88e7cb03fce3c4ba056b6a5e90d43b02a5ada33ac7b70e338c2c537f7b1ae106?s=96&d=mm&r=g\",\"contentUrl\":\"https:\\\/\\\/secure.gravatar.com\\\/avatar\\\/88e7cb03fce3c4ba056b6a5e90d43b02a5ada33ac7b70e338c2c537f7b1ae106?s=96&d=mm&r=g\",\"caption\":\"Jakub Machala\"}}]}<\/script>\n<!-- \/ Yoast SEO plugin. -->","yoast_head_json":{"title":"Freya proch\u00e1z\u00ed opravami ve VT\u00da | VT\u00da s.p.","robots":{"index":"index","follow":"follow","max-snippet":"max-snippet:-1","max-image-preview":"max-image-preview:large","max-video-preview":"max-video-preview:-1"},"canonical":"https:\/\/www.vtusp.cz\/en\/aktuality\/freya-prochazi-opravami-ve-vtu\/","og_locale":"en_US","og_type":"article","og_title":"Freya proch\u00e1z\u00ed opravami ve VT\u00da | VT\u00da s.p.","og_description":"Vojensk\u00fd technick\u00fd \u00fastav pozemn\u00edho vojska ve Vy\u0161kov\u011b, to nejsou jenom slu\u017eby obrann\u00e9 v\u011bdy, v\u00fdzkumu, v\u00fdvoje a zku\u0161ebnictv\u00ed v&nbsp;oblasti pozemn\u00ed techniky Arm\u00e1dy \u010cR nebo slo\u017eek ozbrojen\u00fdch bezpe\u010dnostn\u00edch sbor\u016f a integrovan\u00e9ho z\u00e1chrann\u00e9ho...","og_url":"https:\/\/www.vtusp.cz\/en\/aktuality\/freya-prochazi-opravami-ve-vtu\/","og_site_name":"VT\u00da s.p.","article_published_time":"2020-05-27T14:07:31+00:00","article_modified_time":"2020-05-27T14:07:52+00:00","og_image":[{"width":964,"height":600,"url":"https:\/\/www.vtusp.cz\/files\/uploads\/2020\/05\/aktuality-freya_1.jpg","type":"image\/jpeg"}],"author":"Jakub Machala","twitter_card":"summary_large_image","twitter_misc":{"Written by":"Jakub Machala","Est. reading time":"1 minute"},"schema":{"@context":"https:\/\/schema.org","@graph":[{"@type":"Article","@id":"https:\/\/www.vtusp.cz\/en\/aktuality\/freya-prochazi-opravami-ve-vtu\/#article","isPartOf":{"@id":"https:\/\/www.vtusp.cz\/en\/aktuality\/freya-prochazi-opravami-ve-vtu\/"},"author":{"name":"Jakub Machala","@id":"https:\/\/www.vtusp.cz\/en\/#\/schema\/person\/1ffad1637ba9d662a128049ecd84d95d"},"headline":"Freya proch\u00e1z\u00ed opravami ve VT\u00da","datePublished":"2020-05-27T14:07:31+00:00","dateModified":"2020-05-27T14:07:52+00:00","mainEntityOfPage":{"@id":"https:\/\/www.vtusp.cz\/en\/aktuality\/freya-prochazi-opravami-ve-vtu\/"},"wordCount":158,"commentCount":0,"image":{"@id":"https:\/\/www.vtusp.cz\/en\/aktuality\/freya-prochazi-opravami-ve-vtu\/#primaryimage"},"thumbnailUrl":"https:\/\/www.vtusp.cz\/files\/uploads\/2020\/05\/aktuality-freya_1.jpg","articleSection":["Aktuality"],"inLanguage":"en-US","potentialAction":[{"@type":"CommentAction","name":"Comment","target":["https:\/\/www.vtusp.cz\/en\/aktuality\/freya-prochazi-opravami-ve-vtu\/#respond"]}]},{"@type":"WebPage","@id":"https:\/\/www.vtusp.cz\/en\/aktuality\/freya-prochazi-opravami-ve-vtu\/","url":"https:\/\/www.vtusp.cz\/en\/aktuality\/freya-prochazi-opravami-ve-vtu\/","name":"Freya proch\u00e1z\u00ed opravami ve VT\u00da | VT\u00da s.p.","isPartOf":{"@id":"https:\/\/www.vtusp.cz\/en\/#website"},"primaryImageOfPage":{"@id":"https:\/\/www.vtusp.cz\/en\/aktuality\/freya-prochazi-opravami-ve-vtu\/#primaryimage"},"image":{"@id":"https:\/\/www.vtusp.cz\/en\/aktuality\/freya-prochazi-opravami-ve-vtu\/#primaryimage"},"thumbnailUrl":"https:\/\/www.vtusp.cz\/files\/uploads\/2020\/05\/aktuality-freya_1.jpg","datePublished":"2020-05-27T14:07:31+00:00","dateModified":"2020-05-27T14:07:52+00:00","author":{"@id":"https:\/\/www.vtusp.cz\/en\/#\/schema\/person\/1ffad1637ba9d662a128049ecd84d95d"},"breadcrumb":{"@id":"https:\/\/www.vtusp.cz\/en\/aktuality\/freya-prochazi-opravami-ve-vtu\/#breadcrumb"},"inLanguage":"en-US","potentialAction":[{"@type":"ReadAction","target":["https:\/\/www.vtusp.cz\/en\/aktuality\/freya-prochazi-opravami-ve-vtu\/"]}]},{"@type":"ImageObject","inLanguage":"en-US","@id":"https:\/\/www.vtusp.cz\/en\/aktuality\/freya-prochazi-opravami-ve-vtu\/#primaryimage","url":"https:\/\/www.vtusp.cz\/files\/uploads\/2020\/05\/aktuality-freya_1.jpg","contentUrl":"https:\/\/www.vtusp.cz\/files\/uploads\/2020\/05\/aktuality-freya_1.jpg","width":964,"height":600},{"@type":"BreadcrumbList","@id":"https:\/\/www.vtusp.cz\/en\/aktuality\/freya-prochazi-opravami-ve-vtu\/#breadcrumb","itemListElement":[{"@type":"ListItem","position":1,"name":"Home","item":"https:\/\/www.vtusp.cz\/en\/"},{"@type":"ListItem","position":2,"name":"Freya proch\u00e1z\u00ed opravami ve VT\u00da"}]},{"@type":"WebSite","@id":"https:\/\/www.vtusp.cz\/en\/#website","url":"https:\/\/www.vtusp.cz\/en\/","name":"VT\u00da s.p.","description":"","potentialAction":[{"@type":"SearchAction","target":{"@type":"EntryPoint","urlTemplate":"https:\/\/www.vtusp.cz\/en\/?s={search_term_string}"},"query-input":{"@type":"PropertyValueSpecification","valueRequired":true,"valueName":"search_term_string"}}],"inLanguage":"en-US"},{"@type":"Person","@id":"https:\/\/www.vtusp.cz\/en\/#\/schema\/person\/1ffad1637ba9d662a128049ecd84d95d","name":"Jakub Machala","image":{"@type":"ImageObject","inLanguage":"en-US","@id":"https:\/\/secure.gravatar.com\/avatar\/88e7cb03fce3c4ba056b6a5e90d43b02a5ada33ac7b70e338c2c537f7b1ae106?s=96&d=mm&r=g","url":"https:\/\/secure.gravatar.com\/avatar\/88e7cb03fce3c4ba056b6a5e90d43b02a5ada33ac7b70e338c2c537f7b1ae106?s=96&d=mm&r=g","contentUrl":"https:\/\/secure.gravatar.com\/avatar\/88e7cb03fce3c4ba056b6a5e90d43b02a5ada33ac7b70e338c2c537f7b1ae106?s=96&d=mm&r=g","caption":"Jakub Machala"}}]}},"_links":{"self":[{"href":"https:\/\/www.vtusp.cz\/en\/wp-json\/wp\/v2\/posts\/1840","targetHints":{"allow":["GET"]}}],"collection":[{"href":"https:\/\/www.vtusp.cz\/en\/wp-json\/wp\/v2\/posts"}],"about":[{"href":"https:\/\/www.vtusp.cz\/en\/wp-json\/wp\/v2\/types\/post"}],"author":[{"embeddable":true,"href":"https:\/\/www.vtusp.cz\/en\/wp-json\/wp\/v2\/users\/1"}],"replies":[{"embeddable":true,"href":"https:\/\/www.vtusp.cz\/en\/wp-json\/wp\/v2\/comments?post=1840"}],"version-history":[{"count":3,"href":"https:\/\/www.vtusp.cz\/en\/wp-json\/wp\/v2\/posts\/1840\/revisions"}],"predecessor-version":[{"id":1851,"href":"https:\/\/www.vtusp.cz\/en\/wp-json\/wp\/v2\/posts\/1840\/revisions\/1851"}],"wp:featuredmedia":[{"embeddable":true,"href":"https:\/\/www.vtusp.cz\/en\/wp-json\/wp\/v2\/media\/1841"}],"wp:attachment":[{"href":"https:\/\/www.vtusp.cz\/en\/wp-json\/wp\/v2\/media?parent=1840"}],"wp:term":[{"taxonomy":"category","embeddable":true,"href":"https:\/\/www.vtusp.cz\/en\/wp-json\/wp\/v2\/categories?post=1840"}],"curies":[{"name":"wp","href":"https:\/\/api.w.org\/{rel}","templated":true}]}}