{"id":1820,"date":"2020-05-19T15:55:00","date_gmt":"2020-05-19T13:55:00","guid":{"rendered":"https:\/\/www.vtusp.cz\/?p=1820"},"modified":"2020-05-27T15:55:28","modified_gmt":"2020-05-27T13:55:28","slug":"cesky-vyrobce-bezpilotnich-letadel-si-vybral-vtu","status":"publish","type":"post","link":"https:\/\/www.vtusp.cz\/en\/aktuality\/cesky-vyrobce-bezpilotnich-letadel-si-vybral-vtu\/","title":{"rendered":"\u010cesk\u00fd v\u00fdrobce bezpilotn\u00edch letadel si vybral VT\u00da"},"content":{"rendered":"<div class=\"element core-paragraph\">\n<p>Vojensk\u00fd technick\u00fd \u00fastav, s. p. byl vybr\u00e1n spole\u010dnost\u00ed Primoco UAV SE ke strategick\u00e9 spolupr\u00e1ci v&nbsp;oblasti bezpilotn\u00edch letadel.<\/p>\n<\/div>\n\n<div class=\"element core-paragraph\">\n<p>Mezi ob\u011bma institucemi byla uzav\u0159ena dohoda, jej\u00edm\u017e obsahem je integrace letounu a jeho pozemn\u00edho vybaven\u00ed do arm\u00e1dn\u00edch syst\u00e9m\u016f velen\u00ed a \u0159\u00edzen\u00ed, d\u00e1le certifikace a zkou\u0161ky letadel dle bezpe\u010dnostn\u00edch a vojensk\u00fdch p\u0159edpis\u016f NATO i \u010cR, jako\u017e i roz\u0161\u00ed\u0159en\u00ed pozemn\u00edho zabezpe\u010den\u00ed letounu o unik\u00e1tn\u00ed prost\u0159edky vyv\u00edjen\u00e9 a vyr\u00e1b\u011bn\u00e9 VT\u00da. \u00a0<\/p>\n<\/div>\n\n<div class=\"element acf-files\"><section class=\"files\">\n\t<div class=\"in cf\">\n\t\t\t\t<div class=\"files ikona\">\n\t\t\t\t\t\t\t\t\t\t\t\t<div class=\"file\">\n\t\t\t\t\t\t<div class=\"inner cf\">\n\t\t\t\t\t\t\t\t\t\t\t\t\t\t\t\t\t\t\t\t\t\t<span class=\"icon pdf\">pdf<\/span>\n\t\t\t\t\t\t\t\t\t\t\t\t\t\t<div class=\"title\"><h5>Dohoda Primoco UACV SE<\/h5><\/div>\n\t\t\t\t\t\t\t\t\t\t\t\t\t\t\t<div class=\"right\">\n\t\t\t\t\t\t\t\t\t<div class=\"right-inner\">\n\t\t\t\t\t\t\t\t\t\t<a class=\"download\" href=\"https:\/\/www.vtusp.cz\/files\/uploads\/2020\/05\/x5ec3c1fa2b0c5-ke-stazeni.pdf\" download>Download<\/a>\n\t\t\t\t\t\t\t\t\t\t<p class=\"info\">\n\t\t\t\t\t\t\t\t\t\t\tpdf<span class=\"sep\">|<\/span>\n\t\t\t\t\t\t\t\t\t\t\t150.00 kB\t\t\t\t\t\t\t\t\t\t<\/p>\n\t\t\t\t\t\t\t\t\t<\/div>\n\t\t\t\t\t\t\t\t<\/div>\n\t\t\t\t\t\t\t\t\t\t\t\t\t<\/div>\n\t\t\t\t\t<\/div>\n\t\t\t\t\t\t\t\t\t<\/div>\n\t<\/div>\n<\/section> \n<\/div>","protected":false},"excerpt":{"rendered":"<p>Vojensk\u00fd technick\u00fd \u00fastav, s. p. byl vybr\u00e1n spole\u010dnost\u00ed Primoco UAV SE ke strategick\u00e9 spolupr\u00e1ci v&nbsp;oblasti bezpilotn\u00edch letadel. Mezi ob\u011bma institucemi byla uzav\u0159ena dohoda, jej\u00edm\u017e obsahem je integrace letounu a jeho&#8230;<\/p>\n","protected":false},"author":1,"featured_media":1823,"comment_status":"open","ping_status":"closed","sticky":false,"template":"","format":"standard","meta":{"_acf_changed":false,"inline_featured_image":false,"footnotes":""},"categories":[1],"class_list":["post-1820","post","type-post","status-publish","format-standard","has-post-thumbnail","hentry","category-aktuality"],"acf":[],"yoast_head":"<!-- This site is optimized with the Yoast SEO plugin v27.5 - https:\/\/yoast.com\/product\/yoast-seo-wordpress\/ -->\n<title>\u010cesk\u00fd v\u00fdrobce bezpilotn\u00edch letadel si vybral VT\u00da | VT\u00da s.p.<\/title>\n<meta name=\"robots\" content=\"index, follow, max-snippet:-1, max-image-preview:large, max-video-preview:-1\" \/>\n<link rel=\"canonical\" href=\"https:\/\/www.vtusp.cz\/en\/aktuality\/cesky-vyrobce-bezpilotnich-letadel-si-vybral-vtu\/\" \/>\n<meta property=\"og:locale\" content=\"en_US\" \/>\n<meta property=\"og:type\" content=\"article\" \/>\n<meta property=\"og:title\" content=\"\u010cesk\u00fd v\u00fdrobce bezpilotn\u00edch letadel si vybral VT\u00da | VT\u00da s.p.\" \/>\n<meta property=\"og:description\" content=\"Vojensk\u00fd technick\u00fd \u00fastav, s. p. byl vybr\u00e1n spole\u010dnost\u00ed Primoco UAV SE ke strategick\u00e9 spolupr\u00e1ci v&nbsp;oblasti bezpilotn\u00edch letadel. Mezi ob\u011bma institucemi byla uzav\u0159ena dohoda, jej\u00edm\u017e obsahem je integrace letounu a jeho...\" \/>\n<meta property=\"og:url\" content=\"https:\/\/www.vtusp.cz\/en\/aktuality\/cesky-vyrobce-bezpilotnich-letadel-si-vybral-vtu\/\" \/>\n<meta property=\"og:site_name\" content=\"VT\u00da s.p.\" \/>\n<meta property=\"article:published_time\" content=\"2020-05-19T13:55:00+00:00\" \/>\n<meta property=\"article:modified_time\" content=\"2020-05-27T13:55:28+00:00\" \/>\n<meta property=\"og:image\" content=\"https:\/\/www.vtusp.cz\/files\/uploads\/2020\/05\/aktuality-vtu.jpg\" \/>\n\t<meta property=\"og:image:width\" content=\"661\" \/>\n\t<meta property=\"og:image:height\" content=\"800\" \/>\n\t<meta property=\"og:image:type\" content=\"image\/jpeg\" \/>\n<meta name=\"author\" content=\"Jakub Machala\" \/>\n<meta name=\"twitter:card\" content=\"summary_large_image\" \/>\n<meta name=\"twitter:label1\" content=\"Written by\" \/>\n\t<meta name=\"twitter:data1\" content=\"Jakub Machala\" \/>\n<script type=\"application\/ld+json\" class=\"yoast-schema-graph\">{\"@context\":\"https:\\\/\\\/schema.org\",\"@graph\":[{\"@type\":\"Article\",\"@id\":\"https:\\\/\\\/www.vtusp.cz\\\/en\\\/aktuality\\\/cesky-vyrobce-bezpilotnich-letadel-si-vybral-vtu\\\/#article\",\"isPartOf\":{\"@id\":\"https:\\\/\\\/www.vtusp.cz\\\/en\\\/aktuality\\\/cesky-vyrobce-bezpilotnich-letadel-si-vybral-vtu\\\/\"},\"author\":{\"name\":\"Jakub Machala\",\"@id\":\"https:\\\/\\\/www.vtusp.cz\\\/en\\\/#\\\/schema\\\/person\\\/1ffad1637ba9d662a128049ecd84d95d\"},\"headline\":\"\u010cesk\u00fd v\u00fdrobce bezpilotn\u00edch letadel si vybral VT\u00da\",\"datePublished\":\"2020-05-19T13:55:00+00:00\",\"dateModified\":\"2020-05-27T13:55:28+00:00\",\"mainEntityOfPage\":{\"@id\":\"https:\\\/\\\/www.vtusp.cz\\\/en\\\/aktuality\\\/cesky-vyrobce-bezpilotnich-letadel-si-vybral-vtu\\\/\"},\"wordCount\":100,\"commentCount\":0,\"image\":{\"@id\":\"https:\\\/\\\/www.vtusp.cz\\\/en\\\/aktuality\\\/cesky-vyrobce-bezpilotnich-letadel-si-vybral-vtu\\\/#primaryimage\"},\"thumbnailUrl\":\"https:\\\/\\\/www.vtusp.cz\\\/files\\\/uploads\\\/2020\\\/05\\\/aktuality-vtu.jpg\",\"articleSection\":[\"Aktuality\"],\"inLanguage\":\"en-US\",\"potentialAction\":[{\"@type\":\"CommentAction\",\"name\":\"Comment\",\"target\":[\"https:\\\/\\\/www.vtusp.cz\\\/en\\\/aktuality\\\/cesky-vyrobce-bezpilotnich-letadel-si-vybral-vtu\\\/#respond\"]}]},{\"@type\":\"WebPage\",\"@id\":\"https:\\\/\\\/www.vtusp.cz\\\/en\\\/aktuality\\\/cesky-vyrobce-bezpilotnich-letadel-si-vybral-vtu\\\/\",\"url\":\"https:\\\/\\\/www.vtusp.cz\\\/en\\\/aktuality\\\/cesky-vyrobce-bezpilotnich-letadel-si-vybral-vtu\\\/\",\"name\":\"\u010cesk\u00fd v\u00fdrobce bezpilotn\u00edch letadel si vybral VT\u00da | VT\u00da s.p.\",\"isPartOf\":{\"@id\":\"https:\\\/\\\/www.vtusp.cz\\\/en\\\/#website\"},\"primaryImageOfPage\":{\"@id\":\"https:\\\/\\\/www.vtusp.cz\\\/en\\\/aktuality\\\/cesky-vyrobce-bezpilotnich-letadel-si-vybral-vtu\\\/#primaryimage\"},\"image\":{\"@id\":\"https:\\\/\\\/www.vtusp.cz\\\/en\\\/aktuality\\\/cesky-vyrobce-bezpilotnich-letadel-si-vybral-vtu\\\/#primaryimage\"},\"thumbnailUrl\":\"https:\\\/\\\/www.vtusp.cz\\\/files\\\/uploads\\\/2020\\\/05\\\/aktuality-vtu.jpg\",\"datePublished\":\"2020-05-19T13:55:00+00:00\",\"dateModified\":\"2020-05-27T13:55:28+00:00\",\"author\":{\"@id\":\"https:\\\/\\\/www.vtusp.cz\\\/en\\\/#\\\/schema\\\/person\\\/1ffad1637ba9d662a128049ecd84d95d\"},\"breadcrumb\":{\"@id\":\"https:\\\/\\\/www.vtusp.cz\\\/en\\\/aktuality\\\/cesky-vyrobce-bezpilotnich-letadel-si-vybral-vtu\\\/#breadcrumb\"},\"inLanguage\":\"en-US\",\"potentialAction\":[{\"@type\":\"ReadAction\",\"target\":[\"https:\\\/\\\/www.vtusp.cz\\\/en\\\/aktuality\\\/cesky-vyrobce-bezpilotnich-letadel-si-vybral-vtu\\\/\"]}]},{\"@type\":\"ImageObject\",\"inLanguage\":\"en-US\",\"@id\":\"https:\\\/\\\/www.vtusp.cz\\\/en\\\/aktuality\\\/cesky-vyrobce-bezpilotnich-letadel-si-vybral-vtu\\\/#primaryimage\",\"url\":\"https:\\\/\\\/www.vtusp.cz\\\/files\\\/uploads\\\/2020\\\/05\\\/aktuality-vtu.jpg\",\"contentUrl\":\"https:\\\/\\\/www.vtusp.cz\\\/files\\\/uploads\\\/2020\\\/05\\\/aktuality-vtu.jpg\",\"width\":661,\"height\":800},{\"@type\":\"BreadcrumbList\",\"@id\":\"https:\\\/\\\/www.vtusp.cz\\\/en\\\/aktuality\\\/cesky-vyrobce-bezpilotnich-letadel-si-vybral-vtu\\\/#breadcrumb\",\"itemListElement\":[{\"@type\":\"ListItem\",\"position\":1,\"name\":\"Home\",\"item\":\"https:\\\/\\\/www.vtusp.cz\\\/en\\\/\"},{\"@type\":\"ListItem\",\"position\":2,\"name\":\"\u010cesk\u00fd v\u00fdrobce bezpilotn\u00edch letadel si vybral VT\u00da\"}]},{\"@type\":\"WebSite\",\"@id\":\"https:\\\/\\\/www.vtusp.cz\\\/en\\\/#website\",\"url\":\"https:\\\/\\\/www.vtusp.cz\\\/en\\\/\",\"name\":\"VT\u00da s.p.\",\"description\":\"\",\"potentialAction\":[{\"@type\":\"SearchAction\",\"target\":{\"@type\":\"EntryPoint\",\"urlTemplate\":\"https:\\\/\\\/www.vtusp.cz\\\/en\\\/?s={search_term_string}\"},\"query-input\":{\"@type\":\"PropertyValueSpecification\",\"valueRequired\":true,\"valueName\":\"search_term_string\"}}],\"inLanguage\":\"en-US\"},{\"@type\":\"Person\",\"@id\":\"https:\\\/\\\/www.vtusp.cz\\\/en\\\/#\\\/schema\\\/person\\\/1ffad1637ba9d662a128049ecd84d95d\",\"name\":\"Jakub Machala\",\"image\":{\"@type\":\"ImageObject\",\"inLanguage\":\"en-US\",\"@id\":\"https:\\\/\\\/secure.gravatar.com\\\/avatar\\\/88e7cb03fce3c4ba056b6a5e90d43b02a5ada33ac7b70e338c2c537f7b1ae106?s=96&d=mm&r=g\",\"url\":\"https:\\\/\\\/secure.gravatar.com\\\/avatar\\\/88e7cb03fce3c4ba056b6a5e90d43b02a5ada33ac7b70e338c2c537f7b1ae106?s=96&d=mm&r=g\",\"contentUrl\":\"https:\\\/\\\/secure.gravatar.com\\\/avatar\\\/88e7cb03fce3c4ba056b6a5e90d43b02a5ada33ac7b70e338c2c537f7b1ae106?s=96&d=mm&r=g\",\"caption\":\"Jakub Machala\"}}]}<\/script>\n<!-- \/ Yoast SEO plugin. -->","yoast_head_json":{"title":"\u010cesk\u00fd v\u00fdrobce bezpilotn\u00edch letadel si vybral VT\u00da | VT\u00da s.p.","robots":{"index":"index","follow":"follow","max-snippet":"max-snippet:-1","max-image-preview":"max-image-preview:large","max-video-preview":"max-video-preview:-1"},"canonical":"https:\/\/www.vtusp.cz\/en\/aktuality\/cesky-vyrobce-bezpilotnich-letadel-si-vybral-vtu\/","og_locale":"en_US","og_type":"article","og_title":"\u010cesk\u00fd v\u00fdrobce bezpilotn\u00edch letadel si vybral VT\u00da | VT\u00da s.p.","og_description":"Vojensk\u00fd technick\u00fd \u00fastav, s. p. byl vybr\u00e1n spole\u010dnost\u00ed Primoco UAV SE ke strategick\u00e9 spolupr\u00e1ci v&nbsp;oblasti bezpilotn\u00edch letadel. Mezi ob\u011bma institucemi byla uzav\u0159ena dohoda, jej\u00edm\u017e obsahem je integrace letounu a jeho...","og_url":"https:\/\/www.vtusp.cz\/en\/aktuality\/cesky-vyrobce-bezpilotnich-letadel-si-vybral-vtu\/","og_site_name":"VT\u00da s.p.","article_published_time":"2020-05-19T13:55:00+00:00","article_modified_time":"2020-05-27T13:55:28+00:00","og_image":[{"width":661,"height":800,"url":"https:\/\/www.vtusp.cz\/files\/uploads\/2020\/05\/aktuality-vtu.jpg","type":"image\/jpeg"}],"author":"Jakub Machala","twitter_card":"summary_large_image","twitter_misc":{"Written by":"Jakub Machala"},"schema":{"@context":"https:\/\/schema.org","@graph":[{"@type":"Article","@id":"https:\/\/www.vtusp.cz\/en\/aktuality\/cesky-vyrobce-bezpilotnich-letadel-si-vybral-vtu\/#article","isPartOf":{"@id":"https:\/\/www.vtusp.cz\/en\/aktuality\/cesky-vyrobce-bezpilotnich-letadel-si-vybral-vtu\/"},"author":{"name":"Jakub Machala","@id":"https:\/\/www.vtusp.cz\/en\/#\/schema\/person\/1ffad1637ba9d662a128049ecd84d95d"},"headline":"\u010cesk\u00fd v\u00fdrobce bezpilotn\u00edch letadel si vybral VT\u00da","datePublished":"2020-05-19T13:55:00+00:00","dateModified":"2020-05-27T13:55:28+00:00","mainEntityOfPage":{"@id":"https:\/\/www.vtusp.cz\/en\/aktuality\/cesky-vyrobce-bezpilotnich-letadel-si-vybral-vtu\/"},"wordCount":100,"commentCount":0,"image":{"@id":"https:\/\/www.vtusp.cz\/en\/aktuality\/cesky-vyrobce-bezpilotnich-letadel-si-vybral-vtu\/#primaryimage"},"thumbnailUrl":"https:\/\/www.vtusp.cz\/files\/uploads\/2020\/05\/aktuality-vtu.jpg","articleSection":["Aktuality"],"inLanguage":"en-US","potentialAction":[{"@type":"CommentAction","name":"Comment","target":["https:\/\/www.vtusp.cz\/en\/aktuality\/cesky-vyrobce-bezpilotnich-letadel-si-vybral-vtu\/#respond"]}]},{"@type":"WebPage","@id":"https:\/\/www.vtusp.cz\/en\/aktuality\/cesky-vyrobce-bezpilotnich-letadel-si-vybral-vtu\/","url":"https:\/\/www.vtusp.cz\/en\/aktuality\/cesky-vyrobce-bezpilotnich-letadel-si-vybral-vtu\/","name":"\u010cesk\u00fd v\u00fdrobce bezpilotn\u00edch letadel si vybral VT\u00da | VT\u00da s.p.","isPartOf":{"@id":"https:\/\/www.vtusp.cz\/en\/#website"},"primaryImageOfPage":{"@id":"https:\/\/www.vtusp.cz\/en\/aktuality\/cesky-vyrobce-bezpilotnich-letadel-si-vybral-vtu\/#primaryimage"},"image":{"@id":"https:\/\/www.vtusp.cz\/en\/aktuality\/cesky-vyrobce-bezpilotnich-letadel-si-vybral-vtu\/#primaryimage"},"thumbnailUrl":"https:\/\/www.vtusp.cz\/files\/uploads\/2020\/05\/aktuality-vtu.jpg","datePublished":"2020-05-19T13:55:00+00:00","dateModified":"2020-05-27T13:55:28+00:00","author":{"@id":"https:\/\/www.vtusp.cz\/en\/#\/schema\/person\/1ffad1637ba9d662a128049ecd84d95d"},"breadcrumb":{"@id":"https:\/\/www.vtusp.cz\/en\/aktuality\/cesky-vyrobce-bezpilotnich-letadel-si-vybral-vtu\/#breadcrumb"},"inLanguage":"en-US","potentialAction":[{"@type":"ReadAction","target":["https:\/\/www.vtusp.cz\/en\/aktuality\/cesky-vyrobce-bezpilotnich-letadel-si-vybral-vtu\/"]}]},{"@type":"ImageObject","inLanguage":"en-US","@id":"https:\/\/www.vtusp.cz\/en\/aktuality\/cesky-vyrobce-bezpilotnich-letadel-si-vybral-vtu\/#primaryimage","url":"https:\/\/www.vtusp.cz\/files\/uploads\/2020\/05\/aktuality-vtu.jpg","contentUrl":"https:\/\/www.vtusp.cz\/files\/uploads\/2020\/05\/aktuality-vtu.jpg","width":661,"height":800},{"@type":"BreadcrumbList","@id":"https:\/\/www.vtusp.cz\/en\/aktuality\/cesky-vyrobce-bezpilotnich-letadel-si-vybral-vtu\/#breadcrumb","itemListElement":[{"@type":"ListItem","position":1,"name":"Home","item":"https:\/\/www.vtusp.cz\/en\/"},{"@type":"ListItem","position":2,"name":"\u010cesk\u00fd v\u00fdrobce bezpilotn\u00edch letadel si vybral VT\u00da"}]},{"@type":"WebSite","@id":"https:\/\/www.vtusp.cz\/en\/#website","url":"https:\/\/www.vtusp.cz\/en\/","name":"VT\u00da s.p.","description":"","potentialAction":[{"@type":"SearchAction","target":{"@type":"EntryPoint","urlTemplate":"https:\/\/www.vtusp.cz\/en\/?s={search_term_string}"},"query-input":{"@type":"PropertyValueSpecification","valueRequired":true,"valueName":"search_term_string"}}],"inLanguage":"en-US"},{"@type":"Person","@id":"https:\/\/www.vtusp.cz\/en\/#\/schema\/person\/1ffad1637ba9d662a128049ecd84d95d","name":"Jakub Machala","image":{"@type":"ImageObject","inLanguage":"en-US","@id":"https:\/\/secure.gravatar.com\/avatar\/88e7cb03fce3c4ba056b6a5e90d43b02a5ada33ac7b70e338c2c537f7b1ae106?s=96&d=mm&r=g","url":"https:\/\/secure.gravatar.com\/avatar\/88e7cb03fce3c4ba056b6a5e90d43b02a5ada33ac7b70e338c2c537f7b1ae106?s=96&d=mm&r=g","contentUrl":"https:\/\/secure.gravatar.com\/avatar\/88e7cb03fce3c4ba056b6a5e90d43b02a5ada33ac7b70e338c2c537f7b1ae106?s=96&d=mm&r=g","caption":"Jakub Machala"}}]}},"_links":{"self":[{"href":"https:\/\/www.vtusp.cz\/en\/wp-json\/wp\/v2\/posts\/1820","targetHints":{"allow":["GET"]}}],"collection":[{"href":"https:\/\/www.vtusp.cz\/en\/wp-json\/wp\/v2\/posts"}],"about":[{"href":"https:\/\/www.vtusp.cz\/en\/wp-json\/wp\/v2\/types\/post"}],"author":[{"embeddable":true,"href":"https:\/\/www.vtusp.cz\/en\/wp-json\/wp\/v2\/users\/1"}],"replies":[{"embeddable":true,"href":"https:\/\/www.vtusp.cz\/en\/wp-json\/wp\/v2\/comments?post=1820"}],"version-history":[{"count":3,"href":"https:\/\/www.vtusp.cz\/en\/wp-json\/wp\/v2\/posts\/1820\/revisions"}],"predecessor-version":[{"id":1827,"href":"https:\/\/www.vtusp.cz\/en\/wp-json\/wp\/v2\/posts\/1820\/revisions\/1827"}],"wp:featuredmedia":[{"embeddable":true,"href":"https:\/\/www.vtusp.cz\/en\/wp-json\/wp\/v2\/media\/1823"}],"wp:attachment":[{"href":"https:\/\/www.vtusp.cz\/en\/wp-json\/wp\/v2\/media?parent=1820"}],"wp:term":[{"taxonomy":"category","embeddable":true,"href":"https:\/\/www.vtusp.cz\/en\/wp-json\/wp\/v2\/categories?post=1820"}],"curies":[{"name":"wp","href":"https:\/\/api.w.org\/{rel}","templated":true}]}}