{"id":10992,"date":"2026-02-12T14:14:10","date_gmt":"2026-02-12T13:14:10","guid":{"rendered":"https:\/\/www.vtusp.cz\/?p=10992"},"modified":"2026-02-12T14:14:13","modified_gmt":"2026-02-12T13:14:13","slug":"vtuvm-slavicin-rozsiruje-vyrobni-kapacity-nova-hala-roste-podle-planu","status":"publish","type":"post","link":"https:\/\/www.vtusp.cz\/en\/aktuality\/vtuvm-slavicin-rozsiruje-vyrobni-kapacity-nova-hala-roste-podle-planu\/","title":{"rendered":"VT\u00daVM Slavi\u010d\u00edn roz\u0161i\u0159uje v\u00fdrobn\u00ed kapacity, nov\u00e1 hala roste podle pl\u00e1nu"},"content":{"rendered":"<div class=\"element core-paragraph\">\n<p>Od\u0161t\u011bpn\u00fd z\u00e1vod&nbsp;VT\u00daVM Slavi\u010d\u00edn&nbsp;vstupuje do dal\u0161\u00ed d\u016fle\u017eit\u00e9 etapy sv\u00e9ho rozvoje. Zaji\u0161t\u011bn\u00ed dostate\u010dn\u00fdch v\u00fdrobn\u00edch kapacit je toti\u017e z\u00e1kladn\u00edm p\u0159edpokladem pro \u00fasp\u011b\u0161n\u00e9 zvl\u00e1dnut\u00ed zak\u00e1zek, kter\u00e9 z\u00e1vod \u010dekaj\u00ed v n\u00e1sleduj\u00edc\u00edch letech. V horizontu minim\u00e1ln\u011b p\u011bti let se p\u0159edpokl\u00e1d\u00e1 soub\u011bh n\u011bkolika projekt\u016f, p\u0159i nich\u017e bude sou\u010dasn\u011b prob\u00edhat v\u00fdroba i servis v\u00edce vozidel.<\/p>\n<\/div>\n\n<div class=\"element core-paragraph\">\n<p>Tento o\u010dek\u00e1van\u00fd n\u00e1r\u016fst aktivit si vy\u017e\u00e1dal strategick\u00e9 rozhodnut\u00ed. Vzhledem k tomu, \u017ee dosavadn\u00ed kapacity ji\u017e neodpov\u00eddaly budouc\u00edm pot\u0159eb\u00e1m, rozhodl se management&nbsp;VT\u00da v roce 2025&nbsp;realizovat v\u00fdznamnou investi\u010dn\u00ed akci \u2013&nbsp;v\u00fdstavbu nov\u00e9 v\u00fdrobn\u00ed haly&nbsp;v are\u00e1lu VT\u00daVM Slavi\u010d\u00edn.<\/p>\n<\/div>\n\n<div class=\"element core-paragraph\">\n<p><strong>Staveni\u0161t\u011b bylo stavebn\u00ed firm\u011b p\u0159ed\u00e1no v\u00a0z\u00e1\u0159\u00ed 2025\u00a0s jasn\u011b stanoven\u00fdm c\u00edlem: dokon\u010den\u00ed stavby\u00a0na konci dubna 2026. Aktu\u00e1ln\u00ed pr\u016fb\u011bh v\u00fdstavby potvrzuje, \u017ee tento harmonogram je re\u00e1ln\u00fd. V sou\u010dasn\u00e9 dob\u011b ji\u017e prob\u00edh\u00e1 dokon\u010dov\u00e1n\u00ed\u00a0hrub\u00e9 stavby, co\u017e p\u0159edstavuje jeden z kl\u00ed\u010dov\u00fdch miln\u00edk\u016f cel\u00e9ho projektu.<\/strong><\/p>\n<\/div>\n\n<div class=\"element core-paragraph\">\n<p>Nov\u00e1 hala v\u00fdrazn\u011b pos\u00edl\u00ed v\u00fdrobn\u00ed a servisn\u00ed mo\u017enosti z\u00e1vodu a vytvo\u0159\u00ed pot\u0159ebn\u00e9 z\u00e1zem\u00ed pro realizaci n\u00e1ro\u010dn\u00fdch zak\u00e1zek v n\u00e1sleduj\u00edc\u00edch letech. Investice tak nen\u00ed pouze reakc\u00ed na aktu\u00e1ln\u00ed pot\u0159eby, ale p\u0159edev\u0161\u00edm krokem sm\u011brem k dlouhodob\u00e9 stabilit\u011b a rozvoji VT\u00daVM Slavi\u010d\u00edn.<\/p>\n<\/div>\n\n<div class=\"element core-paragraph\">\n<p><strong>Postup v\u00fdstavby nov\u00e9 v\u00fdrobn\u00ed haly dokumentuj\u00ed\u00a0\u010dasosb\u011brn\u00e9 fotografie, kter\u00e9 n\u00e1zorn\u011b ukazuj\u00ed, jak se projekt krok za krokem posouv\u00e1 od prvotn\u00edho z\u00e1m\u011bru k re\u00e1ln\u00e9 podob\u011b. Tyto z\u00e1b\u011bry jsou d\u016fkazem, \u017ee investice, kter\u00e1 m\u00e1 z\u00e1sadn\u00ed v\u00fdznam pro budoucnost z\u00e1vodu, se \u00fasp\u011b\u0161n\u011b m\u011bn\u00ed ve skute\u010dnost.<\/strong><\/p>\n<\/div>\n\n<div class=\"element core-image\">\n<figure class=\"wp-block-image size-large\"><img decoding=\"async\" width=\"1600\" height=\"1200\" src=\"https:\/\/www.vtusp.cz\/files\/smush-webp\/2026\/02\/vtu_hala_02-1600x1200.jpg.webp\" alt=\"\" class=\"wp-image-10996\" srcset=\"https:\/\/www.vtusp.cz\/files\/smush-webp\/2026\/02\/vtu_hala_02-1600x1200.jpg.webp 1600w, https:\/\/www.vtusp.cz\/files\/smush-webp\/2026\/02\/vtu_hala_02-900x675.jpg.webp 900w, https:\/\/www.vtusp.cz\/files\/smush-webp\/2026\/02\/vtu_hala_02-768x576.jpg.webp 768w, https:\/\/www.vtusp.cz\/files\/smush-webp\/2026\/02\/vtu_hala_02-1536x1152.jpg.webp 1536w, https:\/\/www.vtusp.cz\/files\/smush-webp\/2026\/02\/vtu_hala_02-2048x1536.jpg.webp 2048w, https:\/\/www.vtusp.cz\/files\/smush-webp\/2026\/02\/vtu_hala_02-1200x900.jpg.webp 1200w\" sizes=\"(max-width: 1600px) 100vw, 1600px\" \/><\/figure>\n<\/div>\n\n<div class=\"element core-image\">\n<figure class=\"wp-block-image size-large\"><img decoding=\"async\" width=\"1600\" height=\"1200\" src=\"https:\/\/www.vtusp.cz\/files\/smush-webp\/2026\/02\/vtu_hala_03-1600x1200.jpg.webp\" alt=\"\" class=\"wp-image-10995\" srcset=\"https:\/\/www.vtusp.cz\/files\/smush-webp\/2026\/02\/vtu_hala_03-1600x1200.jpg.webp 1600w, https:\/\/www.vtusp.cz\/files\/smush-webp\/2026\/02\/vtu_hala_03-900x675.jpg.webp 900w, https:\/\/www.vtusp.cz\/files\/smush-webp\/2026\/02\/vtu_hala_03-768x576.jpg.webp 768w, https:\/\/www.vtusp.cz\/files\/smush-webp\/2026\/02\/vtu_hala_03-1536x1152.jpg.webp 1536w, https:\/\/www.vtusp.cz\/files\/smush-webp\/2026\/02\/vtu_hala_03-2048x1536.jpg.webp 2048w, https:\/\/www.vtusp.cz\/files\/smush-webp\/2026\/02\/vtu_hala_03-1200x900.jpg.webp 1200w\" sizes=\"(max-width: 1600px) 100vw, 1600px\" \/><\/figure>\n<\/div>\n\n<div class=\"element core-image\">\n<figure class=\"wp-block-image size-large\"><img decoding=\"async\" width=\"1200\" height=\"1600\" src=\"https:\/\/www.vtusp.cz\/files\/smush-webp\/2026\/02\/vtu_hala_04-1200x1600.jpg.webp\" alt=\"\" class=\"wp-image-10994\" srcset=\"https:\/\/www.vtusp.cz\/files\/smush-webp\/2026\/02\/vtu_hala_04-1200x1600.jpg.webp 1200w, https:\/\/www.vtusp.cz\/files\/smush-webp\/2026\/02\/vtu_hala_04-675x900.jpg.webp 675w, https:\/\/www.vtusp.cz\/files\/smush-webp\/2026\/02\/vtu_hala_04-768x1024.jpg.webp 768w, https:\/\/www.vtusp.cz\/files\/smush-webp\/2026\/02\/vtu_hala_04-1152x1536.jpg.webp 1152w, https:\/\/www.vtusp.cz\/files\/smush-webp\/2026\/02\/vtu_hala_04-1536x2048.jpg.webp 1536w\" sizes=\"(max-width: 1200px) 100vw, 1200px\" \/><\/figure>\n<\/div>","protected":false},"excerpt":{"rendered":"<p>Od\u0161t\u011bpn\u00fd z\u00e1vod&nbsp;VT\u00daVM Slavi\u010d\u00edn&nbsp;vstupuje do dal\u0161\u00ed d\u016fle\u017eit\u00e9 etapy sv\u00e9ho rozvoje. Zaji\u0161t\u011bn\u00ed dostate\u010dn\u00fdch v\u00fdrobn\u00edch kapacit je toti\u017e z\u00e1kladn\u00edm p\u0159edpokladem pro \u00fasp\u011b\u0161n\u00e9 zvl\u00e1dnut\u00ed zak\u00e1zek, kter\u00e9 z\u00e1vod \u010dekaj\u00ed v n\u00e1sleduj\u00edc\u00edch letech. V horizontu minim\u00e1ln\u011b&#8230;<\/p>\n","protected":false},"author":1,"featured_media":10993,"comment_status":"open","ping_status":"closed","sticky":false,"template":"","format":"standard","meta":{"_acf_changed":false,"inline_featured_image":false,"footnotes":""},"categories":[1],"class_list":["post-10992","post","type-post","status-publish","format-standard","has-post-thumbnail","hentry","category-aktuality"],"acf":[],"yoast_head":"<!-- This site is optimized with the Yoast SEO plugin v27.4 - https:\/\/yoast.com\/product\/yoast-seo-wordpress\/ -->\n<title>VT\u00daVM Slavi\u010d\u00edn roz\u0161i\u0159uje v\u00fdrobn\u00ed kapacity, nov\u00e1 hala roste podle pl\u00e1nu | VT\u00da s.p.<\/title>\n<meta name=\"robots\" content=\"index, follow, max-snippet:-1, max-image-preview:large, max-video-preview:-1\" \/>\n<link rel=\"canonical\" href=\"https:\/\/www.vtusp.cz\/en\/aktuality\/vtuvm-slavicin-rozsiruje-vyrobni-kapacity-nova-hala-roste-podle-planu\/\" \/>\n<meta property=\"og:locale\" content=\"en_US\" \/>\n<meta property=\"og:type\" content=\"article\" \/>\n<meta property=\"og:title\" content=\"VT\u00daVM Slavi\u010d\u00edn roz\u0161i\u0159uje v\u00fdrobn\u00ed kapacity, nov\u00e1 hala roste podle pl\u00e1nu | VT\u00da s.p.\" \/>\n<meta property=\"og:description\" content=\"Od\u0161t\u011bpn\u00fd z\u00e1vod&nbsp;VT\u00daVM Slavi\u010d\u00edn&nbsp;vstupuje do dal\u0161\u00ed d\u016fle\u017eit\u00e9 etapy sv\u00e9ho rozvoje. Zaji\u0161t\u011bn\u00ed dostate\u010dn\u00fdch v\u00fdrobn\u00edch kapacit je toti\u017e z\u00e1kladn\u00edm p\u0159edpokladem pro \u00fasp\u011b\u0161n\u00e9 zvl\u00e1dnut\u00ed zak\u00e1zek, kter\u00e9 z\u00e1vod \u010dekaj\u00ed v n\u00e1sleduj\u00edc\u00edch letech. V horizontu minim\u00e1ln\u011b...\" \/>\n<meta property=\"og:url\" content=\"https:\/\/www.vtusp.cz\/en\/aktuality\/vtuvm-slavicin-rozsiruje-vyrobni-kapacity-nova-hala-roste-podle-planu\/\" \/>\n<meta property=\"og:site_name\" content=\"VT\u00da s.p.\" \/>\n<meta property=\"article:published_time\" content=\"2026-02-12T13:14:10+00:00\" \/>\n<meta property=\"article:modified_time\" content=\"2026-02-12T13:14:13+00:00\" \/>\n<meta property=\"og:image\" content=\"https:\/\/www.vtusp.cz\/files\/uploads\/2026\/02\/vtu_hala_01-1600x1200.jpg\" \/>\n\t<meta property=\"og:image:width\" content=\"1600\" \/>\n\t<meta property=\"og:image:height\" content=\"1200\" \/>\n\t<meta property=\"og:image:type\" content=\"image\/jpeg\" \/>\n<meta name=\"author\" content=\"Jakub Machala\" \/>\n<meta name=\"twitter:card\" content=\"summary_large_image\" \/>\n<meta name=\"twitter:label1\" content=\"Written by\" \/>\n\t<meta name=\"twitter:data1\" content=\"Jakub Machala\" \/>\n\t<meta name=\"twitter:label2\" content=\"Est. reading time\" \/>\n\t<meta name=\"twitter:data2\" content=\"2 minutes\" \/>\n<script type=\"application\/ld+json\" class=\"yoast-schema-graph\">{\"@context\":\"https:\\\/\\\/schema.org\",\"@graph\":[{\"@type\":\"Article\",\"@id\":\"https:\\\/\\\/www.vtusp.cz\\\/en\\\/aktuality\\\/vtuvm-slavicin-rozsiruje-vyrobni-kapacity-nova-hala-roste-podle-planu\\\/#article\",\"isPartOf\":{\"@id\":\"https:\\\/\\\/www.vtusp.cz\\\/en\\\/aktuality\\\/vtuvm-slavicin-rozsiruje-vyrobni-kapacity-nova-hala-roste-podle-planu\\\/\"},\"author\":{\"name\":\"Jakub Machala\",\"@id\":\"https:\\\/\\\/www.vtusp.cz\\\/en\\\/#\\\/schema\\\/person\\\/1ffad1637ba9d662a128049ecd84d95d\"},\"headline\":\"VT\u00daVM Slavi\u010d\u00edn roz\u0161i\u0159uje v\u00fdrobn\u00ed kapacity, nov\u00e1 hala roste podle pl\u00e1nu\",\"datePublished\":\"2026-02-12T13:14:10+00:00\",\"dateModified\":\"2026-02-12T13:14:13+00:00\",\"mainEntityOfPage\":{\"@id\":\"https:\\\/\\\/www.vtusp.cz\\\/en\\\/aktuality\\\/vtuvm-slavicin-rozsiruje-vyrobni-kapacity-nova-hala-roste-podle-planu\\\/\"},\"wordCount\":338,\"commentCount\":0,\"image\":{\"@id\":\"https:\\\/\\\/www.vtusp.cz\\\/en\\\/aktuality\\\/vtuvm-slavicin-rozsiruje-vyrobni-kapacity-nova-hala-roste-podle-planu\\\/#primaryimage\"},\"thumbnailUrl\":\"https:\\\/\\\/www.vtusp.cz\\\/files\\\/uploads\\\/2026\\\/02\\\/vtu_hala_01.jpg\",\"articleSection\":[\"Aktuality\"],\"inLanguage\":\"en-US\",\"potentialAction\":[{\"@type\":\"CommentAction\",\"name\":\"Comment\",\"target\":[\"https:\\\/\\\/www.vtusp.cz\\\/en\\\/aktuality\\\/vtuvm-slavicin-rozsiruje-vyrobni-kapacity-nova-hala-roste-podle-planu\\\/#respond\"]}]},{\"@type\":\"WebPage\",\"@id\":\"https:\\\/\\\/www.vtusp.cz\\\/en\\\/aktuality\\\/vtuvm-slavicin-rozsiruje-vyrobni-kapacity-nova-hala-roste-podle-planu\\\/\",\"url\":\"https:\\\/\\\/www.vtusp.cz\\\/en\\\/aktuality\\\/vtuvm-slavicin-rozsiruje-vyrobni-kapacity-nova-hala-roste-podle-planu\\\/\",\"name\":\"VT\u00daVM Slavi\u010d\u00edn roz\u0161i\u0159uje v\u00fdrobn\u00ed kapacity, nov\u00e1 hala roste podle pl\u00e1nu | VT\u00da s.p.\",\"isPartOf\":{\"@id\":\"https:\\\/\\\/www.vtusp.cz\\\/en\\\/#website\"},\"primaryImageOfPage\":{\"@id\":\"https:\\\/\\\/www.vtusp.cz\\\/en\\\/aktuality\\\/vtuvm-slavicin-rozsiruje-vyrobni-kapacity-nova-hala-roste-podle-planu\\\/#primaryimage\"},\"image\":{\"@id\":\"https:\\\/\\\/www.vtusp.cz\\\/en\\\/aktuality\\\/vtuvm-slavicin-rozsiruje-vyrobni-kapacity-nova-hala-roste-podle-planu\\\/#primaryimage\"},\"thumbnailUrl\":\"https:\\\/\\\/www.vtusp.cz\\\/files\\\/uploads\\\/2026\\\/02\\\/vtu_hala_01.jpg\",\"datePublished\":\"2026-02-12T13:14:10+00:00\",\"dateModified\":\"2026-02-12T13:14:13+00:00\",\"author\":{\"@id\":\"https:\\\/\\\/www.vtusp.cz\\\/en\\\/#\\\/schema\\\/person\\\/1ffad1637ba9d662a128049ecd84d95d\"},\"breadcrumb\":{\"@id\":\"https:\\\/\\\/www.vtusp.cz\\\/en\\\/aktuality\\\/vtuvm-slavicin-rozsiruje-vyrobni-kapacity-nova-hala-roste-podle-planu\\\/#breadcrumb\"},\"inLanguage\":\"en-US\",\"potentialAction\":[{\"@type\":\"ReadAction\",\"target\":[\"https:\\\/\\\/www.vtusp.cz\\\/en\\\/aktuality\\\/vtuvm-slavicin-rozsiruje-vyrobni-kapacity-nova-hala-roste-podle-planu\\\/\"]}]},{\"@type\":\"ImageObject\",\"inLanguage\":\"en-US\",\"@id\":\"https:\\\/\\\/www.vtusp.cz\\\/en\\\/aktuality\\\/vtuvm-slavicin-rozsiruje-vyrobni-kapacity-nova-hala-roste-podle-planu\\\/#primaryimage\",\"url\":\"https:\\\/\\\/www.vtusp.cz\\\/files\\\/uploads\\\/2026\\\/02\\\/vtu_hala_01.jpg\",\"contentUrl\":\"https:\\\/\\\/www.vtusp.cz\\\/files\\\/uploads\\\/2026\\\/02\\\/vtu_hala_01.jpg\",\"width\":4000,\"height\":3000},{\"@type\":\"BreadcrumbList\",\"@id\":\"https:\\\/\\\/www.vtusp.cz\\\/en\\\/aktuality\\\/vtuvm-slavicin-rozsiruje-vyrobni-kapacity-nova-hala-roste-podle-planu\\\/#breadcrumb\",\"itemListElement\":[{\"@type\":\"ListItem\",\"position\":1,\"name\":\"Home\",\"item\":\"https:\\\/\\\/www.vtusp.cz\\\/en\\\/\"},{\"@type\":\"ListItem\",\"position\":2,\"name\":\"VT\u00daVM Slavi\u010d\u00edn roz\u0161i\u0159uje v\u00fdrobn\u00ed kapacity, nov\u00e1 hala roste podle pl\u00e1nu\"}]},{\"@type\":\"WebSite\",\"@id\":\"https:\\\/\\\/www.vtusp.cz\\\/en\\\/#website\",\"url\":\"https:\\\/\\\/www.vtusp.cz\\\/en\\\/\",\"name\":\"VT\u00da s.p.\",\"description\":\"\",\"potentialAction\":[{\"@type\":\"SearchAction\",\"target\":{\"@type\":\"EntryPoint\",\"urlTemplate\":\"https:\\\/\\\/www.vtusp.cz\\\/en\\\/?s={search_term_string}\"},\"query-input\":{\"@type\":\"PropertyValueSpecification\",\"valueRequired\":true,\"valueName\":\"search_term_string\"}}],\"inLanguage\":\"en-US\"},{\"@type\":\"Person\",\"@id\":\"https:\\\/\\\/www.vtusp.cz\\\/en\\\/#\\\/schema\\\/person\\\/1ffad1637ba9d662a128049ecd84d95d\",\"name\":\"Jakub Machala\",\"image\":{\"@type\":\"ImageObject\",\"inLanguage\":\"en-US\",\"@id\":\"https:\\\/\\\/secure.gravatar.com\\\/avatar\\\/88e7cb03fce3c4ba056b6a5e90d43b02a5ada33ac7b70e338c2c537f7b1ae106?s=96&d=mm&r=g\",\"url\":\"https:\\\/\\\/secure.gravatar.com\\\/avatar\\\/88e7cb03fce3c4ba056b6a5e90d43b02a5ada33ac7b70e338c2c537f7b1ae106?s=96&d=mm&r=g\",\"contentUrl\":\"https:\\\/\\\/secure.gravatar.com\\\/avatar\\\/88e7cb03fce3c4ba056b6a5e90d43b02a5ada33ac7b70e338c2c537f7b1ae106?s=96&d=mm&r=g\",\"caption\":\"Jakub Machala\"}}]}<\/script>\n<!-- \/ Yoast SEO plugin. -->","yoast_head_json":{"title":"VT\u00daVM Slavi\u010d\u00edn roz\u0161i\u0159uje v\u00fdrobn\u00ed kapacity, nov\u00e1 hala roste podle pl\u00e1nu | VT\u00da s.p.","robots":{"index":"index","follow":"follow","max-snippet":"max-snippet:-1","max-image-preview":"max-image-preview:large","max-video-preview":"max-video-preview:-1"},"canonical":"https:\/\/www.vtusp.cz\/en\/aktuality\/vtuvm-slavicin-rozsiruje-vyrobni-kapacity-nova-hala-roste-podle-planu\/","og_locale":"en_US","og_type":"article","og_title":"VT\u00daVM Slavi\u010d\u00edn roz\u0161i\u0159uje v\u00fdrobn\u00ed kapacity, nov\u00e1 hala roste podle pl\u00e1nu | VT\u00da s.p.","og_description":"Od\u0161t\u011bpn\u00fd z\u00e1vod&nbsp;VT\u00daVM Slavi\u010d\u00edn&nbsp;vstupuje do dal\u0161\u00ed d\u016fle\u017eit\u00e9 etapy sv\u00e9ho rozvoje. Zaji\u0161t\u011bn\u00ed dostate\u010dn\u00fdch v\u00fdrobn\u00edch kapacit je toti\u017e z\u00e1kladn\u00edm p\u0159edpokladem pro \u00fasp\u011b\u0161n\u00e9 zvl\u00e1dnut\u00ed zak\u00e1zek, kter\u00e9 z\u00e1vod \u010dekaj\u00ed v n\u00e1sleduj\u00edc\u00edch letech. V horizontu minim\u00e1ln\u011b...","og_url":"https:\/\/www.vtusp.cz\/en\/aktuality\/vtuvm-slavicin-rozsiruje-vyrobni-kapacity-nova-hala-roste-podle-planu\/","og_site_name":"VT\u00da s.p.","article_published_time":"2026-02-12T13:14:10+00:00","article_modified_time":"2026-02-12T13:14:13+00:00","og_image":[{"width":1600,"height":1200,"url":"https:\/\/www.vtusp.cz\/files\/uploads\/2026\/02\/vtu_hala_01-1600x1200.jpg","type":"image\/jpeg"}],"author":"Jakub Machala","twitter_card":"summary_large_image","twitter_misc":{"Written by":"Jakub Machala","Est. reading time":"2 minutes"},"schema":{"@context":"https:\/\/schema.org","@graph":[{"@type":"Article","@id":"https:\/\/www.vtusp.cz\/en\/aktuality\/vtuvm-slavicin-rozsiruje-vyrobni-kapacity-nova-hala-roste-podle-planu\/#article","isPartOf":{"@id":"https:\/\/www.vtusp.cz\/en\/aktuality\/vtuvm-slavicin-rozsiruje-vyrobni-kapacity-nova-hala-roste-podle-planu\/"},"author":{"name":"Jakub Machala","@id":"https:\/\/www.vtusp.cz\/en\/#\/schema\/person\/1ffad1637ba9d662a128049ecd84d95d"},"headline":"VT\u00daVM Slavi\u010d\u00edn roz\u0161i\u0159uje v\u00fdrobn\u00ed kapacity, nov\u00e1 hala roste podle pl\u00e1nu","datePublished":"2026-02-12T13:14:10+00:00","dateModified":"2026-02-12T13:14:13+00:00","mainEntityOfPage":{"@id":"https:\/\/www.vtusp.cz\/en\/aktuality\/vtuvm-slavicin-rozsiruje-vyrobni-kapacity-nova-hala-roste-podle-planu\/"},"wordCount":338,"commentCount":0,"image":{"@id":"https:\/\/www.vtusp.cz\/en\/aktuality\/vtuvm-slavicin-rozsiruje-vyrobni-kapacity-nova-hala-roste-podle-planu\/#primaryimage"},"thumbnailUrl":"https:\/\/www.vtusp.cz\/files\/uploads\/2026\/02\/vtu_hala_01.jpg","articleSection":["Aktuality"],"inLanguage":"en-US","potentialAction":[{"@type":"CommentAction","name":"Comment","target":["https:\/\/www.vtusp.cz\/en\/aktuality\/vtuvm-slavicin-rozsiruje-vyrobni-kapacity-nova-hala-roste-podle-planu\/#respond"]}]},{"@type":"WebPage","@id":"https:\/\/www.vtusp.cz\/en\/aktuality\/vtuvm-slavicin-rozsiruje-vyrobni-kapacity-nova-hala-roste-podle-planu\/","url":"https:\/\/www.vtusp.cz\/en\/aktuality\/vtuvm-slavicin-rozsiruje-vyrobni-kapacity-nova-hala-roste-podle-planu\/","name":"VT\u00daVM Slavi\u010d\u00edn roz\u0161i\u0159uje v\u00fdrobn\u00ed kapacity, nov\u00e1 hala roste podle pl\u00e1nu | VT\u00da s.p.","isPartOf":{"@id":"https:\/\/www.vtusp.cz\/en\/#website"},"primaryImageOfPage":{"@id":"https:\/\/www.vtusp.cz\/en\/aktuality\/vtuvm-slavicin-rozsiruje-vyrobni-kapacity-nova-hala-roste-podle-planu\/#primaryimage"},"image":{"@id":"https:\/\/www.vtusp.cz\/en\/aktuality\/vtuvm-slavicin-rozsiruje-vyrobni-kapacity-nova-hala-roste-podle-planu\/#primaryimage"},"thumbnailUrl":"https:\/\/www.vtusp.cz\/files\/uploads\/2026\/02\/vtu_hala_01.jpg","datePublished":"2026-02-12T13:14:10+00:00","dateModified":"2026-02-12T13:14:13+00:00","author":{"@id":"https:\/\/www.vtusp.cz\/en\/#\/schema\/person\/1ffad1637ba9d662a128049ecd84d95d"},"breadcrumb":{"@id":"https:\/\/www.vtusp.cz\/en\/aktuality\/vtuvm-slavicin-rozsiruje-vyrobni-kapacity-nova-hala-roste-podle-planu\/#breadcrumb"},"inLanguage":"en-US","potentialAction":[{"@type":"ReadAction","target":["https:\/\/www.vtusp.cz\/en\/aktuality\/vtuvm-slavicin-rozsiruje-vyrobni-kapacity-nova-hala-roste-podle-planu\/"]}]},{"@type":"ImageObject","inLanguage":"en-US","@id":"https:\/\/www.vtusp.cz\/en\/aktuality\/vtuvm-slavicin-rozsiruje-vyrobni-kapacity-nova-hala-roste-podle-planu\/#primaryimage","url":"https:\/\/www.vtusp.cz\/files\/uploads\/2026\/02\/vtu_hala_01.jpg","contentUrl":"https:\/\/www.vtusp.cz\/files\/uploads\/2026\/02\/vtu_hala_01.jpg","width":4000,"height":3000},{"@type":"BreadcrumbList","@id":"https:\/\/www.vtusp.cz\/en\/aktuality\/vtuvm-slavicin-rozsiruje-vyrobni-kapacity-nova-hala-roste-podle-planu\/#breadcrumb","itemListElement":[{"@type":"ListItem","position":1,"name":"Home","item":"https:\/\/www.vtusp.cz\/en\/"},{"@type":"ListItem","position":2,"name":"VT\u00daVM Slavi\u010d\u00edn roz\u0161i\u0159uje v\u00fdrobn\u00ed kapacity, nov\u00e1 hala roste podle pl\u00e1nu"}]},{"@type":"WebSite","@id":"https:\/\/www.vtusp.cz\/en\/#website","url":"https:\/\/www.vtusp.cz\/en\/","name":"VT\u00da s.p.","description":"","potentialAction":[{"@type":"SearchAction","target":{"@type":"EntryPoint","urlTemplate":"https:\/\/www.vtusp.cz\/en\/?s={search_term_string}"},"query-input":{"@type":"PropertyValueSpecification","valueRequired":true,"valueName":"search_term_string"}}],"inLanguage":"en-US"},{"@type":"Person","@id":"https:\/\/www.vtusp.cz\/en\/#\/schema\/person\/1ffad1637ba9d662a128049ecd84d95d","name":"Jakub Machala","image":{"@type":"ImageObject","inLanguage":"en-US","@id":"https:\/\/secure.gravatar.com\/avatar\/88e7cb03fce3c4ba056b6a5e90d43b02a5ada33ac7b70e338c2c537f7b1ae106?s=96&d=mm&r=g","url":"https:\/\/secure.gravatar.com\/avatar\/88e7cb03fce3c4ba056b6a5e90d43b02a5ada33ac7b70e338c2c537f7b1ae106?s=96&d=mm&r=g","contentUrl":"https:\/\/secure.gravatar.com\/avatar\/88e7cb03fce3c4ba056b6a5e90d43b02a5ada33ac7b70e338c2c537f7b1ae106?s=96&d=mm&r=g","caption":"Jakub Machala"}}]}},"_links":{"self":[{"href":"https:\/\/www.vtusp.cz\/en\/wp-json\/wp\/v2\/posts\/10992","targetHints":{"allow":["GET"]}}],"collection":[{"href":"https:\/\/www.vtusp.cz\/en\/wp-json\/wp\/v2\/posts"}],"about":[{"href":"https:\/\/www.vtusp.cz\/en\/wp-json\/wp\/v2\/types\/post"}],"author":[{"embeddable":true,"href":"https:\/\/www.vtusp.cz\/en\/wp-json\/wp\/v2\/users\/1"}],"replies":[{"embeddable":true,"href":"https:\/\/www.vtusp.cz\/en\/wp-json\/wp\/v2\/comments?post=10992"}],"version-history":[{"count":1,"href":"https:\/\/www.vtusp.cz\/en\/wp-json\/wp\/v2\/posts\/10992\/revisions"}],"predecessor-version":[{"id":10997,"href":"https:\/\/www.vtusp.cz\/en\/wp-json\/wp\/v2\/posts\/10992\/revisions\/10997"}],"wp:featuredmedia":[{"embeddable":true,"href":"https:\/\/www.vtusp.cz\/en\/wp-json\/wp\/v2\/media\/10993"}],"wp:attachment":[{"href":"https:\/\/www.vtusp.cz\/en\/wp-json\/wp\/v2\/media?parent=10992"}],"wp:term":[{"taxonomy":"category","embeddable":true,"href":"https:\/\/www.vtusp.cz\/en\/wp-json\/wp\/v2\/categories?post=10992"}],"curies":[{"name":"wp","href":"https:\/\/api.w.org\/{rel}","templated":true}]}}