{"id":10769,"date":"2025-08-22T11:03:00","date_gmt":"2025-08-22T09:03:00","guid":{"rendered":"https:\/\/www.vtusp.cz\/?p=10769"},"modified":"2025-08-25T07:50:36","modified_gmt":"2025-08-25T05:50:36","slug":"novy-lakovaci-box-ve-vtupv-rozsireni-kapacit-i-vyssi-ochrana-zivotniho-prostredi","status":"publish","type":"post","link":"https:\/\/www.vtusp.cz\/en\/aktuality\/novy-lakovaci-box-ve-vtupv-rozsireni-kapacit-i-vyssi-ochrana-zivotniho-prostredi\/","title":{"rendered":"Nov\u00fd lakovac\u00ed box ve VT\u00daPV: roz\u0161\u00ed\u0159en\u00ed kapacit i vy\u0161\u0161\u00ed ochrana \u017eivotn\u00edho prost\u0159ed\u00ed"},"content":{"rendered":"<div class=\"element core-paragraph\">\n<p>Vojensk\u00fd technick\u00fd \u00fastav realizoval v\u00fdznamnou investici \u2013 nov\u00fd lakovac\u00ed box. Z\u00e1sadn\u011b roz\u0161i\u0159uje mo\u017enosti \u00fastavu v oblasti povrchov\u00fdch \u00faprav kovov\u00fdch d\u00edl\u016f a z\u00e1rove\u0148 p\u0159in\u00e1\u0161\u00ed modern\u00ed \u0159e\u0161en\u00ed s ohledem na ochranu \u017eivotn\u00edho prost\u0159ed\u00ed i zdrav\u00ed zam\u011bstnanc\u016f.<\/p>\n<\/div>\n\n<div class=\"element core-paragraph\">\n<p>Dosavadn\u00ed kabina ECO-AIR z roku 2000 ji\u017e nevyhovovala sou\u010dasn\u00fdm n\u00e1rok\u016fm a umo\u017e\u0148ovala pouze lakov\u00e1n\u00ed men\u0161\u00edch d\u00edlc\u016f ur\u010den\u00fdch pro kompletaci v\u00fdrobk\u016f. Nov\u00fd lakovac\u00ed box GM (Grandi Mezzi) umo\u017en\u00ed zpracov\u00e1vat jak drobn\u00e9 komponenty, nap\u0159\u00edklad filtroventila\u010dn\u00ed za\u0159\u00edzen\u00ed, tak i velk\u00e9 d\u00edly, v\u010detn\u011b kontejner\u016f ISO1C.<\/p>\n<\/div>\n\n<div class=\"element core-paragraph\">\n<p>Kabina o vnit\u0159n\u00edch rozm\u011brech 8 410 \u00d7 6 000 \u00d7 4 350 mm je vybavena modern\u00edm ods\u00e1vac\u00edm syst\u00e9mem, kter\u00fd zaji\u0161\u0165uje sn\u00ed\u017een\u00ed emis\u00ed t\u011bkav\u00fdch l\u00e1tek a lep\u0161\u00ed pracovn\u00ed prost\u0159ed\u00ed. Sou\u010d\u00e1st\u00ed jsou i dv\u011b posuvn\u00e9 lavice umo\u017e\u0148uj\u00edc\u00ed manipulaci ve dvou sm\u011brech, zpevn\u011bn\u00e9 podlahov\u00e9 ro\u0161ty pro vjezd manipula\u010dn\u00ed techniky a pln\u011b automatizovan\u00e9 ovl\u00e1d\u00e1n\u00ed prost\u0159ednictv\u00edm dotykov\u00e9ho panelu. Investice do nov\u00e9 lakovac\u00ed kabiny p\u0159edstavuje pro VT\u00daPV nejen zv\u00fd\u0161en\u00ed kvality a efektivity povrchov\u00fdch \u00faprav, ale i krok sm\u011brem k udr\u017eiteln\u011bj\u0161\u00edmu a bezpe\u010dn\u011bj\u0161\u00edmu provozu.<\/p>\n<\/div>\n\n<div class=\"element core-paragraph\">\n<p>Tato modernizace, dokon\u010den\u00e1 v roce 2025, posiluje kapacity VT\u00daPV a p\u0159ipravuje \u00fastav na budouc\u00ed v\u00fdzvy v oblasti v\u00fdvoje a v\u00fdroby vojensk\u00e9 techniky.<\/p>\n<\/div>\n\n<div class=\"element core-image\">\n<figure class=\"wp-block-image size-large\"><img decoding=\"async\" width=\"1600\" height=\"1200\" src=\"https:\/\/www.vtusp.cz\/files\/smush-webp\/2025\/08\/novy-3-1600x1200.jpg.webp\" alt=\"\" class=\"wp-image-10772\" srcset=\"https:\/\/www.vtusp.cz\/files\/smush-webp\/2025\/08\/novy-3-1600x1200.jpg.webp 1600w, https:\/\/www.vtusp.cz\/files\/smush-webp\/2025\/08\/novy-3-900x675.jpg.webp 900w, https:\/\/www.vtusp.cz\/files\/smush-webp\/2025\/08\/novy-3-768x576.jpg.webp 768w, https:\/\/www.vtusp.cz\/files\/smush-webp\/2025\/08\/novy-3-1536x1152.jpg.webp 1536w, https:\/\/www.vtusp.cz\/files\/smush-webp\/2025\/08\/novy-3-2048x1536.jpg.webp 2048w, https:\/\/www.vtusp.cz\/files\/smush-webp\/2025\/08\/novy-3-1200x900.jpg.webp 1200w\" sizes=\"(max-width: 1600px) 100vw, 1600px\" \/><\/figure>\n<\/div>\n\n<div class=\"element core-image\">\n<figure class=\"wp-block-image size-large\"><img decoding=\"async\" width=\"1600\" height=\"1200\" src=\"https:\/\/www.vtusp.cz\/files\/smush-webp\/2025\/08\/novy-vevnitr-1600x1200.jpg.webp\" alt=\"\" class=\"wp-image-10774\" srcset=\"https:\/\/www.vtusp.cz\/files\/smush-webp\/2025\/08\/novy-vevnitr-1600x1200.jpg.webp 1600w, https:\/\/www.vtusp.cz\/files\/smush-webp\/2025\/08\/novy-vevnitr-900x675.jpg.webp 900w, https:\/\/www.vtusp.cz\/files\/smush-webp\/2025\/08\/novy-vevnitr-768x576.jpg.webp 768w, https:\/\/www.vtusp.cz\/files\/smush-webp\/2025\/08\/novy-vevnitr-1536x1152.jpg.webp 1536w, https:\/\/www.vtusp.cz\/files\/smush-webp\/2025\/08\/novy-vevnitr-2048x1536.jpg.webp 2048w, https:\/\/www.vtusp.cz\/files\/smush-webp\/2025\/08\/novy-vevnitr-1200x900.jpg.webp 1200w\" sizes=\"(max-width: 1600px) 100vw, 1600px\" \/><\/figure>\n<\/div>\n\n<div class=\"element core-image\">\n<figure class=\"wp-block-image size-large\"><img decoding=\"async\" width=\"1600\" height=\"1200\" src=\"https:\/\/www.vtusp.cz\/files\/smush-webp\/2025\/08\/stary-1-1600x1200.jpg.webp\" alt=\"\" class=\"wp-image-10776\" srcset=\"https:\/\/www.vtusp.cz\/files\/smush-webp\/2025\/08\/stary-1-1600x1200.jpg.webp 1600w, https:\/\/www.vtusp.cz\/files\/smush-webp\/2025\/08\/stary-1-900x675.jpg.webp 900w, https:\/\/www.vtusp.cz\/files\/smush-webp\/2025\/08\/stary-1-768x576.jpg.webp 768w, https:\/\/www.vtusp.cz\/files\/smush-webp\/2025\/08\/stary-1-1536x1152.jpg.webp 1536w, https:\/\/www.vtusp.cz\/files\/smush-webp\/2025\/08\/stary-1-2048x1536.jpg.webp 2048w, https:\/\/www.vtusp.cz\/files\/smush-webp\/2025\/08\/stary-1-1200x900.jpg.webp 1200w\" sizes=\"(max-width: 1600px) 100vw, 1600px\" \/><\/figure>\n<\/div>","protected":false},"excerpt":{"rendered":"<p>Vojensk\u00fd technick\u00fd \u00fastav realizoval v\u00fdznamnou investici \u2013 nov\u00fd lakovac\u00ed box. Z\u00e1sadn\u011b roz\u0161i\u0159uje mo\u017enosti \u00fastavu v oblasti povrchov\u00fdch \u00faprav kovov\u00fdch d\u00edl\u016f a z\u00e1rove\u0148 p\u0159in\u00e1\u0161\u00ed modern\u00ed \u0159e\u0161en\u00ed s ohledem na ochranu \u017eivotn\u00edho&#8230;<\/p>\n","protected":false},"author":9,"featured_media":10770,"comment_status":"open","ping_status":"closed","sticky":false,"template":"","format":"standard","meta":{"_acf_changed":false,"inline_featured_image":false,"footnotes":""},"categories":[1],"class_list":["post-10769","post","type-post","status-publish","format-standard","has-post-thumbnail","hentry","category-aktuality"],"acf":[],"yoast_head":"<!-- This site is optimized with the Yoast SEO plugin v27.5 - https:\/\/yoast.com\/product\/yoast-seo-wordpress\/ -->\n<title>Nov\u00fd lakovac\u00ed box ve VT\u00daPV: roz\u0161\u00ed\u0159en\u00ed kapacit i vy\u0161\u0161\u00ed ochrana \u017eivotn\u00edho prost\u0159ed\u00ed | VT\u00da s.p.<\/title>\n<meta name=\"robots\" content=\"index, follow, max-snippet:-1, max-image-preview:large, max-video-preview:-1\" \/>\n<link rel=\"canonical\" href=\"https:\/\/www.vtusp.cz\/en\/aktuality\/novy-lakovaci-box-ve-vtupv-rozsireni-kapacit-i-vyssi-ochrana-zivotniho-prostredi\/\" \/>\n<meta property=\"og:locale\" content=\"en_US\" \/>\n<meta property=\"og:type\" content=\"article\" \/>\n<meta property=\"og:title\" content=\"Nov\u00fd lakovac\u00ed box ve VT\u00daPV: roz\u0161\u00ed\u0159en\u00ed kapacit i vy\u0161\u0161\u00ed ochrana \u017eivotn\u00edho prost\u0159ed\u00ed | VT\u00da s.p.\" \/>\n<meta property=\"og:description\" content=\"Vojensk\u00fd technick\u00fd \u00fastav realizoval v\u00fdznamnou investici \u2013 nov\u00fd lakovac\u00ed box. Z\u00e1sadn\u011b roz\u0161i\u0159uje mo\u017enosti \u00fastavu v oblasti povrchov\u00fdch \u00faprav kovov\u00fdch d\u00edl\u016f a z\u00e1rove\u0148 p\u0159in\u00e1\u0161\u00ed modern\u00ed \u0159e\u0161en\u00ed s ohledem na ochranu \u017eivotn\u00edho...\" \/>\n<meta property=\"og:url\" content=\"https:\/\/www.vtusp.cz\/en\/aktuality\/novy-lakovaci-box-ve-vtupv-rozsireni-kapacit-i-vyssi-ochrana-zivotniho-prostredi\/\" \/>\n<meta property=\"og:site_name\" content=\"VT\u00da s.p.\" \/>\n<meta property=\"article:published_time\" content=\"2025-08-22T09:03:00+00:00\" \/>\n<meta property=\"article:modified_time\" content=\"2025-08-25T05:50:36+00:00\" \/>\n<meta property=\"og:image\" content=\"https:\/\/www.vtusp.cz\/files\/uploads\/2025\/08\/novy-1600x1200.jpg\" \/>\n\t<meta property=\"og:image:width\" content=\"1600\" \/>\n\t<meta property=\"og:image:height\" content=\"1200\" \/>\n\t<meta property=\"og:image:type\" content=\"image\/jpeg\" \/>\n<meta name=\"author\" content=\"David Hlu\u0161t\u00edk\" \/>\n<meta name=\"twitter:card\" content=\"summary_large_image\" \/>\n<meta name=\"twitter:label1\" content=\"Written by\" \/>\n\t<meta name=\"twitter:data1\" content=\"David Hlu\u0161t\u00edk\" \/>\n\t<meta name=\"twitter:label2\" content=\"Est. reading time\" \/>\n\t<meta name=\"twitter:data2\" content=\"2 minutes\" \/>\n<script type=\"application\/ld+json\" class=\"yoast-schema-graph\">{\"@context\":\"https:\\\/\\\/schema.org\",\"@graph\":[{\"@type\":\"Article\",\"@id\":\"https:\\\/\\\/www.vtusp.cz\\\/en\\\/aktuality\\\/novy-lakovaci-box-ve-vtupv-rozsireni-kapacit-i-vyssi-ochrana-zivotniho-prostredi\\\/#article\",\"isPartOf\":{\"@id\":\"https:\\\/\\\/www.vtusp.cz\\\/en\\\/aktuality\\\/novy-lakovaci-box-ve-vtupv-rozsireni-kapacit-i-vyssi-ochrana-zivotniho-prostredi\\\/\"},\"author\":{\"name\":\"David Hlu\u0161t\u00edk\",\"@id\":\"https:\\\/\\\/www.vtusp.cz\\\/en\\\/#\\\/schema\\\/person\\\/4e66be4cc70f3eb4bec3b753921ae8c5\"},\"headline\":\"Nov\u00fd lakovac\u00ed box ve VT\u00daPV: roz\u0161\u00ed\u0159en\u00ed kapacit i vy\u0161\u0161\u00ed ochrana \u017eivotn\u00edho prost\u0159ed\u00ed\",\"datePublished\":\"2025-08-22T09:03:00+00:00\",\"dateModified\":\"2025-08-25T05:50:36+00:00\",\"mainEntityOfPage\":{\"@id\":\"https:\\\/\\\/www.vtusp.cz\\\/en\\\/aktuality\\\/novy-lakovaci-box-ve-vtupv-rozsireni-kapacit-i-vyssi-ochrana-zivotniho-prostredi\\\/\"},\"wordCount\":254,\"commentCount\":0,\"image\":{\"@id\":\"https:\\\/\\\/www.vtusp.cz\\\/en\\\/aktuality\\\/novy-lakovaci-box-ve-vtupv-rozsireni-kapacit-i-vyssi-ochrana-zivotniho-prostredi\\\/#primaryimage\"},\"thumbnailUrl\":\"https:\\\/\\\/www.vtusp.cz\\\/files\\\/uploads\\\/2025\\\/08\\\/novy.jpg\",\"articleSection\":[\"Aktuality\"],\"inLanguage\":\"en-US\",\"potentialAction\":[{\"@type\":\"CommentAction\",\"name\":\"Comment\",\"target\":[\"https:\\\/\\\/www.vtusp.cz\\\/en\\\/aktuality\\\/novy-lakovaci-box-ve-vtupv-rozsireni-kapacit-i-vyssi-ochrana-zivotniho-prostredi\\\/#respond\"]}]},{\"@type\":\"WebPage\",\"@id\":\"https:\\\/\\\/www.vtusp.cz\\\/en\\\/aktuality\\\/novy-lakovaci-box-ve-vtupv-rozsireni-kapacit-i-vyssi-ochrana-zivotniho-prostredi\\\/\",\"url\":\"https:\\\/\\\/www.vtusp.cz\\\/en\\\/aktuality\\\/novy-lakovaci-box-ve-vtupv-rozsireni-kapacit-i-vyssi-ochrana-zivotniho-prostredi\\\/\",\"name\":\"Nov\u00fd lakovac\u00ed box ve VT\u00daPV: roz\u0161\u00ed\u0159en\u00ed kapacit i vy\u0161\u0161\u00ed ochrana \u017eivotn\u00edho prost\u0159ed\u00ed | VT\u00da s.p.\",\"isPartOf\":{\"@id\":\"https:\\\/\\\/www.vtusp.cz\\\/en\\\/#website\"},\"primaryImageOfPage\":{\"@id\":\"https:\\\/\\\/www.vtusp.cz\\\/en\\\/aktuality\\\/novy-lakovaci-box-ve-vtupv-rozsireni-kapacit-i-vyssi-ochrana-zivotniho-prostredi\\\/#primaryimage\"},\"image\":{\"@id\":\"https:\\\/\\\/www.vtusp.cz\\\/en\\\/aktuality\\\/novy-lakovaci-box-ve-vtupv-rozsireni-kapacit-i-vyssi-ochrana-zivotniho-prostredi\\\/#primaryimage\"},\"thumbnailUrl\":\"https:\\\/\\\/www.vtusp.cz\\\/files\\\/uploads\\\/2025\\\/08\\\/novy.jpg\",\"datePublished\":\"2025-08-22T09:03:00+00:00\",\"dateModified\":\"2025-08-25T05:50:36+00:00\",\"author\":{\"@id\":\"https:\\\/\\\/www.vtusp.cz\\\/en\\\/#\\\/schema\\\/person\\\/4e66be4cc70f3eb4bec3b753921ae8c5\"},\"breadcrumb\":{\"@id\":\"https:\\\/\\\/www.vtusp.cz\\\/en\\\/aktuality\\\/novy-lakovaci-box-ve-vtupv-rozsireni-kapacit-i-vyssi-ochrana-zivotniho-prostredi\\\/#breadcrumb\"},\"inLanguage\":\"en-US\",\"potentialAction\":[{\"@type\":\"ReadAction\",\"target\":[\"https:\\\/\\\/www.vtusp.cz\\\/en\\\/aktuality\\\/novy-lakovaci-box-ve-vtupv-rozsireni-kapacit-i-vyssi-ochrana-zivotniho-prostredi\\\/\"]}]},{\"@type\":\"ImageObject\",\"inLanguage\":\"en-US\",\"@id\":\"https:\\\/\\\/www.vtusp.cz\\\/en\\\/aktuality\\\/novy-lakovaci-box-ve-vtupv-rozsireni-kapacit-i-vyssi-ochrana-zivotniho-prostredi\\\/#primaryimage\",\"url\":\"https:\\\/\\\/www.vtusp.cz\\\/files\\\/uploads\\\/2025\\\/08\\\/novy.jpg\",\"contentUrl\":\"https:\\\/\\\/www.vtusp.cz\\\/files\\\/uploads\\\/2025\\\/08\\\/novy.jpg\",\"width\":4080,\"height\":3060},{\"@type\":\"BreadcrumbList\",\"@id\":\"https:\\\/\\\/www.vtusp.cz\\\/en\\\/aktuality\\\/novy-lakovaci-box-ve-vtupv-rozsireni-kapacit-i-vyssi-ochrana-zivotniho-prostredi\\\/#breadcrumb\",\"itemListElement\":[{\"@type\":\"ListItem\",\"position\":1,\"name\":\"Home\",\"item\":\"https:\\\/\\\/www.vtusp.cz\\\/en\\\/\"},{\"@type\":\"ListItem\",\"position\":2,\"name\":\"Nov\u00fd lakovac\u00ed box ve VT\u00daPV: roz\u0161\u00ed\u0159en\u00ed kapacit i vy\u0161\u0161\u00ed ochrana \u017eivotn\u00edho prost\u0159ed\u00ed\"}]},{\"@type\":\"WebSite\",\"@id\":\"https:\\\/\\\/www.vtusp.cz\\\/en\\\/#website\",\"url\":\"https:\\\/\\\/www.vtusp.cz\\\/en\\\/\",\"name\":\"VT\u00da s.p.\",\"description\":\"\",\"potentialAction\":[{\"@type\":\"SearchAction\",\"target\":{\"@type\":\"EntryPoint\",\"urlTemplate\":\"https:\\\/\\\/www.vtusp.cz\\\/en\\\/?s={search_term_string}\"},\"query-input\":{\"@type\":\"PropertyValueSpecification\",\"valueRequired\":true,\"valueName\":\"search_term_string\"}}],\"inLanguage\":\"en-US\"},{\"@type\":\"Person\",\"@id\":\"https:\\\/\\\/www.vtusp.cz\\\/en\\\/#\\\/schema\\\/person\\\/4e66be4cc70f3eb4bec3b753921ae8c5\",\"name\":\"David Hlu\u0161t\u00edk\",\"image\":{\"@type\":\"ImageObject\",\"inLanguage\":\"en-US\",\"@id\":\"https:\\\/\\\/secure.gravatar.com\\\/avatar\\\/ee59b2f6d1d9c87e5d6510f0311fe6723d1677280a739db9a2056bf31a58ef8b?s=96&d=mm&r=g\",\"url\":\"https:\\\/\\\/secure.gravatar.com\\\/avatar\\\/ee59b2f6d1d9c87e5d6510f0311fe6723d1677280a739db9a2056bf31a58ef8b?s=96&d=mm&r=g\",\"contentUrl\":\"https:\\\/\\\/secure.gravatar.com\\\/avatar\\\/ee59b2f6d1d9c87e5d6510f0311fe6723d1677280a739db9a2056bf31a58ef8b?s=96&d=mm&r=g\",\"caption\":\"David Hlu\u0161t\u00edk\"}}]}<\/script>\n<!-- \/ Yoast SEO plugin. -->","yoast_head_json":{"title":"Nov\u00fd lakovac\u00ed box ve VT\u00daPV: roz\u0161\u00ed\u0159en\u00ed kapacit i vy\u0161\u0161\u00ed ochrana \u017eivotn\u00edho prost\u0159ed\u00ed | VT\u00da s.p.","robots":{"index":"index","follow":"follow","max-snippet":"max-snippet:-1","max-image-preview":"max-image-preview:large","max-video-preview":"max-video-preview:-1"},"canonical":"https:\/\/www.vtusp.cz\/en\/aktuality\/novy-lakovaci-box-ve-vtupv-rozsireni-kapacit-i-vyssi-ochrana-zivotniho-prostredi\/","og_locale":"en_US","og_type":"article","og_title":"Nov\u00fd lakovac\u00ed box ve VT\u00daPV: roz\u0161\u00ed\u0159en\u00ed kapacit i vy\u0161\u0161\u00ed ochrana \u017eivotn\u00edho prost\u0159ed\u00ed | VT\u00da s.p.","og_description":"Vojensk\u00fd technick\u00fd \u00fastav realizoval v\u00fdznamnou investici \u2013 nov\u00fd lakovac\u00ed box. Z\u00e1sadn\u011b roz\u0161i\u0159uje mo\u017enosti \u00fastavu v oblasti povrchov\u00fdch \u00faprav kovov\u00fdch d\u00edl\u016f a z\u00e1rove\u0148 p\u0159in\u00e1\u0161\u00ed modern\u00ed \u0159e\u0161en\u00ed s ohledem na ochranu \u017eivotn\u00edho...","og_url":"https:\/\/www.vtusp.cz\/en\/aktuality\/novy-lakovaci-box-ve-vtupv-rozsireni-kapacit-i-vyssi-ochrana-zivotniho-prostredi\/","og_site_name":"VT\u00da s.p.","article_published_time":"2025-08-22T09:03:00+00:00","article_modified_time":"2025-08-25T05:50:36+00:00","og_image":[{"width":1600,"height":1200,"url":"https:\/\/www.vtusp.cz\/files\/uploads\/2025\/08\/novy-1600x1200.jpg","type":"image\/jpeg"}],"author":"David Hlu\u0161t\u00edk","twitter_card":"summary_large_image","twitter_misc":{"Written by":"David Hlu\u0161t\u00edk","Est. reading time":"2 minutes"},"schema":{"@context":"https:\/\/schema.org","@graph":[{"@type":"Article","@id":"https:\/\/www.vtusp.cz\/en\/aktuality\/novy-lakovaci-box-ve-vtupv-rozsireni-kapacit-i-vyssi-ochrana-zivotniho-prostredi\/#article","isPartOf":{"@id":"https:\/\/www.vtusp.cz\/en\/aktuality\/novy-lakovaci-box-ve-vtupv-rozsireni-kapacit-i-vyssi-ochrana-zivotniho-prostredi\/"},"author":{"name":"David Hlu\u0161t\u00edk","@id":"https:\/\/www.vtusp.cz\/en\/#\/schema\/person\/4e66be4cc70f3eb4bec3b753921ae8c5"},"headline":"Nov\u00fd lakovac\u00ed box ve VT\u00daPV: roz\u0161\u00ed\u0159en\u00ed kapacit i vy\u0161\u0161\u00ed ochrana \u017eivotn\u00edho prost\u0159ed\u00ed","datePublished":"2025-08-22T09:03:00+00:00","dateModified":"2025-08-25T05:50:36+00:00","mainEntityOfPage":{"@id":"https:\/\/www.vtusp.cz\/en\/aktuality\/novy-lakovaci-box-ve-vtupv-rozsireni-kapacit-i-vyssi-ochrana-zivotniho-prostredi\/"},"wordCount":254,"commentCount":0,"image":{"@id":"https:\/\/www.vtusp.cz\/en\/aktuality\/novy-lakovaci-box-ve-vtupv-rozsireni-kapacit-i-vyssi-ochrana-zivotniho-prostredi\/#primaryimage"},"thumbnailUrl":"https:\/\/www.vtusp.cz\/files\/uploads\/2025\/08\/novy.jpg","articleSection":["Aktuality"],"inLanguage":"en-US","potentialAction":[{"@type":"CommentAction","name":"Comment","target":["https:\/\/www.vtusp.cz\/en\/aktuality\/novy-lakovaci-box-ve-vtupv-rozsireni-kapacit-i-vyssi-ochrana-zivotniho-prostredi\/#respond"]}]},{"@type":"WebPage","@id":"https:\/\/www.vtusp.cz\/en\/aktuality\/novy-lakovaci-box-ve-vtupv-rozsireni-kapacit-i-vyssi-ochrana-zivotniho-prostredi\/","url":"https:\/\/www.vtusp.cz\/en\/aktuality\/novy-lakovaci-box-ve-vtupv-rozsireni-kapacit-i-vyssi-ochrana-zivotniho-prostredi\/","name":"Nov\u00fd lakovac\u00ed box ve VT\u00daPV: roz\u0161\u00ed\u0159en\u00ed kapacit i vy\u0161\u0161\u00ed ochrana \u017eivotn\u00edho prost\u0159ed\u00ed | VT\u00da s.p.","isPartOf":{"@id":"https:\/\/www.vtusp.cz\/en\/#website"},"primaryImageOfPage":{"@id":"https:\/\/www.vtusp.cz\/en\/aktuality\/novy-lakovaci-box-ve-vtupv-rozsireni-kapacit-i-vyssi-ochrana-zivotniho-prostredi\/#primaryimage"},"image":{"@id":"https:\/\/www.vtusp.cz\/en\/aktuality\/novy-lakovaci-box-ve-vtupv-rozsireni-kapacit-i-vyssi-ochrana-zivotniho-prostredi\/#primaryimage"},"thumbnailUrl":"https:\/\/www.vtusp.cz\/files\/uploads\/2025\/08\/novy.jpg","datePublished":"2025-08-22T09:03:00+00:00","dateModified":"2025-08-25T05:50:36+00:00","author":{"@id":"https:\/\/www.vtusp.cz\/en\/#\/schema\/person\/4e66be4cc70f3eb4bec3b753921ae8c5"},"breadcrumb":{"@id":"https:\/\/www.vtusp.cz\/en\/aktuality\/novy-lakovaci-box-ve-vtupv-rozsireni-kapacit-i-vyssi-ochrana-zivotniho-prostredi\/#breadcrumb"},"inLanguage":"en-US","potentialAction":[{"@type":"ReadAction","target":["https:\/\/www.vtusp.cz\/en\/aktuality\/novy-lakovaci-box-ve-vtupv-rozsireni-kapacit-i-vyssi-ochrana-zivotniho-prostredi\/"]}]},{"@type":"ImageObject","inLanguage":"en-US","@id":"https:\/\/www.vtusp.cz\/en\/aktuality\/novy-lakovaci-box-ve-vtupv-rozsireni-kapacit-i-vyssi-ochrana-zivotniho-prostredi\/#primaryimage","url":"https:\/\/www.vtusp.cz\/files\/uploads\/2025\/08\/novy.jpg","contentUrl":"https:\/\/www.vtusp.cz\/files\/uploads\/2025\/08\/novy.jpg","width":4080,"height":3060},{"@type":"BreadcrumbList","@id":"https:\/\/www.vtusp.cz\/en\/aktuality\/novy-lakovaci-box-ve-vtupv-rozsireni-kapacit-i-vyssi-ochrana-zivotniho-prostredi\/#breadcrumb","itemListElement":[{"@type":"ListItem","position":1,"name":"Home","item":"https:\/\/www.vtusp.cz\/en\/"},{"@type":"ListItem","position":2,"name":"Nov\u00fd lakovac\u00ed box ve VT\u00daPV: roz\u0161\u00ed\u0159en\u00ed kapacit i vy\u0161\u0161\u00ed ochrana \u017eivotn\u00edho prost\u0159ed\u00ed"}]},{"@type":"WebSite","@id":"https:\/\/www.vtusp.cz\/en\/#website","url":"https:\/\/www.vtusp.cz\/en\/","name":"VT\u00da s.p.","description":"","potentialAction":[{"@type":"SearchAction","target":{"@type":"EntryPoint","urlTemplate":"https:\/\/www.vtusp.cz\/en\/?s={search_term_string}"},"query-input":{"@type":"PropertyValueSpecification","valueRequired":true,"valueName":"search_term_string"}}],"inLanguage":"en-US"},{"@type":"Person","@id":"https:\/\/www.vtusp.cz\/en\/#\/schema\/person\/4e66be4cc70f3eb4bec3b753921ae8c5","name":"David Hlu\u0161t\u00edk","image":{"@type":"ImageObject","inLanguage":"en-US","@id":"https:\/\/secure.gravatar.com\/avatar\/ee59b2f6d1d9c87e5d6510f0311fe6723d1677280a739db9a2056bf31a58ef8b?s=96&d=mm&r=g","url":"https:\/\/secure.gravatar.com\/avatar\/ee59b2f6d1d9c87e5d6510f0311fe6723d1677280a739db9a2056bf31a58ef8b?s=96&d=mm&r=g","contentUrl":"https:\/\/secure.gravatar.com\/avatar\/ee59b2f6d1d9c87e5d6510f0311fe6723d1677280a739db9a2056bf31a58ef8b?s=96&d=mm&r=g","caption":"David Hlu\u0161t\u00edk"}}]}},"_links":{"self":[{"href":"https:\/\/www.vtusp.cz\/en\/wp-json\/wp\/v2\/posts\/10769","targetHints":{"allow":["GET"]}}],"collection":[{"href":"https:\/\/www.vtusp.cz\/en\/wp-json\/wp\/v2\/posts"}],"about":[{"href":"https:\/\/www.vtusp.cz\/en\/wp-json\/wp\/v2\/types\/post"}],"author":[{"embeddable":true,"href":"https:\/\/www.vtusp.cz\/en\/wp-json\/wp\/v2\/users\/9"}],"replies":[{"embeddable":true,"href":"https:\/\/www.vtusp.cz\/en\/wp-json\/wp\/v2\/comments?post=10769"}],"version-history":[{"count":3,"href":"https:\/\/www.vtusp.cz\/en\/wp-json\/wp\/v2\/posts\/10769\/revisions"}],"predecessor-version":[{"id":10781,"href":"https:\/\/www.vtusp.cz\/en\/wp-json\/wp\/v2\/posts\/10769\/revisions\/10781"}],"wp:featuredmedia":[{"embeddable":true,"href":"https:\/\/www.vtusp.cz\/en\/wp-json\/wp\/v2\/media\/10770"}],"wp:attachment":[{"href":"https:\/\/www.vtusp.cz\/en\/wp-json\/wp\/v2\/media?parent=10769"}],"wp:term":[{"taxonomy":"category","embeddable":true,"href":"https:\/\/www.vtusp.cz\/en\/wp-json\/wp\/v2\/categories?post=10769"}],"curies":[{"name":"wp","href":"https:\/\/api.w.org\/{rel}","templated":true}]}}