{"id":10608,"date":"2025-05-22T10:03:44","date_gmt":"2025-05-22T08:03:44","guid":{"rendered":"https:\/\/www.vtusp.cz\/?p=10608"},"modified":"2025-05-22T10:03:46","modified_gmt":"2025-05-22T08:03:46","slug":"vtu-predstavil-sve-schopnosti-vedeni-armady-cr-a-ministerstva-obrany","status":"publish","type":"post","link":"https:\/\/www.vtusp.cz\/en\/aktuality\/vtu-predstavil-sve-schopnosti-vedeni-armady-cr-a-ministerstva-obrany\/","title":{"rendered":"VT\u00da p\u0159edstavil sv\u00e9 schopnosti veden\u00ed Arm\u00e1dy \u010cR a Ministerstva obrany"},"content":{"rendered":"<div class=\"element core-paragraph\">\n<p>Na sv\u00e9 zku\u0161ebn\u00ed st\u0159elnici v\u00a0Bzenci jsme p\u0159iv\u00edtali delegaci Gener\u00e1ln\u00edho \u0161t\u00e1bu A\u010cR v \u010dele s arm\u00e1dn\u00edm gener\u00e1lem Karlem \u0158ehkou a vrchn\u00ed \u0159editelkou sekce majetkov\u00e9 MO Martou Kopeckou. P\u0159edstavili jsme modern\u00ed technologie a dal\u0161\u00ed kl\u00ed\u010dov\u00e9 projekty VT\u00da.<\/p>\n<\/div>\n\n<div class=\"element core-paragraph\">\n<p>Program odstartoval bezprost\u0159edn\u011b po p\u0159\u00edletu vrtuln\u00edku delegace p\u0159\u00edmo do are\u00e1lu od\u0161t\u011bpn\u00e9ho z\u00e1vodu VT\u00daVM. Hosty p\u0159iv\u00edtal \u0159editel st\u00e1tn\u00edho podniku Ji\u0159\u00ed Ka\u0161p\u00e1rek, kter\u00fd n\u00e1sledn\u011b p\u0159edstavil \u0159editele jednotliv\u00fdch od\u0161t\u011bpn\u00fdch z\u00e1vod\u016f VT\u00da. Na \u00favodn\u00ed \u010d\u00e1st nav\u00e1zala podrobn\u00e1 prezentace v\u00fdzkumn\u00fdch a v\u00fdvojov\u00fdch aktivit \u00fastavu a praktick\u00e9 uk\u00e1zky kl\u00ed\u010dov\u00fdch technologi\u00ed, kter\u00e9 VT\u00da vyv\u00edj\u00ed, testuje a integruje pro pot\u0159eby obrany \u010cesk\u00e9 republiky.<\/p>\n<\/div>\n\n<div class=\"element core-paragraph\">\n<p>Jedn\u00edm z hlavn\u00edch bod\u016f programu byla dynamick\u00e1 demonstrace vojensk\u00fdch vozidel, na jejich\u017e v\u00fdvoji a integraci se VT\u00da pod\u00edl\u00ed. Host\u00e9 m\u011bli mo\u017enost nejen sezn\u00e1mit se s technick\u00fdmi parametry jednotliv\u00fdch platforem, ale i sledovat jejich re\u00e1ln\u00e9 j\u00edzdn\u00ed vlastnosti p\u0159\u00edmo v ter\u00e9nu.<\/p>\n<\/div>\n\n<div class=\"element core-paragraph\">\n<p>Velkou pozornost vzbudila tak\u00e9 prezentace pln\u011b automatizovan\u00e9 zbra\u0148ov\u00e9 stanice <strong>MARTA<\/strong><strong>,<\/strong> kterou vyv\u00edj\u00ed a vyr\u00e1b\u00ed od\u0161t\u011bpn\u00fd z\u00e1vod VT\u00daVM Slavi\u010d\u00edn. Tento \u0161pi\u010dkov\u00fd modul\u00e1rn\u00ed syst\u00e9m reprezentuje nejnov\u011bj\u0161\u00ed trendy v oblasti bezos\u00e1dkov\u00fdch zbra\u0148ov\u00fdch \u0159e\u0161en\u00ed pro modern\u00ed bojov\u00e1 vozidla.<\/p>\n<\/div>\n\n<div class=\"element core-paragraph\">\n<p>Z\u00e1v\u011bre\u010dn\u00e1 \u010d\u00e1st programu byla v\u011bnov\u00e1na <strong>dronu BRUSMIN<\/strong><strong>,<\/strong> kter\u00fd je v\u00fdsledkem v\u00fdvoje VT\u00daLPVO Praha. Tento bezpilotn\u00ed prost\u0159edek byl p\u0159edveden s podv\u011bsnou v\u00fdzbroj\u00ed, rovn\u011b\u017e z produkce VT\u00daVM Slavi\u010d\u00edn, co\u017e podtrhlo mezi\u00fatvarovou spolupr\u00e1ci v r\u00e1mci podniku.<\/p>\n<\/div>\n\n<div class=\"element core-paragraph\">\n<p>Na z\u00e1v\u011br setk\u00e1n\u00ed \u0159editel Ka\u0161p\u00e1rek pod\u011bkoval p\u0159\u00edtomn\u00fdm z\u00e1stupc\u016fm Arm\u00e1dy \u010cR a Ministerstva obrany za jejich \u00fa\u010dast a z\u00e1jem o \u010dinnost podniku. Zd\u016fraznil, \u017ee hlavn\u00ed prioritou VT\u00da z\u016fst\u00e1v\u00e1 v\u00fdvoj a dod\u00e1vky vysp\u011bl\u00fdch technologi\u00ed, kter\u00e9 zvy\u0161uj\u00ed obranyschopnost \u010cesk\u00e9 republiky a odpov\u00eddaj\u00ed aktu\u00e1ln\u00edm i budouc\u00edm pot\u0159eb\u00e1m ozbrojen\u00fdch sil.<\/p>\n<\/div>\n\n<div class=\"element core-image\">\n<figure class=\"wp-block-image size-large\"><img decoding=\"async\" width=\"1600\" height=\"1200\" src=\"https:\/\/www.vtusp.cz\/files\/smush-webp\/2025\/05\/8e79fce2-9af3-4a0c-a770-0b48157c8d41_11zon-1600x1200.jpeg.webp\" alt=\"\" class=\"wp-image-10611\" srcset=\"https:\/\/www.vtusp.cz\/files\/smush-webp\/2025\/05\/8e79fce2-9af3-4a0c-a770-0b48157c8d41_11zon-1600x1200.jpeg.webp 1600w, https:\/\/www.vtusp.cz\/files\/smush-webp\/2025\/05\/8e79fce2-9af3-4a0c-a770-0b48157c8d41_11zon-900x675.jpeg.webp 900w, https:\/\/www.vtusp.cz\/files\/smush-webp\/2025\/05\/8e79fce2-9af3-4a0c-a770-0b48157c8d41_11zon-768x576.jpeg.webp 768w, https:\/\/www.vtusp.cz\/files\/smush-webp\/2025\/05\/8e79fce2-9af3-4a0c-a770-0b48157c8d41_11zon-1536x1152.jpeg.webp 1536w, https:\/\/www.vtusp.cz\/files\/smush-webp\/2025\/05\/8e79fce2-9af3-4a0c-a770-0b48157c8d41_11zon-1200x900.jpeg.webp 1200w, https:\/\/www.vtusp.cz\/files\/smush-webp\/2025\/05\/8e79fce2-9af3-4a0c-a770-0b48157c8d41_11zon.jpeg.webp 2048w\" sizes=\"(max-width: 1600px) 100vw, 1600px\" \/><\/figure>\n<\/div>\n\n<div class=\"element core-image\">\n<figure class=\"wp-block-image size-large\"><img decoding=\"async\" width=\"1600\" height=\"1200\" src=\"https:\/\/www.vtusp.cz\/files\/smush-webp\/2025\/05\/229426dd-fe7b-4f34-adea-d8da415698c4_11zon-1-1600x1200.jpeg.webp\" alt=\"\" class=\"wp-image-10623\" srcset=\"https:\/\/www.vtusp.cz\/files\/smush-webp\/2025\/05\/229426dd-fe7b-4f34-adea-d8da415698c4_11zon-1-1600x1200.jpeg.webp 1600w, https:\/\/www.vtusp.cz\/files\/smush-webp\/2025\/05\/229426dd-fe7b-4f34-adea-d8da415698c4_11zon-1-900x675.jpeg.webp 900w, https:\/\/www.vtusp.cz\/files\/smush-webp\/2025\/05\/229426dd-fe7b-4f34-adea-d8da415698c4_11zon-1-768x576.jpeg.webp 768w, https:\/\/www.vtusp.cz\/files\/smush-webp\/2025\/05\/229426dd-fe7b-4f34-adea-d8da415698c4_11zon-1-1536x1152.jpeg.webp 1536w, https:\/\/www.vtusp.cz\/files\/smush-webp\/2025\/05\/229426dd-fe7b-4f34-adea-d8da415698c4_11zon-1-1200x900.jpeg.webp 1200w, https:\/\/www.vtusp.cz\/files\/smush-webp\/2025\/05\/229426dd-fe7b-4f34-adea-d8da415698c4_11zon-1.jpeg.webp 2048w\" sizes=\"(max-width: 1600px) 100vw, 1600px\" \/><\/figure>\n<\/div>\n\n<div class=\"element core-image\">\n<figure class=\"wp-block-image size-large\"><img decoding=\"async\" width=\"1600\" height=\"1200\" src=\"https:\/\/www.vtusp.cz\/files\/smush-webp\/2025\/05\/4958b7ce-a87d-49e3-a47a-ae08574549ba_11zon-1-1600x1200.jpeg.webp\" alt=\"\" class=\"wp-image-10629\" srcset=\"https:\/\/www.vtusp.cz\/files\/smush-webp\/2025\/05\/4958b7ce-a87d-49e3-a47a-ae08574549ba_11zon-1-1600x1200.jpeg.webp 1600w, https:\/\/www.vtusp.cz\/files\/smush-webp\/2025\/05\/4958b7ce-a87d-49e3-a47a-ae08574549ba_11zon-1-900x675.jpeg.webp 900w, https:\/\/www.vtusp.cz\/files\/smush-webp\/2025\/05\/4958b7ce-a87d-49e3-a47a-ae08574549ba_11zon-1-768x576.jpeg.webp 768w, https:\/\/www.vtusp.cz\/files\/smush-webp\/2025\/05\/4958b7ce-a87d-49e3-a47a-ae08574549ba_11zon-1-1536x1152.jpeg.webp 1536w, https:\/\/www.vtusp.cz\/files\/smush-webp\/2025\/05\/4958b7ce-a87d-49e3-a47a-ae08574549ba_11zon-1-1200x900.jpeg.webp 1200w, https:\/\/www.vtusp.cz\/files\/smush-webp\/2025\/05\/4958b7ce-a87d-49e3-a47a-ae08574549ba_11zon-1.jpeg.webp 2048w\" sizes=\"(max-width: 1600px) 100vw, 1600px\" \/><\/figure>\n<\/div>\n\n<div class=\"element core-image\">\n<figure class=\"wp-block-image size-large\"><img decoding=\"async\" width=\"1600\" height=\"1200\" src=\"https:\/\/www.vtusp.cz\/files\/smush-webp\/2025\/05\/69a7654c-ce72-4d06-a1a3-776f3a531a87_11zon-1-1600x1200.jpeg.webp\" alt=\"\" class=\"wp-image-10631\" srcset=\"https:\/\/www.vtusp.cz\/files\/smush-webp\/2025\/05\/69a7654c-ce72-4d06-a1a3-776f3a531a87_11zon-1-1600x1200.jpeg.webp 1600w, https:\/\/www.vtusp.cz\/files\/smush-webp\/2025\/05\/69a7654c-ce72-4d06-a1a3-776f3a531a87_11zon-1-900x675.jpeg.webp 900w, https:\/\/www.vtusp.cz\/files\/smush-webp\/2025\/05\/69a7654c-ce72-4d06-a1a3-776f3a531a87_11zon-1-768x576.jpeg.webp 768w, https:\/\/www.vtusp.cz\/files\/smush-webp\/2025\/05\/69a7654c-ce72-4d06-a1a3-776f3a531a87_11zon-1-1536x1152.jpeg.webp 1536w, https:\/\/www.vtusp.cz\/files\/smush-webp\/2025\/05\/69a7654c-ce72-4d06-a1a3-776f3a531a87_11zon-1-1200x900.jpeg.webp 1200w, https:\/\/www.vtusp.cz\/files\/smush-webp\/2025\/05\/69a7654c-ce72-4d06-a1a3-776f3a531a87_11zon-1.jpeg.webp 2048w\" sizes=\"(max-width: 1600px) 100vw, 1600px\" \/><\/figure>\n<\/div>\n\n<div class=\"element core-image\">\n<figure class=\"wp-block-image size-large\"><img decoding=\"async\" width=\"1600\" height=\"1200\" src=\"https:\/\/www.vtusp.cz\/files\/smush-webp\/2025\/05\/45fd6ced-7152-4567-bef4-ba06672538bd_11zon-1-1600x1200.jpeg.webp\" alt=\"\" class=\"wp-image-10633\" srcset=\"https:\/\/www.vtusp.cz\/files\/smush-webp\/2025\/05\/45fd6ced-7152-4567-bef4-ba06672538bd_11zon-1-1600x1200.jpeg.webp 1600w, https:\/\/www.vtusp.cz\/files\/smush-webp\/2025\/05\/45fd6ced-7152-4567-bef4-ba06672538bd_11zon-1-900x675.jpeg.webp 900w, https:\/\/www.vtusp.cz\/files\/smush-webp\/2025\/05\/45fd6ced-7152-4567-bef4-ba06672538bd_11zon-1-768x576.jpeg.webp 768w, https:\/\/www.vtusp.cz\/files\/smush-webp\/2025\/05\/45fd6ced-7152-4567-bef4-ba06672538bd_11zon-1-1536x1152.jpeg.webp 1536w, https:\/\/www.vtusp.cz\/files\/smush-webp\/2025\/05\/45fd6ced-7152-4567-bef4-ba06672538bd_11zon-1-1200x900.jpeg.webp 1200w, https:\/\/www.vtusp.cz\/files\/smush-webp\/2025\/05\/45fd6ced-7152-4567-bef4-ba06672538bd_11zon-1.jpeg.webp 2048w\" sizes=\"(max-width: 1600px) 100vw, 1600px\" \/><\/figure>\n<\/div>\n\n<div class=\"element core-image\">\n<figure class=\"wp-block-image size-large\"><img decoding=\"async\" width=\"1600\" height=\"1200\" src=\"https:\/\/www.vtusp.cz\/files\/smush-webp\/2025\/05\/3fa4c799-fd4f-47ba-944b-b6cf3b7256ec_11zon-1-1600x1200.jpeg.webp\" alt=\"\" class=\"wp-image-10637\" srcset=\"https:\/\/www.vtusp.cz\/files\/smush-webp\/2025\/05\/3fa4c799-fd4f-47ba-944b-b6cf3b7256ec_11zon-1-1600x1200.jpeg.webp 1600w, https:\/\/www.vtusp.cz\/files\/smush-webp\/2025\/05\/3fa4c799-fd4f-47ba-944b-b6cf3b7256ec_11zon-1-900x675.jpeg.webp 900w, https:\/\/www.vtusp.cz\/files\/smush-webp\/2025\/05\/3fa4c799-fd4f-47ba-944b-b6cf3b7256ec_11zon-1-768x576.jpeg.webp 768w, https:\/\/www.vtusp.cz\/files\/smush-webp\/2025\/05\/3fa4c799-fd4f-47ba-944b-b6cf3b7256ec_11zon-1-1536x1152.jpeg.webp 1536w, https:\/\/www.vtusp.cz\/files\/smush-webp\/2025\/05\/3fa4c799-fd4f-47ba-944b-b6cf3b7256ec_11zon-1-1200x900.jpeg.webp 1200w, https:\/\/www.vtusp.cz\/files\/smush-webp\/2025\/05\/3fa4c799-fd4f-47ba-944b-b6cf3b7256ec_11zon-1.jpeg.webp 2048w\" sizes=\"(max-width: 1600px) 100vw, 1600px\" \/><\/figure>\n<\/div>\n\n<div class=\"element core-image\">\n<figure class=\"wp-block-image size-large\"><img decoding=\"async\" width=\"1600\" height=\"1200\" src=\"https:\/\/www.vtusp.cz\/files\/smush-webp\/2025\/05\/0dfab557-13ed-49d6-b885-24d121635781_11zon-1-1600x1200.jpeg.webp\" alt=\"\" class=\"wp-image-10639\" srcset=\"https:\/\/www.vtusp.cz\/files\/smush-webp\/2025\/05\/0dfab557-13ed-49d6-b885-24d121635781_11zon-1-1600x1200.jpeg.webp 1600w, https:\/\/www.vtusp.cz\/files\/smush-webp\/2025\/05\/0dfab557-13ed-49d6-b885-24d121635781_11zon-1-900x675.jpeg.webp 900w, https:\/\/www.vtusp.cz\/files\/smush-webp\/2025\/05\/0dfab557-13ed-49d6-b885-24d121635781_11zon-1-768x576.jpeg.webp 768w, https:\/\/www.vtusp.cz\/files\/smush-webp\/2025\/05\/0dfab557-13ed-49d6-b885-24d121635781_11zon-1-1536x1152.jpeg.webp 1536w, https:\/\/www.vtusp.cz\/files\/smush-webp\/2025\/05\/0dfab557-13ed-49d6-b885-24d121635781_11zon-1-1200x900.jpeg.webp 1200w, https:\/\/www.vtusp.cz\/files\/smush-webp\/2025\/05\/0dfab557-13ed-49d6-b885-24d121635781_11zon-1.jpeg.webp 2048w\" sizes=\"(max-width: 1600px) 100vw, 1600px\" \/><\/figure>\n<\/div>","protected":false},"excerpt":{"rendered":"<p>Na sv\u00e9 zku\u0161ebn\u00ed st\u0159elnici v\u00a0Bzenci jsme p\u0159iv\u00edtali delegaci Gener\u00e1ln\u00edho \u0161t\u00e1bu A\u010cR v \u010dele s arm\u00e1dn\u00edm gener\u00e1lem Karlem \u0158ehkou a vrchn\u00ed \u0159editelkou sekce majetkov\u00e9 MO Martou Kopeckou. P\u0159edstavili jsme modern\u00ed technologie&#8230;<\/p>\n","protected":false},"author":9,"featured_media":10609,"comment_status":"open","ping_status":"closed","sticky":false,"template":"","format":"standard","meta":{"_acf_changed":false,"inline_featured_image":false,"footnotes":""},"categories":[1],"class_list":["post-10608","post","type-post","status-publish","format-standard","has-post-thumbnail","hentry","category-aktuality"],"acf":[],"yoast_head":"<!-- This site is optimized with the Yoast SEO plugin v27.5 - https:\/\/yoast.com\/product\/yoast-seo-wordpress\/ -->\n<title>VT\u00da p\u0159edstavil sv\u00e9 schopnosti veden\u00ed Arm\u00e1dy \u010cR a Ministerstva obrany | VT\u00da s.p.<\/title>\n<meta name=\"robots\" content=\"index, follow, max-snippet:-1, max-image-preview:large, max-video-preview:-1\" \/>\n<link rel=\"canonical\" href=\"https:\/\/www.vtusp.cz\/en\/aktuality\/vtu-predstavil-sve-schopnosti-vedeni-armady-cr-a-ministerstva-obrany\/\" \/>\n<meta property=\"og:locale\" content=\"en_US\" \/>\n<meta property=\"og:type\" content=\"article\" \/>\n<meta property=\"og:title\" content=\"VT\u00da p\u0159edstavil sv\u00e9 schopnosti veden\u00ed Arm\u00e1dy \u010cR a Ministerstva obrany | VT\u00da s.p.\" \/>\n<meta property=\"og:description\" content=\"Na sv\u00e9 zku\u0161ebn\u00ed st\u0159elnici v\u00a0Bzenci jsme p\u0159iv\u00edtali delegaci Gener\u00e1ln\u00edho \u0161t\u00e1bu A\u010cR v \u010dele s arm\u00e1dn\u00edm gener\u00e1lem Karlem \u0158ehkou a vrchn\u00ed \u0159editelkou sekce majetkov\u00e9 MO Martou Kopeckou. P\u0159edstavili jsme modern\u00ed technologie...\" \/>\n<meta property=\"og:url\" content=\"https:\/\/www.vtusp.cz\/en\/aktuality\/vtu-predstavil-sve-schopnosti-vedeni-armady-cr-a-ministerstva-obrany\/\" \/>\n<meta property=\"og:site_name\" content=\"VT\u00da s.p.\" \/>\n<meta property=\"article:published_time\" content=\"2025-05-22T08:03:44+00:00\" \/>\n<meta property=\"article:modified_time\" content=\"2025-05-22T08:03:46+00:00\" \/>\n<meta property=\"og:image\" content=\"https:\/\/www.vtusp.cz\/files\/uploads\/2025\/05\/fotka.jpg\" \/>\n\t<meta property=\"og:image:width\" content=\"2048\" \/>\n\t<meta property=\"og:image:height\" content=\"1536\" \/>\n\t<meta property=\"og:image:type\" content=\"image\/jpeg\" \/>\n<meta name=\"author\" content=\"David Hlu\u0161t\u00edk\" \/>\n<meta name=\"twitter:card\" content=\"summary_large_image\" \/>\n<meta name=\"twitter:label1\" content=\"Written by\" \/>\n\t<meta name=\"twitter:data1\" content=\"David Hlu\u0161t\u00edk\" \/>\n\t<meta name=\"twitter:label2\" content=\"Est. reading time\" \/>\n\t<meta name=\"twitter:data2\" content=\"3 minutes\" \/>\n<script type=\"application\/ld+json\" class=\"yoast-schema-graph\">{\"@context\":\"https:\\\/\\\/schema.org\",\"@graph\":[{\"@type\":\"Article\",\"@id\":\"https:\\\/\\\/www.vtusp.cz\\\/en\\\/aktuality\\\/vtu-predstavil-sve-schopnosti-vedeni-armady-cr-a-ministerstva-obrany\\\/#article\",\"isPartOf\":{\"@id\":\"https:\\\/\\\/www.vtusp.cz\\\/en\\\/aktuality\\\/vtu-predstavil-sve-schopnosti-vedeni-armady-cr-a-ministerstva-obrany\\\/\"},\"author\":{\"name\":\"David Hlu\u0161t\u00edk\",\"@id\":\"https:\\\/\\\/www.vtusp.cz\\\/en\\\/#\\\/schema\\\/person\\\/4e66be4cc70f3eb4bec3b753921ae8c5\"},\"headline\":\"VT\u00da p\u0159edstavil sv\u00e9 schopnosti veden\u00ed Arm\u00e1dy \u010cR a Ministerstva obrany\",\"datePublished\":\"2025-05-22T08:03:44+00:00\",\"dateModified\":\"2025-05-22T08:03:46+00:00\",\"mainEntityOfPage\":{\"@id\":\"https:\\\/\\\/www.vtusp.cz\\\/en\\\/aktuality\\\/vtu-predstavil-sve-schopnosti-vedeni-armady-cr-a-ministerstva-obrany\\\/\"},\"wordCount\":375,\"commentCount\":0,\"image\":{\"@id\":\"https:\\\/\\\/www.vtusp.cz\\\/en\\\/aktuality\\\/vtu-predstavil-sve-schopnosti-vedeni-armady-cr-a-ministerstva-obrany\\\/#primaryimage\"},\"thumbnailUrl\":\"https:\\\/\\\/www.vtusp.cz\\\/files\\\/uploads\\\/2025\\\/05\\\/fotka.jpg\",\"articleSection\":[\"Aktuality\"],\"inLanguage\":\"en-US\",\"potentialAction\":[{\"@type\":\"CommentAction\",\"name\":\"Comment\",\"target\":[\"https:\\\/\\\/www.vtusp.cz\\\/en\\\/aktuality\\\/vtu-predstavil-sve-schopnosti-vedeni-armady-cr-a-ministerstva-obrany\\\/#respond\"]}]},{\"@type\":\"WebPage\",\"@id\":\"https:\\\/\\\/www.vtusp.cz\\\/en\\\/aktuality\\\/vtu-predstavil-sve-schopnosti-vedeni-armady-cr-a-ministerstva-obrany\\\/\",\"url\":\"https:\\\/\\\/www.vtusp.cz\\\/en\\\/aktuality\\\/vtu-predstavil-sve-schopnosti-vedeni-armady-cr-a-ministerstva-obrany\\\/\",\"name\":\"VT\u00da p\u0159edstavil sv\u00e9 schopnosti veden\u00ed Arm\u00e1dy \u010cR a Ministerstva obrany | VT\u00da s.p.\",\"isPartOf\":{\"@id\":\"https:\\\/\\\/www.vtusp.cz\\\/en\\\/#website\"},\"primaryImageOfPage\":{\"@id\":\"https:\\\/\\\/www.vtusp.cz\\\/en\\\/aktuality\\\/vtu-predstavil-sve-schopnosti-vedeni-armady-cr-a-ministerstva-obrany\\\/#primaryimage\"},\"image\":{\"@id\":\"https:\\\/\\\/www.vtusp.cz\\\/en\\\/aktuality\\\/vtu-predstavil-sve-schopnosti-vedeni-armady-cr-a-ministerstva-obrany\\\/#primaryimage\"},\"thumbnailUrl\":\"https:\\\/\\\/www.vtusp.cz\\\/files\\\/uploads\\\/2025\\\/05\\\/fotka.jpg\",\"datePublished\":\"2025-05-22T08:03:44+00:00\",\"dateModified\":\"2025-05-22T08:03:46+00:00\",\"author\":{\"@id\":\"https:\\\/\\\/www.vtusp.cz\\\/en\\\/#\\\/schema\\\/person\\\/4e66be4cc70f3eb4bec3b753921ae8c5\"},\"breadcrumb\":{\"@id\":\"https:\\\/\\\/www.vtusp.cz\\\/en\\\/aktuality\\\/vtu-predstavil-sve-schopnosti-vedeni-armady-cr-a-ministerstva-obrany\\\/#breadcrumb\"},\"inLanguage\":\"en-US\",\"potentialAction\":[{\"@type\":\"ReadAction\",\"target\":[\"https:\\\/\\\/www.vtusp.cz\\\/en\\\/aktuality\\\/vtu-predstavil-sve-schopnosti-vedeni-armady-cr-a-ministerstva-obrany\\\/\"]}]},{\"@type\":\"ImageObject\",\"inLanguage\":\"en-US\",\"@id\":\"https:\\\/\\\/www.vtusp.cz\\\/en\\\/aktuality\\\/vtu-predstavil-sve-schopnosti-vedeni-armady-cr-a-ministerstva-obrany\\\/#primaryimage\",\"url\":\"https:\\\/\\\/www.vtusp.cz\\\/files\\\/uploads\\\/2025\\\/05\\\/fotka.jpg\",\"contentUrl\":\"https:\\\/\\\/www.vtusp.cz\\\/files\\\/uploads\\\/2025\\\/05\\\/fotka.jpg\",\"width\":2048,\"height\":1536},{\"@type\":\"BreadcrumbList\",\"@id\":\"https:\\\/\\\/www.vtusp.cz\\\/en\\\/aktuality\\\/vtu-predstavil-sve-schopnosti-vedeni-armady-cr-a-ministerstva-obrany\\\/#breadcrumb\",\"itemListElement\":[{\"@type\":\"ListItem\",\"position\":1,\"name\":\"Home\",\"item\":\"https:\\\/\\\/www.vtusp.cz\\\/en\\\/\"},{\"@type\":\"ListItem\",\"position\":2,\"name\":\"VT\u00da p\u0159edstavil sv\u00e9 schopnosti veden\u00ed Arm\u00e1dy \u010cR a Ministerstva obrany\"}]},{\"@type\":\"WebSite\",\"@id\":\"https:\\\/\\\/www.vtusp.cz\\\/en\\\/#website\",\"url\":\"https:\\\/\\\/www.vtusp.cz\\\/en\\\/\",\"name\":\"VT\u00da s.p.\",\"description\":\"\",\"potentialAction\":[{\"@type\":\"SearchAction\",\"target\":{\"@type\":\"EntryPoint\",\"urlTemplate\":\"https:\\\/\\\/www.vtusp.cz\\\/en\\\/?s={search_term_string}\"},\"query-input\":{\"@type\":\"PropertyValueSpecification\",\"valueRequired\":true,\"valueName\":\"search_term_string\"}}],\"inLanguage\":\"en-US\"},{\"@type\":\"Person\",\"@id\":\"https:\\\/\\\/www.vtusp.cz\\\/en\\\/#\\\/schema\\\/person\\\/4e66be4cc70f3eb4bec3b753921ae8c5\",\"name\":\"David Hlu\u0161t\u00edk\",\"image\":{\"@type\":\"ImageObject\",\"inLanguage\":\"en-US\",\"@id\":\"https:\\\/\\\/secure.gravatar.com\\\/avatar\\\/ee59b2f6d1d9c87e5d6510f0311fe6723d1677280a739db9a2056bf31a58ef8b?s=96&d=mm&r=g\",\"url\":\"https:\\\/\\\/secure.gravatar.com\\\/avatar\\\/ee59b2f6d1d9c87e5d6510f0311fe6723d1677280a739db9a2056bf31a58ef8b?s=96&d=mm&r=g\",\"contentUrl\":\"https:\\\/\\\/secure.gravatar.com\\\/avatar\\\/ee59b2f6d1d9c87e5d6510f0311fe6723d1677280a739db9a2056bf31a58ef8b?s=96&d=mm&r=g\",\"caption\":\"David Hlu\u0161t\u00edk\"}}]}<\/script>\n<!-- \/ Yoast SEO plugin. -->","yoast_head_json":{"title":"VT\u00da p\u0159edstavil sv\u00e9 schopnosti veden\u00ed Arm\u00e1dy \u010cR a Ministerstva obrany | VT\u00da s.p.","robots":{"index":"index","follow":"follow","max-snippet":"max-snippet:-1","max-image-preview":"max-image-preview:large","max-video-preview":"max-video-preview:-1"},"canonical":"https:\/\/www.vtusp.cz\/en\/aktuality\/vtu-predstavil-sve-schopnosti-vedeni-armady-cr-a-ministerstva-obrany\/","og_locale":"en_US","og_type":"article","og_title":"VT\u00da p\u0159edstavil sv\u00e9 schopnosti veden\u00ed Arm\u00e1dy \u010cR a Ministerstva obrany | VT\u00da s.p.","og_description":"Na sv\u00e9 zku\u0161ebn\u00ed st\u0159elnici v\u00a0Bzenci jsme p\u0159iv\u00edtali delegaci Gener\u00e1ln\u00edho \u0161t\u00e1bu A\u010cR v \u010dele s arm\u00e1dn\u00edm gener\u00e1lem Karlem \u0158ehkou a vrchn\u00ed \u0159editelkou sekce majetkov\u00e9 MO Martou Kopeckou. P\u0159edstavili jsme modern\u00ed technologie...","og_url":"https:\/\/www.vtusp.cz\/en\/aktuality\/vtu-predstavil-sve-schopnosti-vedeni-armady-cr-a-ministerstva-obrany\/","og_site_name":"VT\u00da s.p.","article_published_time":"2025-05-22T08:03:44+00:00","article_modified_time":"2025-05-22T08:03:46+00:00","og_image":[{"width":2048,"height":1536,"url":"https:\/\/www.vtusp.cz\/files\/uploads\/2025\/05\/fotka.jpg","type":"image\/jpeg"}],"author":"David Hlu\u0161t\u00edk","twitter_card":"summary_large_image","twitter_misc":{"Written by":"David Hlu\u0161t\u00edk","Est. reading time":"3 minutes"},"schema":{"@context":"https:\/\/schema.org","@graph":[{"@type":"Article","@id":"https:\/\/www.vtusp.cz\/en\/aktuality\/vtu-predstavil-sve-schopnosti-vedeni-armady-cr-a-ministerstva-obrany\/#article","isPartOf":{"@id":"https:\/\/www.vtusp.cz\/en\/aktuality\/vtu-predstavil-sve-schopnosti-vedeni-armady-cr-a-ministerstva-obrany\/"},"author":{"name":"David Hlu\u0161t\u00edk","@id":"https:\/\/www.vtusp.cz\/en\/#\/schema\/person\/4e66be4cc70f3eb4bec3b753921ae8c5"},"headline":"VT\u00da p\u0159edstavil sv\u00e9 schopnosti veden\u00ed Arm\u00e1dy \u010cR a Ministerstva obrany","datePublished":"2025-05-22T08:03:44+00:00","dateModified":"2025-05-22T08:03:46+00:00","mainEntityOfPage":{"@id":"https:\/\/www.vtusp.cz\/en\/aktuality\/vtu-predstavil-sve-schopnosti-vedeni-armady-cr-a-ministerstva-obrany\/"},"wordCount":375,"commentCount":0,"image":{"@id":"https:\/\/www.vtusp.cz\/en\/aktuality\/vtu-predstavil-sve-schopnosti-vedeni-armady-cr-a-ministerstva-obrany\/#primaryimage"},"thumbnailUrl":"https:\/\/www.vtusp.cz\/files\/uploads\/2025\/05\/fotka.jpg","articleSection":["Aktuality"],"inLanguage":"en-US","potentialAction":[{"@type":"CommentAction","name":"Comment","target":["https:\/\/www.vtusp.cz\/en\/aktuality\/vtu-predstavil-sve-schopnosti-vedeni-armady-cr-a-ministerstva-obrany\/#respond"]}]},{"@type":"WebPage","@id":"https:\/\/www.vtusp.cz\/en\/aktuality\/vtu-predstavil-sve-schopnosti-vedeni-armady-cr-a-ministerstva-obrany\/","url":"https:\/\/www.vtusp.cz\/en\/aktuality\/vtu-predstavil-sve-schopnosti-vedeni-armady-cr-a-ministerstva-obrany\/","name":"VT\u00da p\u0159edstavil sv\u00e9 schopnosti veden\u00ed Arm\u00e1dy \u010cR a Ministerstva obrany | VT\u00da s.p.","isPartOf":{"@id":"https:\/\/www.vtusp.cz\/en\/#website"},"primaryImageOfPage":{"@id":"https:\/\/www.vtusp.cz\/en\/aktuality\/vtu-predstavil-sve-schopnosti-vedeni-armady-cr-a-ministerstva-obrany\/#primaryimage"},"image":{"@id":"https:\/\/www.vtusp.cz\/en\/aktuality\/vtu-predstavil-sve-schopnosti-vedeni-armady-cr-a-ministerstva-obrany\/#primaryimage"},"thumbnailUrl":"https:\/\/www.vtusp.cz\/files\/uploads\/2025\/05\/fotka.jpg","datePublished":"2025-05-22T08:03:44+00:00","dateModified":"2025-05-22T08:03:46+00:00","author":{"@id":"https:\/\/www.vtusp.cz\/en\/#\/schema\/person\/4e66be4cc70f3eb4bec3b753921ae8c5"},"breadcrumb":{"@id":"https:\/\/www.vtusp.cz\/en\/aktuality\/vtu-predstavil-sve-schopnosti-vedeni-armady-cr-a-ministerstva-obrany\/#breadcrumb"},"inLanguage":"en-US","potentialAction":[{"@type":"ReadAction","target":["https:\/\/www.vtusp.cz\/en\/aktuality\/vtu-predstavil-sve-schopnosti-vedeni-armady-cr-a-ministerstva-obrany\/"]}]},{"@type":"ImageObject","inLanguage":"en-US","@id":"https:\/\/www.vtusp.cz\/en\/aktuality\/vtu-predstavil-sve-schopnosti-vedeni-armady-cr-a-ministerstva-obrany\/#primaryimage","url":"https:\/\/www.vtusp.cz\/files\/uploads\/2025\/05\/fotka.jpg","contentUrl":"https:\/\/www.vtusp.cz\/files\/uploads\/2025\/05\/fotka.jpg","width":2048,"height":1536},{"@type":"BreadcrumbList","@id":"https:\/\/www.vtusp.cz\/en\/aktuality\/vtu-predstavil-sve-schopnosti-vedeni-armady-cr-a-ministerstva-obrany\/#breadcrumb","itemListElement":[{"@type":"ListItem","position":1,"name":"Home","item":"https:\/\/www.vtusp.cz\/en\/"},{"@type":"ListItem","position":2,"name":"VT\u00da p\u0159edstavil sv\u00e9 schopnosti veden\u00ed Arm\u00e1dy \u010cR a Ministerstva obrany"}]},{"@type":"WebSite","@id":"https:\/\/www.vtusp.cz\/en\/#website","url":"https:\/\/www.vtusp.cz\/en\/","name":"VT\u00da s.p.","description":"","potentialAction":[{"@type":"SearchAction","target":{"@type":"EntryPoint","urlTemplate":"https:\/\/www.vtusp.cz\/en\/?s={search_term_string}"},"query-input":{"@type":"PropertyValueSpecification","valueRequired":true,"valueName":"search_term_string"}}],"inLanguage":"en-US"},{"@type":"Person","@id":"https:\/\/www.vtusp.cz\/en\/#\/schema\/person\/4e66be4cc70f3eb4bec3b753921ae8c5","name":"David Hlu\u0161t\u00edk","image":{"@type":"ImageObject","inLanguage":"en-US","@id":"https:\/\/secure.gravatar.com\/avatar\/ee59b2f6d1d9c87e5d6510f0311fe6723d1677280a739db9a2056bf31a58ef8b?s=96&d=mm&r=g","url":"https:\/\/secure.gravatar.com\/avatar\/ee59b2f6d1d9c87e5d6510f0311fe6723d1677280a739db9a2056bf31a58ef8b?s=96&d=mm&r=g","contentUrl":"https:\/\/secure.gravatar.com\/avatar\/ee59b2f6d1d9c87e5d6510f0311fe6723d1677280a739db9a2056bf31a58ef8b?s=96&d=mm&r=g","caption":"David Hlu\u0161t\u00edk"}}]}},"_links":{"self":[{"href":"https:\/\/www.vtusp.cz\/en\/wp-json\/wp\/v2\/posts\/10608","targetHints":{"allow":["GET"]}}],"collection":[{"href":"https:\/\/www.vtusp.cz\/en\/wp-json\/wp\/v2\/posts"}],"about":[{"href":"https:\/\/www.vtusp.cz\/en\/wp-json\/wp\/v2\/types\/post"}],"author":[{"embeddable":true,"href":"https:\/\/www.vtusp.cz\/en\/wp-json\/wp\/v2\/users\/9"}],"replies":[{"embeddable":true,"href":"https:\/\/www.vtusp.cz\/en\/wp-json\/wp\/v2\/comments?post=10608"}],"version-history":[{"count":1,"href":"https:\/\/www.vtusp.cz\/en\/wp-json\/wp\/v2\/posts\/10608\/revisions"}],"predecessor-version":[{"id":10641,"href":"https:\/\/www.vtusp.cz\/en\/wp-json\/wp\/v2\/posts\/10608\/revisions\/10641"}],"wp:featuredmedia":[{"embeddable":true,"href":"https:\/\/www.vtusp.cz\/en\/wp-json\/wp\/v2\/media\/10609"}],"wp:attachment":[{"href":"https:\/\/www.vtusp.cz\/en\/wp-json\/wp\/v2\/media?parent=10608"}],"wp:term":[{"taxonomy":"category","embeddable":true,"href":"https:\/\/www.vtusp.cz\/en\/wp-json\/wp\/v2\/categories?post=10608"}],"curies":[{"name":"wp","href":"https:\/\/api.w.org\/{rel}","templated":true}]}}