{"id":10302,"date":"2024-10-31T11:55:04","date_gmt":"2024-10-31T10:55:04","guid":{"rendered":"https:\/\/www.vtusp.cz\/?p=10302"},"modified":"2024-11-04T08:03:39","modified_gmt":"2024-11-04T07:03:39","slug":"vtu-podporuje-vlci-mak-ceske-republiky-pro-nase-valecne-veterany","status":"publish","type":"post","link":"https:\/\/www.vtusp.cz\/en\/aktuality\/vtu-podporuje-vlci-mak-ceske-republiky-pro-nase-valecne-veterany\/","title":{"rendered":"VT\u00da podporuje \u201eVl\u010d\u00ed m\u00e1k \u010cesk\u00e9 republiky pro na\u0161e v\u00e1le\u010dn\u00e9 veter\u00e1ny\u201c"},"content":{"rendered":"<div class=\"element core-paragraph\">\n<p>Vojensk\u00fd technick\u00fd \u00fastav, s.p. (VT\u00da) se hrd\u011b zapojil do projektu \u201eVl\u010d\u00ed m\u00e1k \u010cesk\u00e9 republiky pro na\u0161e v\u00e1le\u010dn\u00e9 veter\u00e1ny\u201c, kter\u00fd ct\u00ed hrdinstv\u00ed a ob\u011bti \u010desk\u00fdch voj\u00e1k\u016f a veter\u00e1n\u016f. Symbol \u010derven\u00e9ho vl\u010d\u00edho m\u00e1ku, tradi\u010dn\u011b p\u0159ipom\u00ednaj\u00edc\u00ed Den v\u00e1le\u010dn\u00fdch veter\u00e1n\u016f, letos p\u0159ich\u00e1z\u00ed s novou limitovanou edic\u00ed vyrobenou speci\u00e1ln\u011b pro rok 2024.<\/p>\n<\/div>\n\n<div class=\"element core-paragraph\">\n<p>V\u00fdznamn\u00fdm aspektem projektu je podpora a spolupr\u00e1ce dal\u0161\u00edch st\u00e1tn\u00edch podnik\u016f Ministerstva obrany \u010cesk\u00e9 republiky, mezi kter\u00e9 se VT\u00da hrd\u011b \u0159ad\u00ed po boku LOM PRAHA, VOP CZ, Vojensk\u00fdch les\u016f a statk\u016f \u010cR a Vojensk\u00e9ho v\u00fdzkumn\u00e9ho \u00fastavu. Ka\u017ed\u00fd d\u00edl vl\u010d\u00edho m\u00e1ku byl ru\u010dn\u011b slo\u017een v\u00e1le\u010dn\u00fdmi veter\u00e1ny samotn\u00fdmi, \u010d\u00edm\u017e tento symbol nab\u00fdv\u00e1 nejen na v\u00fdznamu, ale i osobn\u00edm a emotivn\u00edm rozm\u011bru.<\/p>\n<\/div>\n\n<div class=\"element core-paragraph\">\n<p>Kampa\u0148 \u201eVl\u010d\u00ed m\u00e1k \u010cesk\u00e9 republiky pro na\u0161e v\u00e1le\u010dn\u00e9 veter\u00e1ny\u201c prob\u00edh\u00e1 po cel\u00e9 \u010cR spole\u010dn\u011b se sb\u00edrkou v obdob\u00ed od 29. \u0159\u00edjna do 11. listopadu 2024. K dispozici jsou dv\u011b fyzick\u00e9 verze vl\u010d\u00edho m\u00e1ku (z nich\u017e jedna je limitovan\u00e1) a jedn\u00e9 digit\u00e1ln\u00ed DiGiM\u00c1K, kter\u00fd byl spu\u0161t\u011bn dnes r\u00e1no.<\/p>\n<\/div>\n\n<div class=\"element core-paragraph\">\n<p>&#8220;Spolupr\u00e1ce VT\u00da na tomto projektu zd\u016fraz\u0148uje n\u00e1\u0161 z\u00e1vazek podporovat ty, kte\u0159\u00ed se zaslou\u017eili o obranu na\u0161ich hodnot a svobod, a p\u0159ipom\u00ednat ve\u0159ejnosti hrdinstv\u00ed v\u00e1le\u010dn\u00fdch veter\u00e1n\u016f, kte\u0159\u00ed i dnes bojuj\u00ed za na\u0161i bezpe\u010dnost a svobodu,&#8221; \u0159\u00edk\u00e1 \u0159editel VT\u00da Ji\u0159\u00ed Ka\u0161p\u00e1rek, kter\u00fd po \u00fa\u010dasti v zahrani\u010dn\u00edch mis\u00edch z\u00edskal tak\u00e9 status v\u00e1le\u010dn\u00e9ho veter\u00e1na.<\/p>\n<\/div>\n\n<div class=\"element core-paragraph\">\n<p>Na v\u00fdrob\u011b 10 000 kus\u016f vl\u010d\u00edch m\u00e1k\u016f se pod\u00edlel Z\u00e1vod pohonn\u00fdch jednotek st\u00e1tn\u00edho podniku LOM PRAHA, kter\u00fd vyu\u017eil nejmodern\u011bj\u0161\u00ed technologie leteck\u00e9ho pr\u016fmyslu, nap\u0159\u00edklad 3D tisk a \u0159ezac\u00ed plotry, obvykle slou\u017e\u00edc\u00ed pro v\u00fdrobu sou\u010d\u00e1st\u00ed leteck\u00e9 techniky. Ka\u017ed\u00fd vl\u010d\u00ed m\u00e1k byl vytvo\u0159en s maxim\u00e1ln\u00ed p\u0159esnost\u00ed a p\u00e9\u010d\u00ed, za pou\u017eit\u00ed ekologick\u00fdch materi\u00e1l\u016f, jako je pap\u00edr a PLA plast, co\u017e d\u00e1v\u00e1 symbolu nejen estetickou hodnotu, ale i ohleduplnost k p\u0159\u00edrod\u011b.<\/p>\n<\/div>\n\n<div class=\"element core-image\">\n<figure class=\"wp-block-image size-large\"><img decoding=\"async\" width=\"1600\" height=\"256\" src=\"https:\/\/www.vtusp.cz\/files\/smush-webp\/2024\/10\/vlcimakCR_2-1600x256.png.webp\" alt=\"\" class=\"wp-image-10303\" srcset=\"https:\/\/www.vtusp.cz\/files\/smush-webp\/2024\/10\/vlcimakCR_2-1600x256.png.webp 1600w, https:\/\/www.vtusp.cz\/files\/smush-webp\/2024\/10\/vlcimakCR_2-900x144.png.webp 900w, https:\/\/www.vtusp.cz\/files\/smush-webp\/2024\/10\/vlcimakCR_2-768x123.png.webp 768w, https:\/\/www.vtusp.cz\/files\/smush-webp\/2024\/10\/vlcimakCR_2-1536x246.png.webp 1536w, https:\/\/www.vtusp.cz\/files\/smush-webp\/2024\/10\/vlcimakCR_2-2048x327.png.webp 2048w\" sizes=\"(max-width: 1600px) 100vw, 1600px\" \/><\/figure>\n<\/div>","protected":false},"excerpt":{"rendered":"<p>Vojensk\u00fd technick\u00fd \u00fastav, s.p. (VT\u00da) se hrd\u011b zapojil do projektu \u201eVl\u010d\u00ed m\u00e1k \u010cesk\u00e9 republiky pro na\u0161e v\u00e1le\u010dn\u00e9 veter\u00e1ny\u201c, kter\u00fd ct\u00ed hrdinstv\u00ed a ob\u011bti \u010desk\u00fdch voj\u00e1k\u016f a veter\u00e1n\u016f. Symbol \u010derven\u00e9ho vl\u010d\u00edho&#8230;<\/p>\n","protected":false},"author":9,"featured_media":10311,"comment_status":"open","ping_status":"closed","sticky":false,"template":"","format":"standard","meta":{"_acf_changed":false,"inline_featured_image":false,"footnotes":""},"categories":[1],"class_list":["post-10302","post","type-post","status-publish","format-standard","has-post-thumbnail","hentry","category-aktuality"],"acf":[],"yoast_head":"<!-- This site is optimized with the Yoast SEO plugin v27.5 - https:\/\/yoast.com\/product\/yoast-seo-wordpress\/ -->\n<title>VT\u00da podporuje \u201eVl\u010d\u00ed m\u00e1k \u010cesk\u00e9 republiky pro na\u0161e v\u00e1le\u010dn\u00e9 veter\u00e1ny\u201c | VT\u00da s.p.<\/title>\n<meta name=\"robots\" content=\"index, follow, max-snippet:-1, max-image-preview:large, max-video-preview:-1\" \/>\n<link rel=\"canonical\" href=\"https:\/\/www.vtusp.cz\/en\/aktuality\/vtu-podporuje-vlci-mak-ceske-republiky-pro-nase-valecne-veterany\/\" \/>\n<meta property=\"og:locale\" content=\"en_US\" \/>\n<meta property=\"og:type\" content=\"article\" \/>\n<meta property=\"og:title\" content=\"VT\u00da podporuje \u201eVl\u010d\u00ed m\u00e1k \u010cesk\u00e9 republiky pro na\u0161e v\u00e1le\u010dn\u00e9 veter\u00e1ny\u201c | VT\u00da s.p.\" \/>\n<meta property=\"og:description\" content=\"Vojensk\u00fd technick\u00fd \u00fastav, s.p. (VT\u00da) se hrd\u011b zapojil do projektu \u201eVl\u010d\u00ed m\u00e1k \u010cesk\u00e9 republiky pro na\u0161e v\u00e1le\u010dn\u00e9 veter\u00e1ny\u201c, kter\u00fd ct\u00ed hrdinstv\u00ed a ob\u011bti \u010desk\u00fdch voj\u00e1k\u016f a veter\u00e1n\u016f. Symbol \u010derven\u00e9ho vl\u010d\u00edho...\" \/>\n<meta property=\"og:url\" content=\"https:\/\/www.vtusp.cz\/en\/aktuality\/vtu-podporuje-vlci-mak-ceske-republiky-pro-nase-valecne-veterany\/\" \/>\n<meta property=\"og:site_name\" content=\"VT\u00da s.p.\" \/>\n<meta property=\"article:published_time\" content=\"2024-10-31T10:55:04+00:00\" \/>\n<meta property=\"article:modified_time\" content=\"2024-11-04T07:03:39+00:00\" \/>\n<meta property=\"og:image\" content=\"https:\/\/www.vtusp.cz\/files\/uploads\/2024\/10\/af8164e5-54d9-43b9-804b-4505026c111f-1.jpg\" \/>\n\t<meta property=\"og:image:width\" content=\"1200\" \/>\n\t<meta property=\"og:image:height\" content=\"1600\" \/>\n\t<meta property=\"og:image:type\" content=\"image\/jpeg\" \/>\n<meta name=\"author\" content=\"David Hlu\u0161t\u00edk\" \/>\n<meta name=\"twitter:card\" content=\"summary_large_image\" \/>\n<meta name=\"twitter:label1\" content=\"Written by\" \/>\n\t<meta name=\"twitter:data1\" content=\"David Hlu\u0161t\u00edk\" \/>\n\t<meta name=\"twitter:label2\" content=\"Est. reading time\" \/>\n\t<meta name=\"twitter:data2\" content=\"2 minutes\" \/>\n<script type=\"application\/ld+json\" class=\"yoast-schema-graph\">{\"@context\":\"https:\\\/\\\/schema.org\",\"@graph\":[{\"@type\":\"Article\",\"@id\":\"https:\\\/\\\/www.vtusp.cz\\\/en\\\/aktuality\\\/vtu-podporuje-vlci-mak-ceske-republiky-pro-nase-valecne-veterany\\\/#article\",\"isPartOf\":{\"@id\":\"https:\\\/\\\/www.vtusp.cz\\\/en\\\/aktuality\\\/vtu-podporuje-vlci-mak-ceske-republiky-pro-nase-valecne-veterany\\\/\"},\"author\":{\"name\":\"David Hlu\u0161t\u00edk\",\"@id\":\"https:\\\/\\\/www.vtusp.cz\\\/en\\\/#\\\/schema\\\/person\\\/4e66be4cc70f3eb4bec3b753921ae8c5\"},\"headline\":\"VT\u00da podporuje \u201eVl\u010d\u00ed m\u00e1k \u010cesk\u00e9 republiky pro na\u0161e v\u00e1le\u010dn\u00e9 veter\u00e1ny\u201c\",\"datePublished\":\"2024-10-31T10:55:04+00:00\",\"dateModified\":\"2024-11-04T07:03:39+00:00\",\"mainEntityOfPage\":{\"@id\":\"https:\\\/\\\/www.vtusp.cz\\\/en\\\/aktuality\\\/vtu-podporuje-vlci-mak-ceske-republiky-pro-nase-valecne-veterany\\\/\"},\"wordCount\":394,\"commentCount\":0,\"image\":{\"@id\":\"https:\\\/\\\/www.vtusp.cz\\\/en\\\/aktuality\\\/vtu-podporuje-vlci-mak-ceske-republiky-pro-nase-valecne-veterany\\\/#primaryimage\"},\"thumbnailUrl\":\"https:\\\/\\\/www.vtusp.cz\\\/files\\\/uploads\\\/2024\\\/10\\\/af8164e5-54d9-43b9-804b-4505026c111f-1.jpg\",\"articleSection\":[\"Aktuality\"],\"inLanguage\":\"en-US\",\"potentialAction\":[{\"@type\":\"CommentAction\",\"name\":\"Comment\",\"target\":[\"https:\\\/\\\/www.vtusp.cz\\\/en\\\/aktuality\\\/vtu-podporuje-vlci-mak-ceske-republiky-pro-nase-valecne-veterany\\\/#respond\"]}]},{\"@type\":\"WebPage\",\"@id\":\"https:\\\/\\\/www.vtusp.cz\\\/en\\\/aktuality\\\/vtu-podporuje-vlci-mak-ceske-republiky-pro-nase-valecne-veterany\\\/\",\"url\":\"https:\\\/\\\/www.vtusp.cz\\\/en\\\/aktuality\\\/vtu-podporuje-vlci-mak-ceske-republiky-pro-nase-valecne-veterany\\\/\",\"name\":\"VT\u00da podporuje \u201eVl\u010d\u00ed m\u00e1k \u010cesk\u00e9 republiky pro na\u0161e v\u00e1le\u010dn\u00e9 veter\u00e1ny\u201c | VT\u00da s.p.\",\"isPartOf\":{\"@id\":\"https:\\\/\\\/www.vtusp.cz\\\/en\\\/#website\"},\"primaryImageOfPage\":{\"@id\":\"https:\\\/\\\/www.vtusp.cz\\\/en\\\/aktuality\\\/vtu-podporuje-vlci-mak-ceske-republiky-pro-nase-valecne-veterany\\\/#primaryimage\"},\"image\":{\"@id\":\"https:\\\/\\\/www.vtusp.cz\\\/en\\\/aktuality\\\/vtu-podporuje-vlci-mak-ceske-republiky-pro-nase-valecne-veterany\\\/#primaryimage\"},\"thumbnailUrl\":\"https:\\\/\\\/www.vtusp.cz\\\/files\\\/uploads\\\/2024\\\/10\\\/af8164e5-54d9-43b9-804b-4505026c111f-1.jpg\",\"datePublished\":\"2024-10-31T10:55:04+00:00\",\"dateModified\":\"2024-11-04T07:03:39+00:00\",\"author\":{\"@id\":\"https:\\\/\\\/www.vtusp.cz\\\/en\\\/#\\\/schema\\\/person\\\/4e66be4cc70f3eb4bec3b753921ae8c5\"},\"breadcrumb\":{\"@id\":\"https:\\\/\\\/www.vtusp.cz\\\/en\\\/aktuality\\\/vtu-podporuje-vlci-mak-ceske-republiky-pro-nase-valecne-veterany\\\/#breadcrumb\"},\"inLanguage\":\"en-US\",\"potentialAction\":[{\"@type\":\"ReadAction\",\"target\":[\"https:\\\/\\\/www.vtusp.cz\\\/en\\\/aktuality\\\/vtu-podporuje-vlci-mak-ceske-republiky-pro-nase-valecne-veterany\\\/\"]}]},{\"@type\":\"ImageObject\",\"inLanguage\":\"en-US\",\"@id\":\"https:\\\/\\\/www.vtusp.cz\\\/en\\\/aktuality\\\/vtu-podporuje-vlci-mak-ceske-republiky-pro-nase-valecne-veterany\\\/#primaryimage\",\"url\":\"https:\\\/\\\/www.vtusp.cz\\\/files\\\/uploads\\\/2024\\\/10\\\/af8164e5-54d9-43b9-804b-4505026c111f-1.jpg\",\"contentUrl\":\"https:\\\/\\\/www.vtusp.cz\\\/files\\\/uploads\\\/2024\\\/10\\\/af8164e5-54d9-43b9-804b-4505026c111f-1.jpg\",\"width\":1200,\"height\":1600},{\"@type\":\"BreadcrumbList\",\"@id\":\"https:\\\/\\\/www.vtusp.cz\\\/en\\\/aktuality\\\/vtu-podporuje-vlci-mak-ceske-republiky-pro-nase-valecne-veterany\\\/#breadcrumb\",\"itemListElement\":[{\"@type\":\"ListItem\",\"position\":1,\"name\":\"Home\",\"item\":\"https:\\\/\\\/www.vtusp.cz\\\/en\\\/\"},{\"@type\":\"ListItem\",\"position\":2,\"name\":\"VT\u00da podporuje \u201eVl\u010d\u00ed m\u00e1k \u010cesk\u00e9 republiky pro na\u0161e v\u00e1le\u010dn\u00e9 veter\u00e1ny\u201c\"}]},{\"@type\":\"WebSite\",\"@id\":\"https:\\\/\\\/www.vtusp.cz\\\/en\\\/#website\",\"url\":\"https:\\\/\\\/www.vtusp.cz\\\/en\\\/\",\"name\":\"VT\u00da s.p.\",\"description\":\"\",\"potentialAction\":[{\"@type\":\"SearchAction\",\"target\":{\"@type\":\"EntryPoint\",\"urlTemplate\":\"https:\\\/\\\/www.vtusp.cz\\\/en\\\/?s={search_term_string}\"},\"query-input\":{\"@type\":\"PropertyValueSpecification\",\"valueRequired\":true,\"valueName\":\"search_term_string\"}}],\"inLanguage\":\"en-US\"},{\"@type\":\"Person\",\"@id\":\"https:\\\/\\\/www.vtusp.cz\\\/en\\\/#\\\/schema\\\/person\\\/4e66be4cc70f3eb4bec3b753921ae8c5\",\"name\":\"David Hlu\u0161t\u00edk\",\"image\":{\"@type\":\"ImageObject\",\"inLanguage\":\"en-US\",\"@id\":\"https:\\\/\\\/secure.gravatar.com\\\/avatar\\\/ee59b2f6d1d9c87e5d6510f0311fe6723d1677280a739db9a2056bf31a58ef8b?s=96&d=mm&r=g\",\"url\":\"https:\\\/\\\/secure.gravatar.com\\\/avatar\\\/ee59b2f6d1d9c87e5d6510f0311fe6723d1677280a739db9a2056bf31a58ef8b?s=96&d=mm&r=g\",\"contentUrl\":\"https:\\\/\\\/secure.gravatar.com\\\/avatar\\\/ee59b2f6d1d9c87e5d6510f0311fe6723d1677280a739db9a2056bf31a58ef8b?s=96&d=mm&r=g\",\"caption\":\"David Hlu\u0161t\u00edk\"}}]}<\/script>\n<!-- \/ Yoast SEO plugin. -->","yoast_head_json":{"title":"VT\u00da podporuje \u201eVl\u010d\u00ed m\u00e1k \u010cesk\u00e9 republiky pro na\u0161e v\u00e1le\u010dn\u00e9 veter\u00e1ny\u201c | VT\u00da s.p.","robots":{"index":"index","follow":"follow","max-snippet":"max-snippet:-1","max-image-preview":"max-image-preview:large","max-video-preview":"max-video-preview:-1"},"canonical":"https:\/\/www.vtusp.cz\/en\/aktuality\/vtu-podporuje-vlci-mak-ceske-republiky-pro-nase-valecne-veterany\/","og_locale":"en_US","og_type":"article","og_title":"VT\u00da podporuje \u201eVl\u010d\u00ed m\u00e1k \u010cesk\u00e9 republiky pro na\u0161e v\u00e1le\u010dn\u00e9 veter\u00e1ny\u201c | VT\u00da s.p.","og_description":"Vojensk\u00fd technick\u00fd \u00fastav, s.p. (VT\u00da) se hrd\u011b zapojil do projektu \u201eVl\u010d\u00ed m\u00e1k \u010cesk\u00e9 republiky pro na\u0161e v\u00e1le\u010dn\u00e9 veter\u00e1ny\u201c, kter\u00fd ct\u00ed hrdinstv\u00ed a ob\u011bti \u010desk\u00fdch voj\u00e1k\u016f a veter\u00e1n\u016f. Symbol \u010derven\u00e9ho vl\u010d\u00edho...","og_url":"https:\/\/www.vtusp.cz\/en\/aktuality\/vtu-podporuje-vlci-mak-ceske-republiky-pro-nase-valecne-veterany\/","og_site_name":"VT\u00da s.p.","article_published_time":"2024-10-31T10:55:04+00:00","article_modified_time":"2024-11-04T07:03:39+00:00","og_image":[{"width":1200,"height":1600,"url":"https:\/\/www.vtusp.cz\/files\/uploads\/2024\/10\/af8164e5-54d9-43b9-804b-4505026c111f-1.jpg","type":"image\/jpeg"}],"author":"David Hlu\u0161t\u00edk","twitter_card":"summary_large_image","twitter_misc":{"Written by":"David Hlu\u0161t\u00edk","Est. reading time":"2 minutes"},"schema":{"@context":"https:\/\/schema.org","@graph":[{"@type":"Article","@id":"https:\/\/www.vtusp.cz\/en\/aktuality\/vtu-podporuje-vlci-mak-ceske-republiky-pro-nase-valecne-veterany\/#article","isPartOf":{"@id":"https:\/\/www.vtusp.cz\/en\/aktuality\/vtu-podporuje-vlci-mak-ceske-republiky-pro-nase-valecne-veterany\/"},"author":{"name":"David Hlu\u0161t\u00edk","@id":"https:\/\/www.vtusp.cz\/en\/#\/schema\/person\/4e66be4cc70f3eb4bec3b753921ae8c5"},"headline":"VT\u00da podporuje \u201eVl\u010d\u00ed m\u00e1k \u010cesk\u00e9 republiky pro na\u0161e v\u00e1le\u010dn\u00e9 veter\u00e1ny\u201c","datePublished":"2024-10-31T10:55:04+00:00","dateModified":"2024-11-04T07:03:39+00:00","mainEntityOfPage":{"@id":"https:\/\/www.vtusp.cz\/en\/aktuality\/vtu-podporuje-vlci-mak-ceske-republiky-pro-nase-valecne-veterany\/"},"wordCount":394,"commentCount":0,"image":{"@id":"https:\/\/www.vtusp.cz\/en\/aktuality\/vtu-podporuje-vlci-mak-ceske-republiky-pro-nase-valecne-veterany\/#primaryimage"},"thumbnailUrl":"https:\/\/www.vtusp.cz\/files\/uploads\/2024\/10\/af8164e5-54d9-43b9-804b-4505026c111f-1.jpg","articleSection":["Aktuality"],"inLanguage":"en-US","potentialAction":[{"@type":"CommentAction","name":"Comment","target":["https:\/\/www.vtusp.cz\/en\/aktuality\/vtu-podporuje-vlci-mak-ceske-republiky-pro-nase-valecne-veterany\/#respond"]}]},{"@type":"WebPage","@id":"https:\/\/www.vtusp.cz\/en\/aktuality\/vtu-podporuje-vlci-mak-ceske-republiky-pro-nase-valecne-veterany\/","url":"https:\/\/www.vtusp.cz\/en\/aktuality\/vtu-podporuje-vlci-mak-ceske-republiky-pro-nase-valecne-veterany\/","name":"VT\u00da podporuje \u201eVl\u010d\u00ed m\u00e1k \u010cesk\u00e9 republiky pro na\u0161e v\u00e1le\u010dn\u00e9 veter\u00e1ny\u201c | VT\u00da s.p.","isPartOf":{"@id":"https:\/\/www.vtusp.cz\/en\/#website"},"primaryImageOfPage":{"@id":"https:\/\/www.vtusp.cz\/en\/aktuality\/vtu-podporuje-vlci-mak-ceske-republiky-pro-nase-valecne-veterany\/#primaryimage"},"image":{"@id":"https:\/\/www.vtusp.cz\/en\/aktuality\/vtu-podporuje-vlci-mak-ceske-republiky-pro-nase-valecne-veterany\/#primaryimage"},"thumbnailUrl":"https:\/\/www.vtusp.cz\/files\/uploads\/2024\/10\/af8164e5-54d9-43b9-804b-4505026c111f-1.jpg","datePublished":"2024-10-31T10:55:04+00:00","dateModified":"2024-11-04T07:03:39+00:00","author":{"@id":"https:\/\/www.vtusp.cz\/en\/#\/schema\/person\/4e66be4cc70f3eb4bec3b753921ae8c5"},"breadcrumb":{"@id":"https:\/\/www.vtusp.cz\/en\/aktuality\/vtu-podporuje-vlci-mak-ceske-republiky-pro-nase-valecne-veterany\/#breadcrumb"},"inLanguage":"en-US","potentialAction":[{"@type":"ReadAction","target":["https:\/\/www.vtusp.cz\/en\/aktuality\/vtu-podporuje-vlci-mak-ceske-republiky-pro-nase-valecne-veterany\/"]}]},{"@type":"ImageObject","inLanguage":"en-US","@id":"https:\/\/www.vtusp.cz\/en\/aktuality\/vtu-podporuje-vlci-mak-ceske-republiky-pro-nase-valecne-veterany\/#primaryimage","url":"https:\/\/www.vtusp.cz\/files\/uploads\/2024\/10\/af8164e5-54d9-43b9-804b-4505026c111f-1.jpg","contentUrl":"https:\/\/www.vtusp.cz\/files\/uploads\/2024\/10\/af8164e5-54d9-43b9-804b-4505026c111f-1.jpg","width":1200,"height":1600},{"@type":"BreadcrumbList","@id":"https:\/\/www.vtusp.cz\/en\/aktuality\/vtu-podporuje-vlci-mak-ceske-republiky-pro-nase-valecne-veterany\/#breadcrumb","itemListElement":[{"@type":"ListItem","position":1,"name":"Home","item":"https:\/\/www.vtusp.cz\/en\/"},{"@type":"ListItem","position":2,"name":"VT\u00da podporuje \u201eVl\u010d\u00ed m\u00e1k \u010cesk\u00e9 republiky pro na\u0161e v\u00e1le\u010dn\u00e9 veter\u00e1ny\u201c"}]},{"@type":"WebSite","@id":"https:\/\/www.vtusp.cz\/en\/#website","url":"https:\/\/www.vtusp.cz\/en\/","name":"VT\u00da s.p.","description":"","potentialAction":[{"@type":"SearchAction","target":{"@type":"EntryPoint","urlTemplate":"https:\/\/www.vtusp.cz\/en\/?s={search_term_string}"},"query-input":{"@type":"PropertyValueSpecification","valueRequired":true,"valueName":"search_term_string"}}],"inLanguage":"en-US"},{"@type":"Person","@id":"https:\/\/www.vtusp.cz\/en\/#\/schema\/person\/4e66be4cc70f3eb4bec3b753921ae8c5","name":"David Hlu\u0161t\u00edk","image":{"@type":"ImageObject","inLanguage":"en-US","@id":"https:\/\/secure.gravatar.com\/avatar\/ee59b2f6d1d9c87e5d6510f0311fe6723d1677280a739db9a2056bf31a58ef8b?s=96&d=mm&r=g","url":"https:\/\/secure.gravatar.com\/avatar\/ee59b2f6d1d9c87e5d6510f0311fe6723d1677280a739db9a2056bf31a58ef8b?s=96&d=mm&r=g","contentUrl":"https:\/\/secure.gravatar.com\/avatar\/ee59b2f6d1d9c87e5d6510f0311fe6723d1677280a739db9a2056bf31a58ef8b?s=96&d=mm&r=g","caption":"David Hlu\u0161t\u00edk"}}]}},"_links":{"self":[{"href":"https:\/\/www.vtusp.cz\/en\/wp-json\/wp\/v2\/posts\/10302","targetHints":{"allow":["GET"]}}],"collection":[{"href":"https:\/\/www.vtusp.cz\/en\/wp-json\/wp\/v2\/posts"}],"about":[{"href":"https:\/\/www.vtusp.cz\/en\/wp-json\/wp\/v2\/types\/post"}],"author":[{"embeddable":true,"href":"https:\/\/www.vtusp.cz\/en\/wp-json\/wp\/v2\/users\/9"}],"replies":[{"embeddable":true,"href":"https:\/\/www.vtusp.cz\/en\/wp-json\/wp\/v2\/comments?post=10302"}],"version-history":[{"count":3,"href":"https:\/\/www.vtusp.cz\/en\/wp-json\/wp\/v2\/posts\/10302\/revisions"}],"predecessor-version":[{"id":10315,"href":"https:\/\/www.vtusp.cz\/en\/wp-json\/wp\/v2\/posts\/10302\/revisions\/10315"}],"wp:featuredmedia":[{"embeddable":true,"href":"https:\/\/www.vtusp.cz\/en\/wp-json\/wp\/v2\/media\/10311"}],"wp:attachment":[{"href":"https:\/\/www.vtusp.cz\/en\/wp-json\/wp\/v2\/media?parent=10302"}],"wp:term":[{"taxonomy":"category","embeddable":true,"href":"https:\/\/www.vtusp.cz\/en\/wp-json\/wp\/v2\/categories?post=10302"}],"curies":[{"name":"wp","href":"https:\/\/api.w.org\/{rel}","templated":true}]}}