{"id":10127,"date":"2024-09-03T10:01:39","date_gmt":"2024-09-03T08:01:39","guid":{"rendered":"https:\/\/www.vtusp.cz\/?p=10127"},"modified":"2024-09-03T10:45:09","modified_gmt":"2024-09-03T08:45:09","slug":"vtu-renovuje-historicky-letoun-iljusin-il-18b","status":"publish","type":"post","link":"https:\/\/www.vtusp.cz\/en\/aktuality\/vtu-renovuje-historicky-letoun-iljusin-il-18b\/","title":{"rendered":"VT\u00da renovuje historick\u00fd letoun Ilju\u0161in Il-18B"},"content":{"rendered":"<div class=\"element core-paragraph\">\n<p>Vojensk\u00fd technick\u00fd \u00fastav, s.p. (VT\u00da) u\u017e p\u016fl roku renovuje historick\u00e9 letadlo Ilju\u0161in Il-18B s ozna\u010den\u00edm OK-NAA ze sb\u00edrek Vojensk\u00e9ho historick\u00e9ho \u00fastavu Praha (VH\u00da). Tento letoun byl prvn\u00edm sv\u00e9ho typu, kter\u00fd \u010cesk\u00e9 aerolinie (\u010cSA) uvedly do slu\u017eby v roce 1960.<\/p>\n<\/div>\n\n<div class=\"element core-paragraph\">\n<p>Letoun OK-NAA byl v roce 1977 lehce po\u0161kozen p\u0159i kolizi s jin\u00fdm strojem na leti\u0161ti v Praze-Ruzyni, ale po oprav\u011b pokra\u010doval v provozu a\u017e do roku 1979. Pot\u00e9 byl p\u0159em\u00edst\u011bn na leti\u0161t\u011b Praha-Kbely, kde se stal sou\u010d\u00e1st\u00ed expozice Leteck\u00e9ho muzea. Nyn\u00ed, po 45 letech st\u00e1n\u00ed pod \u0161ir\u00fdm nebem, nastal \u010das na jeho renovaci.<\/p>\n<\/div>\n\n<div class=\"element core-paragraph\">\n<p>\u201eC\u00edlem tohoto projektu je obnovit letoun do podoby, jakou m\u011bl p\u0159ed koncem sv\u00e9 slu\u017eby. Pr\u00e1ce zahrnuj\u00ed opravy povrchu, p\u0159\u00edpravu pro nov\u00fd n\u00e1t\u011br a v\u011brohodn\u00e9 obnoven\u00ed vn\u011bj\u0161\u00ed kamufl\u00e1\u017ee v\u010detn\u011b v\u0161ech popis\u016f a zna\u010den\u00ed,\u201c \u0159\u00edk\u00e1 \u0159editel VT\u00da Ji\u0159\u00ed Ka\u0161p\u00e1rek a dod\u00e1v\u00e1: \u201eTento proces je n\u00e1ro\u010dn\u00fd, jeliko\u017e letoun je renovov\u00e1n venku, tud\u00ed\u017e z\u00e1vis\u00ed na po\u010das\u00ed.\u201c<\/p>\n<\/div>\n\n<div class=\"element core-paragraph\">\n<p>Smlouvu na renovaci letounu uzav\u0159el VH\u00da s od\u0161t\u011bpn\u00fdm z\u00e1vodem VT\u00daL a PVO Vojensk\u00e9ho technick\u00e9ho \u00fastavu letos v\u00a0\u00fanoru. Pr\u00e1ce by m\u011bly b\u00fdt dokon\u010deny do konce z\u00e1\u0159\u00ed 2025.<\/p>\n<\/div>\n\n<div class=\"element core-paragraph\">\n<p>Tento \u00fakol je pro VT\u00daL a PVO nejen technickou v\u00fdzvou, ale tak\u00e9 p\u0159\u00edle\u017eitost\u00ed znovu projevit nad\u0161en\u00ed pro historii letectv\u00ed, s \u010d\u00edm\u017e maj\u00ed ji\u017e bohat\u00e9 zku\u0161enosti z minulosti. Na jejich kont\u011b je renovace stroj\u016f jako Messerschmitt 262 Schwalbe, Jak-17 nebo MiG 15 Bis, a dal\u0161\u00ed v\u00fdznamn\u00e9 historick\u00e9 letouny.<\/p>\n<\/div>\n\n<div class=\"element core-image\">\n<figure class=\"wp-block-image size-full\"><img decoding=\"async\" width=\"1600\" height=\"1200\" src=\"https:\/\/www.vtusp.cz\/files\/smush-webp\/2024\/09\/6c3f0f53-6051-44e0-8e1c-994540cb8a29.jpg.webp\" alt=\"\" class=\"wp-image-10130\" srcset=\"https:\/\/www.vtusp.cz\/files\/smush-webp\/2024\/09\/6c3f0f53-6051-44e0-8e1c-994540cb8a29.jpg.webp 1600w, https:\/\/www.vtusp.cz\/files\/smush-webp\/2024\/09\/6c3f0f53-6051-44e0-8e1c-994540cb8a29-900x675.jpg.webp 900w, https:\/\/www.vtusp.cz\/files\/smush-webp\/2024\/09\/6c3f0f53-6051-44e0-8e1c-994540cb8a29-768x576.jpg.webp 768w, https:\/\/www.vtusp.cz\/files\/smush-webp\/2024\/09\/6c3f0f53-6051-44e0-8e1c-994540cb8a29-1536x1152.jpg.webp 1536w, https:\/\/www.vtusp.cz\/files\/smush-webp\/2024\/09\/6c3f0f53-6051-44e0-8e1c-994540cb8a29-1200x900.jpg.webp 1200w\" sizes=\"(max-width: 1600px) 100vw, 1600px\" \/><\/figure>\n<\/div>\n\n<div class=\"element core-image\">\n<figure class=\"wp-block-image size-full\"><img decoding=\"async\" width=\"1200\" height=\"1600\" src=\"https:\/\/www.vtusp.cz\/files\/smush-webp\/2024\/09\/c3d70b57-47d1-4cdd-8223-64865073f916.jpg.webp\" alt=\"\" class=\"wp-image-10132\" srcset=\"https:\/\/www.vtusp.cz\/files\/smush-webp\/2024\/09\/c3d70b57-47d1-4cdd-8223-64865073f916.jpg.webp 1200w, https:\/\/www.vtusp.cz\/files\/smush-webp\/2024\/09\/c3d70b57-47d1-4cdd-8223-64865073f916-675x900.jpg.webp 675w, https:\/\/www.vtusp.cz\/files\/smush-webp\/2024\/09\/c3d70b57-47d1-4cdd-8223-64865073f916-768x1024.jpg.webp 768w, https:\/\/www.vtusp.cz\/files\/smush-webp\/2024\/09\/c3d70b57-47d1-4cdd-8223-64865073f916-1152x1536.jpg.webp 1152w\" sizes=\"(max-width: 1200px) 100vw, 1200px\" \/><\/figure>\n<\/div>\n\n<div class=\"element core-image\">\n<figure class=\"wp-block-image size-full\"><img decoding=\"async\" width=\"1600\" height=\"1200\" src=\"https:\/\/www.vtusp.cz\/files\/smush-webp\/2024\/09\/de742693-a43f-44f6-8672-79ac6d0e82fc.jpg.webp\" alt=\"\" class=\"wp-image-10134\" srcset=\"https:\/\/www.vtusp.cz\/files\/smush-webp\/2024\/09\/de742693-a43f-44f6-8672-79ac6d0e82fc.jpg.webp 1600w, https:\/\/www.vtusp.cz\/files\/smush-webp\/2024\/09\/de742693-a43f-44f6-8672-79ac6d0e82fc-900x675.jpg.webp 900w, https:\/\/www.vtusp.cz\/files\/smush-webp\/2024\/09\/de742693-a43f-44f6-8672-79ac6d0e82fc-768x576.jpg.webp 768w, https:\/\/www.vtusp.cz\/files\/smush-webp\/2024\/09\/de742693-a43f-44f6-8672-79ac6d0e82fc-1536x1152.jpg.webp 1536w, https:\/\/www.vtusp.cz\/files\/smush-webp\/2024\/09\/de742693-a43f-44f6-8672-79ac6d0e82fc-1200x900.jpg.webp 1200w\" sizes=\"(max-width: 1600px) 100vw, 1600px\" \/><\/figure>\n<\/div>","protected":false},"excerpt":{"rendered":"<p>Vojensk\u00fd technick\u00fd \u00fastav, s.p. (VT\u00da) u\u017e p\u016fl roku renovuje historick\u00e9 letadlo Ilju\u0161in Il-18B s ozna\u010den\u00edm OK-NAA ze sb\u00edrek Vojensk\u00e9ho historick\u00e9ho \u00fastavu Praha (VH\u00da). Tento letoun byl prvn\u00edm sv\u00e9ho typu, kter\u00fd&#8230;<\/p>\n","protected":false},"author":9,"featured_media":10128,"comment_status":"open","ping_status":"closed","sticky":false,"template":"","format":"standard","meta":{"_acf_changed":false,"inline_featured_image":false,"footnotes":""},"categories":[1],"class_list":["post-10127","post","type-post","status-publish","format-standard","has-post-thumbnail","hentry","category-aktuality"],"acf":[],"yoast_head":"<!-- This site is optimized with the Yoast SEO plugin v27.5 - https:\/\/yoast.com\/product\/yoast-seo-wordpress\/ -->\n<title>VT\u00da renovuje historick\u00fd letoun Ilju\u0161in Il-18B | VT\u00da s.p.<\/title>\n<meta name=\"robots\" content=\"index, follow, max-snippet:-1, max-image-preview:large, max-video-preview:-1\" \/>\n<link rel=\"canonical\" href=\"https:\/\/www.vtusp.cz\/en\/aktuality\/vtu-renovuje-historicky-letoun-iljusin-il-18b\/\" \/>\n<meta property=\"og:locale\" content=\"en_US\" \/>\n<meta property=\"og:type\" content=\"article\" \/>\n<meta property=\"og:title\" content=\"VT\u00da renovuje historick\u00fd letoun Ilju\u0161in Il-18B | VT\u00da s.p.\" \/>\n<meta property=\"og:description\" content=\"Vojensk\u00fd technick\u00fd \u00fastav, s.p. (VT\u00da) u\u017e p\u016fl roku renovuje historick\u00e9 letadlo Ilju\u0161in Il-18B s ozna\u010den\u00edm OK-NAA ze sb\u00edrek Vojensk\u00e9ho historick\u00e9ho \u00fastavu Praha (VH\u00da). Tento letoun byl prvn\u00edm sv\u00e9ho typu, kter\u00fd...\" \/>\n<meta property=\"og:url\" content=\"https:\/\/www.vtusp.cz\/en\/aktuality\/vtu-renovuje-historicky-letoun-iljusin-il-18b\/\" \/>\n<meta property=\"og:site_name\" content=\"VT\u00da s.p.\" \/>\n<meta property=\"article:published_time\" content=\"2024-09-03T08:01:39+00:00\" \/>\n<meta property=\"article:modified_time\" content=\"2024-09-03T08:45:09+00:00\" \/>\n<meta property=\"og:image\" content=\"https:\/\/www.vtusp.cz\/files\/uploads\/2024\/09\/1aea1152-b44c-470d-b1ab-c4889e4cbe0d.jpg\" \/>\n\t<meta property=\"og:image:width\" content=\"1600\" \/>\n\t<meta property=\"og:image:height\" content=\"1200\" \/>\n\t<meta property=\"og:image:type\" content=\"image\/jpeg\" \/>\n<meta name=\"author\" content=\"David Hlu\u0161t\u00edk\" \/>\n<meta name=\"twitter:card\" content=\"summary_large_image\" \/>\n<meta name=\"twitter:label1\" content=\"Written by\" \/>\n\t<meta name=\"twitter:data1\" content=\"David Hlu\u0161t\u00edk\" \/>\n\t<meta name=\"twitter:label2\" content=\"Est. reading time\" \/>\n\t<meta name=\"twitter:data2\" content=\"2 minutes\" \/>\n<script type=\"application\/ld+json\" class=\"yoast-schema-graph\">{\"@context\":\"https:\\\/\\\/schema.org\",\"@graph\":[{\"@type\":\"Article\",\"@id\":\"https:\\\/\\\/www.vtusp.cz\\\/en\\\/aktuality\\\/vtu-renovuje-historicky-letoun-iljusin-il-18b\\\/#article\",\"isPartOf\":{\"@id\":\"https:\\\/\\\/www.vtusp.cz\\\/en\\\/aktuality\\\/vtu-renovuje-historicky-letoun-iljusin-il-18b\\\/\"},\"author\":{\"name\":\"David Hlu\u0161t\u00edk\",\"@id\":\"https:\\\/\\\/www.vtusp.cz\\\/en\\\/#\\\/schema\\\/person\\\/4e66be4cc70f3eb4bec3b753921ae8c5\"},\"headline\":\"VT\u00da renovuje historick\u00fd letoun Ilju\u0161in Il-18B\",\"datePublished\":\"2024-09-03T08:01:39+00:00\",\"dateModified\":\"2024-09-03T08:45:09+00:00\",\"mainEntityOfPage\":{\"@id\":\"https:\\\/\\\/www.vtusp.cz\\\/en\\\/aktuality\\\/vtu-renovuje-historicky-letoun-iljusin-il-18b\\\/\"},\"wordCount\":285,\"commentCount\":0,\"image\":{\"@id\":\"https:\\\/\\\/www.vtusp.cz\\\/en\\\/aktuality\\\/vtu-renovuje-historicky-letoun-iljusin-il-18b\\\/#primaryimage\"},\"thumbnailUrl\":\"https:\\\/\\\/www.vtusp.cz\\\/files\\\/uploads\\\/2024\\\/09\\\/1aea1152-b44c-470d-b1ab-c4889e4cbe0d.jpg\",\"articleSection\":[\"Aktuality\"],\"inLanguage\":\"en-US\",\"potentialAction\":[{\"@type\":\"CommentAction\",\"name\":\"Comment\",\"target\":[\"https:\\\/\\\/www.vtusp.cz\\\/en\\\/aktuality\\\/vtu-renovuje-historicky-letoun-iljusin-il-18b\\\/#respond\"]}]},{\"@type\":\"WebPage\",\"@id\":\"https:\\\/\\\/www.vtusp.cz\\\/en\\\/aktuality\\\/vtu-renovuje-historicky-letoun-iljusin-il-18b\\\/\",\"url\":\"https:\\\/\\\/www.vtusp.cz\\\/en\\\/aktuality\\\/vtu-renovuje-historicky-letoun-iljusin-il-18b\\\/\",\"name\":\"VT\u00da renovuje historick\u00fd letoun Ilju\u0161in Il-18B | VT\u00da s.p.\",\"isPartOf\":{\"@id\":\"https:\\\/\\\/www.vtusp.cz\\\/en\\\/#website\"},\"primaryImageOfPage\":{\"@id\":\"https:\\\/\\\/www.vtusp.cz\\\/en\\\/aktuality\\\/vtu-renovuje-historicky-letoun-iljusin-il-18b\\\/#primaryimage\"},\"image\":{\"@id\":\"https:\\\/\\\/www.vtusp.cz\\\/en\\\/aktuality\\\/vtu-renovuje-historicky-letoun-iljusin-il-18b\\\/#primaryimage\"},\"thumbnailUrl\":\"https:\\\/\\\/www.vtusp.cz\\\/files\\\/uploads\\\/2024\\\/09\\\/1aea1152-b44c-470d-b1ab-c4889e4cbe0d.jpg\",\"datePublished\":\"2024-09-03T08:01:39+00:00\",\"dateModified\":\"2024-09-03T08:45:09+00:00\",\"author\":{\"@id\":\"https:\\\/\\\/www.vtusp.cz\\\/en\\\/#\\\/schema\\\/person\\\/4e66be4cc70f3eb4bec3b753921ae8c5\"},\"breadcrumb\":{\"@id\":\"https:\\\/\\\/www.vtusp.cz\\\/en\\\/aktuality\\\/vtu-renovuje-historicky-letoun-iljusin-il-18b\\\/#breadcrumb\"},\"inLanguage\":\"en-US\",\"potentialAction\":[{\"@type\":\"ReadAction\",\"target\":[\"https:\\\/\\\/www.vtusp.cz\\\/en\\\/aktuality\\\/vtu-renovuje-historicky-letoun-iljusin-il-18b\\\/\"]}]},{\"@type\":\"ImageObject\",\"inLanguage\":\"en-US\",\"@id\":\"https:\\\/\\\/www.vtusp.cz\\\/en\\\/aktuality\\\/vtu-renovuje-historicky-letoun-iljusin-il-18b\\\/#primaryimage\",\"url\":\"https:\\\/\\\/www.vtusp.cz\\\/files\\\/uploads\\\/2024\\\/09\\\/1aea1152-b44c-470d-b1ab-c4889e4cbe0d.jpg\",\"contentUrl\":\"https:\\\/\\\/www.vtusp.cz\\\/files\\\/uploads\\\/2024\\\/09\\\/1aea1152-b44c-470d-b1ab-c4889e4cbe0d.jpg\",\"width\":1600,\"height\":1200},{\"@type\":\"BreadcrumbList\",\"@id\":\"https:\\\/\\\/www.vtusp.cz\\\/en\\\/aktuality\\\/vtu-renovuje-historicky-letoun-iljusin-il-18b\\\/#breadcrumb\",\"itemListElement\":[{\"@type\":\"ListItem\",\"position\":1,\"name\":\"Home\",\"item\":\"https:\\\/\\\/www.vtusp.cz\\\/en\\\/\"},{\"@type\":\"ListItem\",\"position\":2,\"name\":\"VT\u00da renovuje historick\u00fd letoun Ilju\u0161in Il-18B\"}]},{\"@type\":\"WebSite\",\"@id\":\"https:\\\/\\\/www.vtusp.cz\\\/en\\\/#website\",\"url\":\"https:\\\/\\\/www.vtusp.cz\\\/en\\\/\",\"name\":\"VT\u00da s.p.\",\"description\":\"\",\"potentialAction\":[{\"@type\":\"SearchAction\",\"target\":{\"@type\":\"EntryPoint\",\"urlTemplate\":\"https:\\\/\\\/www.vtusp.cz\\\/en\\\/?s={search_term_string}\"},\"query-input\":{\"@type\":\"PropertyValueSpecification\",\"valueRequired\":true,\"valueName\":\"search_term_string\"}}],\"inLanguage\":\"en-US\"},{\"@type\":\"Person\",\"@id\":\"https:\\\/\\\/www.vtusp.cz\\\/en\\\/#\\\/schema\\\/person\\\/4e66be4cc70f3eb4bec3b753921ae8c5\",\"name\":\"David Hlu\u0161t\u00edk\",\"image\":{\"@type\":\"ImageObject\",\"inLanguage\":\"en-US\",\"@id\":\"https:\\\/\\\/secure.gravatar.com\\\/avatar\\\/ee59b2f6d1d9c87e5d6510f0311fe6723d1677280a739db9a2056bf31a58ef8b?s=96&d=mm&r=g\",\"url\":\"https:\\\/\\\/secure.gravatar.com\\\/avatar\\\/ee59b2f6d1d9c87e5d6510f0311fe6723d1677280a739db9a2056bf31a58ef8b?s=96&d=mm&r=g\",\"contentUrl\":\"https:\\\/\\\/secure.gravatar.com\\\/avatar\\\/ee59b2f6d1d9c87e5d6510f0311fe6723d1677280a739db9a2056bf31a58ef8b?s=96&d=mm&r=g\",\"caption\":\"David Hlu\u0161t\u00edk\"}}]}<\/script>\n<!-- \/ Yoast SEO plugin. -->","yoast_head_json":{"title":"VT\u00da renovuje historick\u00fd letoun Ilju\u0161in Il-18B | VT\u00da s.p.","robots":{"index":"index","follow":"follow","max-snippet":"max-snippet:-1","max-image-preview":"max-image-preview:large","max-video-preview":"max-video-preview:-1"},"canonical":"https:\/\/www.vtusp.cz\/en\/aktuality\/vtu-renovuje-historicky-letoun-iljusin-il-18b\/","og_locale":"en_US","og_type":"article","og_title":"VT\u00da renovuje historick\u00fd letoun Ilju\u0161in Il-18B | VT\u00da s.p.","og_description":"Vojensk\u00fd technick\u00fd \u00fastav, s.p. (VT\u00da) u\u017e p\u016fl roku renovuje historick\u00e9 letadlo Ilju\u0161in Il-18B s ozna\u010den\u00edm OK-NAA ze sb\u00edrek Vojensk\u00e9ho historick\u00e9ho \u00fastavu Praha (VH\u00da). Tento letoun byl prvn\u00edm sv\u00e9ho typu, kter\u00fd...","og_url":"https:\/\/www.vtusp.cz\/en\/aktuality\/vtu-renovuje-historicky-letoun-iljusin-il-18b\/","og_site_name":"VT\u00da s.p.","article_published_time":"2024-09-03T08:01:39+00:00","article_modified_time":"2024-09-03T08:45:09+00:00","og_image":[{"width":1600,"height":1200,"url":"https:\/\/www.vtusp.cz\/files\/uploads\/2024\/09\/1aea1152-b44c-470d-b1ab-c4889e4cbe0d.jpg","type":"image\/jpeg"}],"author":"David Hlu\u0161t\u00edk","twitter_card":"summary_large_image","twitter_misc":{"Written by":"David Hlu\u0161t\u00edk","Est. reading time":"2 minutes"},"schema":{"@context":"https:\/\/schema.org","@graph":[{"@type":"Article","@id":"https:\/\/www.vtusp.cz\/en\/aktuality\/vtu-renovuje-historicky-letoun-iljusin-il-18b\/#article","isPartOf":{"@id":"https:\/\/www.vtusp.cz\/en\/aktuality\/vtu-renovuje-historicky-letoun-iljusin-il-18b\/"},"author":{"name":"David Hlu\u0161t\u00edk","@id":"https:\/\/www.vtusp.cz\/en\/#\/schema\/person\/4e66be4cc70f3eb4bec3b753921ae8c5"},"headline":"VT\u00da renovuje historick\u00fd letoun Ilju\u0161in Il-18B","datePublished":"2024-09-03T08:01:39+00:00","dateModified":"2024-09-03T08:45:09+00:00","mainEntityOfPage":{"@id":"https:\/\/www.vtusp.cz\/en\/aktuality\/vtu-renovuje-historicky-letoun-iljusin-il-18b\/"},"wordCount":285,"commentCount":0,"image":{"@id":"https:\/\/www.vtusp.cz\/en\/aktuality\/vtu-renovuje-historicky-letoun-iljusin-il-18b\/#primaryimage"},"thumbnailUrl":"https:\/\/www.vtusp.cz\/files\/uploads\/2024\/09\/1aea1152-b44c-470d-b1ab-c4889e4cbe0d.jpg","articleSection":["Aktuality"],"inLanguage":"en-US","potentialAction":[{"@type":"CommentAction","name":"Comment","target":["https:\/\/www.vtusp.cz\/en\/aktuality\/vtu-renovuje-historicky-letoun-iljusin-il-18b\/#respond"]}]},{"@type":"WebPage","@id":"https:\/\/www.vtusp.cz\/en\/aktuality\/vtu-renovuje-historicky-letoun-iljusin-il-18b\/","url":"https:\/\/www.vtusp.cz\/en\/aktuality\/vtu-renovuje-historicky-letoun-iljusin-il-18b\/","name":"VT\u00da renovuje historick\u00fd letoun Ilju\u0161in Il-18B | VT\u00da s.p.","isPartOf":{"@id":"https:\/\/www.vtusp.cz\/en\/#website"},"primaryImageOfPage":{"@id":"https:\/\/www.vtusp.cz\/en\/aktuality\/vtu-renovuje-historicky-letoun-iljusin-il-18b\/#primaryimage"},"image":{"@id":"https:\/\/www.vtusp.cz\/en\/aktuality\/vtu-renovuje-historicky-letoun-iljusin-il-18b\/#primaryimage"},"thumbnailUrl":"https:\/\/www.vtusp.cz\/files\/uploads\/2024\/09\/1aea1152-b44c-470d-b1ab-c4889e4cbe0d.jpg","datePublished":"2024-09-03T08:01:39+00:00","dateModified":"2024-09-03T08:45:09+00:00","author":{"@id":"https:\/\/www.vtusp.cz\/en\/#\/schema\/person\/4e66be4cc70f3eb4bec3b753921ae8c5"},"breadcrumb":{"@id":"https:\/\/www.vtusp.cz\/en\/aktuality\/vtu-renovuje-historicky-letoun-iljusin-il-18b\/#breadcrumb"},"inLanguage":"en-US","potentialAction":[{"@type":"ReadAction","target":["https:\/\/www.vtusp.cz\/en\/aktuality\/vtu-renovuje-historicky-letoun-iljusin-il-18b\/"]}]},{"@type":"ImageObject","inLanguage":"en-US","@id":"https:\/\/www.vtusp.cz\/en\/aktuality\/vtu-renovuje-historicky-letoun-iljusin-il-18b\/#primaryimage","url":"https:\/\/www.vtusp.cz\/files\/uploads\/2024\/09\/1aea1152-b44c-470d-b1ab-c4889e4cbe0d.jpg","contentUrl":"https:\/\/www.vtusp.cz\/files\/uploads\/2024\/09\/1aea1152-b44c-470d-b1ab-c4889e4cbe0d.jpg","width":1600,"height":1200},{"@type":"BreadcrumbList","@id":"https:\/\/www.vtusp.cz\/en\/aktuality\/vtu-renovuje-historicky-letoun-iljusin-il-18b\/#breadcrumb","itemListElement":[{"@type":"ListItem","position":1,"name":"Home","item":"https:\/\/www.vtusp.cz\/en\/"},{"@type":"ListItem","position":2,"name":"VT\u00da renovuje historick\u00fd letoun Ilju\u0161in Il-18B"}]},{"@type":"WebSite","@id":"https:\/\/www.vtusp.cz\/en\/#website","url":"https:\/\/www.vtusp.cz\/en\/","name":"VT\u00da s.p.","description":"","potentialAction":[{"@type":"SearchAction","target":{"@type":"EntryPoint","urlTemplate":"https:\/\/www.vtusp.cz\/en\/?s={search_term_string}"},"query-input":{"@type":"PropertyValueSpecification","valueRequired":true,"valueName":"search_term_string"}}],"inLanguage":"en-US"},{"@type":"Person","@id":"https:\/\/www.vtusp.cz\/en\/#\/schema\/person\/4e66be4cc70f3eb4bec3b753921ae8c5","name":"David Hlu\u0161t\u00edk","image":{"@type":"ImageObject","inLanguage":"en-US","@id":"https:\/\/secure.gravatar.com\/avatar\/ee59b2f6d1d9c87e5d6510f0311fe6723d1677280a739db9a2056bf31a58ef8b?s=96&d=mm&r=g","url":"https:\/\/secure.gravatar.com\/avatar\/ee59b2f6d1d9c87e5d6510f0311fe6723d1677280a739db9a2056bf31a58ef8b?s=96&d=mm&r=g","contentUrl":"https:\/\/secure.gravatar.com\/avatar\/ee59b2f6d1d9c87e5d6510f0311fe6723d1677280a739db9a2056bf31a58ef8b?s=96&d=mm&r=g","caption":"David Hlu\u0161t\u00edk"}}]}},"_links":{"self":[{"href":"https:\/\/www.vtusp.cz\/en\/wp-json\/wp\/v2\/posts\/10127","targetHints":{"allow":["GET"]}}],"collection":[{"href":"https:\/\/www.vtusp.cz\/en\/wp-json\/wp\/v2\/posts"}],"about":[{"href":"https:\/\/www.vtusp.cz\/en\/wp-json\/wp\/v2\/types\/post"}],"author":[{"embeddable":true,"href":"https:\/\/www.vtusp.cz\/en\/wp-json\/wp\/v2\/users\/9"}],"replies":[{"embeddable":true,"href":"https:\/\/www.vtusp.cz\/en\/wp-json\/wp\/v2\/comments?post=10127"}],"version-history":[{"count":4,"href":"https:\/\/www.vtusp.cz\/en\/wp-json\/wp\/v2\/posts\/10127\/revisions"}],"predecessor-version":[{"id":10139,"href":"https:\/\/www.vtusp.cz\/en\/wp-json\/wp\/v2\/posts\/10127\/revisions\/10139"}],"wp:featuredmedia":[{"embeddable":true,"href":"https:\/\/www.vtusp.cz\/en\/wp-json\/wp\/v2\/media\/10128"}],"wp:attachment":[{"href":"https:\/\/www.vtusp.cz\/en\/wp-json\/wp\/v2\/media?parent=10127"}],"wp:term":[{"taxonomy":"category","embeddable":true,"href":"https:\/\/www.vtusp.cz\/en\/wp-json\/wp\/v2\/categories?post=10127"}],"curies":[{"name":"wp","href":"https:\/\/api.w.org\/{rel}","templated":true}]}}