{"id":10055,"date":"2024-07-01T10:47:00","date_gmt":"2024-07-01T08:47:00","guid":{"rendered":"https:\/\/www.vtusp.cz\/?p=10055"},"modified":"2024-07-01T09:59:27","modified_gmt":"2024-07-01T07:59:27","slug":"vtuvm-navstivili-reditele-slozek-izs-zlinskeho-kraje","status":"publish","type":"post","link":"https:\/\/www.vtusp.cz\/en\/aktuality\/vtuvm-navstivili-reditele-slozek-izs-zlinskeho-kraje\/","title":{"rendered":"VT\u00daVM nav\u0161t\u00edvili \u0159editel\u00e9 slo\u017eek IZS Zl\u00ednsk\u00e9ho kraje"},"content":{"rendered":"<div class=\"element core-paragraph\">\n<p>\u0158editel\u00e9 slo\u017eek Integrovan\u00e9ho z\u00e1chrann\u00e9ho syst\u00e9mu (IZS) Zl\u00ednsk\u00e9ho kraje nav\u0161t\u00edvili 26. \u010dervna 2024 Vojensk\u00fd technick\u00fd \u00fastav v\u00fdzbroje a munice (VT\u00daVM) ve Slavi\u010d\u00edn\u011b. <\/p>\n<\/div>\n\n<div class=\"element core-paragraph\">\n<p>Konkr\u00e9tn\u011b \u0159editel Krajsk\u00e9ho \u0159editelstv\u00ed policie Zl\u00ednsk\u00e9ho kraje, plk. JUDr. Jarom\u00edr Tkadle\u010dek, MBA, a \u0159editel Hasi\u010dsk\u00e9ho z\u00e1chrann\u00e9ho sboru Zl\u00ednsk\u00e9ho kraje, plk. Ing. V\u00edt Ru\u0161ar. Oba se zaj\u00edmali o aktu\u00e1ln\u00ed d\u011bn\u00ed ve vojensk\u00e9m v\u00fdzkumn\u00e9m \u00fastavu, s n\u00edm\u017e dlouhodob\u011b spolupracovali p\u0159i \u0159e\u0161en\u00ed n\u00e1sledk\u016f v\u00fdbuchu muni\u010dn\u00edch sklad\u016f ve Vrb\u011btic\u00edch. \u0158editel VT\u00daVM, Ing. J\u00e1n Roman, jim p\u0159edstavil sou\u010dasn\u00fd stav z\u00e1vodu a p\u0159edvedl syst\u00e9my, kter\u00e9 by mohly b\u00fdt u\u017eite\u010dn\u00e9 i pro pr\u00e1ci IZS.<\/p>\n<\/div>\n\n<div class=\"element core-paragraph\">\n<p>Prezentace se zam\u011b\u0159ila p\u0159edev\u0161\u00edm na syst\u00e9my velen\u00ed, ochrany a monitorov\u00e1n\u00ed z\u00e1jmov\u00fdch oblast\u00ed. N\u00e1v\u0161t\u011bva zahrnovala i fyzickou uk\u00e1zku t\u011bchto technologi\u00ed. B\u011bhem prezentace prob\u00edhala \u017eiv\u00e1 diskuse o tom, jak by tyto syst\u00e9my mohly zefektivnit pr\u00e1ci slo\u017eek IZS.<\/p>\n<\/div>\n\n<div class=\"element core-image\">\n<figure class=\"wp-block-image size-large\"><img decoding=\"async\" width=\"1200\" height=\"1600\" src=\"https:\/\/www.vtusp.cz\/files\/smush-webp\/2024\/07\/reditele-1200x1600.jpg.webp\" alt=\"\" class=\"wp-image-10058\" srcset=\"https:\/\/www.vtusp.cz\/files\/smush-webp\/2024\/07\/reditele-1200x1600.jpg.webp 1200w, https:\/\/www.vtusp.cz\/files\/smush-webp\/2024\/07\/reditele-675x900.jpg.webp 675w, https:\/\/www.vtusp.cz\/files\/smush-webp\/2024\/07\/reditele-768x1024.jpg.webp 768w, https:\/\/www.vtusp.cz\/files\/smush-webp\/2024\/07\/reditele-1152x1536.jpg.webp 1152w, https:\/\/www.vtusp.cz\/files\/smush-webp\/2024\/07\/reditele-1536x2048.jpg.webp 1536w\" sizes=\"(max-width: 1200px) 100vw, 1200px\" \/><\/figure>\n<\/div>","protected":false},"excerpt":{"rendered":"<p>\u0158editel\u00e9 slo\u017eek Integrovan\u00e9ho z\u00e1chrann\u00e9ho syst\u00e9mu (IZS) Zl\u00ednsk\u00e9ho kraje nav\u0161t\u00edvili 26. \u010dervna 2024 Vojensk\u00fd technick\u00fd \u00fastav v\u00fdzbroje a munice (VT\u00daVM) ve Slavi\u010d\u00edn\u011b. Konkr\u00e9tn\u011b \u0159editel Krajsk\u00e9ho \u0159editelstv\u00ed policie Zl\u00ednsk\u00e9ho kraje, plk. JUDr&#8230;.<\/p>\n","protected":false},"author":9,"featured_media":10056,"comment_status":"open","ping_status":"closed","sticky":false,"template":"","format":"standard","meta":{"_acf_changed":false,"inline_featured_image":false,"footnotes":""},"categories":[1],"class_list":["post-10055","post","type-post","status-publish","format-standard","has-post-thumbnail","hentry","category-aktuality"],"acf":[],"yoast_head":"<!-- This site is optimized with the Yoast SEO plugin v27.5 - https:\/\/yoast.com\/product\/yoast-seo-wordpress\/ -->\n<title>VT\u00daVM nav\u0161t\u00edvili \u0159editel\u00e9 slo\u017eek IZS Zl\u00ednsk\u00e9ho kraje | VT\u00da s.p.<\/title>\n<meta name=\"robots\" content=\"index, follow, max-snippet:-1, max-image-preview:large, max-video-preview:-1\" \/>\n<link rel=\"canonical\" href=\"https:\/\/www.vtusp.cz\/en\/aktuality\/vtuvm-navstivili-reditele-slozek-izs-zlinskeho-kraje\/\" \/>\n<meta property=\"og:locale\" content=\"en_US\" \/>\n<meta property=\"og:type\" content=\"article\" \/>\n<meta property=\"og:title\" content=\"VT\u00daVM nav\u0161t\u00edvili \u0159editel\u00e9 slo\u017eek IZS Zl\u00ednsk\u00e9ho kraje | VT\u00da s.p.\" \/>\n<meta property=\"og:description\" content=\"\u0158editel\u00e9 slo\u017eek Integrovan\u00e9ho z\u00e1chrann\u00e9ho syst\u00e9mu (IZS) Zl\u00ednsk\u00e9ho kraje nav\u0161t\u00edvili 26. \u010dervna 2024 Vojensk\u00fd technick\u00fd \u00fastav v\u00fdzbroje a munice (VT\u00daVM) ve Slavi\u010d\u00edn\u011b. Konkr\u00e9tn\u011b \u0159editel Krajsk\u00e9ho \u0159editelstv\u00ed policie Zl\u00ednsk\u00e9ho kraje, plk. JUDr....\" \/>\n<meta property=\"og:url\" content=\"https:\/\/www.vtusp.cz\/en\/aktuality\/vtuvm-navstivili-reditele-slozek-izs-zlinskeho-kraje\/\" \/>\n<meta property=\"og:site_name\" content=\"VT\u00da s.p.\" \/>\n<meta property=\"article:published_time\" content=\"2024-07-01T08:47:00+00:00\" \/>\n<meta property=\"og:image\" content=\"https:\/\/vtusp.cz\/files\/uploads\/2024\/07\/reditele1-1600x1200.jpg\" \/>\n\t<meta property=\"og:image:width\" content=\"1600\" \/>\n\t<meta property=\"og:image:height\" content=\"1200\" \/>\n\t<meta property=\"og:image:type\" content=\"image\/jpeg\" \/>\n<meta name=\"author\" content=\"David Hlu\u0161t\u00edk\" \/>\n<meta name=\"twitter:card\" content=\"summary_large_image\" \/>\n<meta name=\"twitter:label1\" content=\"Written by\" \/>\n\t<meta name=\"twitter:data1\" content=\"David Hlu\u0161t\u00edk\" \/>\n\t<meta name=\"twitter:label2\" content=\"Est. reading time\" \/>\n\t<meta name=\"twitter:data2\" content=\"2 minutes\" \/>\n<script type=\"application\/ld+json\" class=\"yoast-schema-graph\">{\"@context\":\"https:\\\/\\\/schema.org\",\"@graph\":[{\"@type\":\"Article\",\"@id\":\"https:\\\/\\\/www.vtusp.cz\\\/en\\\/aktuality\\\/vtuvm-navstivili-reditele-slozek-izs-zlinskeho-kraje\\\/#article\",\"isPartOf\":{\"@id\":\"https:\\\/\\\/www.vtusp.cz\\\/en\\\/aktuality\\\/vtuvm-navstivili-reditele-slozek-izs-zlinskeho-kraje\\\/\"},\"author\":{\"name\":\"David Hlu\u0161t\u00edk\",\"@id\":\"https:\\\/\\\/www.vtusp.cz\\\/en\\\/#\\\/schema\\\/person\\\/4e66be4cc70f3eb4bec3b753921ae8c5\"},\"headline\":\"VT\u00daVM nav\u0161t\u00edvili \u0159editel\u00e9 slo\u017eek IZS Zl\u00ednsk\u00e9ho kraje\",\"datePublished\":\"2024-07-01T08:47:00+00:00\",\"mainEntityOfPage\":{\"@id\":\"https:\\\/\\\/www.vtusp.cz\\\/en\\\/aktuality\\\/vtuvm-navstivili-reditele-slozek-izs-zlinskeho-kraje\\\/\"},\"wordCount\":203,\"commentCount\":0,\"image\":{\"@id\":\"https:\\\/\\\/www.vtusp.cz\\\/en\\\/aktuality\\\/vtuvm-navstivili-reditele-slozek-izs-zlinskeho-kraje\\\/#primaryimage\"},\"thumbnailUrl\":\"https:\\\/\\\/www.vtusp.cz\\\/files\\\/uploads\\\/2024\\\/07\\\/reditele1.jpg\",\"articleSection\":[\"Aktuality\"],\"inLanguage\":\"en-US\",\"potentialAction\":[{\"@type\":\"CommentAction\",\"name\":\"Comment\",\"target\":[\"https:\\\/\\\/www.vtusp.cz\\\/en\\\/aktuality\\\/vtuvm-navstivili-reditele-slozek-izs-zlinskeho-kraje\\\/#respond\"]}]},{\"@type\":\"WebPage\",\"@id\":\"https:\\\/\\\/www.vtusp.cz\\\/en\\\/aktuality\\\/vtuvm-navstivili-reditele-slozek-izs-zlinskeho-kraje\\\/\",\"url\":\"https:\\\/\\\/www.vtusp.cz\\\/en\\\/aktuality\\\/vtuvm-navstivili-reditele-slozek-izs-zlinskeho-kraje\\\/\",\"name\":\"VT\u00daVM nav\u0161t\u00edvili \u0159editel\u00e9 slo\u017eek IZS Zl\u00ednsk\u00e9ho kraje | VT\u00da s.p.\",\"isPartOf\":{\"@id\":\"https:\\\/\\\/www.vtusp.cz\\\/en\\\/#website\"},\"primaryImageOfPage\":{\"@id\":\"https:\\\/\\\/www.vtusp.cz\\\/en\\\/aktuality\\\/vtuvm-navstivili-reditele-slozek-izs-zlinskeho-kraje\\\/#primaryimage\"},\"image\":{\"@id\":\"https:\\\/\\\/www.vtusp.cz\\\/en\\\/aktuality\\\/vtuvm-navstivili-reditele-slozek-izs-zlinskeho-kraje\\\/#primaryimage\"},\"thumbnailUrl\":\"https:\\\/\\\/www.vtusp.cz\\\/files\\\/uploads\\\/2024\\\/07\\\/reditele1.jpg\",\"datePublished\":\"2024-07-01T08:47:00+00:00\",\"author\":{\"@id\":\"https:\\\/\\\/www.vtusp.cz\\\/en\\\/#\\\/schema\\\/person\\\/4e66be4cc70f3eb4bec3b753921ae8c5\"},\"breadcrumb\":{\"@id\":\"https:\\\/\\\/www.vtusp.cz\\\/en\\\/aktuality\\\/vtuvm-navstivili-reditele-slozek-izs-zlinskeho-kraje\\\/#breadcrumb\"},\"inLanguage\":\"en-US\",\"potentialAction\":[{\"@type\":\"ReadAction\",\"target\":[\"https:\\\/\\\/www.vtusp.cz\\\/en\\\/aktuality\\\/vtuvm-navstivili-reditele-slozek-izs-zlinskeho-kraje\\\/\"]}]},{\"@type\":\"ImageObject\",\"inLanguage\":\"en-US\",\"@id\":\"https:\\\/\\\/www.vtusp.cz\\\/en\\\/aktuality\\\/vtuvm-navstivili-reditele-slozek-izs-zlinskeho-kraje\\\/#primaryimage\",\"url\":\"https:\\\/\\\/www.vtusp.cz\\\/files\\\/uploads\\\/2024\\\/07\\\/reditele1.jpg\",\"contentUrl\":\"https:\\\/\\\/www.vtusp.cz\\\/files\\\/uploads\\\/2024\\\/07\\\/reditele1.jpg\",\"width\":4032,\"height\":3024},{\"@type\":\"BreadcrumbList\",\"@id\":\"https:\\\/\\\/www.vtusp.cz\\\/en\\\/aktuality\\\/vtuvm-navstivili-reditele-slozek-izs-zlinskeho-kraje\\\/#breadcrumb\",\"itemListElement\":[{\"@type\":\"ListItem\",\"position\":1,\"name\":\"Home\",\"item\":\"https:\\\/\\\/www.vtusp.cz\\\/en\\\/\"},{\"@type\":\"ListItem\",\"position\":2,\"name\":\"VT\u00daVM nav\u0161t\u00edvili \u0159editel\u00e9 slo\u017eek IZS Zl\u00ednsk\u00e9ho kraje\"}]},{\"@type\":\"WebSite\",\"@id\":\"https:\\\/\\\/www.vtusp.cz\\\/en\\\/#website\",\"url\":\"https:\\\/\\\/www.vtusp.cz\\\/en\\\/\",\"name\":\"VT\u00da s.p.\",\"description\":\"\",\"potentialAction\":[{\"@type\":\"SearchAction\",\"target\":{\"@type\":\"EntryPoint\",\"urlTemplate\":\"https:\\\/\\\/www.vtusp.cz\\\/en\\\/?s={search_term_string}\"},\"query-input\":{\"@type\":\"PropertyValueSpecification\",\"valueRequired\":true,\"valueName\":\"search_term_string\"}}],\"inLanguage\":\"en-US\"},{\"@type\":\"Person\",\"@id\":\"https:\\\/\\\/www.vtusp.cz\\\/en\\\/#\\\/schema\\\/person\\\/4e66be4cc70f3eb4bec3b753921ae8c5\",\"name\":\"David Hlu\u0161t\u00edk\",\"image\":{\"@type\":\"ImageObject\",\"inLanguage\":\"en-US\",\"@id\":\"https:\\\/\\\/secure.gravatar.com\\\/avatar\\\/ee59b2f6d1d9c87e5d6510f0311fe6723d1677280a739db9a2056bf31a58ef8b?s=96&d=mm&r=g\",\"url\":\"https:\\\/\\\/secure.gravatar.com\\\/avatar\\\/ee59b2f6d1d9c87e5d6510f0311fe6723d1677280a739db9a2056bf31a58ef8b?s=96&d=mm&r=g\",\"contentUrl\":\"https:\\\/\\\/secure.gravatar.com\\\/avatar\\\/ee59b2f6d1d9c87e5d6510f0311fe6723d1677280a739db9a2056bf31a58ef8b?s=96&d=mm&r=g\",\"caption\":\"David Hlu\u0161t\u00edk\"}}]}<\/script>\n<!-- \/ Yoast SEO plugin. -->","yoast_head_json":{"title":"VT\u00daVM nav\u0161t\u00edvili \u0159editel\u00e9 slo\u017eek IZS Zl\u00ednsk\u00e9ho kraje | VT\u00da s.p.","robots":{"index":"index","follow":"follow","max-snippet":"max-snippet:-1","max-image-preview":"max-image-preview:large","max-video-preview":"max-video-preview:-1"},"canonical":"https:\/\/www.vtusp.cz\/en\/aktuality\/vtuvm-navstivili-reditele-slozek-izs-zlinskeho-kraje\/","og_locale":"en_US","og_type":"article","og_title":"VT\u00daVM nav\u0161t\u00edvili \u0159editel\u00e9 slo\u017eek IZS Zl\u00ednsk\u00e9ho kraje | VT\u00da s.p.","og_description":"\u0158editel\u00e9 slo\u017eek Integrovan\u00e9ho z\u00e1chrann\u00e9ho syst\u00e9mu (IZS) Zl\u00ednsk\u00e9ho kraje nav\u0161t\u00edvili 26. \u010dervna 2024 Vojensk\u00fd technick\u00fd \u00fastav v\u00fdzbroje a munice (VT\u00daVM) ve Slavi\u010d\u00edn\u011b. Konkr\u00e9tn\u011b \u0159editel Krajsk\u00e9ho \u0159editelstv\u00ed policie Zl\u00ednsk\u00e9ho kraje, plk. JUDr....","og_url":"https:\/\/www.vtusp.cz\/en\/aktuality\/vtuvm-navstivili-reditele-slozek-izs-zlinskeho-kraje\/","og_site_name":"VT\u00da s.p.","article_published_time":"2024-07-01T08:47:00+00:00","og_image":[{"width":1600,"height":1200,"url":"https:\/\/vtusp.cz\/files\/uploads\/2024\/07\/reditele1-1600x1200.jpg","type":"image\/jpeg"}],"author":"David Hlu\u0161t\u00edk","twitter_card":"summary_large_image","twitter_misc":{"Written by":"David Hlu\u0161t\u00edk","Est. reading time":"2 minutes"},"schema":{"@context":"https:\/\/schema.org","@graph":[{"@type":"Article","@id":"https:\/\/www.vtusp.cz\/en\/aktuality\/vtuvm-navstivili-reditele-slozek-izs-zlinskeho-kraje\/#article","isPartOf":{"@id":"https:\/\/www.vtusp.cz\/en\/aktuality\/vtuvm-navstivili-reditele-slozek-izs-zlinskeho-kraje\/"},"author":{"name":"David Hlu\u0161t\u00edk","@id":"https:\/\/www.vtusp.cz\/en\/#\/schema\/person\/4e66be4cc70f3eb4bec3b753921ae8c5"},"headline":"VT\u00daVM nav\u0161t\u00edvili \u0159editel\u00e9 slo\u017eek IZS Zl\u00ednsk\u00e9ho kraje","datePublished":"2024-07-01T08:47:00+00:00","mainEntityOfPage":{"@id":"https:\/\/www.vtusp.cz\/en\/aktuality\/vtuvm-navstivili-reditele-slozek-izs-zlinskeho-kraje\/"},"wordCount":203,"commentCount":0,"image":{"@id":"https:\/\/www.vtusp.cz\/en\/aktuality\/vtuvm-navstivili-reditele-slozek-izs-zlinskeho-kraje\/#primaryimage"},"thumbnailUrl":"https:\/\/www.vtusp.cz\/files\/uploads\/2024\/07\/reditele1.jpg","articleSection":["Aktuality"],"inLanguage":"en-US","potentialAction":[{"@type":"CommentAction","name":"Comment","target":["https:\/\/www.vtusp.cz\/en\/aktuality\/vtuvm-navstivili-reditele-slozek-izs-zlinskeho-kraje\/#respond"]}]},{"@type":"WebPage","@id":"https:\/\/www.vtusp.cz\/en\/aktuality\/vtuvm-navstivili-reditele-slozek-izs-zlinskeho-kraje\/","url":"https:\/\/www.vtusp.cz\/en\/aktuality\/vtuvm-navstivili-reditele-slozek-izs-zlinskeho-kraje\/","name":"VT\u00daVM nav\u0161t\u00edvili \u0159editel\u00e9 slo\u017eek IZS Zl\u00ednsk\u00e9ho kraje | VT\u00da s.p.","isPartOf":{"@id":"https:\/\/www.vtusp.cz\/en\/#website"},"primaryImageOfPage":{"@id":"https:\/\/www.vtusp.cz\/en\/aktuality\/vtuvm-navstivili-reditele-slozek-izs-zlinskeho-kraje\/#primaryimage"},"image":{"@id":"https:\/\/www.vtusp.cz\/en\/aktuality\/vtuvm-navstivili-reditele-slozek-izs-zlinskeho-kraje\/#primaryimage"},"thumbnailUrl":"https:\/\/www.vtusp.cz\/files\/uploads\/2024\/07\/reditele1.jpg","datePublished":"2024-07-01T08:47:00+00:00","author":{"@id":"https:\/\/www.vtusp.cz\/en\/#\/schema\/person\/4e66be4cc70f3eb4bec3b753921ae8c5"},"breadcrumb":{"@id":"https:\/\/www.vtusp.cz\/en\/aktuality\/vtuvm-navstivili-reditele-slozek-izs-zlinskeho-kraje\/#breadcrumb"},"inLanguage":"en-US","potentialAction":[{"@type":"ReadAction","target":["https:\/\/www.vtusp.cz\/en\/aktuality\/vtuvm-navstivili-reditele-slozek-izs-zlinskeho-kraje\/"]}]},{"@type":"ImageObject","inLanguage":"en-US","@id":"https:\/\/www.vtusp.cz\/en\/aktuality\/vtuvm-navstivili-reditele-slozek-izs-zlinskeho-kraje\/#primaryimage","url":"https:\/\/www.vtusp.cz\/files\/uploads\/2024\/07\/reditele1.jpg","contentUrl":"https:\/\/www.vtusp.cz\/files\/uploads\/2024\/07\/reditele1.jpg","width":4032,"height":3024},{"@type":"BreadcrumbList","@id":"https:\/\/www.vtusp.cz\/en\/aktuality\/vtuvm-navstivili-reditele-slozek-izs-zlinskeho-kraje\/#breadcrumb","itemListElement":[{"@type":"ListItem","position":1,"name":"Home","item":"https:\/\/www.vtusp.cz\/en\/"},{"@type":"ListItem","position":2,"name":"VT\u00daVM nav\u0161t\u00edvili \u0159editel\u00e9 slo\u017eek IZS Zl\u00ednsk\u00e9ho kraje"}]},{"@type":"WebSite","@id":"https:\/\/www.vtusp.cz\/en\/#website","url":"https:\/\/www.vtusp.cz\/en\/","name":"VT\u00da s.p.","description":"","potentialAction":[{"@type":"SearchAction","target":{"@type":"EntryPoint","urlTemplate":"https:\/\/www.vtusp.cz\/en\/?s={search_term_string}"},"query-input":{"@type":"PropertyValueSpecification","valueRequired":true,"valueName":"search_term_string"}}],"inLanguage":"en-US"},{"@type":"Person","@id":"https:\/\/www.vtusp.cz\/en\/#\/schema\/person\/4e66be4cc70f3eb4bec3b753921ae8c5","name":"David Hlu\u0161t\u00edk","image":{"@type":"ImageObject","inLanguage":"en-US","@id":"https:\/\/secure.gravatar.com\/avatar\/ee59b2f6d1d9c87e5d6510f0311fe6723d1677280a739db9a2056bf31a58ef8b?s=96&d=mm&r=g","url":"https:\/\/secure.gravatar.com\/avatar\/ee59b2f6d1d9c87e5d6510f0311fe6723d1677280a739db9a2056bf31a58ef8b?s=96&d=mm&r=g","contentUrl":"https:\/\/secure.gravatar.com\/avatar\/ee59b2f6d1d9c87e5d6510f0311fe6723d1677280a739db9a2056bf31a58ef8b?s=96&d=mm&r=g","caption":"David Hlu\u0161t\u00edk"}}]}},"_links":{"self":[{"href":"https:\/\/www.vtusp.cz\/en\/wp-json\/wp\/v2\/posts\/10055","targetHints":{"allow":["GET"]}}],"collection":[{"href":"https:\/\/www.vtusp.cz\/en\/wp-json\/wp\/v2\/posts"}],"about":[{"href":"https:\/\/www.vtusp.cz\/en\/wp-json\/wp\/v2\/types\/post"}],"author":[{"embeddable":true,"href":"https:\/\/www.vtusp.cz\/en\/wp-json\/wp\/v2\/users\/9"}],"replies":[{"embeddable":true,"href":"https:\/\/www.vtusp.cz\/en\/wp-json\/wp\/v2\/comments?post=10055"}],"version-history":[{"count":1,"href":"https:\/\/www.vtusp.cz\/en\/wp-json\/wp\/v2\/posts\/10055\/revisions"}],"predecessor-version":[{"id":10060,"href":"https:\/\/www.vtusp.cz\/en\/wp-json\/wp\/v2\/posts\/10055\/revisions\/10060"}],"wp:featuredmedia":[{"embeddable":true,"href":"https:\/\/www.vtusp.cz\/en\/wp-json\/wp\/v2\/media\/10056"}],"wp:attachment":[{"href":"https:\/\/www.vtusp.cz\/en\/wp-json\/wp\/v2\/media?parent=10055"}],"wp:term":[{"taxonomy":"category","embeddable":true,"href":"https:\/\/www.vtusp.cz\/en\/wp-json\/wp\/v2\/categories?post=10055"}],"curies":[{"name":"wp","href":"https:\/\/api.w.org\/{rel}","templated":true}]}}