{"id":10017,"date":"2024-06-10T09:48:25","date_gmt":"2024-06-10T07:48:25","guid":{"rendered":"https:\/\/www.vtusp.cz\/?p=10017"},"modified":"2024-06-10T09:49:10","modified_gmt":"2024-06-10T07:49:10","slug":"vtu-na-konferenci-delostrelectva-fires-effects-2024","status":"publish","type":"post","link":"https:\/\/www.vtusp.cz\/en\/aktuality\/vtu-na-konferenci-delostrelectva-fires-effects-2024\/","title":{"rendered":"VT\u00da na Konferenci d\u011blost\u0159electva Fires &amp; Effects \u00b42024"},"content":{"rendered":"<div class=\"element core-paragraph\">\n<p>Konference, jej\u00edm\u017e inici\u00e1torem byl n\u00e1\u010deln\u00edk d\u011blost\u0159electva Arm\u00e1dy \u010cR plukovn\u00edk g\u0161t. Marcel K\u0159enek, se konala v organizaci DefSec Innovation Hub a pod z\u00e1\u0161titou \u010cesk\u00e9 a slovensk\u00e9 obce d\u011blost\u0159eleck\u00e9. O budouc\u00edch sm\u011brech rozvoje d\u011blost\u0159electva debatovali vojen\u0161t\u00ed experti, p\u0159edstavitel\u00e9 obrann\u00e9ho a bezpe\u010dnostn\u00edho pr\u016fmyslu a akademici. Nechyb\u011bli z\u00e1stupci st\u00e1tn\u00edho podniku Vojensk\u00fd technick\u00fd \u00fastav.<\/p>\n<\/div>\n\n<div class=\"element core-paragraph\">\n<p>Ve sv\u00e9m vystoupen\u00ed odprezentovali odborn\u00fd pohled na oblast antidronov\u00e9 obrany jako d\u016fle\u017eit\u00e9 sou\u010d\u00e1sti schopnosti p\u0159e\u017eit\u00ed na boji\u0161ti a na oblast vyu\u017eit\u00ed trhaviny se zv\u00fd\u0161en\u00fdm \u00fa\u010dinkem v muni\u010dn\u00edch syst\u00e9mech.<\/p>\n<\/div>\n\n<div class=\"element core-paragraph\">\n<p>Efektivita modern\u00edho d\u011blost\u0159electva bude z\u00e1viset na sou\u010dinnosti a vz\u00e1jemn\u00e9 synchronizaci schopnost\u00ed dal\u0161\u00edch slo\u017eek arm\u00e1dy. T\u00fdk\u00e1 se to zejm\u00e9na pr\u016fzkumu: detekce c\u00edl\u016f i \u00fa\u010dink\u016f palby. Pr\u016fzkumn\u00e9 prost\u0159edky mus\u00ed b\u00fdt spr\u00e1vn\u011b za\u010dlen\u011bny do opera\u010dn\u00edch sc\u00e9n\u00e1\u0159\u016f. D\u016fle\u017eit\u00e9 bude i d\u016fsledn\u00e9 maskov\u00e1n\u00ed a siln\u00e1 antidronov\u00e1 obrana. K n\u00ed by mohla slou\u017eit nap\u0159\u00edklad bezos\u00e1dkov\u00e1 lehk\u00e1 zbra\u0148ov\u00e1 stanice MARTA-L, vyvinut\u00e1 st\u00e1tn\u00edm podnikem VT\u00da, od\u0161t\u011bpn\u00fdm z\u00e1vodem Slavi\u010d\u00edn.<\/p>\n<\/div>\n\n<div class=\"element core-paragraph\">\n<p>Neform\u00e1ln\u00ed \u010d\u00e1st jsme vyu\u017eili k diskuz\u00edm nad celou \u0159adou probl\u00e9m\u016f a v\u00fdzev, kter\u00e9 stoj\u00ed p\u0159ed d\u011blost\u0159electvem, a tud\u00ed\u017e i p\u0159ed v\u0161emi partnery, kte\u0159\u00ed jsou zapojen\u00ed do zabezpe\u010den\u00ed \u010dinnost\u00ed tohoto druhu vojsk.<\/p>\n<\/div>\n\n<div class=\"element core-paragraph\">\n<p><\/p>\n<\/div>\n\n<div class=\"element core-image\">\n<figure class=\"wp-block-image size-large\"><img decoding=\"async\" width=\"1600\" height=\"1318\" src=\"https:\/\/www.vtusp.cz\/files\/smush-webp\/2024\/06\/konference12-1600x1318.jpg.webp\" alt=\"\" class=\"wp-image-10018\" srcset=\"https:\/\/www.vtusp.cz\/files\/smush-webp\/2024\/06\/konference12-1600x1318.jpg.webp 1600w, https:\/\/www.vtusp.cz\/files\/smush-webp\/2024\/06\/konference12-900x741.jpg.webp 900w, https:\/\/www.vtusp.cz\/files\/smush-webp\/2024\/06\/konference12-768x633.jpg.webp 768w, https:\/\/www.vtusp.cz\/files\/smush-webp\/2024\/06\/konference12-1536x1265.jpg.webp 1536w, https:\/\/www.vtusp.cz\/files\/smush-webp\/2024\/06\/konference12-2048x1687.jpg.webp 2048w\" sizes=\"(max-width: 1600px) 100vw, 1600px\" \/><figcaption class=\"wp-element-caption\">20240605_090212<\/figcaption><\/figure>\n<\/div>\n\n<div class=\"element core-image\">\n<figure class=\"wp-block-image size-large\"><img decoding=\"async\" width=\"1596\" height=\"1600\" src=\"https:\/\/www.vtusp.cz\/files\/smush-webp\/2024\/06\/konference11-1596x1600.jpg.webp\" alt=\"\" class=\"wp-image-10020\" srcset=\"https:\/\/www.vtusp.cz\/files\/smush-webp\/2024\/06\/konference11-1596x1600.jpg.webp 1596w, https:\/\/www.vtusp.cz\/files\/smush-webp\/2024\/06\/konference11-898x900.jpg.webp 898w, https:\/\/www.vtusp.cz\/files\/smush-webp\/2024\/06\/konference11-768x770.jpg.webp 768w, https:\/\/www.vtusp.cz\/files\/smush-webp\/2024\/06\/konference11-1532x1536.jpg.webp 1532w, https:\/\/www.vtusp.cz\/files\/smush-webp\/2024\/06\/konference11-2043x2048.jpg.webp 2043w, https:\/\/www.vtusp.cz\/files\/smush-webp\/2024\/06\/konference11-150x150.jpg.webp 150w\" sizes=\"(max-width: 1596px) 100vw, 1596px\" \/><figcaption class=\"wp-element-caption\">20240606_144922<\/figcaption><\/figure>\n<\/div>\n\n<div class=\"element core-image\">\n<figure class=\"wp-block-image size-full\"><img decoding=\"async\" width=\"457\" height=\"639\" src=\"https:\/\/www.vtusp.cz\/files\/smush-webp\/2024\/06\/Konference.png.webp\" alt=\"\" class=\"wp-image-10022\"\/><\/figure>\n<\/div>","protected":false},"excerpt":{"rendered":"<p>Konference, jej\u00edm\u017e inici\u00e1torem byl n\u00e1\u010deln\u00edk d\u011blost\u0159electva Arm\u00e1dy \u010cR plukovn\u00edk g\u0161t. Marcel K\u0159enek, se konala v organizaci DefSec Innovation Hub a pod z\u00e1\u0161titou \u010cesk\u00e9 a slovensk\u00e9 obce d\u011blost\u0159eleck\u00e9. O budouc\u00edch sm\u011brech&#8230;<\/p>\n","protected":false},"author":9,"featured_media":10018,"comment_status":"open","ping_status":"closed","sticky":false,"template":"","format":"standard","meta":{"_acf_changed":false,"inline_featured_image":false,"footnotes":""},"categories":[1],"class_list":["post-10017","post","type-post","status-publish","format-standard","has-post-thumbnail","hentry","category-aktuality"],"acf":[],"yoast_head":"<!-- This site is optimized with the Yoast SEO plugin v27.5 - https:\/\/yoast.com\/product\/yoast-seo-wordpress\/ -->\n<title>VT\u00da na Konferenci d\u011blost\u0159electva Fires &amp; Effects \u00b42024 | VT\u00da s.p.<\/title>\n<meta name=\"robots\" content=\"index, follow, max-snippet:-1, max-image-preview:large, max-video-preview:-1\" \/>\n<link rel=\"canonical\" href=\"https:\/\/www.vtusp.cz\/en\/aktuality\/vtu-na-konferenci-delostrelectva-fires-effects-2024\/\" \/>\n<meta property=\"og:locale\" content=\"en_US\" \/>\n<meta property=\"og:type\" content=\"article\" \/>\n<meta property=\"og:title\" content=\"VT\u00da na Konferenci d\u011blost\u0159electva Fires &amp; Effects \u00b42024 | VT\u00da s.p.\" \/>\n<meta property=\"og:description\" content=\"Konference, jej\u00edm\u017e inici\u00e1torem byl n\u00e1\u010deln\u00edk d\u011blost\u0159electva Arm\u00e1dy \u010cR plukovn\u00edk g\u0161t. Marcel K\u0159enek, se konala v organizaci DefSec Innovation Hub a pod z\u00e1\u0161titou \u010cesk\u00e9 a slovensk\u00e9 obce d\u011blost\u0159eleck\u00e9. O budouc\u00edch sm\u011brech...\" \/>\n<meta property=\"og:url\" content=\"https:\/\/www.vtusp.cz\/en\/aktuality\/vtu-na-konferenci-delostrelectva-fires-effects-2024\/\" \/>\n<meta property=\"og:site_name\" content=\"VT\u00da s.p.\" \/>\n<meta property=\"article:published_time\" content=\"2024-06-10T07:48:25+00:00\" \/>\n<meta property=\"article:modified_time\" content=\"2024-06-10T07:49:10+00:00\" \/>\n<meta property=\"og:image\" content=\"https:\/\/www.vtusp.cz\/files\/uploads\/2024\/06\/konference12.jpg\" \/>\n\t<meta property=\"og:image:width\" content=\"3671\" \/>\n\t<meta property=\"og:image:height\" content=\"3024\" \/>\n\t<meta property=\"og:image:type\" content=\"image\/jpeg\" \/>\n<meta name=\"author\" content=\"David Hlu\u0161t\u00edk\" \/>\n<meta name=\"twitter:card\" content=\"summary_large_image\" \/>\n<meta name=\"twitter:label1\" content=\"Written by\" \/>\n\t<meta name=\"twitter:data1\" content=\"David Hlu\u0161t\u00edk\" \/>\n\t<meta name=\"twitter:label2\" content=\"Est. reading time\" \/>\n\t<meta name=\"twitter:data2\" content=\"2 minutes\" \/>\n<script type=\"application\/ld+json\" class=\"yoast-schema-graph\">{\"@context\":\"https:\\\/\\\/schema.org\",\"@graph\":[{\"@type\":\"Article\",\"@id\":\"https:\\\/\\\/www.vtusp.cz\\\/en\\\/aktuality\\\/vtu-na-konferenci-delostrelectva-fires-effects-2024\\\/#article\",\"isPartOf\":{\"@id\":\"https:\\\/\\\/www.vtusp.cz\\\/en\\\/aktuality\\\/vtu-na-konferenci-delostrelectva-fires-effects-2024\\\/\"},\"author\":{\"name\":\"David Hlu\u0161t\u00edk\",\"@id\":\"https:\\\/\\\/www.vtusp.cz\\\/en\\\/#\\\/schema\\\/person\\\/4e66be4cc70f3eb4bec3b753921ae8c5\"},\"headline\":\"VT\u00da na Konferenci d\u011blost\u0159electva Fires &amp; Effects \u00b42024\",\"datePublished\":\"2024-06-10T07:48:25+00:00\",\"dateModified\":\"2024-06-10T07:49:10+00:00\",\"mainEntityOfPage\":{\"@id\":\"https:\\\/\\\/www.vtusp.cz\\\/en\\\/aktuality\\\/vtu-na-konferenci-delostrelectva-fires-effects-2024\\\/\"},\"wordCount\":265,\"commentCount\":0,\"image\":{\"@id\":\"https:\\\/\\\/www.vtusp.cz\\\/en\\\/aktuality\\\/vtu-na-konferenci-delostrelectva-fires-effects-2024\\\/#primaryimage\"},\"thumbnailUrl\":\"https:\\\/\\\/www.vtusp.cz\\\/files\\\/uploads\\\/2024\\\/06\\\/konference12.jpg\",\"articleSection\":[\"Aktuality\"],\"inLanguage\":\"en-US\",\"potentialAction\":[{\"@type\":\"CommentAction\",\"name\":\"Comment\",\"target\":[\"https:\\\/\\\/www.vtusp.cz\\\/en\\\/aktuality\\\/vtu-na-konferenci-delostrelectva-fires-effects-2024\\\/#respond\"]}]},{\"@type\":\"WebPage\",\"@id\":\"https:\\\/\\\/www.vtusp.cz\\\/en\\\/aktuality\\\/vtu-na-konferenci-delostrelectva-fires-effects-2024\\\/\",\"url\":\"https:\\\/\\\/www.vtusp.cz\\\/en\\\/aktuality\\\/vtu-na-konferenci-delostrelectva-fires-effects-2024\\\/\",\"name\":\"VT\u00da na Konferenci d\u011blost\u0159electva Fires &amp; Effects \u00b42024 | VT\u00da s.p.\",\"isPartOf\":{\"@id\":\"https:\\\/\\\/www.vtusp.cz\\\/en\\\/#website\"},\"primaryImageOfPage\":{\"@id\":\"https:\\\/\\\/www.vtusp.cz\\\/en\\\/aktuality\\\/vtu-na-konferenci-delostrelectva-fires-effects-2024\\\/#primaryimage\"},\"image\":{\"@id\":\"https:\\\/\\\/www.vtusp.cz\\\/en\\\/aktuality\\\/vtu-na-konferenci-delostrelectva-fires-effects-2024\\\/#primaryimage\"},\"thumbnailUrl\":\"https:\\\/\\\/www.vtusp.cz\\\/files\\\/uploads\\\/2024\\\/06\\\/konference12.jpg\",\"datePublished\":\"2024-06-10T07:48:25+00:00\",\"dateModified\":\"2024-06-10T07:49:10+00:00\",\"author\":{\"@id\":\"https:\\\/\\\/www.vtusp.cz\\\/en\\\/#\\\/schema\\\/person\\\/4e66be4cc70f3eb4bec3b753921ae8c5\"},\"breadcrumb\":{\"@id\":\"https:\\\/\\\/www.vtusp.cz\\\/en\\\/aktuality\\\/vtu-na-konferenci-delostrelectva-fires-effects-2024\\\/#breadcrumb\"},\"inLanguage\":\"en-US\",\"potentialAction\":[{\"@type\":\"ReadAction\",\"target\":[\"https:\\\/\\\/www.vtusp.cz\\\/en\\\/aktuality\\\/vtu-na-konferenci-delostrelectva-fires-effects-2024\\\/\"]}]},{\"@type\":\"ImageObject\",\"inLanguage\":\"en-US\",\"@id\":\"https:\\\/\\\/www.vtusp.cz\\\/en\\\/aktuality\\\/vtu-na-konferenci-delostrelectva-fires-effects-2024\\\/#primaryimage\",\"url\":\"https:\\\/\\\/www.vtusp.cz\\\/files\\\/uploads\\\/2024\\\/06\\\/konference12.jpg\",\"contentUrl\":\"https:\\\/\\\/www.vtusp.cz\\\/files\\\/uploads\\\/2024\\\/06\\\/konference12.jpg\",\"width\":3671,\"height\":3024,\"caption\":\"20240605_090212\"},{\"@type\":\"BreadcrumbList\",\"@id\":\"https:\\\/\\\/www.vtusp.cz\\\/en\\\/aktuality\\\/vtu-na-konferenci-delostrelectva-fires-effects-2024\\\/#breadcrumb\",\"itemListElement\":[{\"@type\":\"ListItem\",\"position\":1,\"name\":\"Home\",\"item\":\"https:\\\/\\\/www.vtusp.cz\\\/en\\\/\"},{\"@type\":\"ListItem\",\"position\":2,\"name\":\"VT\u00da na Konferenci d\u011blost\u0159electva Fires &amp; Effects \u00b42024\"}]},{\"@type\":\"WebSite\",\"@id\":\"https:\\\/\\\/www.vtusp.cz\\\/en\\\/#website\",\"url\":\"https:\\\/\\\/www.vtusp.cz\\\/en\\\/\",\"name\":\"VT\u00da s.p.\",\"description\":\"\",\"potentialAction\":[{\"@type\":\"SearchAction\",\"target\":{\"@type\":\"EntryPoint\",\"urlTemplate\":\"https:\\\/\\\/www.vtusp.cz\\\/en\\\/?s={search_term_string}\"},\"query-input\":{\"@type\":\"PropertyValueSpecification\",\"valueRequired\":true,\"valueName\":\"search_term_string\"}}],\"inLanguage\":\"en-US\"},{\"@type\":\"Person\",\"@id\":\"https:\\\/\\\/www.vtusp.cz\\\/en\\\/#\\\/schema\\\/person\\\/4e66be4cc70f3eb4bec3b753921ae8c5\",\"name\":\"David Hlu\u0161t\u00edk\",\"image\":{\"@type\":\"ImageObject\",\"inLanguage\":\"en-US\",\"@id\":\"https:\\\/\\\/secure.gravatar.com\\\/avatar\\\/ee59b2f6d1d9c87e5d6510f0311fe6723d1677280a739db9a2056bf31a58ef8b?s=96&d=mm&r=g\",\"url\":\"https:\\\/\\\/secure.gravatar.com\\\/avatar\\\/ee59b2f6d1d9c87e5d6510f0311fe6723d1677280a739db9a2056bf31a58ef8b?s=96&d=mm&r=g\",\"contentUrl\":\"https:\\\/\\\/secure.gravatar.com\\\/avatar\\\/ee59b2f6d1d9c87e5d6510f0311fe6723d1677280a739db9a2056bf31a58ef8b?s=96&d=mm&r=g\",\"caption\":\"David Hlu\u0161t\u00edk\"}}]}<\/script>\n<!-- \/ Yoast SEO plugin. -->","yoast_head_json":{"title":"VT\u00da na Konferenci d\u011blost\u0159electva Fires &amp; Effects \u00b42024 | VT\u00da s.p.","robots":{"index":"index","follow":"follow","max-snippet":"max-snippet:-1","max-image-preview":"max-image-preview:large","max-video-preview":"max-video-preview:-1"},"canonical":"https:\/\/www.vtusp.cz\/en\/aktuality\/vtu-na-konferenci-delostrelectva-fires-effects-2024\/","og_locale":"en_US","og_type":"article","og_title":"VT\u00da na Konferenci d\u011blost\u0159electva Fires &amp; Effects \u00b42024 | VT\u00da s.p.","og_description":"Konference, jej\u00edm\u017e inici\u00e1torem byl n\u00e1\u010deln\u00edk d\u011blost\u0159electva Arm\u00e1dy \u010cR plukovn\u00edk g\u0161t. Marcel K\u0159enek, se konala v organizaci DefSec Innovation Hub a pod z\u00e1\u0161titou \u010cesk\u00e9 a slovensk\u00e9 obce d\u011blost\u0159eleck\u00e9. O budouc\u00edch sm\u011brech...","og_url":"https:\/\/www.vtusp.cz\/en\/aktuality\/vtu-na-konferenci-delostrelectva-fires-effects-2024\/","og_site_name":"VT\u00da s.p.","article_published_time":"2024-06-10T07:48:25+00:00","article_modified_time":"2024-06-10T07:49:10+00:00","og_image":[{"width":3671,"height":3024,"url":"https:\/\/www.vtusp.cz\/files\/uploads\/2024\/06\/konference12.jpg","type":"image\/jpeg"}],"author":"David Hlu\u0161t\u00edk","twitter_card":"summary_large_image","twitter_misc":{"Written by":"David Hlu\u0161t\u00edk","Est. reading time":"2 minutes"},"schema":{"@context":"https:\/\/schema.org","@graph":[{"@type":"Article","@id":"https:\/\/www.vtusp.cz\/en\/aktuality\/vtu-na-konferenci-delostrelectva-fires-effects-2024\/#article","isPartOf":{"@id":"https:\/\/www.vtusp.cz\/en\/aktuality\/vtu-na-konferenci-delostrelectva-fires-effects-2024\/"},"author":{"name":"David Hlu\u0161t\u00edk","@id":"https:\/\/www.vtusp.cz\/en\/#\/schema\/person\/4e66be4cc70f3eb4bec3b753921ae8c5"},"headline":"VT\u00da na Konferenci d\u011blost\u0159electva Fires &amp; Effects \u00b42024","datePublished":"2024-06-10T07:48:25+00:00","dateModified":"2024-06-10T07:49:10+00:00","mainEntityOfPage":{"@id":"https:\/\/www.vtusp.cz\/en\/aktuality\/vtu-na-konferenci-delostrelectva-fires-effects-2024\/"},"wordCount":265,"commentCount":0,"image":{"@id":"https:\/\/www.vtusp.cz\/en\/aktuality\/vtu-na-konferenci-delostrelectva-fires-effects-2024\/#primaryimage"},"thumbnailUrl":"https:\/\/www.vtusp.cz\/files\/uploads\/2024\/06\/konference12.jpg","articleSection":["Aktuality"],"inLanguage":"en-US","potentialAction":[{"@type":"CommentAction","name":"Comment","target":["https:\/\/www.vtusp.cz\/en\/aktuality\/vtu-na-konferenci-delostrelectva-fires-effects-2024\/#respond"]}]},{"@type":"WebPage","@id":"https:\/\/www.vtusp.cz\/en\/aktuality\/vtu-na-konferenci-delostrelectva-fires-effects-2024\/","url":"https:\/\/www.vtusp.cz\/en\/aktuality\/vtu-na-konferenci-delostrelectva-fires-effects-2024\/","name":"VT\u00da na Konferenci d\u011blost\u0159electva Fires &amp; Effects \u00b42024 | VT\u00da s.p.","isPartOf":{"@id":"https:\/\/www.vtusp.cz\/en\/#website"},"primaryImageOfPage":{"@id":"https:\/\/www.vtusp.cz\/en\/aktuality\/vtu-na-konferenci-delostrelectva-fires-effects-2024\/#primaryimage"},"image":{"@id":"https:\/\/www.vtusp.cz\/en\/aktuality\/vtu-na-konferenci-delostrelectva-fires-effects-2024\/#primaryimage"},"thumbnailUrl":"https:\/\/www.vtusp.cz\/files\/uploads\/2024\/06\/konference12.jpg","datePublished":"2024-06-10T07:48:25+00:00","dateModified":"2024-06-10T07:49:10+00:00","author":{"@id":"https:\/\/www.vtusp.cz\/en\/#\/schema\/person\/4e66be4cc70f3eb4bec3b753921ae8c5"},"breadcrumb":{"@id":"https:\/\/www.vtusp.cz\/en\/aktuality\/vtu-na-konferenci-delostrelectva-fires-effects-2024\/#breadcrumb"},"inLanguage":"en-US","potentialAction":[{"@type":"ReadAction","target":["https:\/\/www.vtusp.cz\/en\/aktuality\/vtu-na-konferenci-delostrelectva-fires-effects-2024\/"]}]},{"@type":"ImageObject","inLanguage":"en-US","@id":"https:\/\/www.vtusp.cz\/en\/aktuality\/vtu-na-konferenci-delostrelectva-fires-effects-2024\/#primaryimage","url":"https:\/\/www.vtusp.cz\/files\/uploads\/2024\/06\/konference12.jpg","contentUrl":"https:\/\/www.vtusp.cz\/files\/uploads\/2024\/06\/konference12.jpg","width":3671,"height":3024,"caption":"20240605_090212"},{"@type":"BreadcrumbList","@id":"https:\/\/www.vtusp.cz\/en\/aktuality\/vtu-na-konferenci-delostrelectva-fires-effects-2024\/#breadcrumb","itemListElement":[{"@type":"ListItem","position":1,"name":"Home","item":"https:\/\/www.vtusp.cz\/en\/"},{"@type":"ListItem","position":2,"name":"VT\u00da na Konferenci d\u011blost\u0159electva Fires &amp; Effects \u00b42024"}]},{"@type":"WebSite","@id":"https:\/\/www.vtusp.cz\/en\/#website","url":"https:\/\/www.vtusp.cz\/en\/","name":"VT\u00da s.p.","description":"","potentialAction":[{"@type":"SearchAction","target":{"@type":"EntryPoint","urlTemplate":"https:\/\/www.vtusp.cz\/en\/?s={search_term_string}"},"query-input":{"@type":"PropertyValueSpecification","valueRequired":true,"valueName":"search_term_string"}}],"inLanguage":"en-US"},{"@type":"Person","@id":"https:\/\/www.vtusp.cz\/en\/#\/schema\/person\/4e66be4cc70f3eb4bec3b753921ae8c5","name":"David Hlu\u0161t\u00edk","image":{"@type":"ImageObject","inLanguage":"en-US","@id":"https:\/\/secure.gravatar.com\/avatar\/ee59b2f6d1d9c87e5d6510f0311fe6723d1677280a739db9a2056bf31a58ef8b?s=96&d=mm&r=g","url":"https:\/\/secure.gravatar.com\/avatar\/ee59b2f6d1d9c87e5d6510f0311fe6723d1677280a739db9a2056bf31a58ef8b?s=96&d=mm&r=g","contentUrl":"https:\/\/secure.gravatar.com\/avatar\/ee59b2f6d1d9c87e5d6510f0311fe6723d1677280a739db9a2056bf31a58ef8b?s=96&d=mm&r=g","caption":"David Hlu\u0161t\u00edk"}}]}},"_links":{"self":[{"href":"https:\/\/www.vtusp.cz\/en\/wp-json\/wp\/v2\/posts\/10017","targetHints":{"allow":["GET"]}}],"collection":[{"href":"https:\/\/www.vtusp.cz\/en\/wp-json\/wp\/v2\/posts"}],"about":[{"href":"https:\/\/www.vtusp.cz\/en\/wp-json\/wp\/v2\/types\/post"}],"author":[{"embeddable":true,"href":"https:\/\/www.vtusp.cz\/en\/wp-json\/wp\/v2\/users\/9"}],"replies":[{"embeddable":true,"href":"https:\/\/www.vtusp.cz\/en\/wp-json\/wp\/v2\/comments?post=10017"}],"version-history":[{"count":2,"href":"https:\/\/www.vtusp.cz\/en\/wp-json\/wp\/v2\/posts\/10017\/revisions"}],"predecessor-version":[{"id":10025,"href":"https:\/\/www.vtusp.cz\/en\/wp-json\/wp\/v2\/posts\/10017\/revisions\/10025"}],"wp:featuredmedia":[{"embeddable":true,"href":"https:\/\/www.vtusp.cz\/en\/wp-json\/wp\/v2\/media\/10018"}],"wp:attachment":[{"href":"https:\/\/www.vtusp.cz\/en\/wp-json\/wp\/v2\/media?parent=10017"}],"wp:term":[{"taxonomy":"category","embeddable":true,"href":"https:\/\/www.vtusp.cz\/en\/wp-json\/wp\/v2\/categories?post=10017"}],"curies":[{"name":"wp","href":"https:\/\/api.w.org\/{rel}","templated":true}]}}